{"id":9757,"date":"2021-02-22T11:00:00","date_gmt":"2021-02-22T10:00:00","guid":{"rendered":"https:\/\/ticino.com\/?p=9757"},"modified":"2021-03-08T14:33:52","modified_gmt":"2021-03-08T13:33:52","slug":"perche-il-futuro-fa-paura","status":"publish","type":"post","link":"https:\/\/ticino.com\/de\/blog\/perche-il-futuro-fa-paura\/","title":{"rendered":"Perch\u00e9 il futuro fa paura?"},"content":{"rendered":"\t\t<div data-elementor-type=\"wp-post\" data-elementor-id=\"9757\" class=\"elementor elementor-9757\" data-elementor-post-type=\"post\">\n\t\t\t\t\t\t<section class=\"elementor-section elementor-top-section elementor-element elementor-element-2cb1333c elementor-section-boxed elementor-section-height-default elementor-section-height-default\" data-id=\"2cb1333c\" data-element_type=\"section\">\n\t\t\t\t\t\t<div class=\"elementor-container elementor-column-gap-default\">\n\t\t\t\t\t<div class=\"elementor-column elementor-col-100 elementor-top-column elementor-element elementor-element-55b6a3a0\" data-id=\"55b6a3a0\" data-element_type=\"column\">\n\t\t\t<div class=\"elementor-widget-wrap elementor-element-populated\">\n\t\t\t\t\t\t<div class=\"elementor-element elementor-element-745d7af4 elementor-widget elementor-widget-text-editor\" data-id=\"745d7af4\" data-element_type=\"widget\" data-widget_type=\"text-editor.default\">\n\t\t\t\t<div class=\"elementor-widget-container\">\n\t\t\t\t\t\t\t<p>Perch\u00e9 il futuro fa paura? La clessidra che scandisce lo scorrere del tempo \u00e8 un conto alla rovescia verso il disastro? O \u00e8 la nostra percezione degli anni a venire che \u00e8 cambiata? Parliamone insieme in questo articolo di approfondimento!<\/p><p>Nel corso degli oltre 120 articoli che abbiamo pubblicato sul nostro blog, abbiamo avuto modo di parlare diverse volte di <a href=\"https:\/\/ticino.com\/de\/wiki\/tecnologia\/\" target=\"_self\" title=\"La &quot;Tecnologia&quot; pu\u00f2 avere molteplici significati e spesso viene accostata a una specifica brancia della scienza. Sul nostro sito la utilizziamo nella sua forma pi\u00f9 generica, ovvero l'insieme di scoperte e invenzioni che l'uomo ha fatto alterando la natura per i suoi scopi. Tecnologia \u00e8 quindi la creazione di un oggetto non presente in natura,\u2026\" class=\"encyclopedia\">tecnologia<\/a> e di come questa influenzi la nostra vita quotidiana. Ci siamo anche concentrati sul passato, in un viaggio alla scoperta di come determinate invenzioni siano nate. Ora \u00e8 tempo di volgere lo sguardo verso il futuro.<\/p><p>Quando si parla degli anni a venire, \u00e8 facile notare una grande incertezza. Perch\u00e9 il futuro fa paura? Cerchiamo di dare una risposta a questa domanda.<\/p><h2>Perch\u00e9 il futuro fa paura? Parla la scienza<\/h2><p>\u00a0<\/p><p><img fetchpriority=\"high\" decoding=\"async\" class=\"aligncenter size-large wp-image-9762\" src=\"https:\/\/ticino.com\/wp-content\/uploads\/2021\/02\/damir-spanic-NZuRKh8hiRA-unsplash-1024x683.jpg\" alt=\"Perch\u00e9 il futuro fa paura?\" width=\"800\" height=\"534\" srcset=\"https:\/\/ticino.com\/wp-content\/uploads\/2021\/02\/damir-spanic-NZuRKh8hiRA-unsplash-1024x683.jpg 1024w, https:\/\/ticino.com\/wp-content\/uploads\/2021\/02\/damir-spanic-NZuRKh8hiRA-unsplash-300x200.jpg 300w, https:\/\/ticino.com\/wp-content\/uploads\/2021\/02\/damir-spanic-NZuRKh8hiRA-unsplash-768x512.jpg 768w, https:\/\/ticino.com\/wp-content\/uploads\/2021\/02\/damir-spanic-NZuRKh8hiRA-unsplash-1536x1024.jpg 1536w, https:\/\/ticino.com\/wp-content\/uploads\/2021\/02\/damir-spanic-NZuRKh8hiRA-unsplash-2048x1365.jpg 2048w\" sizes=\"(max-width: 800px) 100vw, 800px\"><\/p><p>\u00a0<\/p><p>Cosa \u00e8 cambiato rispetto al ventesimo secolo? Perch\u00e9 siamo passati da attendere il futuro con aspettativa ad avere timore dei giorni che verranno?<\/p><p>Ci sono diverse risposte a questa domanda, ma partiamo con il dire che un po\u2019 di timore c\u2019\u00e8 sempre stato. Si aveva paura del Millenium Bug, ad esempio, una linea di pensiero che aveva profetizzato che nell\u2019anno duemila ci sarebbe stato un reset della tecnologia.<\/p><p>Ma le cose sono sensibilmente cambiate nel corso degli ultimi anni: sin dalla profezia dei Maya che ci ha fatto guardare con terrore il <a href=\"https:\/\/it.wikipedia.org\/wiki\/Profezie_sul_21_dicembre_2012\">21\/12\/2012<\/a>, da allora le persone hanno continuato a nutrire un certo sospetto verso gli anni a venire.<\/p><p>Quindi, perch\u00e9 il futuro fa paura? Per colpa delle profezie?<\/p><p>No, anche se queste possono essere state un elemento catalizzatore delle nostre paure in realt\u00e0 la motivazione \u00e8 pi\u00f9 giustificata e radicata.<\/p>\t\t\t\t\t\t<\/div>\n\t\t\t\t<\/div>\n\t\t\t\t\t<\/div>\n\t\t<\/div>\n\t\t\t\t\t<\/div>\n\t\t<\/section>\n\t\t\t\t<section class=\"elementor-section elementor-top-section elementor-element elementor-element-27999f7 elementor-section-boxed elementor-section-height-default elementor-section-height-default\" data-id=\"27999f7\" data-element_type=\"section\">\n\t\t\t\t\t\t<div class=\"elementor-container elementor-column-gap-default\">\n\t\t\t\t\t<div class=\"elementor-column elementor-col-100 elementor-top-column elementor-element elementor-element-e71184c\" data-id=\"e71184c\" data-element_type=\"column\">\n\t\t\t<div class=\"elementor-widget-wrap elementor-element-populated\">\n\t\t\t\t\t\t<div class=\"elementor-element elementor-element-a99e64f elementor-widget elementor-widget-global elementor-global-9672 elementor-widget-toolset-view\" data-id=\"a99e64f\" data-element_type=\"widget\" data-widget_type=\"toolset-view.default\">\n\t\t\t\t<div class=\"elementor-widget-container\">\n\t\t\t\n\n\n<div id=\"wpv-view-layout-9666\" class=\"js-wpv-view-layout js-wpv-layout-responsive js-wpv-view-layout-9666\" data-viewnumber=\"9666\" data-pagination=\"{&quot;id&quot;:9666,&quot;query&quot;:&quot;normal&quot;,&quot;type&quot;:&quot;disabled&quot;,&quot;effect&quot;:&quot;fade&quot;,&quot;duration&quot;:500,&quot;speed&quot;:5,&quot;pause_on_hover&quot;:&quot;disabled&quot;,&quot;stop_rollover&quot;:&quot;false&quot;,&quot;cache_pages&quot;:&quot;enabled&quot;,&quot;preload_images&quot;:&quot;enabled&quot;,&quot;preload_pages&quot;:&quot;enabled&quot;,&quot;preload_reach&quot;:1,&quot;spinner&quot;:&quot;builtin&quot;,&quot;spinner_image&quot;:&quot;https:\/\/ticino.com\/wp-content\/plugins\/wp-views\/embedded\/res\/img\/ajax-loader.gif&quot;,&quot;callback_next&quot;:&quot;&quot;,&quot;manage_history&quot;:&quot;enabled&quot;,&quot;has_controls_in_form&quot;:&quot;disabled&quot;,&quot;infinite_tolerance&quot;:&quot;0&quot;,&quot;max_pages&quot;:1,&quot;page&quot;:1,&quot;base_permalink&quot;:&quot;\/de\/wp-json\/wp\/v2\/posts\/9757?wpv_view_count=9666&amp;wpv_paged=WPV_PAGE_NUM&quot;,&quot;loop&quot;:{&quot;type&quot;:&quot;&quot;,&quot;name&quot;:&quot;&quot;,&quot;data&quot;:[],&quot;id&quot;:0}}\" data-permalink=\"\/de\/wp-json\/wp\/v2\/posts\/9757?wpv_view_count=9666\">\n\n\t\n\t\n\t\t\n          <a href=\"https:\/\/ticino.com\/de\/blog\/quale-computer-comprare-nel-2021\/?ref=perche-il-futuro-fa-paura\" id=\"blockquote\">\n            <blockquote cite=\"https:\/\/ticino.com\/de\/blog\/quale-computer-comprare-nel-2021\/\">\n              <p>Quale computer comprare nel 2021? Qual \u00e8 il miglior computer che puoi trovare in circolazione per le tue esigenze?<\/p>\n\n              <br>\n              <div style=\"text-align:right; font-weight:200;\"><span style=\"font-family: 'Exo 2', Sans-serif;\">Leggi l'articolo<\/span> <i style=\"vertical-align: middle; font-weight:200;\" class=\"fas fa-angle-double-right\"><\/i> <\/div>\n            <\/blockquote>\n          <\/a>\n\t\t\n\t\n\t\n\t\n<\/div>\n\t\t<\/div>\n\t\t\t\t<\/div>\n\t\t\t\t\t<\/div>\n\t\t<\/div>\n\t\t\t\t\t<\/div>\n\t\t<\/section>\n\t\t\t\t<section class=\"elementor-section elementor-top-section elementor-element elementor-element-50ceaa3 elementor-section-boxed elementor-section-height-default elementor-section-height-default\" data-id=\"50ceaa3\" data-element_type=\"section\">\n\t\t\t\t\t\t<div class=\"elementor-container elementor-column-gap-default\">\n\t\t\t\t\t<div class=\"elementor-column elementor-col-100 elementor-top-column elementor-element elementor-element-faa8eab\" data-id=\"faa8eab\" data-element_type=\"column\">\n\t\t\t<div class=\"elementor-widget-wrap elementor-element-populated\">\n\t\t\t\t\t\t<div class=\"elementor-element elementor-element-870674b elementor-widget elementor-widget-text-editor\" data-id=\"870674b\" data-element_type=\"widget\" data-widget_type=\"text-editor.default\">\n\t\t\t\t<div class=\"elementor-widget-container\">\n\t\t\t\t\t\t\t<p>Iniziamo con il dire che uno dei principali colpevoli \u00e8 sicuramente il progresso scientifico: oggi, infatti, veniamo continuamente messi al corrente dello stato del nostro mondo e dell\u2019azione umana su di esso. Sappiamo che con le nostre azioni (inquinamento, allevamenti intensivi, gestione dei rifiuti, surriscaldamento globale\u2026) stiamo di fatto togliendo secchiate di sabbia dalla clessidra verso un punto di non ritorno.<\/p><p>Se \u00e8 chiaro che questo impatto sulla natura sia peggiorato nel corso degli anni, non \u00e8 che l\u2019era del carbone fosse piacevole per il mondo: ma all\u2019epoca non c\u2019era la consapevolezza che c\u2019\u00e8 oggi e non c\u2019erano gli scienziati che ci davano una risposta al perch\u00e9 il futuro fa paura.<\/p><p>Stiamo vivendo il periodo storico delle <a href=\"https:\/\/ticino.com\/blog\/futuro-cosa-ci-aspetta\/\">incertezze<\/a>: ogni nazione \u00e8 armata di testate nucleari e il mondo sembra una polveriera (sebbene meno rispetto che in passato), la natura viene osteggiata e distrutta continuamente, si grida alla fine delle risorse naturali e molto altro.<\/p><p>Per questo la percezione (a torto o a ragione) \u00e8 quella di vivere in un tempo precario, in attesa di qualcosa che distrugga il nostro precario equilibrio. Qualcosa come una pandemia.<\/p><p>Il Covid ha dimostrato quanto \u00e8 fragile la nostra vita quotidiana e ci ha colto completamente impreparati, aggiungendo un\u2019altra ragione per cui temere il futuro.<\/p><p>Ma anche senza tutte queste ragioni, un po\u2019 di timore ci sarebbe sempre.<\/p><p>\u00a0<\/p><h2>L\u2019origine della paura<\/h2><p>\u00a0<\/p><p><img decoding=\"async\" class=\"aligncenter size-large wp-image-9764\" src=\"https:\/\/ticino.com\/wp-content\/uploads\/2021\/02\/giu-vicente-FMArg2k3qOU-unsplash-1024x680.jpg\" alt=\"Perch\u00e9 il futuro fa paura?\" width=\"800\" height=\"531\" srcset=\"https:\/\/ticino.com\/wp-content\/uploads\/2021\/02\/giu-vicente-FMArg2k3qOU-unsplash-1024x680.jpg 1024w, https:\/\/ticino.com\/wp-content\/uploads\/2021\/02\/giu-vicente-FMArg2k3qOU-unsplash-300x199.jpg 300w, https:\/\/ticino.com\/wp-content\/uploads\/2021\/02\/giu-vicente-FMArg2k3qOU-unsplash-768x510.jpg 768w, https:\/\/ticino.com\/wp-content\/uploads\/2021\/02\/giu-vicente-FMArg2k3qOU-unsplash-1536x1020.jpg 1536w, https:\/\/ticino.com\/wp-content\/uploads\/2021\/02\/giu-vicente-FMArg2k3qOU-unsplash-2048x1360.jpg 2048w\" sizes=\"(max-width: 800px) 100vw, 800px\"><\/p><p>\u00a0<\/p><p>Senza entrare troppo nel filosofico, molto spesso la paura \u00e8 legata all\u2019ignoto. \u00c8 un qualcosa di vecchio come il tempo stesso: si teme ci\u00f2 che non si conosce, per questo una delle paure pi\u00f9 comuni \u00e8 quella del buio o delle profondit\u00e0 marine.<\/p><p>Talvolta una fobia pu\u00f2 essere curata studiando la cosa che ci fa paura, per risolvere il timore dell\u2019ignoto che si pu\u00f2 celare dietro di essa.<\/p><p>Perch\u00e9 il futuro fa paura? Perch\u00e9 non sappiamo cosa aspettarci, \u00e8 un passo nell\u2019oscurit\u00e0 nella speranza di trovare un suolo dall\u2019altra parte. L\u2019unica cosa certa nel nostro futuro \u00e8 la morte (so che sembra deprimente, ma \u00e8 il destino di ogni essere vivente, anche se\u2026) cosa che non fa che acuire la paura stessa per il futuro.<\/p><p>L\u2019unica cosa che possiamo fare \u00e8 vivere una vita senza concentrarsi su queste incertezze, cos\u00ec che non diventino destabilizzanti e ci permettano di vivere ogni giorno appieno.<\/p>\t\t\t\t\t\t<\/div>\n\t\t\t\t<\/div>\n\t\t\t\t\t<\/div>\n\t\t<\/div>\n\t\t\t\t\t<\/div>\n\t\t<\/section>\n\t\t\t\t<\/div>\n\t\t","protected":false},"excerpt":{"rendered":"<p>Perch\u00e9 il futuro fa paura? La clessidra che scandisce lo scorrere del tempo \u00e8 un conto alla rovescia verso il disastro? O \u00e8 la nostra percezione degli anni a venire che \u00e8 cambiata? <\/p>\n","protected":false},"author":138280480,"featured_media":9769,"comment_status":"open","ping_status":"open","sticky":false,"template":"","format":"standard","meta":{"footnotes":""},"categories":[44],"tags":[293,82],"class_list":["post-9757","post","type-post","status-publish","format-standard","has-post-thumbnail","hentry","category-approfondimenti","tag-paura","tag-tecnologia"],"yoast_head":"<!-- This site is optimized with the Yoast SEO Premium plugin v21.7 (Yoast SEO v23.7) - https:\/\/yoast.com\/wordpress\/plugins\/seo\/ -->\n<title>Perch\u00e9 il futuro fa paura? - Blog Tecnologico di Ticinocom<\/title>\n<meta name=\"description\" content=\"Perch\u00e9 il futuro fa paura? La clessidra che scandisce lo scorrere del tempo \u00e8 un conto alla rovescia verso il disastro?\" \/>\n<meta name=\"robots\" content=\"index, follow, max-snippet:-1, max-image-preview:large, max-video-preview:-1\" \/>\n<link rel=\"canonical\" href=\"https:\/\/ticino.com\/de\/blog\/perche-il-futuro-fa-paura\/\" \/>\n<meta property=\"og:locale\" content=\"de_DE\" \/>\n<meta property=\"og:type\" content=\"article\" \/>\n<meta property=\"og:title\" content=\"Perch\u00e9 il futuro fa paura?\" \/>\n<meta property=\"og:description\" content=\"Perch\u00e9 il futuro fa paura? La clessidra che scandisce lo scorrere del tempo \u00e8 un conto alla rovescia verso il disastro?\" \/>\n<meta property=\"og:url\" content=\"https:\/\/ticino.com\/de\/blog\/perche-il-futuro-fa-paura\/\" \/>\n<meta property=\"og:site_name\" content=\"Ticinocom SA\" \/>\n<meta property=\"article:publisher\" content=\"https:\/\/facebook.com\/ticinocom\" \/>\n<meta property=\"article:published_time\" content=\"2021-02-22T10:00:00+00:00\" \/>\n<meta property=\"article:modified_time\" content=\"2021-03-08T13:33:52+00:00\" \/>\n<meta property=\"og:image\" content=\"https:\/\/ticino.com\/wp-content\/uploads\/2021\/02\/perch-il-futuro-fa-paura.png\" \/>\n\t<meta property=\"og:image:width\" content=\"1080\" \/>\n\t<meta property=\"og:image:height\" content=\"1080\" \/>\n\t<meta property=\"og:image:type\" content=\"image\/png\" \/>\n<meta name=\"author\" content=\"Andrea Presenti\" \/>\n<meta name=\"twitter:card\" content=\"summary_large_image\" \/>\n<meta name=\"twitter:creator\" content=\"@and.presenti@gmail.com\" \/>\n<meta name=\"twitter:site\" content=\"@ticinocom\" \/>\n<meta name=\"twitter:label1\" content=\"Verfasst von\" \/>\n\t<meta name=\"twitter:data1\" content=\"Andrea Presenti\" \/>\n\t<meta name=\"twitter:label2\" content=\"Gesch\u00e4tzte Lesezeit\" \/>\n\t<meta name=\"twitter:data2\" content=\"4\u00a0Minuten\" \/>\n<script type=\"application\/ld+json\" class=\"yoast-schema-graph\">{\"@context\":\"https:\/\/schema.org\",\"@graph\":[{\"@type\":\"Article\",\"@id\":\"https:\/\/ticino.com\/de\/blog\/perche-il-futuro-fa-paura\/#article\",\"isPartOf\":{\"@id\":\"https:\/\/ticino.com\/de\/blog\/perche-il-futuro-fa-paura\/\"},\"author\":{\"name\":\"Andrea Presenti\",\"@id\":\"https:\/\/ticino.com\/de\/#\/schema\/person\/704df9c8d1af01bfa2367f9810ba319f\"},\"headline\":\"Perch\u00e9 il futuro fa paura?\",\"datePublished\":\"2021-02-22T10:00:00+00:00\",\"dateModified\":\"2021-03-08T13:33:52+00:00\",\"mainEntityOfPage\":{\"@id\":\"https:\/\/ticino.com\/de\/blog\/perche-il-futuro-fa-paura\/\"},\"wordCount\":684,\"commentCount\":0,\"publisher\":{\"@id\":\"https:\/\/ticino.com\/de\/#organization\"},\"image\":{\"@id\":\"https:\/\/ticino.com\/de\/blog\/perche-il-futuro-fa-paura\/#primaryimage\"},\"thumbnailUrl\":\"https:\/\/ticino.com\/wp-content\/uploads\/2021\/02\/perch-il-futuro-fa-paura.png\",\"keywords\":[\"paura\",\"tecnologia\"],\"articleSection\":[\"Approfondimenti\"],\"inLanguage\":\"de\",\"potentialAction\":[{\"@type\":\"CommentAction\",\"name\":\"Comment\",\"target\":[\"https:\/\/ticino.com\/de\/blog\/perche-il-futuro-fa-paura\/#respond\"]}]},{\"@type\":\"WebPage\",\"@id\":\"https:\/\/ticino.com\/de\/blog\/perche-il-futuro-fa-paura\/\",\"url\":\"https:\/\/ticino.com\/de\/blog\/perche-il-futuro-fa-paura\/\",\"name\":\"Perch\u00e9 il futuro fa paura? - Blog Tecnologico di Ticinocom\",\"isPartOf\":{\"@id\":\"https:\/\/ticino.com\/de\/#website\"},\"primaryImageOfPage\":{\"@id\":\"https:\/\/ticino.com\/de\/blog\/perche-il-futuro-fa-paura\/#primaryimage\"},\"image\":{\"@id\":\"https:\/\/ticino.com\/de\/blog\/perche-il-futuro-fa-paura\/#primaryimage\"},\"thumbnailUrl\":\"https:\/\/ticino.com\/wp-content\/uploads\/2021\/02\/perch-il-futuro-fa-paura.png\",\"datePublished\":\"2021-02-22T10:00:00+00:00\",\"dateModified\":\"2021-03-08T13:33:52+00:00\",\"description\":\"Perch\u00e9 il futuro fa paura? La clessidra che scandisce lo scorrere del tempo \u00e8 un conto alla rovescia verso il disastro?\",\"breadcrumb\":{\"@id\":\"https:\/\/ticino.com\/de\/blog\/perche-il-futuro-fa-paura\/#breadcrumb\"},\"inLanguage\":\"de\",\"potentialAction\":[{\"@type\":\"ReadAction\",\"target\":[\"https:\/\/ticino.com\/de\/blog\/perche-il-futuro-fa-paura\/\"]}]},{\"@type\":\"ImageObject\",\"inLanguage\":\"de\",\"@id\":\"https:\/\/ticino.com\/de\/blog\/perche-il-futuro-fa-paura\/#primaryimage\",\"url\":\"https:\/\/ticino.com\/wp-content\/uploads\/2021\/02\/perch-il-futuro-fa-paura.png\",\"contentUrl\":\"https:\/\/ticino.com\/wp-content\/uploads\/2021\/02\/perch-il-futuro-fa-paura.png\",\"width\":1080,\"height\":1080,\"caption\":\"Perch\u00e9 il futuro fa paura?\"},{\"@type\":\"BreadcrumbList\",\"@id\":\"https:\/\/ticino.com\/de\/blog\/perche-il-futuro-fa-paura\/#breadcrumb\",\"itemListElement\":[{\"@type\":\"ListItem\",\"position\":1,\"name\":\"Home\",\"item\":\"https:\/\/ticino.com\/de\/\"},{\"@type\":\"ListItem\",\"position\":2,\"name\":\"Perch\u00e9 il futuro fa paura?\"}]},{\"@type\":\"WebSite\",\"@id\":\"https:\/\/ticino.com\/de\/#website\",\"url\":\"https:\/\/ticino.com\/de\/\",\"name\":\"Ticinocom SA\",\"description\":\"Internet 100% made in Ticino\",\"publisher\":{\"@id\":\"https:\/\/ticino.com\/de\/#organization\"},\"potentialAction\":[{\"@type\":\"SearchAction\",\"target\":{\"@type\":\"EntryPoint\",\"urlTemplate\":\"https:\/\/ticino.com\/de\/?s={search_term_string}\"},\"query-input\":{\"@type\":\"PropertyValueSpecification\",\"valueRequired\":true,\"valueName\":\"search_term_string\"}}],\"inLanguage\":\"de\"},{\"@type\":\"Organization\",\"@id\":\"https:\/\/ticino.com\/de\/#organization\",\"name\":\"Ticinocom SA\",\"url\":\"https:\/\/ticino.com\/de\/\",\"logo\":{\"@type\":\"ImageObject\",\"inLanguage\":\"de\",\"@id\":\"https:\/\/ticino.com\/de\/#\/schema\/logo\/image\/\",\"url\":\"https:\/\/ticino.com\/wp-content\/uploads\/2020\/09\/ticinocom-logo.png\",\"contentUrl\":\"https:\/\/ticino.com\/wp-content\/uploads\/2020\/09\/ticinocom-logo.png\",\"width\":508,\"height\":84,\"caption\":\"Ticinocom SA\"},\"image\":{\"@id\":\"https:\/\/ticino.com\/de\/#\/schema\/logo\/image\/\"},\"sameAs\":[\"https:\/\/facebook.com\/ticinocom\",\"https:\/\/x.com\/ticinocom\",\"https:\/\/instagram.com\/ticinocomsa\",\"https:\/\/linkedin.com\/company\/ticinocom\"]},{\"@type\":\"Person\",\"@id\":\"https:\/\/ticino.com\/de\/#\/schema\/person\/704df9c8d1af01bfa2367f9810ba319f\",\"name\":\"Andrea Presenti\",\"image\":{\"@type\":\"ImageObject\",\"inLanguage\":\"de\",\"@id\":\"https:\/\/ticino.com\/de\/#\/schema\/person\/image\/\",\"url\":\"https:\/\/secure.gravatar.com\/avatar\/5a718af3bb087a1ea5755cde0e2a740d?s=96&d=mm&r=g\",\"contentUrl\":\"https:\/\/secure.gravatar.com\/avatar\/5a718af3bb087a1ea5755cde0e2a740d?s=96&d=mm&r=g\",\"caption\":\"Andrea Presenti\"},\"description\":\"Andrea Presenti, nato nel 21\/04\/1992, \u00e8 uno scrittore tecnico pubblicitario che lavora nel settore dal 2016, dopo aver conseguito un corso di Scrittura Creativa presso la Scuola Internazionale di Comics. Ha collaborato con aziende di tutto il mondo per la stesura di testi ed \u00e8 Lead Editor di Ticinocom dal 2019.\",\"sameAs\":[\"https:\/\/x.com\/and.presenti@gmail.com\"],\"url\":\"https:\/\/ticino.com\/de\/author\/and-presentigmail-com\/\"}]}<\/script>\n<!-- \/ Yoast SEO Premium plugin. -->","yoast_head_json":{"title":"Perch\u00e9 il futuro fa paura? - Blog Tecnologico di Ticinocom","description":"Perch\u00e9 il futuro fa paura? La clessidra che scandisce lo scorrere del tempo \u00e8 un conto alla rovescia verso il disastro?","robots":{"index":"index","follow":"follow","max-snippet":"max-snippet:-1","max-image-preview":"max-image-preview:large","max-video-preview":"max-video-preview:-1"},"canonical":"https:\/\/ticino.com\/de\/blog\/perche-il-futuro-fa-paura\/","og_locale":"de_DE","og_type":"article","og_title":"Perch\u00e9 il futuro fa paura?","og_description":"Perch\u00e9 il futuro fa paura? La clessidra che scandisce lo scorrere del tempo \u00e8 un conto alla rovescia verso il disastro?","og_url":"https:\/\/ticino.com\/de\/blog\/perche-il-futuro-fa-paura\/","og_site_name":"Ticinocom SA","article_publisher":"https:\/\/facebook.com\/ticinocom","article_published_time":"2021-02-22T10:00:00+00:00","article_modified_time":"2021-03-08T13:33:52+00:00","og_image":[{"width":1080,"height":1080,"url":"https:\/\/ticino.com\/wp-content\/uploads\/2021\/02\/perch-il-futuro-fa-paura.png","type":"image\/png"}],"author":"Andrea Presenti","twitter_card":"summary_large_image","twitter_creator":"@and.presenti@gmail.com","twitter_site":"@ticinocom","twitter_misc":{"Verfasst von":"Andrea Presenti","Gesch\u00e4tzte Lesezeit":"4\u00a0Minuten"},"schema":{"@context":"https:\/\/schema.org","@graph":[{"@type":"Article","@id":"https:\/\/ticino.com\/de\/blog\/perche-il-futuro-fa-paura\/#article","isPartOf":{"@id":"https:\/\/ticino.com\/de\/blog\/perche-il-futuro-fa-paura\/"},"author":{"name":"Andrea Presenti","@id":"https:\/\/ticino.com\/de\/#\/schema\/person\/704df9c8d1af01bfa2367f9810ba319f"},"headline":"Perch\u00e9 il futuro fa paura?","datePublished":"2021-02-22T10:00:00+00:00","dateModified":"2021-03-08T13:33:52+00:00","mainEntityOfPage":{"@id":"https:\/\/ticino.com\/de\/blog\/perche-il-futuro-fa-paura\/"},"wordCount":684,"commentCount":0,"publisher":{"@id":"https:\/\/ticino.com\/de\/#organization"},"image":{"@id":"https:\/\/ticino.com\/de\/blog\/perche-il-futuro-fa-paura\/#primaryimage"},"thumbnailUrl":"https:\/\/ticino.com\/wp-content\/uploads\/2021\/02\/perch-il-futuro-fa-paura.png","keywords":["paura","tecnologia"],"articleSection":["Approfondimenti"],"inLanguage":"de","potentialAction":[{"@type":"CommentAction","name":"Comment","target":["https:\/\/ticino.com\/de\/blog\/perche-il-futuro-fa-paura\/#respond"]}]},{"@type":"WebPage","@id":"https:\/\/ticino.com\/de\/blog\/perche-il-futuro-fa-paura\/","url":"https:\/\/ticino.com\/de\/blog\/perche-il-futuro-fa-paura\/","name":"Perch\u00e9 il futuro fa paura? - Blog Tecnologico di Ticinocom","isPartOf":{"@id":"https:\/\/ticino.com\/de\/#website"},"primaryImageOfPage":{"@id":"https:\/\/ticino.com\/de\/blog\/perche-il-futuro-fa-paura\/#primaryimage"},"image":{"@id":"https:\/\/ticino.com\/de\/blog\/perche-il-futuro-fa-paura\/#primaryimage"},"thumbnailUrl":"https:\/\/ticino.com\/wp-content\/uploads\/2021\/02\/perch-il-futuro-fa-paura.png","datePublished":"2021-02-22T10:00:00+00:00","dateModified":"2021-03-08T13:33:52+00:00","description":"Perch\u00e9 il futuro fa paura? La clessidra che scandisce lo scorrere del tempo \u00e8 un conto alla rovescia verso il disastro?","breadcrumb":{"@id":"https:\/\/ticino.com\/de\/blog\/perche-il-futuro-fa-paura\/#breadcrumb"},"inLanguage":"de","potentialAction":[{"@type":"ReadAction","target":["https:\/\/ticino.com\/de\/blog\/perche-il-futuro-fa-paura\/"]}]},{"@type":"ImageObject","inLanguage":"de","@id":"https:\/\/ticino.com\/de\/blog\/perche-il-futuro-fa-paura\/#primaryimage","url":"https:\/\/ticino.com\/wp-content\/uploads\/2021\/02\/perch-il-futuro-fa-paura.png","contentUrl":"https:\/\/ticino.com\/wp-content\/uploads\/2021\/02\/perch-il-futuro-fa-paura.png","width":1080,"height":1080,"caption":"Perch\u00e9 il futuro fa paura?"},{"@type":"BreadcrumbList","@id":"https:\/\/ticino.com\/de\/blog\/perche-il-futuro-fa-paura\/#breadcrumb","itemListElement":[{"@type":"ListItem","position":1,"name":"Home","item":"https:\/\/ticino.com\/de\/"},{"@type":"ListItem","position":2,"name":"Perch\u00e9 il futuro fa paura?"}]},{"@type":"WebSite","@id":"https:\/\/ticino.com\/de\/#website","url":"https:\/\/ticino.com\/de\/","name":"Ticinocom SA","description":"Internet 100% made in Ticino","publisher":{"@id":"https:\/\/ticino.com\/de\/#organization"},"potentialAction":[{"@type":"SearchAction","target":{"@type":"EntryPoint","urlTemplate":"https:\/\/ticino.com\/de\/?s={search_term_string}"},"query-input":{"@type":"PropertyValueSpecification","valueRequired":true,"valueName":"search_term_string"}}],"inLanguage":"de"},{"@type":"Organization","@id":"https:\/\/ticino.com\/de\/#organization","name":"Ticinocom SA","url":"https:\/\/ticino.com\/de\/","logo":{"@type":"ImageObject","inLanguage":"de","@id":"https:\/\/ticino.com\/de\/#\/schema\/logo\/image\/","url":"https:\/\/ticino.com\/wp-content\/uploads\/2020\/09\/ticinocom-logo.png","contentUrl":"https:\/\/ticino.com\/wp-content\/uploads\/2020\/09\/ticinocom-logo.png","width":508,"height":84,"caption":"Ticinocom SA"},"image":{"@id":"https:\/\/ticino.com\/de\/#\/schema\/logo\/image\/"},"sameAs":["https:\/\/facebook.com\/ticinocom","https:\/\/x.com\/ticinocom","https:\/\/instagram.com\/ticinocomsa","https:\/\/linkedin.com\/company\/ticinocom"]},{"@type":"Person","@id":"https:\/\/ticino.com\/de\/#\/schema\/person\/704df9c8d1af01bfa2367f9810ba319f","name":"Andrea Presenti","image":{"@type":"ImageObject","inLanguage":"de","@id":"https:\/\/ticino.com\/de\/#\/schema\/person\/image\/","url":"https:\/\/secure.gravatar.com\/avatar\/5a718af3bb087a1ea5755cde0e2a740d?s=96&d=mm&r=g","contentUrl":"https:\/\/secure.gravatar.com\/avatar\/5a718af3bb087a1ea5755cde0e2a740d?s=96&d=mm&r=g","caption":"Andrea Presenti"},"description":"Andrea Presenti, nato nel 21\/04\/1992, \u00e8 uno scrittore tecnico pubblicitario che lavora nel settore dal 2016, dopo aver conseguito un corso di Scrittura Creativa presso la Scuola Internazionale di Comics. Ha collaborato con aziende di tutto il mondo per la stesura di testi ed \u00e8 Lead Editor di Ticinocom dal 2019.","sameAs":["https:\/\/x.com\/and.presenti@gmail.com"],"url":"https:\/\/ticino.com\/de\/author\/and-presentigmail-com\/"}]}},"_links":{"self":[{"href":"https:\/\/ticino.com\/de\/wp-json\/wp\/v2\/posts\/9757"}],"collection":[{"href":"https:\/\/ticino.com\/de\/wp-json\/wp\/v2\/posts"}],"about":[{"href":"https:\/\/ticino.com\/de\/wp-json\/wp\/v2\/types\/post"}],"author":[{"embeddable":true,"href":"https:\/\/ticino.com\/de\/wp-json\/wp\/v2\/users\/138280480"}],"replies":[{"embeddable":true,"href":"https:\/\/ticino.com\/de\/wp-json\/wp\/v2\/comments?post=9757"}],"version-history":[{"count":0,"href":"https:\/\/ticino.com\/de\/wp-json\/wp\/v2\/posts\/9757\/revisions"}],"wp:featuredmedia":[{"embeddable":true,"href":"https:\/\/ticino.com\/de\/wp-json\/wp\/v2\/media\/9769"}],"wp:attachment":[{"href":"https:\/\/ticino.com\/de\/wp-json\/wp\/v2\/media?parent=9757"}],"wp:term":[{"taxonomy":"category","embeddable":true,"href":"https:\/\/ticino.com\/de\/wp-json\/wp\/v2\/categories?post=9757"},{"taxonomy":"post_tag","embeddable":true,"href":"https:\/\/ticino.com\/de\/wp-json\/wp\/v2\/tags?post=9757"}],"curies":[{"name":"wp","href":"https:\/\/api.w.org\/{rel}","templated":true}]}}