{"id":9628,"date":"2021-02-08T11:00:00","date_gmt":"2021-02-08T10:00:00","guid":{"rendered":"https:\/\/ticino.com\/?p=9628"},"modified":"2021-03-09T18:27:35","modified_gmt":"2021-03-09T17:27:35","slug":"chi-rifiuta-la-tecnologia","status":"publish","type":"post","link":"https:\/\/ticino.com\/de\/blog\/chi-rifiuta-la-tecnologia\/","title":{"rendered":"Chi rifiuta la tecnologia?"},"content":{"rendered":"\t\t<div data-elementor-type=\"wp-post\" data-elementor-id=\"9628\" class=\"elementor elementor-9628\" data-elementor-post-type=\"post\">\n\t\t\t\t\t\t<section class=\"elementor-section elementor-top-section elementor-element elementor-element-49c0002 elementor-section-boxed elementor-section-height-default elementor-section-height-default\" data-id=\"49c0002\" data-element_type=\"section\">\n\t\t\t\t\t\t<div class=\"elementor-container elementor-column-gap-default\">\n\t\t\t\t\t<div class=\"elementor-column elementor-col-100 elementor-top-column elementor-element elementor-element-55cb2f4f\" data-id=\"55cb2f4f\" data-element_type=\"column\">\n\t\t\t<div class=\"elementor-widget-wrap elementor-element-populated\">\n\t\t\t\t\t\t<div class=\"elementor-element elementor-element-336893e1 elementor-widget elementor-widget-text-editor\" data-id=\"336893e1\" data-element_type=\"widget\" data-widget_type=\"text-editor.default\">\n\t\t\t\t<div class=\"elementor-widget-container\">\n\t\t\t\t\t\t\t<p>In un mondo governato dalla progressione scientifica, chi rifiuta la <a href=\"https:\/\/ticino.com\/de\/wiki\/tecnologia\/\" target=\"_self\" title=\"La &quot;Tecnologia&quot; pu\u00f2 avere molteplici significati e spesso viene accostata a una specifica brancia della scienza. Sul nostro sito la utilizziamo nella sua forma pi\u00f9 generica, ovvero l'insieme di scoperte e invenzioni che l'uomo ha fatto alterando la natura per i suoi scopi. Tecnologia \u00e8 quindi la creazione di un oggetto non presente in natura,\u2026\" class=\"encyclopedia\">tecnologia<\/a>? E le comunit\u00e0 prive di tecnologia, lo sono davvero? Questo e molto altro nell\u2019articolo di oggi.<\/p><p>Come abbiamo avuto modo di vedere in <a href=\"https:\/\/ticino.com\/wp-content\/uploads\/2020\/12\/Perch-la-tecnologia-importante-1-1024x1024.png\">articoli precedenti<\/a>, la tecnologia ha migliorato sensibilmente la qualit\u00e0 e la durata delle nostre vite, ma nonostante questo ha non pochi detrattori.<\/p><p>Chi rifiuta la tecnologia (in tutto o in parte) spesso lo fa perch\u00e9 \u00e8 preoccupato per gli effetti collaterali che le innovazioni scientifiche hanno avuto sul mondo e sulla societ\u00e0.<\/p><p>Inquinamento, incremento di malattie tumorali, perdita del contatto umano e molto altro ancora: a torto o a ragione, in tanti provano dei sentimenti contrastanti verso la tecnologia e sognano un ritorno alle origini, dove tutto era pi\u00f9 semplice e pi\u00f9 sano.<\/p><p>Ma proviamo a parlare un po\u2019 di cosa succederebbe a rifiutare la tecnologia e chi \u00e8 che non la utilizza (e in che misura).<\/p><h2>Il problema della misura<\/h2><figure id=\"attachment_9634\" aria-describedby=\"caption-attachment-9634\" style=\"width: 800px\" class=\"wp-caption aligncenter\"><img fetchpriority=\"high\" decoding=\"async\" class=\"wp-image-9634 size-large\" src=\"https:\/\/ticino.com\/wp-content\/uploads\/2021\/02\/randy-fath-e-OGWPEM4O0-unsplash-1-1024x683.jpg\" alt=\"Chi rifiuta la tecnologia 2\" width=\"800\" height=\"534\" srcset=\"https:\/\/ticino.com\/wp-content\/uploads\/2021\/02\/randy-fath-e-OGWPEM4O0-unsplash-1-1024x683.jpg 1024w, https:\/\/ticino.com\/wp-content\/uploads\/2021\/02\/randy-fath-e-OGWPEM4O0-unsplash-1-300x200.jpg 300w, https:\/\/ticino.com\/wp-content\/uploads\/2021\/02\/randy-fath-e-OGWPEM4O0-unsplash-1-768x512.jpg 768w, https:\/\/ticino.com\/wp-content\/uploads\/2021\/02\/randy-fath-e-OGWPEM4O0-unsplash-1-1536x1024.jpg 1536w, https:\/\/ticino.com\/wp-content\/uploads\/2021\/02\/randy-fath-e-OGWPEM4O0-unsplash-1-2048x1365.jpg 2048w\" sizes=\"(max-width: 800px) 100vw, 800px\"><figcaption id=\"caption-attachment-9634\" class=\"wp-caption-text\">Una via di mezzo tra rifiuto e accettazione<\/figcaption><\/figure><p>Innanzitutto, \u00e8 necessario capire cosa vuol dire rifiutare la tecnologia e in che misura. Se parliamo di innovazioni introdotte dall\u2019uomo e che non c\u2019erano naturalmente, allora dovremmo tornare a vivere nelle caverne e cacciare armati di sassi non affilati (anche una lancia \u00e8 un prodotto dell\u2019innovazione tecnologica).<\/p><p>Chiaro che una vita di questo tipo non sarebbe adatta alla maggior parte delle persone e avrebbe delle ripercussioni pesantissime sulla percezione che abbiamo della vita stessa (la natura \u00e8 pi\u00f9 crudele di quanto non si creda e la maggior parte delle volte si muore perch\u00e9 mangiati o malati).<\/p><p>Una via di mezzo sarebbe rifiutare l\u2019elettricit\u00e0 e regredire a prima dell\u2019avvento di computer e Internet, ma naturalmente questo avrebbe un impatto su coloro che utilizzano l\u2019elettricit\u00e0 per rimanere in vita (pensiamo agli ospedali e a coloro che sono affetti da condizioni che richiedono respiratori), oltre che a rinunciare a degli agi che spesso diamo per scontato, come frigoriferi e congelatori.<\/p><p>Si potrebbe vivere rinunciando alla tecnologia? Senza macchine, frigoriferi, smartphone, computer e televisori? Sicuramente, ma \u00e8 corretto dire che siamo diventati dipendenti dato che la vita come la percepiamo \u00e8 completamente plasmata attorno a queste funzioni.<\/p><p>Il distacco dalla tecnologia, premesso di non averne bisogno per rimanere in vita, sarebbe drastico per la maggior parte delle persone: innanzitutto sarebbe necessario provvedere al riscaldamento di inverno, ovvero tornare a utilizzare il fuoco come fonte di calore.<\/p><p>Ma questo sarebbe il problema minore, in quanto molte case ospitano ancora stufe e camini: il problema sarebbe recuperare il cibo. In assenza di elettricit\u00e0, non potremmo pi\u00f9 fare la spesa a cui siamo abituati. La conservazione del cibo sarebbe ben diversa e potremmo nutrirci di alimenti lontani solo se questi vengono conservati sott\u2019olio o sotto sale.<\/p><p>\u00a0<\/p>\t\t\t\t\t\t<\/div>\n\t\t\t\t<\/div>\n\t\t\t\t\t<\/div>\n\t\t<\/div>\n\t\t\t\t\t<\/div>\n\t\t<\/section>\n\t\t\t\t<section class=\"elementor-section elementor-top-section elementor-element elementor-element-1cd3002 elementor-section-boxed elementor-section-height-default elementor-section-height-default\" data-id=\"1cd3002\" data-element_type=\"section\">\n\t\t\t\t\t\t<div class=\"elementor-container elementor-column-gap-default\">\n\t\t\t\t\t<div class=\"elementor-column elementor-col-100 elementor-top-column elementor-element elementor-element-8afd116\" data-id=\"8afd116\" data-element_type=\"column\">\n\t\t\t<div class=\"elementor-widget-wrap elementor-element-populated\">\n\t\t\t\t\t\t<div class=\"elementor-element elementor-element-e3063da elementor-widget elementor-widget-global elementor-global-9672 elementor-widget-toolset-view\" data-id=\"e3063da\" data-element_type=\"widget\" data-widget_type=\"toolset-view.default\">\n\t\t\t\t<div class=\"elementor-widget-container\">\n\t\t\t\n\n\n<div id=\"wpv-view-layout-9666\" class=\"js-wpv-view-layout js-wpv-layout-responsive js-wpv-view-layout-9666\" data-viewnumber=\"9666\" data-pagination=\"{&quot;id&quot;:9666,&quot;query&quot;:&quot;normal&quot;,&quot;type&quot;:&quot;disabled&quot;,&quot;effect&quot;:&quot;fade&quot;,&quot;duration&quot;:500,&quot;speed&quot;:5,&quot;pause_on_hover&quot;:&quot;disabled&quot;,&quot;stop_rollover&quot;:&quot;false&quot;,&quot;cache_pages&quot;:&quot;enabled&quot;,&quot;preload_images&quot;:&quot;enabled&quot;,&quot;preload_pages&quot;:&quot;enabled&quot;,&quot;preload_reach&quot;:1,&quot;spinner&quot;:&quot;builtin&quot;,&quot;spinner_image&quot;:&quot;https:\/\/ticino.com\/wp-content\/plugins\/wp-views\/embedded\/res\/img\/ajax-loader.gif&quot;,&quot;callback_next&quot;:&quot;&quot;,&quot;manage_history&quot;:&quot;enabled&quot;,&quot;has_controls_in_form&quot;:&quot;disabled&quot;,&quot;infinite_tolerance&quot;:&quot;0&quot;,&quot;max_pages&quot;:1,&quot;page&quot;:1,&quot;base_permalink&quot;:&quot;\/de\/wp-json\/wp\/v2\/posts\/9628?wpv_view_count=9666&amp;wpv_paged=WPV_PAGE_NUM&quot;,&quot;loop&quot;:{&quot;type&quot;:&quot;&quot;,&quot;name&quot;:&quot;&quot;,&quot;data&quot;:[],&quot;id&quot;:0}}\" data-permalink=\"\/de\/wp-json\/wp\/v2\/posts\/9628?wpv_view_count=9666\">\n\n\t\n\t\n\t\t\n          <a href=\"https:\/\/ticino.com\/de\/blog\/perche-il-computer-scalda\/?ref=chi-rifiuta-la-tecnologia\" id=\"blockquote\">\n            <blockquote cite=\"https:\/\/ticino.com\/de\/blog\/perche-il-computer-scalda\/\">\n              <p>Perch\u00e9 il computer scalda? Pu\u00f2 questo rappresentare un rischio per il nostro computer? Come evitare un surriscaldamento?<\/p>\n\n              <br>\n              <div style=\"text-align:right; font-weight:200;\"><span style=\"font-family: 'Exo 2', Sans-serif;\">Leggi l'articolo<\/span> <i style=\"vertical-align: middle; font-weight:200;\" class=\"fas fa-angle-double-right\"><\/i> <\/div>\n            <\/blockquote>\n          <\/a>\n\t\t\n\t\n\t\n\t\n<\/div>\n\t\t<\/div>\n\t\t\t\t<\/div>\n\t\t\t\t\t<\/div>\n\t\t<\/div>\n\t\t\t\t\t<\/div>\n\t\t<\/section>\n\t\t\t\t<section class=\"elementor-section elementor-top-section elementor-element elementor-element-7b17b6d elementor-section-boxed elementor-section-height-default elementor-section-height-default\" data-id=\"7b17b6d\" data-element_type=\"section\">\n\t\t\t\t\t\t<div class=\"elementor-container elementor-column-gap-default\">\n\t\t\t\t\t<div class=\"elementor-column elementor-col-100 elementor-top-column elementor-element elementor-element-3ebf602\" data-id=\"3ebf602\" data-element_type=\"column\">\n\t\t\t<div class=\"elementor-widget-wrap elementor-element-populated\">\n\t\t\t\t\t\t<div class=\"elementor-element elementor-element-cc00e50 elementor-widget elementor-widget-text-editor\" data-id=\"cc00e50\" data-element_type=\"widget\" data-widget_type=\"text-editor.default\">\n\t\t\t\t<div class=\"elementor-widget-container\">\n\t\t\t\t\t\t\t<p>Insomma: chiaro che si pu\u00f2 vivere rifiutando la tecnologia, ma la nostra vita sarebbe ben diversa da quanto pensiamo. Anche rimuovendo un singolo elemento, come gli smartphone, cambierebbe sensibilmente dato che molte delle nostre comunicazioni si basano su questo strumento.<\/p><h2>Chi Rifiuta la Tecnologia: gli Amish?<\/h2><figure id=\"attachment_9630\" aria-describedby=\"caption-attachment-9630\" style=\"width: 800px\" class=\"wp-caption aligncenter\"><img decoding=\"async\" class=\"wp-image-9630 size-large\" src=\"https:\/\/ticino.com\/wp-content\/uploads\/2021\/02\/annie-spratt-c9fInHrIOKk-unsplash-1024x757.jpg\" alt=\"Chi rifiuta la tecnologia\" width=\"800\" height=\"591\" srcset=\"https:\/\/ticino.com\/wp-content\/uploads\/2021\/02\/annie-spratt-c9fInHrIOKk-unsplash-1024x757.jpg 1024w, https:\/\/ticino.com\/wp-content\/uploads\/2021\/02\/annie-spratt-c9fInHrIOKk-unsplash-300x222.jpg 300w, https:\/\/ticino.com\/wp-content\/uploads\/2021\/02\/annie-spratt-c9fInHrIOKk-unsplash-768x568.jpg 768w, https:\/\/ticino.com\/wp-content\/uploads\/2021\/02\/annie-spratt-c9fInHrIOKk-unsplash-1536x1135.jpg 1536w, https:\/\/ticino.com\/wp-content\/uploads\/2021\/02\/annie-spratt-c9fInHrIOKk-unsplash-2048x1514.jpg 2048w\" sizes=\"(max-width: 800px) 100vw, 800px\"><figcaption id=\"caption-attachment-9630\" class=\"wp-caption-text\">Vestiti Amish<\/figcaption><\/figure><p>Quando si parla di rifiuto della tecnologia, molte persone pensano istintivamente agli Amish, comunit\u00e0 di stampo religioso in cui la tecnologia ha un accesso estremamente limitato.<\/p><p>L\u2019immaginario comune \u00e8 sempre lo stesso: vestiti di nero, intenti a lavorare nei campi, produrre il burro tramite la fedele zangola o a costruire fienili. Armati di lampade a olio e della cara e vecchia bibbia.<\/p><p>Chiaro che anche in questo caso si parla di un rifiuto parziale della tecnologia, in quanto la stessa zangola e la lampada a olio sono frutto del progresso scientifico, ma anche questo rifiuto parziale richiede un\u2019ulteriore spiegazione.<\/p><p>Innanzitutto, esistono diverse realt\u00e0 Amish ed ognuna di esse applica delle regole diverse rispetto all\u2019<a href=\"https:\/\/en.wikipedia.org\/wiki\/Amish#Use_of_technology_by_different_affiliations\">utilizzo della tecnologia<\/a>.<\/p><p>Tra le pi\u00f9 accomodanti troviamo i Kalona, dove molti strumenti che non richiedono elettricit\u00e0 in s\u00e9 sono utilizzati, come motoseghe e congelatori meccanici. Tra le pi\u00f9 severe, in questo senso, troviamo gli Swartzentruber (che si concedono solo l\u2019utilizzo di lavatrici motorizzate come il 97% degli Amish) e i Danner.<\/p><p>Naturalmente una comunit\u00e0 Amish non \u00e8 tale solo per il rifiuto della tecnologia, ma la loro cultura ha un\u2019influenza in molti altri aspetti (come l\u2019obbligo di matrimonio all\u2019interno della comunit\u00e0). Nonostante questo, sono la dimostrazione che si pu\u00f2 vivere rinunciando parzialmente alla tecnologia, sebbene non tutti vorrebbero vivere la vita cos\u00ec come l\u2019hanno scelta loro.<\/p>\t\t\t\t\t\t<\/div>\n\t\t\t\t<\/div>\n\t\t\t\t\t<\/div>\n\t\t<\/div>\n\t\t\t\t\t<\/div>\n\t\t<\/section>\n\t\t\t\t<\/div>\n\t\t","protected":false},"excerpt":{"rendered":"<p>In un mondo governato dalla progressione scientifica, chi rifiuta la tecnologia? E le comunit\u00e0 prive di tecnologia, lo sono davvero?<\/p>\n","protected":false},"author":138280480,"featured_media":9640,"comment_status":"open","ping_status":"open","sticky":false,"template":"","format":"standard","meta":{"footnotes":""},"categories":[1],"tags":[285,82],"class_list":["post-9628","post","type-post","status-publish","format-standard","has-post-thumbnail","hentry","category-non-categorizzato","tag-cultura","tag-tecnologia"],"yoast_head":"<!-- This site is optimized with the Yoast SEO Premium plugin v21.7 (Yoast SEO v23.7) - https:\/\/yoast.com\/wordpress\/plugins\/seo\/ -->\n<title>Chi rifiuta la Tecnologia? - Scoprilo sul Blog di Ticinocom<\/title>\n<meta name=\"description\" content=\"In un mondo governato dalla progressione scientifica, chi rifiuta la tecnologia? E le comunit\u00e0 prive di tecnologia, lo sono davvero?\" \/>\n<meta name=\"robots\" content=\"index, follow, max-snippet:-1, max-image-preview:large, max-video-preview:-1\" \/>\n<link rel=\"canonical\" href=\"https:\/\/ticino.com\/de\/blog\/chi-rifiuta-la-tecnologia\/\" \/>\n<meta property=\"og:locale\" content=\"de_DE\" \/>\n<meta property=\"og:type\" content=\"article\" \/>\n<meta property=\"og:title\" content=\"Chi rifiuta la tecnologia?\" \/>\n<meta property=\"og:description\" content=\"In un mondo governato dalla progressione scientifica, chi rifiuta la tecnologia? E le comunit\u00e0 prive di tecnologia, lo sono davvero?\" \/>\n<meta property=\"og:url\" content=\"https:\/\/ticino.com\/de\/blog\/chi-rifiuta-la-tecnologia\/\" \/>\n<meta property=\"og:site_name\" content=\"Ticinocom SA\" \/>\n<meta property=\"article:publisher\" content=\"https:\/\/facebook.com\/ticinocom\" \/>\n<meta property=\"article:published_time\" content=\"2021-02-08T10:00:00+00:00\" \/>\n<meta property=\"article:modified_time\" content=\"2021-03-09T17:27:35+00:00\" \/>\n<meta property=\"og:image\" content=\"https:\/\/ticino.com\/wp-content\/uploads\/2021\/02\/Chi-rifiuta-la-tecnologia.jpg\" \/>\n\t<meta property=\"og:image:width\" content=\"1080\" \/>\n\t<meta property=\"og:image:height\" content=\"1080\" \/>\n\t<meta property=\"og:image:type\" content=\"image\/jpeg\" \/>\n<meta name=\"author\" content=\"Andrea Presenti\" \/>\n<meta name=\"twitter:card\" content=\"summary_large_image\" \/>\n<meta name=\"twitter:creator\" content=\"@and.presenti@gmail.com\" \/>\n<meta name=\"twitter:site\" content=\"@ticinocom\" \/>\n<meta name=\"twitter:label1\" content=\"Verfasst von\" \/>\n\t<meta name=\"twitter:data1\" content=\"Andrea Presenti\" \/>\n\t<meta name=\"twitter:label2\" content=\"Gesch\u00e4tzte Lesezeit\" \/>\n\t<meta name=\"twitter:data2\" content=\"4\u00a0Minuten\" \/>\n<script type=\"application\/ld+json\" class=\"yoast-schema-graph\">{\"@context\":\"https:\/\/schema.org\",\"@graph\":[{\"@type\":\"Article\",\"@id\":\"https:\/\/ticino.com\/de\/blog\/chi-rifiuta-la-tecnologia\/#article\",\"isPartOf\":{\"@id\":\"https:\/\/ticino.com\/de\/blog\/chi-rifiuta-la-tecnologia\/\"},\"author\":{\"name\":\"Andrea Presenti\",\"@id\":\"https:\/\/ticino.com\/de\/#\/schema\/person\/704df9c8d1af01bfa2367f9810ba319f\"},\"headline\":\"Chi rifiuta la tecnologia?\",\"datePublished\":\"2021-02-08T10:00:00+00:00\",\"dateModified\":\"2021-03-09T17:27:35+00:00\",\"mainEntityOfPage\":{\"@id\":\"https:\/\/ticino.com\/de\/blog\/chi-rifiuta-la-tecnologia\/\"},\"wordCount\":777,\"commentCount\":0,\"publisher\":{\"@id\":\"https:\/\/ticino.com\/de\/#organization\"},\"image\":{\"@id\":\"https:\/\/ticino.com\/de\/blog\/chi-rifiuta-la-tecnologia\/#primaryimage\"},\"thumbnailUrl\":\"https:\/\/ticino.com\/wp-content\/uploads\/2021\/02\/Chi-rifiuta-la-tecnologia.jpg\",\"keywords\":[\"cultura\",\"tecnologia\"],\"articleSection\":[\"Non categorizzato\"],\"inLanguage\":\"de\",\"potentialAction\":[{\"@type\":\"CommentAction\",\"name\":\"Comment\",\"target\":[\"https:\/\/ticino.com\/de\/blog\/chi-rifiuta-la-tecnologia\/#respond\"]}]},{\"@type\":\"WebPage\",\"@id\":\"https:\/\/ticino.com\/de\/blog\/chi-rifiuta-la-tecnologia\/\",\"url\":\"https:\/\/ticino.com\/de\/blog\/chi-rifiuta-la-tecnologia\/\",\"name\":\"Chi rifiuta la Tecnologia? - Scoprilo sul Blog di Ticinocom\",\"isPartOf\":{\"@id\":\"https:\/\/ticino.com\/de\/#website\"},\"primaryImageOfPage\":{\"@id\":\"https:\/\/ticino.com\/de\/blog\/chi-rifiuta-la-tecnologia\/#primaryimage\"},\"image\":{\"@id\":\"https:\/\/ticino.com\/de\/blog\/chi-rifiuta-la-tecnologia\/#primaryimage\"},\"thumbnailUrl\":\"https:\/\/ticino.com\/wp-content\/uploads\/2021\/02\/Chi-rifiuta-la-tecnologia.jpg\",\"datePublished\":\"2021-02-08T10:00:00+00:00\",\"dateModified\":\"2021-03-09T17:27:35+00:00\",\"description\":\"In un mondo governato dalla progressione scientifica, chi rifiuta la tecnologia? E le comunit\u00e0 prive di tecnologia, lo sono davvero?\",\"breadcrumb\":{\"@id\":\"https:\/\/ticino.com\/de\/blog\/chi-rifiuta-la-tecnologia\/#breadcrumb\"},\"inLanguage\":\"de\",\"potentialAction\":[{\"@type\":\"ReadAction\",\"target\":[\"https:\/\/ticino.com\/de\/blog\/chi-rifiuta-la-tecnologia\/\"]}]},{\"@type\":\"ImageObject\",\"inLanguage\":\"de\",\"@id\":\"https:\/\/ticino.com\/de\/blog\/chi-rifiuta-la-tecnologia\/#primaryimage\",\"url\":\"https:\/\/ticino.com\/wp-content\/uploads\/2021\/02\/Chi-rifiuta-la-tecnologia.jpg\",\"contentUrl\":\"https:\/\/ticino.com\/wp-content\/uploads\/2021\/02\/Chi-rifiuta-la-tecnologia.jpg\",\"width\":1080,\"height\":1080},{\"@type\":\"BreadcrumbList\",\"@id\":\"https:\/\/ticino.com\/de\/blog\/chi-rifiuta-la-tecnologia\/#breadcrumb\",\"itemListElement\":[{\"@type\":\"ListItem\",\"position\":1,\"name\":\"Home\",\"item\":\"https:\/\/ticino.com\/de\/\"},{\"@type\":\"ListItem\",\"position\":2,\"name\":\"Chi rifiuta la tecnologia?\"}]},{\"@type\":\"WebSite\",\"@id\":\"https:\/\/ticino.com\/de\/#website\",\"url\":\"https:\/\/ticino.com\/de\/\",\"name\":\"Ticinocom SA\",\"description\":\"Internet 100% made in Ticino\",\"publisher\":{\"@id\":\"https:\/\/ticino.com\/de\/#organization\"},\"potentialAction\":[{\"@type\":\"SearchAction\",\"target\":{\"@type\":\"EntryPoint\",\"urlTemplate\":\"https:\/\/ticino.com\/de\/?s={search_term_string}\"},\"query-input\":{\"@type\":\"PropertyValueSpecification\",\"valueRequired\":true,\"valueName\":\"search_term_string\"}}],\"inLanguage\":\"de\"},{\"@type\":\"Organization\",\"@id\":\"https:\/\/ticino.com\/de\/#organization\",\"name\":\"Ticinocom SA\",\"url\":\"https:\/\/ticino.com\/de\/\",\"logo\":{\"@type\":\"ImageObject\",\"inLanguage\":\"de\",\"@id\":\"https:\/\/ticino.com\/de\/#\/schema\/logo\/image\/\",\"url\":\"https:\/\/ticino.com\/wp-content\/uploads\/2020\/09\/ticinocom-logo.png\",\"contentUrl\":\"https:\/\/ticino.com\/wp-content\/uploads\/2020\/09\/ticinocom-logo.png\",\"width\":508,\"height\":84,\"caption\":\"Ticinocom SA\"},\"image\":{\"@id\":\"https:\/\/ticino.com\/de\/#\/schema\/logo\/image\/\"},\"sameAs\":[\"https:\/\/facebook.com\/ticinocom\",\"https:\/\/x.com\/ticinocom\",\"https:\/\/instagram.com\/ticinocomsa\",\"https:\/\/linkedin.com\/company\/ticinocom\"]},{\"@type\":\"Person\",\"@id\":\"https:\/\/ticino.com\/de\/#\/schema\/person\/704df9c8d1af01bfa2367f9810ba319f\",\"name\":\"Andrea Presenti\",\"image\":{\"@type\":\"ImageObject\",\"inLanguage\":\"de\",\"@id\":\"https:\/\/ticino.com\/de\/#\/schema\/person\/image\/\",\"url\":\"https:\/\/secure.gravatar.com\/avatar\/5a718af3bb087a1ea5755cde0e2a740d?s=96&d=mm&r=g\",\"contentUrl\":\"https:\/\/secure.gravatar.com\/avatar\/5a718af3bb087a1ea5755cde0e2a740d?s=96&d=mm&r=g\",\"caption\":\"Andrea Presenti\"},\"description\":\"Andrea Presenti, nato nel 21\/04\/1992, \u00e8 uno scrittore tecnico pubblicitario che lavora nel settore dal 2016, dopo aver conseguito un corso di Scrittura Creativa presso la Scuola Internazionale di Comics. Ha collaborato con aziende di tutto il mondo per la stesura di testi ed \u00e8 Lead Editor di Ticinocom dal 2019.\",\"sameAs\":[\"https:\/\/x.com\/and.presenti@gmail.com\"],\"url\":\"https:\/\/ticino.com\/de\/author\/and-presentigmail-com\/\"}]}<\/script>\n<!-- \/ Yoast SEO Premium plugin. -->","yoast_head_json":{"title":"Chi rifiuta la Tecnologia? - Scoprilo sul Blog di Ticinocom","description":"In un mondo governato dalla progressione scientifica, chi rifiuta la tecnologia? E le comunit\u00e0 prive di tecnologia, lo sono davvero?","robots":{"index":"index","follow":"follow","max-snippet":"max-snippet:-1","max-image-preview":"max-image-preview:large","max-video-preview":"max-video-preview:-1"},"canonical":"https:\/\/ticino.com\/de\/blog\/chi-rifiuta-la-tecnologia\/","og_locale":"de_DE","og_type":"article","og_title":"Chi rifiuta la tecnologia?","og_description":"In un mondo governato dalla progressione scientifica, chi rifiuta la tecnologia? E le comunit\u00e0 prive di tecnologia, lo sono davvero?","og_url":"https:\/\/ticino.com\/de\/blog\/chi-rifiuta-la-tecnologia\/","og_site_name":"Ticinocom SA","article_publisher":"https:\/\/facebook.com\/ticinocom","article_published_time":"2021-02-08T10:00:00+00:00","article_modified_time":"2021-03-09T17:27:35+00:00","og_image":[{"width":1080,"height":1080,"url":"https:\/\/ticino.com\/wp-content\/uploads\/2021\/02\/Chi-rifiuta-la-tecnologia.jpg","type":"image\/jpeg"}],"author":"Andrea Presenti","twitter_card":"summary_large_image","twitter_creator":"@and.presenti@gmail.com","twitter_site":"@ticinocom","twitter_misc":{"Verfasst von":"Andrea Presenti","Gesch\u00e4tzte Lesezeit":"4\u00a0Minuten"},"schema":{"@context":"https:\/\/schema.org","@graph":[{"@type":"Article","@id":"https:\/\/ticino.com\/de\/blog\/chi-rifiuta-la-tecnologia\/#article","isPartOf":{"@id":"https:\/\/ticino.com\/de\/blog\/chi-rifiuta-la-tecnologia\/"},"author":{"name":"Andrea Presenti","@id":"https:\/\/ticino.com\/de\/#\/schema\/person\/704df9c8d1af01bfa2367f9810ba319f"},"headline":"Chi rifiuta la tecnologia?","datePublished":"2021-02-08T10:00:00+00:00","dateModified":"2021-03-09T17:27:35+00:00","mainEntityOfPage":{"@id":"https:\/\/ticino.com\/de\/blog\/chi-rifiuta-la-tecnologia\/"},"wordCount":777,"commentCount":0,"publisher":{"@id":"https:\/\/ticino.com\/de\/#organization"},"image":{"@id":"https:\/\/ticino.com\/de\/blog\/chi-rifiuta-la-tecnologia\/#primaryimage"},"thumbnailUrl":"https:\/\/ticino.com\/wp-content\/uploads\/2021\/02\/Chi-rifiuta-la-tecnologia.jpg","keywords":["cultura","tecnologia"],"articleSection":["Non categorizzato"],"inLanguage":"de","potentialAction":[{"@type":"CommentAction","name":"Comment","target":["https:\/\/ticino.com\/de\/blog\/chi-rifiuta-la-tecnologia\/#respond"]}]},{"@type":"WebPage","@id":"https:\/\/ticino.com\/de\/blog\/chi-rifiuta-la-tecnologia\/","url":"https:\/\/ticino.com\/de\/blog\/chi-rifiuta-la-tecnologia\/","name":"Chi rifiuta la Tecnologia? - Scoprilo sul Blog di Ticinocom","isPartOf":{"@id":"https:\/\/ticino.com\/de\/#website"},"primaryImageOfPage":{"@id":"https:\/\/ticino.com\/de\/blog\/chi-rifiuta-la-tecnologia\/#primaryimage"},"image":{"@id":"https:\/\/ticino.com\/de\/blog\/chi-rifiuta-la-tecnologia\/#primaryimage"},"thumbnailUrl":"https:\/\/ticino.com\/wp-content\/uploads\/2021\/02\/Chi-rifiuta-la-tecnologia.jpg","datePublished":"2021-02-08T10:00:00+00:00","dateModified":"2021-03-09T17:27:35+00:00","description":"In un mondo governato dalla progressione scientifica, chi rifiuta la tecnologia? E le comunit\u00e0 prive di tecnologia, lo sono davvero?","breadcrumb":{"@id":"https:\/\/ticino.com\/de\/blog\/chi-rifiuta-la-tecnologia\/#breadcrumb"},"inLanguage":"de","potentialAction":[{"@type":"ReadAction","target":["https:\/\/ticino.com\/de\/blog\/chi-rifiuta-la-tecnologia\/"]}]},{"@type":"ImageObject","inLanguage":"de","@id":"https:\/\/ticino.com\/de\/blog\/chi-rifiuta-la-tecnologia\/#primaryimage","url":"https:\/\/ticino.com\/wp-content\/uploads\/2021\/02\/Chi-rifiuta-la-tecnologia.jpg","contentUrl":"https:\/\/ticino.com\/wp-content\/uploads\/2021\/02\/Chi-rifiuta-la-tecnologia.jpg","width":1080,"height":1080},{"@type":"BreadcrumbList","@id":"https:\/\/ticino.com\/de\/blog\/chi-rifiuta-la-tecnologia\/#breadcrumb","itemListElement":[{"@type":"ListItem","position":1,"name":"Home","item":"https:\/\/ticino.com\/de\/"},{"@type":"ListItem","position":2,"name":"Chi rifiuta la tecnologia?"}]},{"@type":"WebSite","@id":"https:\/\/ticino.com\/de\/#website","url":"https:\/\/ticino.com\/de\/","name":"Ticinocom SA","description":"Internet 100% made in Ticino","publisher":{"@id":"https:\/\/ticino.com\/de\/#organization"},"potentialAction":[{"@type":"SearchAction","target":{"@type":"EntryPoint","urlTemplate":"https:\/\/ticino.com\/de\/?s={search_term_string}"},"query-input":{"@type":"PropertyValueSpecification","valueRequired":true,"valueName":"search_term_string"}}],"inLanguage":"de"},{"@type":"Organization","@id":"https:\/\/ticino.com\/de\/#organization","name":"Ticinocom SA","url":"https:\/\/ticino.com\/de\/","logo":{"@type":"ImageObject","inLanguage":"de","@id":"https:\/\/ticino.com\/de\/#\/schema\/logo\/image\/","url":"https:\/\/ticino.com\/wp-content\/uploads\/2020\/09\/ticinocom-logo.png","contentUrl":"https:\/\/ticino.com\/wp-content\/uploads\/2020\/09\/ticinocom-logo.png","width":508,"height":84,"caption":"Ticinocom SA"},"image":{"@id":"https:\/\/ticino.com\/de\/#\/schema\/logo\/image\/"},"sameAs":["https:\/\/facebook.com\/ticinocom","https:\/\/x.com\/ticinocom","https:\/\/instagram.com\/ticinocomsa","https:\/\/linkedin.com\/company\/ticinocom"]},{"@type":"Person","@id":"https:\/\/ticino.com\/de\/#\/schema\/person\/704df9c8d1af01bfa2367f9810ba319f","name":"Andrea Presenti","image":{"@type":"ImageObject","inLanguage":"de","@id":"https:\/\/ticino.com\/de\/#\/schema\/person\/image\/","url":"https:\/\/secure.gravatar.com\/avatar\/5a718af3bb087a1ea5755cde0e2a740d?s=96&d=mm&r=g","contentUrl":"https:\/\/secure.gravatar.com\/avatar\/5a718af3bb087a1ea5755cde0e2a740d?s=96&d=mm&r=g","caption":"Andrea Presenti"},"description":"Andrea Presenti, nato nel 21\/04\/1992, \u00e8 uno scrittore tecnico pubblicitario che lavora nel settore dal 2016, dopo aver conseguito un corso di Scrittura Creativa presso la Scuola Internazionale di Comics. Ha collaborato con aziende di tutto il mondo per la stesura di testi ed \u00e8 Lead Editor di Ticinocom dal 2019.","sameAs":["https:\/\/x.com\/and.presenti@gmail.com"],"url":"https:\/\/ticino.com\/de\/author\/and-presentigmail-com\/"}]}},"_links":{"self":[{"href":"https:\/\/ticino.com\/de\/wp-json\/wp\/v2\/posts\/9628"}],"collection":[{"href":"https:\/\/ticino.com\/de\/wp-json\/wp\/v2\/posts"}],"about":[{"href":"https:\/\/ticino.com\/de\/wp-json\/wp\/v2\/types\/post"}],"author":[{"embeddable":true,"href":"https:\/\/ticino.com\/de\/wp-json\/wp\/v2\/users\/138280480"}],"replies":[{"embeddable":true,"href":"https:\/\/ticino.com\/de\/wp-json\/wp\/v2\/comments?post=9628"}],"version-history":[{"count":0,"href":"https:\/\/ticino.com\/de\/wp-json\/wp\/v2\/posts\/9628\/revisions"}],"wp:featuredmedia":[{"embeddable":true,"href":"https:\/\/ticino.com\/de\/wp-json\/wp\/v2\/media\/9640"}],"wp:attachment":[{"href":"https:\/\/ticino.com\/de\/wp-json\/wp\/v2\/media?parent=9628"}],"wp:term":[{"taxonomy":"category","embeddable":true,"href":"https:\/\/ticino.com\/de\/wp-json\/wp\/v2\/categories?post=9628"},{"taxonomy":"post_tag","embeddable":true,"href":"https:\/\/ticino.com\/de\/wp-json\/wp\/v2\/tags?post=9628"}],"curies":[{"name":"wp","href":"https:\/\/api.w.org\/{rel}","templated":true}]}}