{"id":9602,"date":"2021-02-04T11:00:00","date_gmt":"2021-02-04T10:00:00","guid":{"rendered":"https:\/\/ticino.com\/?p=9602"},"modified":"2021-03-09T18:28:51","modified_gmt":"2021-03-09T17:28:51","slug":"quando-fu-scoperta-lelettricita","status":"publish","type":"post","link":"https:\/\/ticino.com\/de\/blog\/quando-fu-scoperta-lelettricita\/","title":{"rendered":"Quando fu scoperta l\u2019elettricit\u00e0?"},"content":{"rendered":"\t\t<div data-elementor-type=\"wp-post\" data-elementor-id=\"9602\" class=\"elementor elementor-9602\" data-elementor-post-type=\"post\">\n\t\t\t\t\t\t<section class=\"elementor-section elementor-top-section elementor-element elementor-element-403a3dd5 elementor-section-boxed elementor-section-height-default elementor-section-height-default\" data-id=\"403a3dd5\" data-element_type=\"section\">\n\t\t\t\t\t\t<div class=\"elementor-container elementor-column-gap-default\">\n\t\t\t\t\t<div class=\"elementor-column elementor-col-100 elementor-top-column elementor-element elementor-element-76abd3db\" data-id=\"76abd3db\" data-element_type=\"column\">\n\t\t\t<div class=\"elementor-widget-wrap elementor-element-populated\">\n\t\t\t\t\t\t<div class=\"elementor-element elementor-element-61e5e37c elementor-widget elementor-widget-text-editor\" data-id=\"61e5e37c\" data-element_type=\"widget\" data-widget_type=\"text-editor.default\">\n\t\t\t\t<div class=\"elementor-widget-container\">\n\t\t\t\t\t\t\t<p>Quando fu scoperta l\u2019elettricit\u00e0 che accompagna la nostra vita quotidiana? \u00c8 stato veramente Benjamin Franklin con un aquilone a scoprirla? E cosa c\u2019entrano i pesci del Nilo? Tutto questo e molto altro nell\u2019articolo di oggi.<\/p><p>Benvenuti in questo nuovo articolo di approfondimento sulle scoperte e le invenzioni pi\u00f9 importanti della storia dell\u2019umanit\u00e0.<\/p><p>Nel corso degli ultimi mesi abbiamo parlato di varie tecnologie: dal computer a Internet, dal telefono agli smartphone. Ma, per quanto importanti, la maggior parte di queste non potrebbe esistere senza l\u2019ausilio dell\u2019elettricit\u00e0.<\/p><p>Ma quand\u2019\u00e8 che l\u2019elettricit\u00e0 \u00e8 diventata parte fondamentale delle nostre vite? Parliamo di un percorso lungo che ha origine quasi 5000 anni fa!<\/p><h2>L\u2019uomo e l\u2019elettricit\u00e0<\/h2><p><img fetchpriority=\"high\" decoding=\"async\" class=\"size-large wp-image-9604 aligncenter\" src=\"https:\/\/ticino.com\/wp-content\/uploads\/2021\/02\/leon-contreras-qpdfU6vehgs-unsplash-1024x684.jpg\" alt=\"Quando fu scoperta l'elettricit\u00e0: fulmine\" width=\"800\" height=\"534\" srcset=\"https:\/\/ticino.com\/wp-content\/uploads\/2021\/02\/leon-contreras-qpdfU6vehgs-unsplash-1024x684.jpg 1024w, https:\/\/ticino.com\/wp-content\/uploads\/2021\/02\/leon-contreras-qpdfU6vehgs-unsplash-300x200.jpg 300w, https:\/\/ticino.com\/wp-content\/uploads\/2021\/02\/leon-contreras-qpdfU6vehgs-unsplash-768x513.jpg 768w, https:\/\/ticino.com\/wp-content\/uploads\/2021\/02\/leon-contreras-qpdfU6vehgs-unsplash-1536x1025.jpg 1536w, https:\/\/ticino.com\/wp-content\/uploads\/2021\/02\/leon-contreras-qpdfU6vehgs-unsplash-2048x1367.jpg 2048w\" sizes=\"(max-width: 800px) 100vw, 800px\"><\/p><p>Prima che cominciassimo a sperimentare tecniche per imbrigliare l\u2019elettricit\u00e0, l\u2019uomo aveva scoperto l\u2019esistenza dell\u2019elettricit\u00e0 osservando la natura.<\/p><p>Non tanto dai fulmini, come potremmo aspettarci, in quanto nelle antiche culture spesso venivano associati al potere e all\u2019ira di divinit\u00e0 (basti pensare a Zeus e ai suoi poteri), ma da organismi pi\u00f9 umili e meno distruttivi.<\/p><p>Grazie alla progressione della scienza, oggi sappiamo che la natura \u00e8 basata su reazioni chimiche che generano reazioni elettriche. La scrittura stessa di questo articolo \u00e8 il risultato di una serie infinita di reazioni chimiche e impulsi elettrici nel mio cervello (potremmo quasi dire che \u00e8 il mio ghostwriter).<\/p><p>Ma se per osservare questi fenomeni abbiamo dovuto aspettare l\u2019evoluzione scientifica, in natura esistono delle creature che sfruttano l\u2019elettricit\u00e0 in modo pi\u00f9 evidente.<\/p><p>Stiamo parlando dei pesci in grado di emettere elettricit\u00e0 (anguille, pesci gatto, torpedini, ect), i quali sono conosciuti in tutto il mondo per le storie che circolano sui pericoli che celano le acque pi\u00f9 torbide.<\/p><p>\u00a0<\/p>\t\t\t\t\t\t<\/div>\n\t\t\t\t<\/div>\n\t\t\t\t\t<\/div>\n\t\t<\/div>\n\t\t\t\t\t<\/div>\n\t\t<\/section>\n\t\t\t\t<section class=\"elementor-section elementor-top-section elementor-element elementor-element-0387859 elementor-section-boxed elementor-section-height-default elementor-section-height-default\" data-id=\"0387859\" data-element_type=\"section\">\n\t\t\t\t\t\t<div class=\"elementor-container elementor-column-gap-default\">\n\t\t\t\t\t<div class=\"elementor-column elementor-col-100 elementor-top-column elementor-element elementor-element-1c43283\" data-id=\"1c43283\" data-element_type=\"column\">\n\t\t\t<div class=\"elementor-widget-wrap elementor-element-populated\">\n\t\t\t\t\t\t<div class=\"elementor-element elementor-element-2332b48 elementor-widget elementor-widget-global elementor-global-9672 elementor-widget-toolset-view\" data-id=\"2332b48\" data-element_type=\"widget\" data-widget_type=\"toolset-view.default\">\n\t\t\t\t<div class=\"elementor-widget-container\">\n\t\t\t\n\n\n<div id=\"wpv-view-layout-9666\" class=\"js-wpv-view-layout js-wpv-layout-responsive js-wpv-view-layout-9666\" data-viewnumber=\"9666\" data-pagination=\"{&quot;id&quot;:9666,&quot;query&quot;:&quot;normal&quot;,&quot;type&quot;:&quot;disabled&quot;,&quot;effect&quot;:&quot;fade&quot;,&quot;duration&quot;:500,&quot;speed&quot;:5,&quot;pause_on_hover&quot;:&quot;disabled&quot;,&quot;stop_rollover&quot;:&quot;false&quot;,&quot;cache_pages&quot;:&quot;enabled&quot;,&quot;preload_images&quot;:&quot;enabled&quot;,&quot;preload_pages&quot;:&quot;enabled&quot;,&quot;preload_reach&quot;:1,&quot;spinner&quot;:&quot;builtin&quot;,&quot;spinner_image&quot;:&quot;https:\/\/ticino.com\/wp-content\/plugins\/wp-views\/embedded\/res\/img\/ajax-loader.gif&quot;,&quot;callback_next&quot;:&quot;&quot;,&quot;manage_history&quot;:&quot;enabled&quot;,&quot;has_controls_in_form&quot;:&quot;disabled&quot;,&quot;infinite_tolerance&quot;:&quot;0&quot;,&quot;max_pages&quot;:1,&quot;page&quot;:1,&quot;base_permalink&quot;:&quot;\/de\/wp-json\/wp\/v2\/posts\/9602?wpv_view_count=9666&amp;wpv_paged=WPV_PAGE_NUM&quot;,&quot;loop&quot;:{&quot;type&quot;:&quot;&quot;,&quot;name&quot;:&quot;&quot;,&quot;data&quot;:[],&quot;id&quot;:0}}\" data-permalink=\"\/de\/wp-json\/wp\/v2\/posts\/9602?wpv_view_count=9666\">\n\n\t\n\t\n\t\t\n          <a href=\"https:\/\/ticino.com\/de\/blog\/cosa-invento-einstein\/?ref=quando-fu-scoperta-lelettricita\" id=\"blockquote\">\n            <blockquote cite=\"https:\/\/ticino.com\/de\/blog\/cosa-invento-einstein\/\">\n              <p>Cosa invent\u00f2 Einstein? In che modo il nostro presente \u00e8 stato condizionato dalla mente di Albert Einstein?<\/p>\n\n              <br>\n              <div style=\"text-align:right; font-weight:200;\"><span style=\"font-family: 'Exo 2', Sans-serif;\">Leggi l'articolo<\/span> <i style=\"vertical-align: middle; font-weight:200;\" class=\"fas fa-angle-double-right\"><\/i> <\/div>\n            <\/blockquote>\n          <\/a>\n\t\t\n\t\n\t\n\t\n<\/div>\n\t\t<\/div>\n\t\t\t\t<\/div>\n\t\t\t\t\t<\/div>\n\t\t<\/div>\n\t\t\t\t\t<\/div>\n\t\t<\/section>\n\t\t\t\t<section class=\"elementor-section elementor-top-section elementor-element elementor-element-53f8083 elementor-section-boxed elementor-section-height-default elementor-section-height-default\" data-id=\"53f8083\" data-element_type=\"section\">\n\t\t\t\t\t\t<div class=\"elementor-container elementor-column-gap-default\">\n\t\t\t\t\t<div class=\"elementor-column elementor-col-100 elementor-top-column elementor-element elementor-element-7d93191\" data-id=\"7d93191\" data-element_type=\"column\">\n\t\t\t<div class=\"elementor-widget-wrap elementor-element-populated\">\n\t\t\t\t\t\t<div class=\"elementor-element elementor-element-1d8a172 elementor-widget elementor-widget-text-editor\" data-id=\"1d8a172\" data-element_type=\"widget\" data-widget_type=\"text-editor.default\">\n\t\t\t\t<div class=\"elementor-widget-container\">\n\t\t\t\t\t\t\t<p>Quindi, quando fu scoperta l\u2019elettricit\u00e0? Queste storie che giravano gi\u00e0 nel 2700 avanti Cristo in Egitto: qualche sfortunato prov\u00f2 sulla propria pelle il bacio elettrico di questi animali che venivano considerati come i guardiani del Nilo e degli altri pesci.<\/p><p>Naturalmente ai tempi non potevano sapere che il potere di queste creature era quello di liberare delle scariche elettriche e ci vollero millenni di piccoli passi in avanti per comprendere appieno la natura di questi animali.<\/p><p>Il primo utilizzo che ne venne fatto, come spesso accade, fu in campo medicinale: cos\u00ec come le sanguisughe venivano utilizzate per praticare dei salassi ai pazienti (riduzione di sangue che si credeva, a torto o ragione, che avesse benefici per determinate malattie), cos\u00ec la scarica elettrica di questi animali (e il successivo effetto intorpidente) veniva usato nel trattamento di alcune malattie.<\/p><p>Tutto questo per dire che l\u2019elettricit\u00e0 non \u00e8 assolutamente un costrutto umano e quello che venne fatto da Benjamin Franklin in poi fu semplicemente l\u2019imbrigliare questa energia, il produrla e utilizzarla nella vita quotidiana.<\/p><h2>Quando fu scoperta l\u2019elettricit\u00e0 e da chi?<\/h2><p><img decoding=\"async\" class=\"size-large wp-image-9606 aligncenter\" src=\"https:\/\/ticino.com\/wp-content\/uploads\/2021\/02\/nasa-Q1p7bh3SHj8-unsplash-1024x681.jpg\" alt=\"Quando fu scoperta l'elettricit\u00e0: spazio\" width=\"800\" height=\"532\" srcset=\"https:\/\/ticino.com\/wp-content\/uploads\/2021\/02\/nasa-Q1p7bh3SHj8-unsplash-1024x681.jpg 1024w, https:\/\/ticino.com\/wp-content\/uploads\/2021\/02\/nasa-Q1p7bh3SHj8-unsplash-300x200.jpg 300w, https:\/\/ticino.com\/wp-content\/uploads\/2021\/02\/nasa-Q1p7bh3SHj8-unsplash-768x511.jpg 768w, https:\/\/ticino.com\/wp-content\/uploads\/2021\/02\/nasa-Q1p7bh3SHj8-unsplash-1536x1022.jpg 1536w, https:\/\/ticino.com\/wp-content\/uploads\/2021\/02\/nasa-Q1p7bh3SHj8-unsplash-2048x1363.jpg 2048w\" sizes=\"(max-width: 800px) 100vw, 800px\"><\/p><p>Sebbene la storia moderna dell\u2019elettricit\u00e0 abbia avuto origine nel diciottesimo secolo, chiaramente troviamo numerosi altri nomi che hanno creato i vari gradini necessari a Benjamin Franklin per procedere con i suoi studi.<\/p><p>Ma non possiamo togliere i meriti a Benjamin: egli vendette i propri beni per finanziare le ricerche e cominci\u00f2 a girare voce del celebre esperimento con <a href=\"https:\/\/archive.org\/details\/franklinessentia0000srod\/page\/92\/mode\/2up\">l\u2019aquilone.<\/a><\/p><p>Sebbene l\u2019esperimento, in s\u00e9, non avesse come scopo quello di catturare un fulmine, come spesso appare nell\u2019immaginario comune, dimostr\u00f2 il passaggio energia elettrica in forma di scintille.<\/p><p>Benjamin Franklin, a cui vennero attribuite molte invenzioni tra cui gli occhiali bifocali e il contachilometri, fu quindi un pioniere nel campo dell\u2019elettricit\u00e0 e viene considerato oggi il padre di questa scoperta, sebbene molti nomi lo abbiano preceduto e seguito.<\/p><p>In passato troviamo nomi come William Gilbert e Otto von Guericke e successivamente apparvero nomi come Luigi Galvani (che dimostr\u00f2 come l\u2019elettricit\u00e0 permettesse i collegamenti neurali nel corpo), Alexander Graham Bell (di cui abbiamo gi\u00e0 parlato in <a href=\"https:\/\/ticino.com\/blog\/chi-ha-inventato-il-telefono\/\">passato<\/a>), Thomas Edison e molti altri.<\/p><p>Non \u00e8 quindi facile dare una risposta alla domanda su quando fu scoperta l\u2019elettricit\u00e0: ogni scoperta tecnologica e ogni passo avanti nell\u2019umanit\u00e0 ci deve dimostrare l\u2019importanza del condividere le proprie scoperte e permettere una crescita collettiva, motivo per cui in molti criticano il vincolo del copyright che oggi porrebbe un freno a queste scoperte.<\/p>\t\t\t\t\t\t<\/div>\n\t\t\t\t<\/div>\n\t\t\t\t\t<\/div>\n\t\t<\/div>\n\t\t\t\t\t<\/div>\n\t\t<\/section>\n\t\t\t\t<\/div>\n\t\t","protected":false},"excerpt":{"rendered":"<p>Quando fu scoperta l\u2019elettricit\u00e0 che accompagna la nostra vita quotidiana? \u00c8 stato veramente Benjamin Franklin con un aquilone a scoprirla? E cosa c\u2019entrano i pesci del Nilo? Tutto questo e molto altro nell\u2019articolo di oggi.<\/p>\n","protected":false},"author":138280480,"featured_media":9611,"comment_status":"open","ping_status":"open","sticky":false,"template":"","format":"standard","meta":{"footnotes":""},"categories":[44],"tags":[284,224,281],"class_list":["post-9602","post","type-post","status-publish","format-standard","has-post-thumbnail","hentry","category-approfondimenti","tag-elettricita","tag-invenzione","tag-scoperta"],"yoast_head":"<!-- This site is optimized with the Yoast SEO Premium plugin v21.7 (Yoast SEO v23.7) - https:\/\/yoast.com\/wordpress\/plugins\/seo\/ -->\n<title>Quando fu scoperta l\u2019elettricit\u00e0? - Blog di Ticinocom<\/title>\n<meta name=\"description\" content=\"Quando fu scoperta l\u2019elettricit\u00e0 che accompagna la nostra vita quotidiana? \u00c8 stato veramente Benjamin Franklin con un aquilone a scoprirla?\" \/>\n<meta name=\"robots\" content=\"index, follow, max-snippet:-1, max-image-preview:large, max-video-preview:-1\" \/>\n<link rel=\"canonical\" href=\"https:\/\/ticino.com\/de\/blog\/quando-fu-scoperta-lelettricita\/\" \/>\n<meta property=\"og:locale\" content=\"de_DE\" \/>\n<meta property=\"og:type\" content=\"article\" \/>\n<meta property=\"og:title\" content=\"Quando fu scoperta l\u2019elettricit\u00e0?\" \/>\n<meta property=\"og:description\" content=\"Quando fu scoperta l\u2019elettricit\u00e0 che accompagna la nostra vita quotidiana? \u00c8 stato veramente Benjamin Franklin con un aquilone a scoprirla?\" \/>\n<meta property=\"og:url\" content=\"https:\/\/ticino.com\/de\/blog\/quando-fu-scoperta-lelettricita\/\" \/>\n<meta property=\"og:site_name\" content=\"Ticinocom SA\" \/>\n<meta property=\"article:publisher\" content=\"https:\/\/facebook.com\/ticinocom\" \/>\n<meta property=\"article:published_time\" content=\"2021-02-04T10:00:00+00:00\" \/>\n<meta property=\"article:modified_time\" content=\"2021-03-09T17:28:51+00:00\" \/>\n<meta property=\"og:image\" content=\"https:\/\/ticino.com\/wp-content\/uploads\/2021\/02\/quando-fu-scoperta-l-elettricit-1.png.png\" \/>\n\t<meta property=\"og:image:width\" content=\"1080\" \/>\n\t<meta property=\"og:image:height\" content=\"1080\" \/>\n\t<meta property=\"og:image:type\" content=\"image\/png\" \/>\n<meta name=\"author\" content=\"Andrea Presenti\" \/>\n<meta name=\"twitter:card\" content=\"summary_large_image\" \/>\n<meta name=\"twitter:creator\" content=\"@and.presenti@gmail.com\" \/>\n<meta name=\"twitter:site\" content=\"@ticinocom\" \/>\n<meta name=\"twitter:label1\" content=\"Verfasst von\" \/>\n\t<meta name=\"twitter:data1\" content=\"Andrea Presenti\" \/>\n\t<meta name=\"twitter:label2\" content=\"Gesch\u00e4tzte Lesezeit\" \/>\n\t<meta name=\"twitter:data2\" content=\"4\u00a0Minuten\" \/>\n<script type=\"application\/ld+json\" class=\"yoast-schema-graph\">{\"@context\":\"https:\/\/schema.org\",\"@graph\":[{\"@type\":\"Article\",\"@id\":\"https:\/\/ticino.com\/de\/blog\/quando-fu-scoperta-lelettricita\/#article\",\"isPartOf\":{\"@id\":\"https:\/\/ticino.com\/de\/blog\/quando-fu-scoperta-lelettricita\/\"},\"author\":{\"name\":\"Andrea Presenti\",\"@id\":\"https:\/\/ticino.com\/de\/#\/schema\/person\/704df9c8d1af01bfa2367f9810ba319f\"},\"headline\":\"Quando fu scoperta l\u2019elettricit\u00e0?\",\"datePublished\":\"2021-02-04T10:00:00+00:00\",\"dateModified\":\"2021-03-09T17:28:51+00:00\",\"mainEntityOfPage\":{\"@id\":\"https:\/\/ticino.com\/de\/blog\/quando-fu-scoperta-lelettricita\/\"},\"wordCount\":740,\"commentCount\":0,\"publisher\":{\"@id\":\"https:\/\/ticino.com\/de\/#organization\"},\"image\":{\"@id\":\"https:\/\/ticino.com\/de\/blog\/quando-fu-scoperta-lelettricita\/#primaryimage\"},\"thumbnailUrl\":\"https:\/\/ticino.com\/wp-content\/uploads\/2021\/02\/quando-fu-scoperta-l-elettricit-1.png.png\",\"keywords\":[\"elettricit\u00e0\",\"invenzione\",\"scoperta\"],\"articleSection\":[\"Approfondimenti\"],\"inLanguage\":\"de\",\"potentialAction\":[{\"@type\":\"CommentAction\",\"name\":\"Comment\",\"target\":[\"https:\/\/ticino.com\/de\/blog\/quando-fu-scoperta-lelettricita\/#respond\"]}]},{\"@type\":\"WebPage\",\"@id\":\"https:\/\/ticino.com\/de\/blog\/quando-fu-scoperta-lelettricita\/\",\"url\":\"https:\/\/ticino.com\/de\/blog\/quando-fu-scoperta-lelettricita\/\",\"name\":\"Quando fu scoperta l\u2019elettricit\u00e0? - Blog di Ticinocom\",\"isPartOf\":{\"@id\":\"https:\/\/ticino.com\/de\/#website\"},\"primaryImageOfPage\":{\"@id\":\"https:\/\/ticino.com\/de\/blog\/quando-fu-scoperta-lelettricita\/#primaryimage\"},\"image\":{\"@id\":\"https:\/\/ticino.com\/de\/blog\/quando-fu-scoperta-lelettricita\/#primaryimage\"},\"thumbnailUrl\":\"https:\/\/ticino.com\/wp-content\/uploads\/2021\/02\/quando-fu-scoperta-l-elettricit-1.png.png\",\"datePublished\":\"2021-02-04T10:00:00+00:00\",\"dateModified\":\"2021-03-09T17:28:51+00:00\",\"description\":\"Quando fu scoperta l\u2019elettricit\u00e0 che accompagna la nostra vita quotidiana? \u00c8 stato veramente Benjamin Franklin con un aquilone a scoprirla?\",\"breadcrumb\":{\"@id\":\"https:\/\/ticino.com\/de\/blog\/quando-fu-scoperta-lelettricita\/#breadcrumb\"},\"inLanguage\":\"de\",\"potentialAction\":[{\"@type\":\"ReadAction\",\"target\":[\"https:\/\/ticino.com\/de\/blog\/quando-fu-scoperta-lelettricita\/\"]}]},{\"@type\":\"ImageObject\",\"inLanguage\":\"de\",\"@id\":\"https:\/\/ticino.com\/de\/blog\/quando-fu-scoperta-lelettricita\/#primaryimage\",\"url\":\"https:\/\/ticino.com\/wp-content\/uploads\/2021\/02\/quando-fu-scoperta-l-elettricit-1.png.png\",\"contentUrl\":\"https:\/\/ticino.com\/wp-content\/uploads\/2021\/02\/quando-fu-scoperta-l-elettricit-1.png.png\",\"width\":1080,\"height\":1080,\"caption\":\"Quando fu scoperta l\u2019elettricit\u00e0 che accompagna la nostra vita quotidiana? \u00c8 stato veramente Benjamin Franklin con un aquilone a scoprirla? E cosa c\u2019entrano i pesci del Nilo? Tutto questo e molto altro nell\u2019articolo di oggi.\"},{\"@type\":\"BreadcrumbList\",\"@id\":\"https:\/\/ticino.com\/de\/blog\/quando-fu-scoperta-lelettricita\/#breadcrumb\",\"itemListElement\":[{\"@type\":\"ListItem\",\"position\":1,\"name\":\"Home\",\"item\":\"https:\/\/ticino.com\/de\/\"},{\"@type\":\"ListItem\",\"position\":2,\"name\":\"Quando fu scoperta l\u2019elettricit\u00e0?\"}]},{\"@type\":\"WebSite\",\"@id\":\"https:\/\/ticino.com\/de\/#website\",\"url\":\"https:\/\/ticino.com\/de\/\",\"name\":\"Ticinocom SA\",\"description\":\"Internet 100% made in Ticino\",\"publisher\":{\"@id\":\"https:\/\/ticino.com\/de\/#organization\"},\"potentialAction\":[{\"@type\":\"SearchAction\",\"target\":{\"@type\":\"EntryPoint\",\"urlTemplate\":\"https:\/\/ticino.com\/de\/?s={search_term_string}\"},\"query-input\":{\"@type\":\"PropertyValueSpecification\",\"valueRequired\":true,\"valueName\":\"search_term_string\"}}],\"inLanguage\":\"de\"},{\"@type\":\"Organization\",\"@id\":\"https:\/\/ticino.com\/de\/#organization\",\"name\":\"Ticinocom SA\",\"url\":\"https:\/\/ticino.com\/de\/\",\"logo\":{\"@type\":\"ImageObject\",\"inLanguage\":\"de\",\"@id\":\"https:\/\/ticino.com\/de\/#\/schema\/logo\/image\/\",\"url\":\"https:\/\/ticino.com\/wp-content\/uploads\/2020\/09\/ticinocom-logo.png\",\"contentUrl\":\"https:\/\/ticino.com\/wp-content\/uploads\/2020\/09\/ticinocom-logo.png\",\"width\":508,\"height\":84,\"caption\":\"Ticinocom SA\"},\"image\":{\"@id\":\"https:\/\/ticino.com\/de\/#\/schema\/logo\/image\/\"},\"sameAs\":[\"https:\/\/facebook.com\/ticinocom\",\"https:\/\/x.com\/ticinocom\",\"https:\/\/instagram.com\/ticinocomsa\",\"https:\/\/linkedin.com\/company\/ticinocom\"]},{\"@type\":\"Person\",\"@id\":\"https:\/\/ticino.com\/de\/#\/schema\/person\/704df9c8d1af01bfa2367f9810ba319f\",\"name\":\"Andrea Presenti\",\"image\":{\"@type\":\"ImageObject\",\"inLanguage\":\"de\",\"@id\":\"https:\/\/ticino.com\/de\/#\/schema\/person\/image\/\",\"url\":\"https:\/\/secure.gravatar.com\/avatar\/5a718af3bb087a1ea5755cde0e2a740d?s=96&d=mm&r=g\",\"contentUrl\":\"https:\/\/secure.gravatar.com\/avatar\/5a718af3bb087a1ea5755cde0e2a740d?s=96&d=mm&r=g\",\"caption\":\"Andrea Presenti\"},\"description\":\"Andrea Presenti, nato nel 21\/04\/1992, \u00e8 uno scrittore tecnico pubblicitario che lavora nel settore dal 2016, dopo aver conseguito un corso di Scrittura Creativa presso la Scuola Internazionale di Comics. Ha collaborato con aziende di tutto il mondo per la stesura di testi ed \u00e8 Lead Editor di Ticinocom dal 2019.\",\"sameAs\":[\"https:\/\/x.com\/and.presenti@gmail.com\"],\"url\":\"https:\/\/ticino.com\/de\/author\/and-presentigmail-com\/\"}]}<\/script>\n<!-- \/ Yoast SEO Premium plugin. -->","yoast_head_json":{"title":"Quando fu scoperta l\u2019elettricit\u00e0? - Blog di Ticinocom","description":"Quando fu scoperta l\u2019elettricit\u00e0 che accompagna la nostra vita quotidiana? \u00c8 stato veramente Benjamin Franklin con un aquilone a scoprirla?","robots":{"index":"index","follow":"follow","max-snippet":"max-snippet:-1","max-image-preview":"max-image-preview:large","max-video-preview":"max-video-preview:-1"},"canonical":"https:\/\/ticino.com\/de\/blog\/quando-fu-scoperta-lelettricita\/","og_locale":"de_DE","og_type":"article","og_title":"Quando fu scoperta l\u2019elettricit\u00e0?","og_description":"Quando fu scoperta l\u2019elettricit\u00e0 che accompagna la nostra vita quotidiana? \u00c8 stato veramente Benjamin Franklin con un aquilone a scoprirla?","og_url":"https:\/\/ticino.com\/de\/blog\/quando-fu-scoperta-lelettricita\/","og_site_name":"Ticinocom SA","article_publisher":"https:\/\/facebook.com\/ticinocom","article_published_time":"2021-02-04T10:00:00+00:00","article_modified_time":"2021-03-09T17:28:51+00:00","og_image":[{"width":1080,"height":1080,"url":"https:\/\/ticino.com\/wp-content\/uploads\/2021\/02\/quando-fu-scoperta-l-elettricit-1.png.png","type":"image\/png"}],"author":"Andrea Presenti","twitter_card":"summary_large_image","twitter_creator":"@and.presenti@gmail.com","twitter_site":"@ticinocom","twitter_misc":{"Verfasst von":"Andrea Presenti","Gesch\u00e4tzte Lesezeit":"4\u00a0Minuten"},"schema":{"@context":"https:\/\/schema.org","@graph":[{"@type":"Article","@id":"https:\/\/ticino.com\/de\/blog\/quando-fu-scoperta-lelettricita\/#article","isPartOf":{"@id":"https:\/\/ticino.com\/de\/blog\/quando-fu-scoperta-lelettricita\/"},"author":{"name":"Andrea Presenti","@id":"https:\/\/ticino.com\/de\/#\/schema\/person\/704df9c8d1af01bfa2367f9810ba319f"},"headline":"Quando fu scoperta l\u2019elettricit\u00e0?","datePublished":"2021-02-04T10:00:00+00:00","dateModified":"2021-03-09T17:28:51+00:00","mainEntityOfPage":{"@id":"https:\/\/ticino.com\/de\/blog\/quando-fu-scoperta-lelettricita\/"},"wordCount":740,"commentCount":0,"publisher":{"@id":"https:\/\/ticino.com\/de\/#organization"},"image":{"@id":"https:\/\/ticino.com\/de\/blog\/quando-fu-scoperta-lelettricita\/#primaryimage"},"thumbnailUrl":"https:\/\/ticino.com\/wp-content\/uploads\/2021\/02\/quando-fu-scoperta-l-elettricit-1.png.png","keywords":["elettricit\u00e0","invenzione","scoperta"],"articleSection":["Approfondimenti"],"inLanguage":"de","potentialAction":[{"@type":"CommentAction","name":"Comment","target":["https:\/\/ticino.com\/de\/blog\/quando-fu-scoperta-lelettricita\/#respond"]}]},{"@type":"WebPage","@id":"https:\/\/ticino.com\/de\/blog\/quando-fu-scoperta-lelettricita\/","url":"https:\/\/ticino.com\/de\/blog\/quando-fu-scoperta-lelettricita\/","name":"Quando fu scoperta l\u2019elettricit\u00e0? - Blog di Ticinocom","isPartOf":{"@id":"https:\/\/ticino.com\/de\/#website"},"primaryImageOfPage":{"@id":"https:\/\/ticino.com\/de\/blog\/quando-fu-scoperta-lelettricita\/#primaryimage"},"image":{"@id":"https:\/\/ticino.com\/de\/blog\/quando-fu-scoperta-lelettricita\/#primaryimage"},"thumbnailUrl":"https:\/\/ticino.com\/wp-content\/uploads\/2021\/02\/quando-fu-scoperta-l-elettricit-1.png.png","datePublished":"2021-02-04T10:00:00+00:00","dateModified":"2021-03-09T17:28:51+00:00","description":"Quando fu scoperta l\u2019elettricit\u00e0 che accompagna la nostra vita quotidiana? \u00c8 stato veramente Benjamin Franklin con un aquilone a scoprirla?","breadcrumb":{"@id":"https:\/\/ticino.com\/de\/blog\/quando-fu-scoperta-lelettricita\/#breadcrumb"},"inLanguage":"de","potentialAction":[{"@type":"ReadAction","target":["https:\/\/ticino.com\/de\/blog\/quando-fu-scoperta-lelettricita\/"]}]},{"@type":"ImageObject","inLanguage":"de","@id":"https:\/\/ticino.com\/de\/blog\/quando-fu-scoperta-lelettricita\/#primaryimage","url":"https:\/\/ticino.com\/wp-content\/uploads\/2021\/02\/quando-fu-scoperta-l-elettricit-1.png.png","contentUrl":"https:\/\/ticino.com\/wp-content\/uploads\/2021\/02\/quando-fu-scoperta-l-elettricit-1.png.png","width":1080,"height":1080,"caption":"Quando fu scoperta l\u2019elettricit\u00e0 che accompagna la nostra vita quotidiana? \u00c8 stato veramente Benjamin Franklin con un aquilone a scoprirla? E cosa c\u2019entrano i pesci del Nilo? Tutto questo e molto altro nell\u2019articolo di oggi."},{"@type":"BreadcrumbList","@id":"https:\/\/ticino.com\/de\/blog\/quando-fu-scoperta-lelettricita\/#breadcrumb","itemListElement":[{"@type":"ListItem","position":1,"name":"Home","item":"https:\/\/ticino.com\/de\/"},{"@type":"ListItem","position":2,"name":"Quando fu scoperta l\u2019elettricit\u00e0?"}]},{"@type":"WebSite","@id":"https:\/\/ticino.com\/de\/#website","url":"https:\/\/ticino.com\/de\/","name":"Ticinocom SA","description":"Internet 100% made in Ticino","publisher":{"@id":"https:\/\/ticino.com\/de\/#organization"},"potentialAction":[{"@type":"SearchAction","target":{"@type":"EntryPoint","urlTemplate":"https:\/\/ticino.com\/de\/?s={search_term_string}"},"query-input":{"@type":"PropertyValueSpecification","valueRequired":true,"valueName":"search_term_string"}}],"inLanguage":"de"},{"@type":"Organization","@id":"https:\/\/ticino.com\/de\/#organization","name":"Ticinocom SA","url":"https:\/\/ticino.com\/de\/","logo":{"@type":"ImageObject","inLanguage":"de","@id":"https:\/\/ticino.com\/de\/#\/schema\/logo\/image\/","url":"https:\/\/ticino.com\/wp-content\/uploads\/2020\/09\/ticinocom-logo.png","contentUrl":"https:\/\/ticino.com\/wp-content\/uploads\/2020\/09\/ticinocom-logo.png","width":508,"height":84,"caption":"Ticinocom SA"},"image":{"@id":"https:\/\/ticino.com\/de\/#\/schema\/logo\/image\/"},"sameAs":["https:\/\/facebook.com\/ticinocom","https:\/\/x.com\/ticinocom","https:\/\/instagram.com\/ticinocomsa","https:\/\/linkedin.com\/company\/ticinocom"]},{"@type":"Person","@id":"https:\/\/ticino.com\/de\/#\/schema\/person\/704df9c8d1af01bfa2367f9810ba319f","name":"Andrea Presenti","image":{"@type":"ImageObject","inLanguage":"de","@id":"https:\/\/ticino.com\/de\/#\/schema\/person\/image\/","url":"https:\/\/secure.gravatar.com\/avatar\/5a718af3bb087a1ea5755cde0e2a740d?s=96&d=mm&r=g","contentUrl":"https:\/\/secure.gravatar.com\/avatar\/5a718af3bb087a1ea5755cde0e2a740d?s=96&d=mm&r=g","caption":"Andrea Presenti"},"description":"Andrea Presenti, nato nel 21\/04\/1992, \u00e8 uno scrittore tecnico pubblicitario che lavora nel settore dal 2016, dopo aver conseguito un corso di Scrittura Creativa presso la Scuola Internazionale di Comics. Ha collaborato con aziende di tutto il mondo per la stesura di testi ed \u00e8 Lead Editor di Ticinocom dal 2019.","sameAs":["https:\/\/x.com\/and.presenti@gmail.com"],"url":"https:\/\/ticino.com\/de\/author\/and-presentigmail-com\/"}]}},"_links":{"self":[{"href":"https:\/\/ticino.com\/de\/wp-json\/wp\/v2\/posts\/9602"}],"collection":[{"href":"https:\/\/ticino.com\/de\/wp-json\/wp\/v2\/posts"}],"about":[{"href":"https:\/\/ticino.com\/de\/wp-json\/wp\/v2\/types\/post"}],"author":[{"embeddable":true,"href":"https:\/\/ticino.com\/de\/wp-json\/wp\/v2\/users\/138280480"}],"replies":[{"embeddable":true,"href":"https:\/\/ticino.com\/de\/wp-json\/wp\/v2\/comments?post=9602"}],"version-history":[{"count":0,"href":"https:\/\/ticino.com\/de\/wp-json\/wp\/v2\/posts\/9602\/revisions"}],"wp:featuredmedia":[{"embeddable":true,"href":"https:\/\/ticino.com\/de\/wp-json\/wp\/v2\/media\/9611"}],"wp:attachment":[{"href":"https:\/\/ticino.com\/de\/wp-json\/wp\/v2\/media?parent=9602"}],"wp:term":[{"taxonomy":"category","embeddable":true,"href":"https:\/\/ticino.com\/de\/wp-json\/wp\/v2\/categories?post=9602"},{"taxonomy":"post_tag","embeddable":true,"href":"https:\/\/ticino.com\/de\/wp-json\/wp\/v2\/tags?post=9602"}],"curies":[{"name":"wp","href":"https:\/\/api.w.org\/{rel}","templated":true}]}}