{"id":90,"date":"2019-12-05T15:42:05","date_gmt":"2019-12-05T15:42:05","guid":{"rendered":"https:\/\/wp.ticino.com\/fibra-ottica-rame-o-mista-che-tipo-di-linea-ho\/"},"modified":"2022-03-17T14:14:14","modified_gmt":"2022-03-17T13:14:14","slug":"fibra-ottica-rame-o-mista-che-tipo-di-linea-ho","status":"publish","type":"post","link":"https:\/\/ticino.com\/de\/blog\/fibra-ottica-rame-o-mista-che-tipo-di-linea-ho\/","title":{"rendered":"Fibra ottica, rame o mista: che tipo di linea ho?"},"content":{"rendered":"\t\t<div data-elementor-type=\"wp-post\" data-elementor-id=\"90\" class=\"elementor elementor-90\" data-elementor-post-type=\"post\">\n\t\t\t\t\t\t<section class=\"elementor-section elementor-top-section elementor-element elementor-element-3ba08cc1 elementor-section-boxed elementor-section-height-default elementor-section-height-default\" data-id=\"3ba08cc1\" data-element_type=\"section\">\n\t\t\t\t\t\t<div class=\"elementor-container elementor-column-gap-default\">\n\t\t\t\t\t<div class=\"elementor-column elementor-col-100 elementor-top-column elementor-element elementor-element-347cb183\" data-id=\"347cb183\" data-element_type=\"column\">\n\t\t\t<div class=\"elementor-widget-wrap elementor-element-populated\">\n\t\t\t\t\t\t<div class=\"elementor-element elementor-element-51a0f60f elementor-widget elementor-widget-text-editor\" data-id=\"51a0f60f\" data-element_type=\"widget\" data-widget_type=\"text-editor.default\">\n\t\t\t\t<div class=\"elementor-widget-container\">\n\t\t\t\t\t\t\t<div class=\"\n          image-block-outer-wrapper\n          layout-caption-below\n          design-layout-inline\n          combination-animation-none\n          individual-animation-none\n          individual-text-animation-none\n        \" data-test=\"image-block-inline-outer-wrapper\"><\/div>\n<p class=\"\"><\/p>\t\t\t\t\t\t<\/div>\n\t\t\t\t<\/div>\n\t\t\t\t\t<\/div>\n\t\t<\/div>\n\t\t\t\t\t<\/div>\n\t\t<\/section>\n\t\t\t\t<section class=\"elementor-section elementor-top-section elementor-element elementor-element-ec65cfe elementor-section-boxed elementor-section-height-default elementor-section-height-default\" data-id=\"ec65cfe\" data-element_type=\"section\">\n\t\t\t\t\t\t<div class=\"elementor-container elementor-column-gap-default\">\n\t\t\t\t\t<div class=\"elementor-column elementor-col-100 elementor-top-column elementor-element elementor-element-cff1fef\" data-id=\"cff1fef\" data-element_type=\"column\">\n\t\t\t<div class=\"elementor-widget-wrap elementor-element-populated\">\n\t\t\t\t\t\t<div class=\"elementor-element elementor-element-2480a6d elementor-widget elementor-widget-text-editor\" data-id=\"2480a6d\" data-element_type=\"widget\" data-widget_type=\"text-editor.default\">\n\t\t\t\t<div class=\"elementor-widget-container\">\n\t\t\t\t\t\t\t<p class=\"\">La <a href=\"https:\/\/ticino.com\/de\/wiki\/tecnologia\/\" target=\"_self\" title=\"La &quot;Tecnologia&quot; pu\u00f2 avere molteplici significati e spesso viene accostata a una specifica brancia della scienza. Sul nostro sito la utilizziamo nella sua forma pi\u00f9 generica, ovvero l'insieme di scoperte e invenzioni che l'uomo ha fatto alterando la natura per i suoi scopi. Tecnologia \u00e8 quindi la creazione di un oggetto non presente in natura,\u2026\" class=\"encyclopedia\">tecnologia<\/a> dedicata alle connessioni internet ha fatto passi da gigante negli ultimi anni e continua a farli tutt\u2019ora: nel giro di un paio di decenni siamo passati dalla storica velocit\u00e0 a 56k a connessioni che in alcuni punti raggiungono la velocit\u00e0 di 1Gb\/s.<\/p><p class=\"\">Con l\u2019evoluzione della tecnologia, per\u00f2, anche i termini utilizzati sono cambiati e spesso c\u2019\u00e8 un po\u2019 di confusione su cosa voglia dire una determinata sigla e che velocit\u00e0 possiamo aspettarci dalla nostra linea.<\/p><p class=\"\"><a href=\"https:\/\/ticino.com\/de\/wiki\/fttc\/\" target=\"_self\" title=\"La sigla FTTC viene spesso accostata alla Fibra Ottica per indicare il tipo di collegamento che un utente otterr\u00e0. Questa si contrappone a FTTH ed \u00e8 spesso usata come sinonimo della sigla FTTS. FTTC indica Fiber To The Cabinet e rappresenta un collegamento in Fibra Ottica dalla centrale al cabinato nei pressi della casa, per\u2026\" class=\"encyclopedia\">FTTC<\/a>, <a href=\"https:\/\/www.sostariffe.it\/adsl\/faq\/qual-e-la-differenza-tra-fttc-e-ftth\">FTTH<\/a>, ADSL, FTTS e altro ancora: cosa vogliono dire queste sigle e qual \u00e8 il massimo a cui posso aspirare per la mia abitazione? Cerchiamo di fare un po\u2019 di luce su questo argomento.<\/p><p class=\"\">\u00a0<\/p><h2>Vecchie connessioni e ADSL: l\u2019utilizzo del rame<\/h2><p class=\"\">\u00a0<\/p><p class=\"\">Avrai sentito spesso parlare di rame relativo alle connessioni veloci\u2026 perch\u00e9? La vecchia tecnologia che ci permetteva di ottenere una manciata di byte al secondo utilizzava dei collegamenti in rame. Il primo grande avvento tecnologico che tutti ricordiamo fu quello dell\u2019arrivo dell\u2019ADSL. Questo particolare tipo di linea sfrutta lo stesso collegamento in rame, per questo ha avuto una diffusione capillare ovunque, anche nei centri pi\u00f9 piccoli che solitamente hanno difficolt\u00e0 di collegamento.<\/p><p class=\"\">L\u2019anello mancante tra ADSL e tecnologia successiva (quella che usiamo oggi) venne trovato nella tecnologia VDSL. Questo acronimo indica la <em>Very-high-bit-rate digital subscriber<\/em> line ed \u00e8 un tipo di comunicazione via cavo che ha velocemente sostituito l\u2019ADSL grazie alla possibilit\u00e0 di offrire velocit\u00e0 di banda asimmetriche che simmetriche.<\/p><p class=\"\">La VDSL permette di raggiungere velocit\u00e0 molto pi\u00f9 alte della tecnologia precedente, in particolare nella forma del G.fast, uno standard DSL che permette di raggiungere velocit\u00e0 impensabili all\u2019epoca (anche 1 Gbit\/s) sebbene su distanze molto ridotte.<\/p><p class=\"\">\u00a0<\/p>\t\t\t\t\t\t<\/div>\n\t\t\t\t<\/div>\n\t\t\t\t\t<\/div>\n\t\t<\/div>\n\t\t\t\t\t<\/div>\n\t\t<\/section>\n\t\t\t\t<section class=\"elementor-section elementor-top-section elementor-element elementor-element-d1bde0f elementor-section-boxed elementor-section-height-default elementor-section-height-default\" data-id=\"d1bde0f\" data-element_type=\"section\">\n\t\t\t\t\t\t<div class=\"elementor-container elementor-column-gap-default\">\n\t\t\t\t\t<div class=\"elementor-column elementor-col-100 elementor-top-column elementor-element elementor-element-8628d12\" data-id=\"8628d12\" data-element_type=\"column\">\n\t\t\t<div class=\"elementor-widget-wrap elementor-element-populated\">\n\t\t\t\t\t\t<div class=\"elementor-element elementor-element-f4730b0 elementor-widget elementor-widget-global elementor-global-9672 elementor-widget-toolset-view\" data-id=\"f4730b0\" data-element_type=\"widget\" data-widget_type=\"toolset-view.default\">\n\t\t\t\t<div class=\"elementor-widget-container\">\n\t\t\t\n\n\n<div id=\"wpv-view-layout-9666\" class=\"js-wpv-view-layout js-wpv-layout-responsive js-wpv-view-layout-9666\" data-viewnumber=\"9666\" data-pagination=\"{&quot;id&quot;:9666,&quot;query&quot;:&quot;normal&quot;,&quot;type&quot;:&quot;disabled&quot;,&quot;effect&quot;:&quot;fade&quot;,&quot;duration&quot;:500,&quot;speed&quot;:5,&quot;pause_on_hover&quot;:&quot;disabled&quot;,&quot;stop_rollover&quot;:&quot;false&quot;,&quot;cache_pages&quot;:&quot;enabled&quot;,&quot;preload_images&quot;:&quot;enabled&quot;,&quot;preload_pages&quot;:&quot;enabled&quot;,&quot;preload_reach&quot;:1,&quot;spinner&quot;:&quot;builtin&quot;,&quot;spinner_image&quot;:&quot;https:\/\/ticino.com\/wp-content\/plugins\/wp-views\/embedded\/res\/img\/ajax-loader.gif&quot;,&quot;callback_next&quot;:&quot;&quot;,&quot;manage_history&quot;:&quot;enabled&quot;,&quot;has_controls_in_form&quot;:&quot;disabled&quot;,&quot;infinite_tolerance&quot;:&quot;0&quot;,&quot;max_pages&quot;:1,&quot;page&quot;:1,&quot;base_permalink&quot;:&quot;\/de\/wp-json\/wp\/v2\/posts\/90?wpv_view_count=9666&amp;wpv_paged=WPV_PAGE_NUM&quot;,&quot;loop&quot;:{&quot;type&quot;:&quot;&quot;,&quot;name&quot;:&quot;&quot;,&quot;data&quot;:[],&quot;id&quot;:0}}\" data-permalink=\"\/de\/wp-json\/wp\/v2\/posts\/90?wpv_view_count=9666\">\n\n\t\n\t\n\t\t\n          <a href=\"https:\/\/ticino.com\/de\/blog\/futuro-cosa-ci-aspetta\/?ref=fibra-ottica-rame-o-mista-che-tipo-di-linea-ho\" id=\"blockquote\">\n            <blockquote cite=\"https:\/\/ticino.com\/de\/blog\/futuro-cosa-ci-aspetta\/\">\n              <p>Guardando il Futuro, cosa ci aspetta? Possiamo ancora sperare di vedere le macchine volanti profetizzate da Ritorno al Futuro? O saranno i cyborg ad attenderci dietro l\u2019angolo?<\/p>\n\n              <br>\n              <div style=\"text-align:right; font-weight:200;\"><span style=\"font-family: 'Exo 2', Sans-serif;\">Leggi l'articolo<\/span> <i style=\"vertical-align: middle; font-weight:200;\" class=\"fas fa-angle-double-right\"><\/i> <\/div>\n            <\/blockquote>\n          <\/a>\n\t\t\n\t\n\t\n\t\n<\/div>\n\t\t<\/div>\n\t\t\t\t<\/div>\n\t\t\t\t\t<\/div>\n\t\t<\/div>\n\t\t\t\t\t<\/div>\n\t\t<\/section>\n\t\t\t\t<section class=\"elementor-section elementor-top-section elementor-element elementor-element-2ed93cc elementor-section-boxed elementor-section-height-default elementor-section-height-default\" data-id=\"2ed93cc\" data-element_type=\"section\">\n\t\t\t\t\t\t<div class=\"elementor-container elementor-column-gap-default\">\n\t\t\t\t\t<div class=\"elementor-column elementor-col-100 elementor-top-column elementor-element elementor-element-b6fb651\" data-id=\"b6fb651\" data-element_type=\"column\">\n\t\t\t<div class=\"elementor-widget-wrap elementor-element-populated\">\n\t\t\t\t\t\t<div class=\"elementor-element elementor-element-5e2d2d1 elementor-widget elementor-widget-text-editor\" data-id=\"5e2d2d1\" data-element_type=\"widget\" data-widget_type=\"text-editor.default\">\n\t\t\t\t<div class=\"elementor-widget-container\">\n\t\t\t\t\t\t\t<p class=\"\">Negli ultimi anni, per\u00f2, si parla a gran voce della <a href=\"https:\/\/ticino.com\/de\/wiki\/fibra-ottica\/\" target=\"_self\" title=\"Con fibra ottica\u00a0si intende un particolare tipo di collegamento per le telecomunicazioni che prende il proprio nome dalla struttura interna dei materiali. A differenza dei collegamenti in rame, pi\u00f9 datati, la Fibra ottica sfrutta un materiale composto da filamenti vetrosi (diversi materiali possono essere utilizzati) i quali permettono una trasmissione di dati pi\u00f9 massiccia e\u2026\" class=\"encyclopedia\">fibra ottica<\/a>: sempre pi\u00f9 persone la utilizzano nella vita di tutti i giorni con gioie e dolori: uno di questi \u00e8 il non avere una corretta percezione sulla velocit\u00e0 di connessione che riceveremo.<\/p><p class=\"\">Questo perch\u00e9 sebbene la Fibra Ottica prometta di ottenere velocit\u00e0 mai viste prima (anche di 1Gb\/s, come abbiamo detto in precedenza), quella che solitamente arriva alle case non \u00e8 una fibra \u201cpura\u201d, ma unita alla vecchia tecnologia del collegamento in rame.<\/p><h2>Fibra ottica: differenza tra FTTC e FTTH<\/h2><p class=\"\">Il primo passo per non crearsi delle false aspettative e per sapere con esattezza che tipo di connessione andremo ad avere \u00e8 quindi quello di capire che tipo di fibra arriver\u00e0 alla nostra abitazione. Fortunatamente i provider danno tutte le informazioni di cui hai bisogno: solitamente viene proposta una velocit\u00e0 stimata per il tuo indirizzo, quando fai la prova online, la quale pu\u00f2 essere affiancata dalla sigla corrispondente, se essa \u00e8 FTTC, FTTH o altro ancora.<\/p><p class=\"\">\u00c8 bene quindi conoscere cosa vogliono dire queste sigle, ma prima un po\u2019 di storia: raggiungere tutte le abitazioni (soprattutto quelle pi\u00f9 isolate o dei centri pi\u00f9 piccoli) con la fibra \u00e8 estremamente costoso. Infatti mentre l\u2019ADSL utilizzava la stessa tecnologia fisica della linea precedente, la fibra utilizza dei cavi completamente nuovi ottenuti da un materiale diverso.<\/p><p class=\"\">Questo vuol dire ricreare completamente tutti i collegamenti il che richiede tempo, denaro e causa disagi all\u2019utenza.<\/p><p class=\"\">Per questo motivo in molti casi si \u00e8 optato per una forma di compromesso: se da una parte troviamo la soluzione ideale, ovvero la FTTH (Fiber to the Home), la quale permette di ottenere il 100% del potenziale della nostra linea telefonica, dall\u2019altra troviamo la pi\u00f9 diffusa FTTC o FTTS (Fiber to the Cabinet o Fiber to the Street).<\/p><p class=\"\">In questo caso si parla quindi di un collegamento in fibra ottica fino alla cabina pi\u00f9 vicina o la strada dove si trova la nostra casa e l\u2019utilizzo della vecchia linea in rame per l\u2019ultimo tratto, il che pu\u00f2 voler dire una decina di metri come un centinaio o pi\u00f9.<\/p><p class=\"\">Chiaramente pi\u00f9 questo passaggio da fibra a rame \u00e8 lontano fisicamente dalla nostra dimora, pi\u00f9 la nostra connessione perder\u00e0 parte dei vantaggi offerti dalla fibra, tra cui la velocit\u00e0 estremamente performante e la stabilit\u00e0 di linea.<\/p><p class=\"\">Se quindi l\u2019ideale rimane una soluzione di tipo FTTH, la quale pu\u00f2 raggiungere anche una velocit\u00e0 di <a href=\"https:\/\/ticino.com\/internet-a-casa\">1Gb\/s<\/a>, questa \u00e8 molto rara a causa del costo di cablaggio e i disagi associati durante i lavori di attuazione, per questo motivo \u00e8 molto comune adattarci a una FTTC che rappresenta comunque un passo sostanziale in avanti rispetto al vecchio ADSL.<\/p>\t\t\t\t\t\t<\/div>\n\t\t\t\t<\/div>\n\t\t\t\t\t<\/div>\n\t\t<\/div>\n\t\t\t\t\t<\/div>\n\t\t<\/section>\n\t\t\t\t<\/div>\n\t\t","protected":false},"excerpt":{"rendered":"<p class=\"\">La tecnologia dedicata alle connessioni internet ha fatto passi da gigante negli ultimi anni e continua a farli tutt\u2019ora: nel giro di un paio di decenni siamo passati dalla storica velocit\u00e0 a 56k a connessioni che in alcuni punti raggiungono la velocit\u00e0 di 1Gb\/s.<\/p>\n","protected":false},"author":138280480,"featured_media":10596,"comment_status":"open","ping_status":"open","sticky":false,"template":"","format":"standard","meta":{"footnotes":""},"categories":[44],"tags":[165,166,160,77],"class_list":["post-90","post","type-post","status-publish","format-standard","has-post-thumbnail","hentry","category-approfondimenti","tag-adsl","tag-connessioen","tag-fibra-ottica","tag-velocit"],"yoast_head":"<!-- This site is optimized with the Yoast SEO Premium plugin v21.7 (Yoast SEO v23.7) - https:\/\/yoast.com\/wordpress\/plugins\/seo\/ -->\n<title>Fibra ottica, rame o mista: che tipo di linea ho? | Ticinocom SA<\/title>\n<meta name=\"robots\" content=\"index, follow, max-snippet:-1, max-image-preview:large, max-video-preview:-1\" \/>\n<link rel=\"canonical\" href=\"https:\/\/ticino.com\/de\/blog\/fibra-ottica-rame-o-mista-che-tipo-di-linea-ho\/\" \/>\n<meta property=\"og:locale\" content=\"de_DE\" \/>\n<meta property=\"og:type\" content=\"article\" \/>\n<meta property=\"og:title\" content=\"Fibra ottica, rame o mista: che tipo di linea ho?\" \/>\n<meta property=\"og:description\" content=\"La tecnologia dedicata alle connessioni internet ha fatto passi da gigante negli ultimi anni e continua a farli tutt\u2019ora: nel giro di un paio di decenni siamo passati dalla storica velocit\u00e0 a 56k a connessioni che in alcuni punti raggiungono la velocit\u00e0 di 1Gb\/s.\" \/>\n<meta property=\"og:url\" content=\"https:\/\/ticino.com\/de\/blog\/fibra-ottica-rame-o-mista-che-tipo-di-linea-ho\/\" \/>\n<meta property=\"og:site_name\" content=\"Ticinocom SA\" \/>\n<meta property=\"article:publisher\" content=\"https:\/\/facebook.com\/ticinocom\" \/>\n<meta property=\"article:published_time\" content=\"2019-12-05T15:42:05+00:00\" \/>\n<meta property=\"article:modified_time\" content=\"2022-03-17T13:14:14+00:00\" \/>\n<meta property=\"og:image\" content=\"https:\/\/ticino.com\/wp-content\/uploads\/2019\/12\/fibra-ottica-rame-o-mista-che-tipo-di-linea-ho.png\" \/>\n\t<meta property=\"og:image:width\" content=\"1080\" \/>\n\t<meta property=\"og:image:height\" content=\"1080\" \/>\n\t<meta property=\"og:image:type\" content=\"image\/png\" \/>\n<meta name=\"author\" content=\"Andrea Presenti\" \/>\n<meta name=\"twitter:card\" content=\"summary_large_image\" \/>\n<meta name=\"twitter:creator\" content=\"@and.presenti@gmail.com\" \/>\n<meta name=\"twitter:site\" content=\"@ticinocom\" \/>\n<meta name=\"twitter:label1\" content=\"Verfasst von\" \/>\n\t<meta name=\"twitter:data1\" content=\"Andrea Presenti\" \/>\n\t<meta name=\"twitter:label2\" content=\"Gesch\u00e4tzte Lesezeit\" \/>\n\t<meta name=\"twitter:data2\" content=\"5\u00a0Minuten\" \/>\n<script type=\"application\/ld+json\" class=\"yoast-schema-graph\">{\"@context\":\"https:\/\/schema.org\",\"@graph\":[{\"@type\":\"Article\",\"@id\":\"https:\/\/ticino.com\/de\/blog\/fibra-ottica-rame-o-mista-che-tipo-di-linea-ho\/#article\",\"isPartOf\":{\"@id\":\"https:\/\/ticino.com\/de\/blog\/fibra-ottica-rame-o-mista-che-tipo-di-linea-ho\/\"},\"author\":{\"name\":\"Andrea Presenti\",\"@id\":\"https:\/\/ticino.com\/de\/#\/schema\/person\/704df9c8d1af01bfa2367f9810ba319f\"},\"headline\":\"Fibra ottica, rame o mista: che tipo di linea ho?\",\"datePublished\":\"2019-12-05T15:42:05+00:00\",\"dateModified\":\"2022-03-17T13:14:14+00:00\",\"mainEntityOfPage\":{\"@id\":\"https:\/\/ticino.com\/de\/blog\/fibra-ottica-rame-o-mista-che-tipo-di-linea-ho\/\"},\"wordCount\":769,\"commentCount\":3,\"publisher\":{\"@id\":\"https:\/\/ticino.com\/de\/#organization\"},\"image\":{\"@id\":\"https:\/\/ticino.com\/de\/blog\/fibra-ottica-rame-o-mista-che-tipo-di-linea-ho\/#primaryimage\"},\"thumbnailUrl\":\"https:\/\/ticino.com\/wp-content\/uploads\/2019\/12\/fibra-ottica-rame-o-mista-che-tipo-di-linea-ho.png\",\"keywords\":[\"adsl\",\"connessioen\",\"fibra ottica\",\"velocit\u00e0\"],\"articleSection\":[\"Approfondimenti\"],\"inLanguage\":\"de\",\"potentialAction\":[{\"@type\":\"CommentAction\",\"name\":\"Comment\",\"target\":[\"https:\/\/ticino.com\/de\/blog\/fibra-ottica-rame-o-mista-che-tipo-di-linea-ho\/#respond\"]}]},{\"@type\":\"WebPage\",\"@id\":\"https:\/\/ticino.com\/de\/blog\/fibra-ottica-rame-o-mista-che-tipo-di-linea-ho\/\",\"url\":\"https:\/\/ticino.com\/de\/blog\/fibra-ottica-rame-o-mista-che-tipo-di-linea-ho\/\",\"name\":\"Fibra ottica, rame o mista: che tipo di linea ho? | Ticinocom SA\",\"isPartOf\":{\"@id\":\"https:\/\/ticino.com\/de\/#website\"},\"primaryImageOfPage\":{\"@id\":\"https:\/\/ticino.com\/de\/blog\/fibra-ottica-rame-o-mista-che-tipo-di-linea-ho\/#primaryimage\"},\"image\":{\"@id\":\"https:\/\/ticino.com\/de\/blog\/fibra-ottica-rame-o-mista-che-tipo-di-linea-ho\/#primaryimage\"},\"thumbnailUrl\":\"https:\/\/ticino.com\/wp-content\/uploads\/2019\/12\/fibra-ottica-rame-o-mista-che-tipo-di-linea-ho.png\",\"datePublished\":\"2019-12-05T15:42:05+00:00\",\"dateModified\":\"2022-03-17T13:14:14+00:00\",\"breadcrumb\":{\"@id\":\"https:\/\/ticino.com\/de\/blog\/fibra-ottica-rame-o-mista-che-tipo-di-linea-ho\/#breadcrumb\"},\"inLanguage\":\"de\",\"potentialAction\":[{\"@type\":\"ReadAction\",\"target\":[\"https:\/\/ticino.com\/de\/blog\/fibra-ottica-rame-o-mista-che-tipo-di-linea-ho\/\"]}]},{\"@type\":\"ImageObject\",\"inLanguage\":\"de\",\"@id\":\"https:\/\/ticino.com\/de\/blog\/fibra-ottica-rame-o-mista-che-tipo-di-linea-ho\/#primaryimage\",\"url\":\"https:\/\/ticino.com\/wp-content\/uploads\/2019\/12\/fibra-ottica-rame-o-mista-che-tipo-di-linea-ho.png\",\"contentUrl\":\"https:\/\/ticino.com\/wp-content\/uploads\/2019\/12\/fibra-ottica-rame-o-mista-che-tipo-di-linea-ho.png\",\"width\":1080,\"height\":1080},{\"@type\":\"BreadcrumbList\",\"@id\":\"https:\/\/ticino.com\/de\/blog\/fibra-ottica-rame-o-mista-che-tipo-di-linea-ho\/#breadcrumb\",\"itemListElement\":[{\"@type\":\"ListItem\",\"position\":1,\"name\":\"Home\",\"item\":\"https:\/\/ticino.com\/de\/\"},{\"@type\":\"ListItem\",\"position\":2,\"name\":\"Fibra ottica, rame o mista: che tipo di linea ho?\"}]},{\"@type\":\"WebSite\",\"@id\":\"https:\/\/ticino.com\/de\/#website\",\"url\":\"https:\/\/ticino.com\/de\/\",\"name\":\"Ticinocom SA\",\"description\":\"Internet 100% made in Ticino\",\"publisher\":{\"@id\":\"https:\/\/ticino.com\/de\/#organization\"},\"potentialAction\":[{\"@type\":\"SearchAction\",\"target\":{\"@type\":\"EntryPoint\",\"urlTemplate\":\"https:\/\/ticino.com\/de\/?s={search_term_string}\"},\"query-input\":{\"@type\":\"PropertyValueSpecification\",\"valueRequired\":true,\"valueName\":\"search_term_string\"}}],\"inLanguage\":\"de\"},{\"@type\":\"Organization\",\"@id\":\"https:\/\/ticino.com\/de\/#organization\",\"name\":\"Ticinocom SA\",\"url\":\"https:\/\/ticino.com\/de\/\",\"logo\":{\"@type\":\"ImageObject\",\"inLanguage\":\"de\",\"@id\":\"https:\/\/ticino.com\/de\/#\/schema\/logo\/image\/\",\"url\":\"https:\/\/ticino.com\/wp-content\/uploads\/2020\/09\/ticinocom-logo.png\",\"contentUrl\":\"https:\/\/ticino.com\/wp-content\/uploads\/2020\/09\/ticinocom-logo.png\",\"width\":508,\"height\":84,\"caption\":\"Ticinocom SA\"},\"image\":{\"@id\":\"https:\/\/ticino.com\/de\/#\/schema\/logo\/image\/\"},\"sameAs\":[\"https:\/\/facebook.com\/ticinocom\",\"https:\/\/x.com\/ticinocom\",\"https:\/\/instagram.com\/ticinocomsa\",\"https:\/\/linkedin.com\/company\/ticinocom\"]},{\"@type\":\"Person\",\"@id\":\"https:\/\/ticino.com\/de\/#\/schema\/person\/704df9c8d1af01bfa2367f9810ba319f\",\"name\":\"Andrea Presenti\",\"image\":{\"@type\":\"ImageObject\",\"inLanguage\":\"de\",\"@id\":\"https:\/\/ticino.com\/de\/#\/schema\/person\/image\/\",\"url\":\"https:\/\/secure.gravatar.com\/avatar\/5a718af3bb087a1ea5755cde0e2a740d?s=96&d=mm&r=g\",\"contentUrl\":\"https:\/\/secure.gravatar.com\/avatar\/5a718af3bb087a1ea5755cde0e2a740d?s=96&d=mm&r=g\",\"caption\":\"Andrea Presenti\"},\"description\":\"Andrea Presenti, nato nel 21\/04\/1992, \u00e8 uno scrittore tecnico pubblicitario che lavora nel settore dal 2016, dopo aver conseguito un corso di Scrittura Creativa presso la Scuola Internazionale di Comics. Ha collaborato con aziende di tutto il mondo per la stesura di testi ed \u00e8 Lead Editor di Ticinocom dal 2019.\",\"sameAs\":[\"https:\/\/x.com\/and.presenti@gmail.com\"],\"url\":\"https:\/\/ticino.com\/de\/author\/and-presentigmail-com\/\"}]}<\/script>\n<!-- \/ Yoast SEO Premium plugin. -->","yoast_head_json":{"title":"Fibra ottica, rame o mista: che tipo di linea ho? | Ticinocom SA","robots":{"index":"index","follow":"follow","max-snippet":"max-snippet:-1","max-image-preview":"max-image-preview:large","max-video-preview":"max-video-preview:-1"},"canonical":"https:\/\/ticino.com\/de\/blog\/fibra-ottica-rame-o-mista-che-tipo-di-linea-ho\/","og_locale":"de_DE","og_type":"article","og_title":"Fibra ottica, rame o mista: che tipo di linea ho?","og_description":"La tecnologia dedicata alle connessioni internet ha fatto passi da gigante negli ultimi anni e continua a farli tutt\u2019ora: nel giro di un paio di decenni siamo passati dalla storica velocit\u00e0 a 56k a connessioni che in alcuni punti raggiungono la velocit\u00e0 di 1Gb\/s.","og_url":"https:\/\/ticino.com\/de\/blog\/fibra-ottica-rame-o-mista-che-tipo-di-linea-ho\/","og_site_name":"Ticinocom SA","article_publisher":"https:\/\/facebook.com\/ticinocom","article_published_time":"2019-12-05T15:42:05+00:00","article_modified_time":"2022-03-17T13:14:14+00:00","og_image":[{"width":1080,"height":1080,"url":"https:\/\/ticino.com\/wp-content\/uploads\/2019\/12\/fibra-ottica-rame-o-mista-che-tipo-di-linea-ho.png","type":"image\/png"}],"author":"Andrea Presenti","twitter_card":"summary_large_image","twitter_creator":"@and.presenti@gmail.com","twitter_site":"@ticinocom","twitter_misc":{"Verfasst von":"Andrea Presenti","Gesch\u00e4tzte Lesezeit":"5\u00a0Minuten"},"schema":{"@context":"https:\/\/schema.org","@graph":[{"@type":"Article","@id":"https:\/\/ticino.com\/de\/blog\/fibra-ottica-rame-o-mista-che-tipo-di-linea-ho\/#article","isPartOf":{"@id":"https:\/\/ticino.com\/de\/blog\/fibra-ottica-rame-o-mista-che-tipo-di-linea-ho\/"},"author":{"name":"Andrea Presenti","@id":"https:\/\/ticino.com\/de\/#\/schema\/person\/704df9c8d1af01bfa2367f9810ba319f"},"headline":"Fibra ottica, rame o mista: che tipo di linea ho?","datePublished":"2019-12-05T15:42:05+00:00","dateModified":"2022-03-17T13:14:14+00:00","mainEntityOfPage":{"@id":"https:\/\/ticino.com\/de\/blog\/fibra-ottica-rame-o-mista-che-tipo-di-linea-ho\/"},"wordCount":769,"commentCount":3,"publisher":{"@id":"https:\/\/ticino.com\/de\/#organization"},"image":{"@id":"https:\/\/ticino.com\/de\/blog\/fibra-ottica-rame-o-mista-che-tipo-di-linea-ho\/#primaryimage"},"thumbnailUrl":"https:\/\/ticino.com\/wp-content\/uploads\/2019\/12\/fibra-ottica-rame-o-mista-che-tipo-di-linea-ho.png","keywords":["adsl","connessioen","fibra ottica","velocit\u00e0"],"articleSection":["Approfondimenti"],"inLanguage":"de","potentialAction":[{"@type":"CommentAction","name":"Comment","target":["https:\/\/ticino.com\/de\/blog\/fibra-ottica-rame-o-mista-che-tipo-di-linea-ho\/#respond"]}]},{"@type":"WebPage","@id":"https:\/\/ticino.com\/de\/blog\/fibra-ottica-rame-o-mista-che-tipo-di-linea-ho\/","url":"https:\/\/ticino.com\/de\/blog\/fibra-ottica-rame-o-mista-che-tipo-di-linea-ho\/","name":"Fibra ottica, rame o mista: che tipo di linea ho? | Ticinocom SA","isPartOf":{"@id":"https:\/\/ticino.com\/de\/#website"},"primaryImageOfPage":{"@id":"https:\/\/ticino.com\/de\/blog\/fibra-ottica-rame-o-mista-che-tipo-di-linea-ho\/#primaryimage"},"image":{"@id":"https:\/\/ticino.com\/de\/blog\/fibra-ottica-rame-o-mista-che-tipo-di-linea-ho\/#primaryimage"},"thumbnailUrl":"https:\/\/ticino.com\/wp-content\/uploads\/2019\/12\/fibra-ottica-rame-o-mista-che-tipo-di-linea-ho.png","datePublished":"2019-12-05T15:42:05+00:00","dateModified":"2022-03-17T13:14:14+00:00","breadcrumb":{"@id":"https:\/\/ticino.com\/de\/blog\/fibra-ottica-rame-o-mista-che-tipo-di-linea-ho\/#breadcrumb"},"inLanguage":"de","potentialAction":[{"@type":"ReadAction","target":["https:\/\/ticino.com\/de\/blog\/fibra-ottica-rame-o-mista-che-tipo-di-linea-ho\/"]}]},{"@type":"ImageObject","inLanguage":"de","@id":"https:\/\/ticino.com\/de\/blog\/fibra-ottica-rame-o-mista-che-tipo-di-linea-ho\/#primaryimage","url":"https:\/\/ticino.com\/wp-content\/uploads\/2019\/12\/fibra-ottica-rame-o-mista-che-tipo-di-linea-ho.png","contentUrl":"https:\/\/ticino.com\/wp-content\/uploads\/2019\/12\/fibra-ottica-rame-o-mista-che-tipo-di-linea-ho.png","width":1080,"height":1080},{"@type":"BreadcrumbList","@id":"https:\/\/ticino.com\/de\/blog\/fibra-ottica-rame-o-mista-che-tipo-di-linea-ho\/#breadcrumb","itemListElement":[{"@type":"ListItem","position":1,"name":"Home","item":"https:\/\/ticino.com\/de\/"},{"@type":"ListItem","position":2,"name":"Fibra ottica, rame o mista: che tipo di linea ho?"}]},{"@type":"WebSite","@id":"https:\/\/ticino.com\/de\/#website","url":"https:\/\/ticino.com\/de\/","name":"Ticinocom SA","description":"Internet 100% made in Ticino","publisher":{"@id":"https:\/\/ticino.com\/de\/#organization"},"potentialAction":[{"@type":"SearchAction","target":{"@type":"EntryPoint","urlTemplate":"https:\/\/ticino.com\/de\/?s={search_term_string}"},"query-input":{"@type":"PropertyValueSpecification","valueRequired":true,"valueName":"search_term_string"}}],"inLanguage":"de"},{"@type":"Organization","@id":"https:\/\/ticino.com\/de\/#organization","name":"Ticinocom SA","url":"https:\/\/ticino.com\/de\/","logo":{"@type":"ImageObject","inLanguage":"de","@id":"https:\/\/ticino.com\/de\/#\/schema\/logo\/image\/","url":"https:\/\/ticino.com\/wp-content\/uploads\/2020\/09\/ticinocom-logo.png","contentUrl":"https:\/\/ticino.com\/wp-content\/uploads\/2020\/09\/ticinocom-logo.png","width":508,"height":84,"caption":"Ticinocom SA"},"image":{"@id":"https:\/\/ticino.com\/de\/#\/schema\/logo\/image\/"},"sameAs":["https:\/\/facebook.com\/ticinocom","https:\/\/x.com\/ticinocom","https:\/\/instagram.com\/ticinocomsa","https:\/\/linkedin.com\/company\/ticinocom"]},{"@type":"Person","@id":"https:\/\/ticino.com\/de\/#\/schema\/person\/704df9c8d1af01bfa2367f9810ba319f","name":"Andrea Presenti","image":{"@type":"ImageObject","inLanguage":"de","@id":"https:\/\/ticino.com\/de\/#\/schema\/person\/image\/","url":"https:\/\/secure.gravatar.com\/avatar\/5a718af3bb087a1ea5755cde0e2a740d?s=96&d=mm&r=g","contentUrl":"https:\/\/secure.gravatar.com\/avatar\/5a718af3bb087a1ea5755cde0e2a740d?s=96&d=mm&r=g","caption":"Andrea Presenti"},"description":"Andrea Presenti, nato nel 21\/04\/1992, \u00e8 uno scrittore tecnico pubblicitario che lavora nel settore dal 2016, dopo aver conseguito un corso di Scrittura Creativa presso la Scuola Internazionale di Comics. Ha collaborato con aziende di tutto il mondo per la stesura di testi ed \u00e8 Lead Editor di Ticinocom dal 2019.","sameAs":["https:\/\/x.com\/and.presenti@gmail.com"],"url":"https:\/\/ticino.com\/de\/author\/and-presentigmail-com\/"}]}},"_links":{"self":[{"href":"https:\/\/ticino.com\/de\/wp-json\/wp\/v2\/posts\/90"}],"collection":[{"href":"https:\/\/ticino.com\/de\/wp-json\/wp\/v2\/posts"}],"about":[{"href":"https:\/\/ticino.com\/de\/wp-json\/wp\/v2\/types\/post"}],"author":[{"embeddable":true,"href":"https:\/\/ticino.com\/de\/wp-json\/wp\/v2\/users\/138280480"}],"replies":[{"embeddable":true,"href":"https:\/\/ticino.com\/de\/wp-json\/wp\/v2\/comments?post=90"}],"version-history":[{"count":0,"href":"https:\/\/ticino.com\/de\/wp-json\/wp\/v2\/posts\/90\/revisions"}],"wp:featuredmedia":[{"embeddable":true,"href":"https:\/\/ticino.com\/de\/wp-json\/wp\/v2\/media\/10596"}],"wp:attachment":[{"href":"https:\/\/ticino.com\/de\/wp-json\/wp\/v2\/media?parent=90"}],"wp:term":[{"taxonomy":"category","embeddable":true,"href":"https:\/\/ticino.com\/de\/wp-json\/wp\/v2\/categories?post=90"},{"taxonomy":"post_tag","embeddable":true,"href":"https:\/\/ticino.com\/de\/wp-json\/wp\/v2\/tags?post=90"}],"curies":[{"name":"wp","href":"https:\/\/api.w.org\/{rel}","templated":true}]}}