{"id":62,"date":"2020-04-02T09:27:50","date_gmt":"2020-04-02T09:27:50","guid":{"rendered":"https:\/\/wp.ticino.com\/come-cambier-il-mondo-e-la-tecnologia-dopo-il-coronavirus\/"},"modified":"2021-05-08T18:04:57","modified_gmt":"2021-05-08T16:04:57","slug":"come-cambier-il-mondo-e-la-tecnologia-dopo-il-coronavirus","status":"publish","type":"post","link":"https:\/\/ticino.com\/de\/blog\/come-cambier-il-mondo-e-la-tecnologia-dopo-il-coronavirus\/","title":{"rendered":"Come cambier\u00e0 il mondo e la tecnologia dopo il Coronavirus"},"content":{"rendered":"<p class=\"\">Mentre il mondo \u00e8 diviso tra coloro che sono costretti in casa dalla quarantena e chi deve invece lottare in prima fila per permettere che la societ\u00e0 vada avanti, con un po\u2019 di ottimismo proviamo a guardare al futuro cercando di capire quali saranno le conseguenze di questa pandemia.<\/p>\n<p class=\"\">Come diceva il Corvo nel famoso film, infatti, \u201cnon pu\u00f2 piovere per sempre\u201d e l\u2019umanit\u00e0 riuscir\u00e0 a superare anche questa grande sfida, sebbene il sacrificio che dovremo pagare (e che stiamo gi\u00e0 pagando) sar\u00e0 molto alto.<\/p>\n<p class=\"\">Qual \u00e8 il mondo che ci aspetta all\u2019indomani del Coronavirus?<\/p>\n<p class=\"\" data-rte-preserve-empty=\"true\">\n<\/p><h2>Il paradigma del lavoro<\/h2>\n<p class=\"\">Quello a cui ci ha messo di fronte il Covid-19 \u00e8 stata l\u2019esigenza di cambiare il lavoro come lo abbiamo percepito fino a questo momento. Sebbene il lavoro telematico, infatti, si sia affermato nel corso degli anni in determinati settori, nell\u2019immaginario comune c\u2019\u00e8 ancora l\u2019associazione con l\u2019ufficio e il datore di lavoro che controlla i propri impiegati.<\/p>\n<p class=\"\">Naturalmente tutto questo \u00e8 stato reso impossibile dalla necessit\u00e0 di mantenere una distanza di sicurezza anche nel luogo di lavoro e cos\u00ec moltissime persone si sono ritrovate a lavorare da domicilio.<\/p>\n<p class=\"\">Questa novit\u00e0 ha fatto nascere numerose correnti umoristiche online, in un periodo in cui riuscire a sorridere \u00e8 un risultato da non poco, con le persone che hanno condiviso le reazioni dei propri animali e bambini nel vederli lavorare da casa.<\/p>\n<p class=\"\">\u00c8 lecito presupporre che questa prova forzata, una volta terminata l\u2019emergenza legata al Coronavirus, avr\u00e0 delle conseguenze sul lungo termine, in quanto \u00e8 stato dimostrato che per determinati lavori (non tutti, ovviamente) \u00e8 possibile svolgere il proprio incarico dalla propria dimora.<\/p>\n<p class=\"\">Questo vuol dire avere degli orari pi\u00f9 umani, dormire di pi\u00f9 e \u201crientrare\u201d prima a casa, oltre a ridurre emissioni di smog legate al non dover pi\u00f9 guidare fino al posto di lavoro e potrebbe valorizzare l\u2019impatto psicologico nel lavorare a distanza dal comfort della propria casa.<\/p>\n<p class=\"\">Non \u00e8 da sottovalutare anche la possibilit\u00e0 di conciliare meglio lavoro e famiglia: se un tempo infatti la divisione dei compiti era molto pi\u00f9 netta e spesso la donna era costretta a rimanere a casa, oggi non \u00e8 raro che entrambi i genitori lavorino. Con un impiego da remoto sarebbe sicuramente pi\u00f9 facile essere presenti per i propri figli.<\/p>\n<p class=\"\">Per i datori di lavoro potrebbe significare un risparmio notevole in termini di affitti e rimborso spese, per questo motivo sar\u00e0 sicuramente una possibilit\u00e0 da non sottovalutare.<\/p>\n<p class=\"\">Se il mondo dovesse muoversi verso questa direzione, probabilmente assisteremmo a un ulteriore potenziamento delle linee internet per far fronte a un maggior numero di utenti connessi e per garantire linee ad alta velocit\u00e0 adatta per il lavoro.<\/p>\n<p class=\"\">Naturalmente cambiare una tradizione cos\u00ec radicata non sar\u00e0 facile e ci sono diversi vantaggi anche nel lavorare in ufficio, primo tra tutti il rendimento che spesso viene intaccato da remoto, soprattutto per coloro che non hanno una sistemazione ideale per lavorare a distanza.<\/p>\n<p class=\"\" data-rte-preserve-empty=\"true\">\n<\/p><h2>La sanit\u00e0 e le emergenze mediche<\/h2>\n<p class=\"\">Uno degli aspetti peggiori di questo periodo \u00e8 il fatto che molti paesi, come l\u2019Italia dove il virus ha colpito con cos\u00ec grande forza, non erano pronti ad affrontare una sfida di questo tipo. Gli ospedali non avevano l\u2019attrezzatura adatta (come i respiratori) e non erano pronti ad accogliere un numero cos\u00ec elevato di malati allo stesso momento.<\/p>\n<p class=\"\">Guardando al futuro, per\u00f2, questo potrebbe divenire un punto di forza da cui crescere come societ\u00e0: l\u2019esperienza maturata lottando contro questo nemico invisibile e l\u2019investimento in attrezzature e ampliamenti delle strutture a cui stiamo assistendo ci permetter\u00e0 di essere pi\u00f9 efficienti in futuro.<\/p>\n<p class=\"\">Questo non solo si tradurr\u00e0 in una miglior prevenzione e cura di eventuali nuove e vecchie malattie, ma un costo minore in termini di vite umane cos\u00ec che non si debba affrontare nuovamente un sacrificio come quello a cui stiamo assistendo oggi.<\/p>\n<p class=\"\">Naturalmente anche in questo caso c\u2019\u00e8 il rovescio della medaglia: questa situazione di crisi avr\u00e0 un duraturo impatto sulle finanze e l\u2019economia, per questo sar\u00e0 necessario essere ancora pi\u00f9 uniti domani, quando potremo tornare ad abbracciarci.<\/p>\n<p class=\"\" data-rte-preserve-empty=\"true\">\n<\/p><h2>La vita di tutti i giorni<\/h2>\n<p class=\"\">\u00c8 evidente che il Coronavirus abbia cambiato la nostra vita quotidiana: al di l\u00e0 di divieti di uscita che cadranno in futuro, la quarantena ha modificato alcuni aspetti che potrebbero rimanere tali anche dopo la fine dell\u2019emergenza.<\/p>\n<p class=\"\">Molte pi\u00f9 persone, infatti, hanno scoperto la comodit\u00e0 del poter fare la spesa a domicilio senza affrontare l\u2019esperienza spesso stressante del supermercato. Cos\u00ec anche le app e i servizi dedicati alla consegna del cibo, che in questo caso sono diventati l\u2019unico elemento di collegamento tra clienti e ristoranti.<\/p>\n<p class=\"\">Sebbene alla fine della clausura ci sar\u00e0 il desiderio di riscoprire la vita fuori dalla propria dimora, sul lungo termine \u00e8 lecito presupporre che molte persone non rinunceranno a queste nuove comodit\u00e0 e che quindi si assister\u00e0 a un miglioramento di tali servizi.<\/p>\n<p class=\"\" data-rte-preserve-empty=\"true\">\n<\/p><h2>La morale e comportamento<\/h2>\n<p class=\"\">Infine c\u2019\u00e8 la speranza che le persone, non tutte ma la maggior parte, abbia tratto un insegnamento da questa terribile esperienza e che in futuro si assista a meno episodi di egoismo come quelli che si sono verificati durante questa crisi, come nel fare incetta di prodotti ben oltre il proprio limite togliendoli, di fatto, agli altri.<\/p>\n<p class=\"\">Per\u00f2, come abbiamo detto all\u2019inizio di questo articolo, il nostro scopo non \u00e8 quello di alimentare un gi\u00e0 costante malcontento, ma di concentrarci sugli aspetti positivi: osserviamo quindi con ammirazione tutte le gesta di aiuto e di solidariet\u00e0 a cui abbiamo assistito in questi giorni e confidiamo che domani il mondo sar\u00e0 un po\u2019 pi\u00f9 buono di ieri.<\/p>\n","protected":false},"excerpt":{"rendered":"<p class=\"\">Mentre il mondo \u00e8 diviso tra coloro che sono costretti in casa dalla quarantena e chi deve invece lottare in prima fila per permettere che la societ\u00e0 vada avanti, con un po\u2019 di ottimismo proviamo a guardare al futuro cercando di capire quali saranno le conseguenze di questa pandemia.<\/p>\n","protected":false},"author":138280480,"featured_media":12012,"comment_status":"open","ping_status":"open","sticky":false,"template":"","format":"standard","meta":{"footnotes":""},"categories":[44],"tags":[58,128,127],"class_list":["post-62","post","type-post","status-publish","format-standard","has-post-thumbnail","hentry","category-approfondimenti","tag-approfondimento","tag-coronavirus","tag-quarantena"],"yoast_head":"<!-- This site is optimized with the Yoast SEO Premium plugin v21.7 (Yoast SEO v23.7) - https:\/\/yoast.com\/wordpress\/plugins\/seo\/ -->\n<title>Come cambier\u00e0 il mondo e la tecnologia dopo il Coronavirus | Ticinocom SA<\/title>\n<meta name=\"robots\" content=\"index, follow, max-snippet:-1, max-image-preview:large, max-video-preview:-1\" \/>\n<link rel=\"canonical\" href=\"https:\/\/ticino.com\/de\/blog\/come-cambier-il-mondo-e-la-tecnologia-dopo-il-coronavirus\/\" \/>\n<meta property=\"og:locale\" content=\"de_DE\" \/>\n<meta property=\"og:type\" content=\"article\" \/>\n<meta property=\"og:title\" content=\"Come cambier\u00e0 il mondo e la tecnologia dopo il Coronavirus\" \/>\n<meta property=\"og:description\" content=\"Mentre il mondo \u00e8 diviso tra coloro che sono costretti in casa dalla quarantena e chi deve invece lottare in prima fila per permettere che la societ\u00e0 vada avanti, con un po\u2019 di ottimismo proviamo a guardare al futuro cercando di capire quali saranno le conseguenze di questa pandemia.\" \/>\n<meta property=\"og:url\" content=\"https:\/\/ticino.com\/de\/blog\/come-cambier-il-mondo-e-la-tecnologia-dopo-il-coronavirus\/\" \/>\n<meta property=\"og:site_name\" content=\"Ticinocom SA\" \/>\n<meta property=\"article:publisher\" content=\"https:\/\/facebook.com\/ticinocom\" \/>\n<meta property=\"article:published_time\" content=\"2020-04-02T09:27:50+00:00\" \/>\n<meta property=\"article:modified_time\" content=\"2021-05-08T16:04:57+00:00\" \/>\n<meta property=\"og:image\" content=\"https:\/\/ticino.com\/wp-content\/uploads\/2020\/04\/Come-cambier-il-mondo-e-la-tecnologia-dopo-il-Coronavirus-1.png\" \/>\n\t<meta property=\"og:image:width\" content=\"1080\" \/>\n\t<meta property=\"og:image:height\" content=\"1080\" \/>\n\t<meta property=\"og:image:type\" content=\"image\/png\" \/>\n<meta name=\"author\" content=\"Andrea Presenti\" \/>\n<meta name=\"twitter:card\" content=\"summary_large_image\" \/>\n<meta name=\"twitter:creator\" content=\"@and.presenti@gmail.com\" \/>\n<meta name=\"twitter:site\" content=\"@ticinocom\" \/>\n<meta name=\"twitter:label1\" content=\"Verfasst von\" \/>\n\t<meta name=\"twitter:data1\" content=\"Andrea Presenti\" \/>\n\t<meta name=\"twitter:label2\" content=\"Gesch\u00e4tzte Lesezeit\" \/>\n\t<meta name=\"twitter:data2\" content=\"5\u00a0Minuten\" \/>\n<script type=\"application\/ld+json\" class=\"yoast-schema-graph\">{\"@context\":\"https:\/\/schema.org\",\"@graph\":[{\"@type\":\"Article\",\"@id\":\"https:\/\/ticino.com\/de\/blog\/come-cambier-il-mondo-e-la-tecnologia-dopo-il-coronavirus\/#article\",\"isPartOf\":{\"@id\":\"https:\/\/ticino.com\/de\/blog\/come-cambier-il-mondo-e-la-tecnologia-dopo-il-coronavirus\/\"},\"author\":{\"name\":\"Andrea Presenti\",\"@id\":\"https:\/\/ticino.com\/de\/#\/schema\/person\/704df9c8d1af01bfa2367f9810ba319f\"},\"headline\":\"Come cambier\u00e0 il mondo e la tecnologia dopo il Coronavirus\",\"datePublished\":\"2020-04-02T09:27:50+00:00\",\"dateModified\":\"2021-05-08T16:04:57+00:00\",\"mainEntityOfPage\":{\"@id\":\"https:\/\/ticino.com\/de\/blog\/come-cambier-il-mondo-e-la-tecnologia-dopo-il-coronavirus\/\"},\"wordCount\":934,\"commentCount\":1,\"publisher\":{\"@id\":\"https:\/\/ticino.com\/de\/#organization\"},\"image\":{\"@id\":\"https:\/\/ticino.com\/de\/blog\/come-cambier-il-mondo-e-la-tecnologia-dopo-il-coronavirus\/#primaryimage\"},\"thumbnailUrl\":\"https:\/\/ticino.com\/wp-content\/uploads\/2020\/04\/Come-cambier-il-mondo-e-la-tecnologia-dopo-il-Coronavirus-1.png\",\"keywords\":[\"approfondimento\",\"coronavirus\",\"quarantena\"],\"articleSection\":[\"Approfondimenti\"],\"inLanguage\":\"de\",\"potentialAction\":[{\"@type\":\"CommentAction\",\"name\":\"Comment\",\"target\":[\"https:\/\/ticino.com\/de\/blog\/come-cambier-il-mondo-e-la-tecnologia-dopo-il-coronavirus\/#respond\"]}]},{\"@type\":\"WebPage\",\"@id\":\"https:\/\/ticino.com\/de\/blog\/come-cambier-il-mondo-e-la-tecnologia-dopo-il-coronavirus\/\",\"url\":\"https:\/\/ticino.com\/de\/blog\/come-cambier-il-mondo-e-la-tecnologia-dopo-il-coronavirus\/\",\"name\":\"Come cambier\u00e0 il mondo e la tecnologia dopo il Coronavirus | Ticinocom SA\",\"isPartOf\":{\"@id\":\"https:\/\/ticino.com\/de\/#website\"},\"primaryImageOfPage\":{\"@id\":\"https:\/\/ticino.com\/de\/blog\/come-cambier-il-mondo-e-la-tecnologia-dopo-il-coronavirus\/#primaryimage\"},\"image\":{\"@id\":\"https:\/\/ticino.com\/de\/blog\/come-cambier-il-mondo-e-la-tecnologia-dopo-il-coronavirus\/#primaryimage\"},\"thumbnailUrl\":\"https:\/\/ticino.com\/wp-content\/uploads\/2020\/04\/Come-cambier-il-mondo-e-la-tecnologia-dopo-il-Coronavirus-1.png\",\"datePublished\":\"2020-04-02T09:27:50+00:00\",\"dateModified\":\"2021-05-08T16:04:57+00:00\",\"breadcrumb\":{\"@id\":\"https:\/\/ticino.com\/de\/blog\/come-cambier-il-mondo-e-la-tecnologia-dopo-il-coronavirus\/#breadcrumb\"},\"inLanguage\":\"de\",\"potentialAction\":[{\"@type\":\"ReadAction\",\"target\":[\"https:\/\/ticino.com\/de\/blog\/come-cambier-il-mondo-e-la-tecnologia-dopo-il-coronavirus\/\"]}]},{\"@type\":\"ImageObject\",\"inLanguage\":\"de\",\"@id\":\"https:\/\/ticino.com\/de\/blog\/come-cambier-il-mondo-e-la-tecnologia-dopo-il-coronavirus\/#primaryimage\",\"url\":\"https:\/\/ticino.com\/wp-content\/uploads\/2020\/04\/Come-cambier-il-mondo-e-la-tecnologia-dopo-il-Coronavirus-1.png\",\"contentUrl\":\"https:\/\/ticino.com\/wp-content\/uploads\/2020\/04\/Come-cambier-il-mondo-e-la-tecnologia-dopo-il-Coronavirus-1.png\",\"width\":1080,\"height\":1080,\"caption\":\"Come cambier\u00e0 il mondo e la tecnologia dopo il Coronavirus\"},{\"@type\":\"BreadcrumbList\",\"@id\":\"https:\/\/ticino.com\/de\/blog\/come-cambier-il-mondo-e-la-tecnologia-dopo-il-coronavirus\/#breadcrumb\",\"itemListElement\":[{\"@type\":\"ListItem\",\"position\":1,\"name\":\"Home\",\"item\":\"https:\/\/ticino.com\/de\/\"},{\"@type\":\"ListItem\",\"position\":2,\"name\":\"Come cambier\u00e0 il mondo e la tecnologia dopo il Coronavirus\"}]},{\"@type\":\"WebSite\",\"@id\":\"https:\/\/ticino.com\/de\/#website\",\"url\":\"https:\/\/ticino.com\/de\/\",\"name\":\"Ticinocom SA\",\"description\":\"Internet 100% made in Ticino\",\"publisher\":{\"@id\":\"https:\/\/ticino.com\/de\/#organization\"},\"potentialAction\":[{\"@type\":\"SearchAction\",\"target\":{\"@type\":\"EntryPoint\",\"urlTemplate\":\"https:\/\/ticino.com\/de\/?s={search_term_string}\"},\"query-input\":{\"@type\":\"PropertyValueSpecification\",\"valueRequired\":true,\"valueName\":\"search_term_string\"}}],\"inLanguage\":\"de\"},{\"@type\":\"Organization\",\"@id\":\"https:\/\/ticino.com\/de\/#organization\",\"name\":\"Ticinocom SA\",\"url\":\"https:\/\/ticino.com\/de\/\",\"logo\":{\"@type\":\"ImageObject\",\"inLanguage\":\"de\",\"@id\":\"https:\/\/ticino.com\/de\/#\/schema\/logo\/image\/\",\"url\":\"https:\/\/ticino.com\/wp-content\/uploads\/2020\/09\/ticinocom-logo.png\",\"contentUrl\":\"https:\/\/ticino.com\/wp-content\/uploads\/2020\/09\/ticinocom-logo.png\",\"width\":508,\"height\":84,\"caption\":\"Ticinocom SA\"},\"image\":{\"@id\":\"https:\/\/ticino.com\/de\/#\/schema\/logo\/image\/\"},\"sameAs\":[\"https:\/\/facebook.com\/ticinocom\",\"https:\/\/x.com\/ticinocom\",\"https:\/\/instagram.com\/ticinocomsa\",\"https:\/\/linkedin.com\/company\/ticinocom\"]},{\"@type\":\"Person\",\"@id\":\"https:\/\/ticino.com\/de\/#\/schema\/person\/704df9c8d1af01bfa2367f9810ba319f\",\"name\":\"Andrea Presenti\",\"image\":{\"@type\":\"ImageObject\",\"inLanguage\":\"de\",\"@id\":\"https:\/\/ticino.com\/de\/#\/schema\/person\/image\/\",\"url\":\"https:\/\/secure.gravatar.com\/avatar\/5a718af3bb087a1ea5755cde0e2a740d?s=96&d=mm&r=g\",\"contentUrl\":\"https:\/\/secure.gravatar.com\/avatar\/5a718af3bb087a1ea5755cde0e2a740d?s=96&d=mm&r=g\",\"caption\":\"Andrea Presenti\"},\"description\":\"Andrea Presenti, nato nel 21\/04\/1992, \u00e8 uno scrittore tecnico pubblicitario che lavora nel settore dal 2016, dopo aver conseguito un corso di Scrittura Creativa presso la Scuola Internazionale di Comics. Ha collaborato con aziende di tutto il mondo per la stesura di testi ed \u00e8 Lead Editor di Ticinocom dal 2019.\",\"sameAs\":[\"https:\/\/x.com\/and.presenti@gmail.com\"],\"url\":\"https:\/\/ticino.com\/de\/author\/and-presentigmail-com\/\"}]}<\/script>\n<!-- \/ Yoast SEO Premium plugin. -->","yoast_head_json":{"title":"Come cambier\u00e0 il mondo e la tecnologia dopo il Coronavirus | Ticinocom SA","robots":{"index":"index","follow":"follow","max-snippet":"max-snippet:-1","max-image-preview":"max-image-preview:large","max-video-preview":"max-video-preview:-1"},"canonical":"https:\/\/ticino.com\/de\/blog\/come-cambier-il-mondo-e-la-tecnologia-dopo-il-coronavirus\/","og_locale":"de_DE","og_type":"article","og_title":"Come cambier\u00e0 il mondo e la tecnologia dopo il Coronavirus","og_description":"Mentre il mondo \u00e8 diviso tra coloro che sono costretti in casa dalla quarantena e chi deve invece lottare in prima fila per permettere che la societ\u00e0 vada avanti, con un po\u2019 di ottimismo proviamo a guardare al futuro cercando di capire quali saranno le conseguenze di questa pandemia.","og_url":"https:\/\/ticino.com\/de\/blog\/come-cambier-il-mondo-e-la-tecnologia-dopo-il-coronavirus\/","og_site_name":"Ticinocom SA","article_publisher":"https:\/\/facebook.com\/ticinocom","article_published_time":"2020-04-02T09:27:50+00:00","article_modified_time":"2021-05-08T16:04:57+00:00","og_image":[{"width":1080,"height":1080,"url":"https:\/\/ticino.com\/wp-content\/uploads\/2020\/04\/Come-cambier-il-mondo-e-la-tecnologia-dopo-il-Coronavirus-1.png","type":"image\/png"}],"author":"Andrea Presenti","twitter_card":"summary_large_image","twitter_creator":"@and.presenti@gmail.com","twitter_site":"@ticinocom","twitter_misc":{"Verfasst von":"Andrea Presenti","Gesch\u00e4tzte Lesezeit":"5\u00a0Minuten"},"schema":{"@context":"https:\/\/schema.org","@graph":[{"@type":"Article","@id":"https:\/\/ticino.com\/de\/blog\/come-cambier-il-mondo-e-la-tecnologia-dopo-il-coronavirus\/#article","isPartOf":{"@id":"https:\/\/ticino.com\/de\/blog\/come-cambier-il-mondo-e-la-tecnologia-dopo-il-coronavirus\/"},"author":{"name":"Andrea Presenti","@id":"https:\/\/ticino.com\/de\/#\/schema\/person\/704df9c8d1af01bfa2367f9810ba319f"},"headline":"Come cambier\u00e0 il mondo e la tecnologia dopo il Coronavirus","datePublished":"2020-04-02T09:27:50+00:00","dateModified":"2021-05-08T16:04:57+00:00","mainEntityOfPage":{"@id":"https:\/\/ticino.com\/de\/blog\/come-cambier-il-mondo-e-la-tecnologia-dopo-il-coronavirus\/"},"wordCount":934,"commentCount":1,"publisher":{"@id":"https:\/\/ticino.com\/de\/#organization"},"image":{"@id":"https:\/\/ticino.com\/de\/blog\/come-cambier-il-mondo-e-la-tecnologia-dopo-il-coronavirus\/#primaryimage"},"thumbnailUrl":"https:\/\/ticino.com\/wp-content\/uploads\/2020\/04\/Come-cambier-il-mondo-e-la-tecnologia-dopo-il-Coronavirus-1.png","keywords":["approfondimento","coronavirus","quarantena"],"articleSection":["Approfondimenti"],"inLanguage":"de","potentialAction":[{"@type":"CommentAction","name":"Comment","target":["https:\/\/ticino.com\/de\/blog\/come-cambier-il-mondo-e-la-tecnologia-dopo-il-coronavirus\/#respond"]}]},{"@type":"WebPage","@id":"https:\/\/ticino.com\/de\/blog\/come-cambier-il-mondo-e-la-tecnologia-dopo-il-coronavirus\/","url":"https:\/\/ticino.com\/de\/blog\/come-cambier-il-mondo-e-la-tecnologia-dopo-il-coronavirus\/","name":"Come cambier\u00e0 il mondo e la tecnologia dopo il Coronavirus | Ticinocom SA","isPartOf":{"@id":"https:\/\/ticino.com\/de\/#website"},"primaryImageOfPage":{"@id":"https:\/\/ticino.com\/de\/blog\/come-cambier-il-mondo-e-la-tecnologia-dopo-il-coronavirus\/#primaryimage"},"image":{"@id":"https:\/\/ticino.com\/de\/blog\/come-cambier-il-mondo-e-la-tecnologia-dopo-il-coronavirus\/#primaryimage"},"thumbnailUrl":"https:\/\/ticino.com\/wp-content\/uploads\/2020\/04\/Come-cambier-il-mondo-e-la-tecnologia-dopo-il-Coronavirus-1.png","datePublished":"2020-04-02T09:27:50+00:00","dateModified":"2021-05-08T16:04:57+00:00","breadcrumb":{"@id":"https:\/\/ticino.com\/de\/blog\/come-cambier-il-mondo-e-la-tecnologia-dopo-il-coronavirus\/#breadcrumb"},"inLanguage":"de","potentialAction":[{"@type":"ReadAction","target":["https:\/\/ticino.com\/de\/blog\/come-cambier-il-mondo-e-la-tecnologia-dopo-il-coronavirus\/"]}]},{"@type":"ImageObject","inLanguage":"de","@id":"https:\/\/ticino.com\/de\/blog\/come-cambier-il-mondo-e-la-tecnologia-dopo-il-coronavirus\/#primaryimage","url":"https:\/\/ticino.com\/wp-content\/uploads\/2020\/04\/Come-cambier-il-mondo-e-la-tecnologia-dopo-il-Coronavirus-1.png","contentUrl":"https:\/\/ticino.com\/wp-content\/uploads\/2020\/04\/Come-cambier-il-mondo-e-la-tecnologia-dopo-il-Coronavirus-1.png","width":1080,"height":1080,"caption":"Come cambier\u00e0 il mondo e la tecnologia dopo il Coronavirus"},{"@type":"BreadcrumbList","@id":"https:\/\/ticino.com\/de\/blog\/come-cambier-il-mondo-e-la-tecnologia-dopo-il-coronavirus\/#breadcrumb","itemListElement":[{"@type":"ListItem","position":1,"name":"Home","item":"https:\/\/ticino.com\/de\/"},{"@type":"ListItem","position":2,"name":"Come cambier\u00e0 il mondo e la tecnologia dopo il Coronavirus"}]},{"@type":"WebSite","@id":"https:\/\/ticino.com\/de\/#website","url":"https:\/\/ticino.com\/de\/","name":"Ticinocom SA","description":"Internet 100% made in Ticino","publisher":{"@id":"https:\/\/ticino.com\/de\/#organization"},"potentialAction":[{"@type":"SearchAction","target":{"@type":"EntryPoint","urlTemplate":"https:\/\/ticino.com\/de\/?s={search_term_string}"},"query-input":{"@type":"PropertyValueSpecification","valueRequired":true,"valueName":"search_term_string"}}],"inLanguage":"de"},{"@type":"Organization","@id":"https:\/\/ticino.com\/de\/#organization","name":"Ticinocom SA","url":"https:\/\/ticino.com\/de\/","logo":{"@type":"ImageObject","inLanguage":"de","@id":"https:\/\/ticino.com\/de\/#\/schema\/logo\/image\/","url":"https:\/\/ticino.com\/wp-content\/uploads\/2020\/09\/ticinocom-logo.png","contentUrl":"https:\/\/ticino.com\/wp-content\/uploads\/2020\/09\/ticinocom-logo.png","width":508,"height":84,"caption":"Ticinocom SA"},"image":{"@id":"https:\/\/ticino.com\/de\/#\/schema\/logo\/image\/"},"sameAs":["https:\/\/facebook.com\/ticinocom","https:\/\/x.com\/ticinocom","https:\/\/instagram.com\/ticinocomsa","https:\/\/linkedin.com\/company\/ticinocom"]},{"@type":"Person","@id":"https:\/\/ticino.com\/de\/#\/schema\/person\/704df9c8d1af01bfa2367f9810ba319f","name":"Andrea Presenti","image":{"@type":"ImageObject","inLanguage":"de","@id":"https:\/\/ticino.com\/de\/#\/schema\/person\/image\/","url":"https:\/\/secure.gravatar.com\/avatar\/5a718af3bb087a1ea5755cde0e2a740d?s=96&d=mm&r=g","contentUrl":"https:\/\/secure.gravatar.com\/avatar\/5a718af3bb087a1ea5755cde0e2a740d?s=96&d=mm&r=g","caption":"Andrea Presenti"},"description":"Andrea Presenti, nato nel 21\/04\/1992, \u00e8 uno scrittore tecnico pubblicitario che lavora nel settore dal 2016, dopo aver conseguito un corso di Scrittura Creativa presso la Scuola Internazionale di Comics. Ha collaborato con aziende di tutto il mondo per la stesura di testi ed \u00e8 Lead Editor di Ticinocom dal 2019.","sameAs":["https:\/\/x.com\/and.presenti@gmail.com"],"url":"https:\/\/ticino.com\/de\/author\/and-presentigmail-com\/"}]}},"_links":{"self":[{"href":"https:\/\/ticino.com\/de\/wp-json\/wp\/v2\/posts\/62"}],"collection":[{"href":"https:\/\/ticino.com\/de\/wp-json\/wp\/v2\/posts"}],"about":[{"href":"https:\/\/ticino.com\/de\/wp-json\/wp\/v2\/types\/post"}],"author":[{"embeddable":true,"href":"https:\/\/ticino.com\/de\/wp-json\/wp\/v2\/users\/138280480"}],"replies":[{"embeddable":true,"href":"https:\/\/ticino.com\/de\/wp-json\/wp\/v2\/comments?post=62"}],"version-history":[{"count":0,"href":"https:\/\/ticino.com\/de\/wp-json\/wp\/v2\/posts\/62\/revisions"}],"wp:featuredmedia":[{"embeddable":true,"href":"https:\/\/ticino.com\/de\/wp-json\/wp\/v2\/media\/12012"}],"wp:attachment":[{"href":"https:\/\/ticino.com\/de\/wp-json\/wp\/v2\/media?parent=62"}],"wp:term":[{"taxonomy":"category","embeddable":true,"href":"https:\/\/ticino.com\/de\/wp-json\/wp\/v2\/categories?post=62"},{"taxonomy":"post_tag","embeddable":true,"href":"https:\/\/ticino.com\/de\/wp-json\/wp\/v2\/tags?post=62"}],"curies":[{"name":"wp","href":"https:\/\/api.w.org\/{rel}","templated":true}]}}