{"id":60,"date":"2020-04-09T15:37:10","date_gmt":"2020-04-09T15:37:10","guid":{"rendered":"https:\/\/wp.ticino.com\/come-cambiato-luso-di-internet-con-la-quarantena\/"},"modified":"2021-05-08T18:05:24","modified_gmt":"2021-05-08T16:05:24","slug":"come-cambiato-luso-di-internet-con-la-quarantena","status":"publish","type":"post","link":"https:\/\/ticino.com\/de\/blog\/come-cambiato-luso-di-internet-con-la-quarantena\/","title":{"rendered":"Come \u00e8 cambiato l\u2019uso di internet con la quarantena"},"content":{"rendered":"<p class=\"\">Come potreste avere notato, gli articoli delle ultime settimane si sono soffermati pi\u00f9 di una volta sulla quarantena che stiamo vivendo. Questo per diversi motivi: primo fra tutti \u00e8 importante parlare di questa condizione che ci sta imponendo uno stile di vita diverso dal solito, poich\u00e9 parlarne rende pi\u00f9 accettabile e meno drammatica la situazione. Non \u00e8 un tab\u00f9, non \u00e8 una maledizione: \u00e8 solamente un periodo che dobbiamo superare per tutelare noi e gli altri.<\/p>\n<p class=\"\">Il secondo motivo per cui abbiamo parlato spesso della quarantena \u00e8 per offrire un servizio che alterni aggiornamenti sulla situazione attuale a uno studio del periodo che stiamo vivendo e che speriamo di non rivivere in futuro.<\/p>\n<p class=\"\">In uno scorso articolo abbiamo provato a fare una previsione di come il nostro stile di vita potrebbe rimanere alterato anche alla fine di questa crisi e oggi ci concentriamo invece sul presente, andando a vedere in che modo esso \u00e8 gi\u00e0 mutato nelle scorse settimane.<\/p>\n<p class=\"\" data-rte-preserve-empty=\"true\">\n<\/p><h2>La fuga digitale dalla quarantena<\/h2>\n<p class=\"\" data-rte-preserve-empty=\"true\">\n<\/p><p class=\"\">Internet ha rappresentato, negli ultimi decenni, un aspetto sempre pi\u00f9 importante nella nostra vita quotidiana. Molte delle comunicazioni a distanza si sono spostate su servizi che utilizzano la rete (come WhatsApp) e anche prima della quarantena potevamo contare un gran numero di persone che lavoravano prettamente via internet.<\/p>\n<p class=\"\">Nonostante questo, l\u2019utilizzo di questa <a href=\"https:\/\/ticino.com\/de\/wiki\/tecnologia\/\" target=\"_self\" title=\"La &quot;Tecnologia&quot; pu\u00f2 avere molteplici significati e spesso viene accostata a una specifica brancia della scienza. Sul nostro sito la utilizziamo nella sua forma pi\u00f9 generica, ovvero l'insieme di scoperte e invenzioni che l'uomo ha fatto alterando la natura per i suoi scopi. Tecnologia \u00e8 quindi la creazione di un oggetto non presente in natura,\u2026\" class=\"encyclopedia\">tecnologia<\/a> non aveva lo stesso impatto sulla vita di tutti e il Covid-19 ha ricoperto il ruolo di una \u201clivella\u201d in questo senso. Nelle ultime settimane, infatti, internet \u00e8 diventata la nostra unica finestra sul mondo, in un periodo storico in cui le persone vogliono pi\u00f9 che mai risposte alle proprie domande e preoccupazioni.<\/p>\n<p class=\"\">Per questo motivo \u00e8 bene stare attenti a dove si trovano queste risposte, in quanto \u00e8 facile creare allarmismi o veicolare notizie non verificate.<\/p>\n<p class=\"\">Non solo: anche scuola e lavoro si sono spostati prettamente online. Tra video-lezioni e conferenze tramite Skype siamo riusciti a rimanere connessi, con uno schermo come barriera.<\/p>\n<p class=\"\">Tutto questo accostato agli altri usi di internet, come l\u2019intrattenimento (servizi di streaming, giochi e molto altro) e la vita sociale (con i Social Network che sono diventati delle vere e proprie piazze virtuali), ha avuto un impatto da non sottovalutare sull\u2019utilizzo della rete.<\/p>\n<p class=\"\">Nello scorso articolo, infatti, avevamo ipotizzato che se questa distanza dovesse rimanere anche dopo la quarantena (sebbene in modo meno preponderante), allora anche i provider di internet avrebbero dovuto rispondere a una richiesta maggiore potenziando le proprie strutture.<\/p>\n<p class=\"\">Ma di quanto \u00e8 aumentato effettivamente l\u2019uso di internet?<\/p>\n<p class=\"\" data-rte-preserve-empty=\"true\">\n<\/p><h2>I dati del lavoro da casa<\/h2>\n<p class=\"\" data-rte-preserve-empty=\"true\">\n<\/p><p class=\"\">Questa \u00e8 la domanda che ci siamo posti nell\u2019offrire il nostro servizio e abbiamo pensato potesse essere di interesse comune condividere questi dati. Ad oggi si assiste a un aumento sostanziale del traffico interno (circa del 40% nei momenti di picco) rispetto allo stesso periodo prima di questa crisi sociale, a dimostrazione di un utilizzo molto pi\u00f9 marcato della rete per fini lavorativi.<\/p>\n<p class=\"\" data-rte-preserve-empty=\"true\">\n<\/p><div class=\"\n          image-block-outer-wrapper\n          layout-caption-below\n          design-layout-inline\n          combination-animation-none\n          individual-animation-none\n          individual-text-animation-none\n        \" data-test=\"image-block-inline-outer-wrapper\">\n<figure class=\"\n              sqs-block-image-figure\n              intrinsic\n            \" style=\"max-width: 1171.0px\">\n<div class=\"\n                image-block-wrapper\n\n                has-aspect-ratio\n              \" style=\"padding-bottom: 28.010250091552734%\" data-animation-role=\"image\"><br>\n&lt;img src=\u201c<a href=\"https:\/\/ticino.com\/de\/wiki\/https\/\" target=\"_self\" title=\"Potresti aver notato che alcuni siti presentano all'inizio del primo indirizzo sul browser la sigla HTTP o HTTPS. La sigla indica HyperText Transfer Protocol (e la S finale nel secondo caso aggiunge Secure) e la pi\u00f9 grande differenza indica che nel caso degli HTTPS, le informazioni dell'utente sul sito sono sicure e cifrate, grazie a\u2026\" class=\"encyclopedia\">https<\/a>:\/\/images.squarespace-cdn.com\/content\/v1\/5dc545b589ed905217592041\/1586446091841-G2NNCTCRMGUSZZC7CPS4\/ke17ZwdGBToddI8pDm48kLIA_2zoG5BPSapKRAceRlcUqsxRUqqbr1mOJYKfIPR7LoDQ9mXPOjoJoqy81S2I8N_N4V1vUb5AoIIIbLZhVYxCRW4BPu10St3TBAUQYVKcAyiJzNpUMz18wN6VZtCjK2Vjr385hpFKUKWwMkAdXwB7fp3YID6gr-5elaUAUtCP\/image.png\u201c alt=\u201cimage.png\u201c&gt;<img class=\"thumb-image\" alt=\"image.png\" data-src=\"https:\/\/images.squarespace-cdn.com\/content\/v1\/5dc545b589ed905217592041\/1586446091841-G2NNCTCRMGUSZZC7CPS4\/ke17ZwdGBToddI8pDm48kLIA_2zoG5BPSapKRAceRlcUqsxRUqqbr1mOJYKfIPR7LoDQ9mXPOjoJoqy81S2I8N_N4V1vUb5AoIIIbLZhVYxCRW4BPu10St3TBAUQYVKcAyiJzNpUMz18wN6VZtCjK2Vjr385hpFKUKWwMkAdXwB7fp3YID6gr-5elaUAUtCP\/image.png\" data-image=\"https:\/\/images.squarespace-cdn.com\/content\/v1\/5dc545b589ed905217592041\/1586446091841-G2NNCTCRMGUSZZC7CPS4\/ke17ZwdGBToddI8pDm48kLIA_2zoG5BPSapKRAceRlcUqsxRUqqbr1mOJYKfIPR7LoDQ9mXPOjoJoqy81S2I8N_N4V1vUb5AoIIIbLZhVYxCRW4BPu10St3TBAUQYVKcAyiJzNpUMz18wN6VZtCjK2Vjr385hpFKUKWwMkAdXwB7fp3YID6gr-5elaUAUtCP\/image.png\" data-image-dimensions=\"1171x328\" data-image-focal-point=\"0.5,0.5\" data-load=\"false\" data-image-id=\"5e8f3f0bb682926e67899395\" data-type=\"image\"><\/div>\n<\/figure>\n<\/div>\n<p class=\"\" data-rte-preserve-empty=\"true\">\n<\/p><p class=\"\">In questo grafico \u00e8 rappresentata una frazione del traffico che passa dai nostri collegamenti, il verde chiaro rappresenta il picco giornaliero (infatti l\u2019utilizzo della rete cambia sensibilmente in base all\u2019orario della giornata), mentre il verde scuro rappresenta la media giornaliera (che comunque \u00e8 sensibilmente pi\u00f9 alta rispetto a prima.<\/p>\n<p class=\"\">Il dato interessante che possiamo estrapolare da questi numeri \u00e8 che il traffico verso destinazioni svizzere \u00e8 pi\u00f9 che raddoppiato (come si evince dal grafico), un\u2019informazione che ci dimostra il largo utilizzo che viene fatto delle nostre connessioni per il lavoro da casa.<\/p>\n<p class=\"\">Questo aumento \u00e8 importante da considerare sotto diversi punti di vista: innanzitutto dimostra che le persone, seppur limitate, non rinunciano a rimanere in contatto con il mondo esterno, il quale continua a esistere e sar\u00e0 pronto ad accoglierci nuovamente una volta finita la quarantena.<\/p>\n<p class=\"\">Il secondo aspetto \u00e8 che, nonostante questo aumento sostanziale dell\u2019utilizzo della rete, le strutture stanno gestendo il traffico con il minimo di disagio, a dimostrazione dei passi in avanti ottenuti in questo campo negli ultimi anni.<\/p>\n<p class=\"\">Gi\u00e0 poco tempo fa, la rete non sarebbe stata in grado di reggere un afflusso cos\u00ec repentino di utenti senza subire una forte degradazione.<\/p>\n<p class=\"\">Infine possiamo trovare la fortuna nella sfortuna: il mondo ha affrontato numerose pandemie nel corso della sua storia e queste hanno sempre significato solitudine e paura. Paura di non sapere lo stato di salute dei propri cari, di non sapere cosa succede nel mondo esterno e di lottare contro un nemico ignoto.<\/p>\n<p class=\"\">Oggi, nonostante la paura aleggi ancora nell\u2019aria, questa viene mitigata dalla possibilit\u00e0 di informarsi e di parlare (o addirittura vedere) i nostri cari a distanza.<\/p>\n<p class=\"\">Faremo del nostro meglio affinch\u00e9 possiate continuare a farlo senza introduzioni e supereremo questo terribile periodo storico come abbiamo fatto altre volte in passato.<\/p>\n<p class=\"\">Abbiate pazienza e siate forti.<\/p>\n","protected":false},"excerpt":{"rendered":"<p class=\"\">In uno scorso articolo abbiamo provato a fare una previsione di come il nostro stile di vita potrebbe rimanere alterato anche alla fine di questa crisi e oggi ci concentriamo invece sul presente, andando a vedere in che modo esso \u00e8 gi\u00e0 mutato nelle scorse settimane.<\/p>\n","protected":false},"author":138280480,"featured_media":12010,"comment_status":"open","ping_status":"open","sticky":false,"template":"","format":"standard","meta":{"footnotes":""},"categories":[44],"tags":[58,81,127],"class_list":["post-60","post","type-post","status-publish","format-standard","has-post-thumbnail","hentry","category-approfondimenti","tag-approfondimento","tag-internet","tag-quarantena"],"yoast_head":"<!-- This site is optimized with the Yoast SEO Premium plugin v21.7 (Yoast SEO v23.7) - https:\/\/yoast.com\/wordpress\/plugins\/seo\/ -->\n<title>Come \u00e8 cambiato l\u2019uso di internet con la quarantena | Ticinocom SA<\/title>\n<meta name=\"robots\" content=\"index, follow, max-snippet:-1, max-image-preview:large, max-video-preview:-1\" \/>\n<link rel=\"canonical\" href=\"https:\/\/ticino.com\/de\/blog\/come-cambiato-luso-di-internet-con-la-quarantena\/\" \/>\n<meta property=\"og:locale\" content=\"de_DE\" \/>\n<meta property=\"og:type\" content=\"article\" \/>\n<meta property=\"og:title\" content=\"Come \u00e8 cambiato l\u2019uso di internet con la quarantena\" \/>\n<meta property=\"og:description\" content=\"In uno scorso articolo abbiamo provato a fare una previsione di come il nostro stile di vita potrebbe rimanere alterato anche alla fine di questa crisi e oggi ci concentriamo invece sul presente, andando a vedere in che modo esso \u00e8 gi\u00e0 mutato nelle scorse settimane.\" \/>\n<meta property=\"og:url\" content=\"https:\/\/ticino.com\/de\/blog\/come-cambiato-luso-di-internet-con-la-quarantena\/\" \/>\n<meta property=\"og:site_name\" content=\"Ticinocom SA\" \/>\n<meta property=\"article:publisher\" content=\"https:\/\/facebook.com\/ticinocom\" \/>\n<meta property=\"article:published_time\" content=\"2020-04-09T15:37:10+00:00\" \/>\n<meta property=\"article:modified_time\" content=\"2021-05-08T16:05:24+00:00\" \/>\n<meta property=\"og:image\" content=\"https:\/\/ticino.com\/wp-content\/uploads\/2020\/04\/Come-cambiato-luso-di-internet-con-la-quarantena-1.png\" \/>\n\t<meta property=\"og:image:width\" content=\"1080\" \/>\n\t<meta property=\"og:image:height\" content=\"1080\" \/>\n\t<meta property=\"og:image:type\" content=\"image\/png\" \/>\n<meta name=\"author\" content=\"Andrea Presenti\" \/>\n<meta name=\"twitter:card\" content=\"summary_large_image\" \/>\n<meta name=\"twitter:creator\" content=\"@and.presenti@gmail.com\" \/>\n<meta name=\"twitter:site\" content=\"@ticinocom\" \/>\n<meta name=\"twitter:label1\" content=\"Verfasst von\" \/>\n\t<meta name=\"twitter:data1\" content=\"Andrea Presenti\" \/>\n\t<meta name=\"twitter:label2\" content=\"Gesch\u00e4tzte Lesezeit\" \/>\n\t<meta name=\"twitter:data2\" content=\"4\u00a0Minuten\" \/>\n<script type=\"application\/ld+json\" class=\"yoast-schema-graph\">{\"@context\":\"https:\/\/schema.org\",\"@graph\":[{\"@type\":\"Article\",\"@id\":\"https:\/\/ticino.com\/de\/blog\/come-cambiato-luso-di-internet-con-la-quarantena\/#article\",\"isPartOf\":{\"@id\":\"https:\/\/ticino.com\/de\/blog\/come-cambiato-luso-di-internet-con-la-quarantena\/\"},\"author\":{\"name\":\"Andrea Presenti\",\"@id\":\"https:\/\/ticino.com\/de\/#\/schema\/person\/704df9c8d1af01bfa2367f9810ba319f\"},\"headline\":\"Come \u00e8 cambiato l\u2019uso di internet con la quarantena\",\"datePublished\":\"2020-04-09T15:37:10+00:00\",\"dateModified\":\"2021-05-08T16:05:24+00:00\",\"mainEntityOfPage\":{\"@id\":\"https:\/\/ticino.com\/de\/blog\/come-cambiato-luso-di-internet-con-la-quarantena\/\"},\"wordCount\":833,\"commentCount\":0,\"publisher\":{\"@id\":\"https:\/\/ticino.com\/de\/#organization\"},\"image\":{\"@id\":\"https:\/\/ticino.com\/de\/blog\/come-cambiato-luso-di-internet-con-la-quarantena\/#primaryimage\"},\"thumbnailUrl\":\"https:\/\/ticino.com\/wp-content\/uploads\/2020\/04\/Come-cambiato-luso-di-internet-con-la-quarantena-1.png\",\"keywords\":[\"approfondimento\",\"internet\",\"quarantena\"],\"articleSection\":[\"Approfondimenti\"],\"inLanguage\":\"de\",\"potentialAction\":[{\"@type\":\"CommentAction\",\"name\":\"Comment\",\"target\":[\"https:\/\/ticino.com\/de\/blog\/come-cambiato-luso-di-internet-con-la-quarantena\/#respond\"]}]},{\"@type\":\"WebPage\",\"@id\":\"https:\/\/ticino.com\/de\/blog\/come-cambiato-luso-di-internet-con-la-quarantena\/\",\"url\":\"https:\/\/ticino.com\/de\/blog\/come-cambiato-luso-di-internet-con-la-quarantena\/\",\"name\":\"Come \u00e8 cambiato l\u2019uso di internet con la quarantena | Ticinocom SA\",\"isPartOf\":{\"@id\":\"https:\/\/ticino.com\/de\/#website\"},\"primaryImageOfPage\":{\"@id\":\"https:\/\/ticino.com\/de\/blog\/come-cambiato-luso-di-internet-con-la-quarantena\/#primaryimage\"},\"image\":{\"@id\":\"https:\/\/ticino.com\/de\/blog\/come-cambiato-luso-di-internet-con-la-quarantena\/#primaryimage\"},\"thumbnailUrl\":\"https:\/\/ticino.com\/wp-content\/uploads\/2020\/04\/Come-cambiato-luso-di-internet-con-la-quarantena-1.png\",\"datePublished\":\"2020-04-09T15:37:10+00:00\",\"dateModified\":\"2021-05-08T16:05:24+00:00\",\"breadcrumb\":{\"@id\":\"https:\/\/ticino.com\/de\/blog\/come-cambiato-luso-di-internet-con-la-quarantena\/#breadcrumb\"},\"inLanguage\":\"de\",\"potentialAction\":[{\"@type\":\"ReadAction\",\"target\":[\"https:\/\/ticino.com\/de\/blog\/come-cambiato-luso-di-internet-con-la-quarantena\/\"]}]},{\"@type\":\"ImageObject\",\"inLanguage\":\"de\",\"@id\":\"https:\/\/ticino.com\/de\/blog\/come-cambiato-luso-di-internet-con-la-quarantena\/#primaryimage\",\"url\":\"https:\/\/ticino.com\/wp-content\/uploads\/2020\/04\/Come-cambiato-luso-di-internet-con-la-quarantena-1.png\",\"contentUrl\":\"https:\/\/ticino.com\/wp-content\/uploads\/2020\/04\/Come-cambiato-luso-di-internet-con-la-quarantena-1.png\",\"width\":1080,\"height\":1080,\"caption\":\"Come \u00e8 cambiato l\u2019uso di internet con la quarantena\"},{\"@type\":\"BreadcrumbList\",\"@id\":\"https:\/\/ticino.com\/de\/blog\/come-cambiato-luso-di-internet-con-la-quarantena\/#breadcrumb\",\"itemListElement\":[{\"@type\":\"ListItem\",\"position\":1,\"name\":\"Home\",\"item\":\"https:\/\/ticino.com\/de\/\"},{\"@type\":\"ListItem\",\"position\":2,\"name\":\"Come \u00e8 cambiato l\u2019uso di internet con la quarantena\"}]},{\"@type\":\"WebSite\",\"@id\":\"https:\/\/ticino.com\/de\/#website\",\"url\":\"https:\/\/ticino.com\/de\/\",\"name\":\"Ticinocom SA\",\"description\":\"Internet 100% made in Ticino\",\"publisher\":{\"@id\":\"https:\/\/ticino.com\/de\/#organization\"},\"potentialAction\":[{\"@type\":\"SearchAction\",\"target\":{\"@type\":\"EntryPoint\",\"urlTemplate\":\"https:\/\/ticino.com\/de\/?s={search_term_string}\"},\"query-input\":{\"@type\":\"PropertyValueSpecification\",\"valueRequired\":true,\"valueName\":\"search_term_string\"}}],\"inLanguage\":\"de\"},{\"@type\":\"Organization\",\"@id\":\"https:\/\/ticino.com\/de\/#organization\",\"name\":\"Ticinocom SA\",\"url\":\"https:\/\/ticino.com\/de\/\",\"logo\":{\"@type\":\"ImageObject\",\"inLanguage\":\"de\",\"@id\":\"https:\/\/ticino.com\/de\/#\/schema\/logo\/image\/\",\"url\":\"https:\/\/ticino.com\/wp-content\/uploads\/2020\/09\/ticinocom-logo.png\",\"contentUrl\":\"https:\/\/ticino.com\/wp-content\/uploads\/2020\/09\/ticinocom-logo.png\",\"width\":508,\"height\":84,\"caption\":\"Ticinocom SA\"},\"image\":{\"@id\":\"https:\/\/ticino.com\/de\/#\/schema\/logo\/image\/\"},\"sameAs\":[\"https:\/\/facebook.com\/ticinocom\",\"https:\/\/x.com\/ticinocom\",\"https:\/\/instagram.com\/ticinocomsa\",\"https:\/\/linkedin.com\/company\/ticinocom\"]},{\"@type\":\"Person\",\"@id\":\"https:\/\/ticino.com\/de\/#\/schema\/person\/704df9c8d1af01bfa2367f9810ba319f\",\"name\":\"Andrea Presenti\",\"image\":{\"@type\":\"ImageObject\",\"inLanguage\":\"de\",\"@id\":\"https:\/\/ticino.com\/de\/#\/schema\/person\/image\/\",\"url\":\"https:\/\/secure.gravatar.com\/avatar\/5a718af3bb087a1ea5755cde0e2a740d?s=96&d=mm&r=g\",\"contentUrl\":\"https:\/\/secure.gravatar.com\/avatar\/5a718af3bb087a1ea5755cde0e2a740d?s=96&d=mm&r=g\",\"caption\":\"Andrea Presenti\"},\"description\":\"Andrea Presenti, nato nel 21\/04\/1992, \u00e8 uno scrittore tecnico pubblicitario che lavora nel settore dal 2016, dopo aver conseguito un corso di Scrittura Creativa presso la Scuola Internazionale di Comics. Ha collaborato con aziende di tutto il mondo per la stesura di testi ed \u00e8 Lead Editor di Ticinocom dal 2019.\",\"sameAs\":[\"https:\/\/x.com\/and.presenti@gmail.com\"],\"url\":\"https:\/\/ticino.com\/de\/author\/and-presentigmail-com\/\"}]}<\/script>\n<!-- \/ Yoast SEO Premium plugin. -->","yoast_head_json":{"title":"Come \u00e8 cambiato l\u2019uso di internet con la quarantena | Ticinocom SA","robots":{"index":"index","follow":"follow","max-snippet":"max-snippet:-1","max-image-preview":"max-image-preview:large","max-video-preview":"max-video-preview:-1"},"canonical":"https:\/\/ticino.com\/de\/blog\/come-cambiato-luso-di-internet-con-la-quarantena\/","og_locale":"de_DE","og_type":"article","og_title":"Come \u00e8 cambiato l\u2019uso di internet con la quarantena","og_description":"In uno scorso articolo abbiamo provato a fare una previsione di come il nostro stile di vita potrebbe rimanere alterato anche alla fine di questa crisi e oggi ci concentriamo invece sul presente, andando a vedere in che modo esso \u00e8 gi\u00e0 mutato nelle scorse settimane.","og_url":"https:\/\/ticino.com\/de\/blog\/come-cambiato-luso-di-internet-con-la-quarantena\/","og_site_name":"Ticinocom SA","article_publisher":"https:\/\/facebook.com\/ticinocom","article_published_time":"2020-04-09T15:37:10+00:00","article_modified_time":"2021-05-08T16:05:24+00:00","og_image":[{"width":1080,"height":1080,"url":"https:\/\/ticino.com\/wp-content\/uploads\/2020\/04\/Come-cambiato-luso-di-internet-con-la-quarantena-1.png","type":"image\/png"}],"author":"Andrea Presenti","twitter_card":"summary_large_image","twitter_creator":"@and.presenti@gmail.com","twitter_site":"@ticinocom","twitter_misc":{"Verfasst von":"Andrea Presenti","Gesch\u00e4tzte Lesezeit":"4\u00a0Minuten"},"schema":{"@context":"https:\/\/schema.org","@graph":[{"@type":"Article","@id":"https:\/\/ticino.com\/de\/blog\/come-cambiato-luso-di-internet-con-la-quarantena\/#article","isPartOf":{"@id":"https:\/\/ticino.com\/de\/blog\/come-cambiato-luso-di-internet-con-la-quarantena\/"},"author":{"name":"Andrea Presenti","@id":"https:\/\/ticino.com\/de\/#\/schema\/person\/704df9c8d1af01bfa2367f9810ba319f"},"headline":"Come \u00e8 cambiato l\u2019uso di internet con la quarantena","datePublished":"2020-04-09T15:37:10+00:00","dateModified":"2021-05-08T16:05:24+00:00","mainEntityOfPage":{"@id":"https:\/\/ticino.com\/de\/blog\/come-cambiato-luso-di-internet-con-la-quarantena\/"},"wordCount":833,"commentCount":0,"publisher":{"@id":"https:\/\/ticino.com\/de\/#organization"},"image":{"@id":"https:\/\/ticino.com\/de\/blog\/come-cambiato-luso-di-internet-con-la-quarantena\/#primaryimage"},"thumbnailUrl":"https:\/\/ticino.com\/wp-content\/uploads\/2020\/04\/Come-cambiato-luso-di-internet-con-la-quarantena-1.png","keywords":["approfondimento","internet","quarantena"],"articleSection":["Approfondimenti"],"inLanguage":"de","potentialAction":[{"@type":"CommentAction","name":"Comment","target":["https:\/\/ticino.com\/de\/blog\/come-cambiato-luso-di-internet-con-la-quarantena\/#respond"]}]},{"@type":"WebPage","@id":"https:\/\/ticino.com\/de\/blog\/come-cambiato-luso-di-internet-con-la-quarantena\/","url":"https:\/\/ticino.com\/de\/blog\/come-cambiato-luso-di-internet-con-la-quarantena\/","name":"Come \u00e8 cambiato l\u2019uso di internet con la quarantena | Ticinocom SA","isPartOf":{"@id":"https:\/\/ticino.com\/de\/#website"},"primaryImageOfPage":{"@id":"https:\/\/ticino.com\/de\/blog\/come-cambiato-luso-di-internet-con-la-quarantena\/#primaryimage"},"image":{"@id":"https:\/\/ticino.com\/de\/blog\/come-cambiato-luso-di-internet-con-la-quarantena\/#primaryimage"},"thumbnailUrl":"https:\/\/ticino.com\/wp-content\/uploads\/2020\/04\/Come-cambiato-luso-di-internet-con-la-quarantena-1.png","datePublished":"2020-04-09T15:37:10+00:00","dateModified":"2021-05-08T16:05:24+00:00","breadcrumb":{"@id":"https:\/\/ticino.com\/de\/blog\/come-cambiato-luso-di-internet-con-la-quarantena\/#breadcrumb"},"inLanguage":"de","potentialAction":[{"@type":"ReadAction","target":["https:\/\/ticino.com\/de\/blog\/come-cambiato-luso-di-internet-con-la-quarantena\/"]}]},{"@type":"ImageObject","inLanguage":"de","@id":"https:\/\/ticino.com\/de\/blog\/come-cambiato-luso-di-internet-con-la-quarantena\/#primaryimage","url":"https:\/\/ticino.com\/wp-content\/uploads\/2020\/04\/Come-cambiato-luso-di-internet-con-la-quarantena-1.png","contentUrl":"https:\/\/ticino.com\/wp-content\/uploads\/2020\/04\/Come-cambiato-luso-di-internet-con-la-quarantena-1.png","width":1080,"height":1080,"caption":"Come \u00e8 cambiato l\u2019uso di internet con la quarantena"},{"@type":"BreadcrumbList","@id":"https:\/\/ticino.com\/de\/blog\/come-cambiato-luso-di-internet-con-la-quarantena\/#breadcrumb","itemListElement":[{"@type":"ListItem","position":1,"name":"Home","item":"https:\/\/ticino.com\/de\/"},{"@type":"ListItem","position":2,"name":"Come \u00e8 cambiato l\u2019uso di internet con la quarantena"}]},{"@type":"WebSite","@id":"https:\/\/ticino.com\/de\/#website","url":"https:\/\/ticino.com\/de\/","name":"Ticinocom SA","description":"Internet 100% made in Ticino","publisher":{"@id":"https:\/\/ticino.com\/de\/#organization"},"potentialAction":[{"@type":"SearchAction","target":{"@type":"EntryPoint","urlTemplate":"https:\/\/ticino.com\/de\/?s={search_term_string}"},"query-input":{"@type":"PropertyValueSpecification","valueRequired":true,"valueName":"search_term_string"}}],"inLanguage":"de"},{"@type":"Organization","@id":"https:\/\/ticino.com\/de\/#organization","name":"Ticinocom SA","url":"https:\/\/ticino.com\/de\/","logo":{"@type":"ImageObject","inLanguage":"de","@id":"https:\/\/ticino.com\/de\/#\/schema\/logo\/image\/","url":"https:\/\/ticino.com\/wp-content\/uploads\/2020\/09\/ticinocom-logo.png","contentUrl":"https:\/\/ticino.com\/wp-content\/uploads\/2020\/09\/ticinocom-logo.png","width":508,"height":84,"caption":"Ticinocom SA"},"image":{"@id":"https:\/\/ticino.com\/de\/#\/schema\/logo\/image\/"},"sameAs":["https:\/\/facebook.com\/ticinocom","https:\/\/x.com\/ticinocom","https:\/\/instagram.com\/ticinocomsa","https:\/\/linkedin.com\/company\/ticinocom"]},{"@type":"Person","@id":"https:\/\/ticino.com\/de\/#\/schema\/person\/704df9c8d1af01bfa2367f9810ba319f","name":"Andrea Presenti","image":{"@type":"ImageObject","inLanguage":"de","@id":"https:\/\/ticino.com\/de\/#\/schema\/person\/image\/","url":"https:\/\/secure.gravatar.com\/avatar\/5a718af3bb087a1ea5755cde0e2a740d?s=96&d=mm&r=g","contentUrl":"https:\/\/secure.gravatar.com\/avatar\/5a718af3bb087a1ea5755cde0e2a740d?s=96&d=mm&r=g","caption":"Andrea Presenti"},"description":"Andrea Presenti, nato nel 21\/04\/1992, \u00e8 uno scrittore tecnico pubblicitario che lavora nel settore dal 2016, dopo aver conseguito un corso di Scrittura Creativa presso la Scuola Internazionale di Comics. Ha collaborato con aziende di tutto il mondo per la stesura di testi ed \u00e8 Lead Editor di Ticinocom dal 2019.","sameAs":["https:\/\/x.com\/and.presenti@gmail.com"],"url":"https:\/\/ticino.com\/de\/author\/and-presentigmail-com\/"}]}},"_links":{"self":[{"href":"https:\/\/ticino.com\/de\/wp-json\/wp\/v2\/posts\/60"}],"collection":[{"href":"https:\/\/ticino.com\/de\/wp-json\/wp\/v2\/posts"}],"about":[{"href":"https:\/\/ticino.com\/de\/wp-json\/wp\/v2\/types\/post"}],"author":[{"embeddable":true,"href":"https:\/\/ticino.com\/de\/wp-json\/wp\/v2\/users\/138280480"}],"replies":[{"embeddable":true,"href":"https:\/\/ticino.com\/de\/wp-json\/wp\/v2\/comments?post=60"}],"version-history":[{"count":0,"href":"https:\/\/ticino.com\/de\/wp-json\/wp\/v2\/posts\/60\/revisions"}],"wp:featuredmedia":[{"embeddable":true,"href":"https:\/\/ticino.com\/de\/wp-json\/wp\/v2\/media\/12010"}],"wp:attachment":[{"href":"https:\/\/ticino.com\/de\/wp-json\/wp\/v2\/media?parent=60"}],"wp:term":[{"taxonomy":"category","embeddable":true,"href":"https:\/\/ticino.com\/de\/wp-json\/wp\/v2\/categories?post=60"},{"taxonomy":"post_tag","embeddable":true,"href":"https:\/\/ticino.com\/de\/wp-json\/wp\/v2\/tags?post=60"}],"curies":[{"name":"wp","href":"https:\/\/api.w.org\/{rel}","templated":true}]}}