{"id":19887,"date":"2024-09-05T00:21:02","date_gmt":"2024-09-04T22:21:02","guid":{"rendered":"https:\/\/ticino.com\/blog\/scopri-gli-eventi-culturali-in-ticino-un-viaggio-tra-arte-e-tradizione-2\/"},"modified":"2024-09-05T00:21:02","modified_gmt":"2024-09-04T22:21:02","slug":"scopri-gli-eventi-culturali-in-ticino-un-viaggio-tra-arte-e-tradizione-2","status":"publish","type":"post","link":"https:\/\/ticino.com\/de\/blog\/scopri-gli-eventi-culturali-in-ticino-un-viaggio-tra-arte-e-tradizione-2\/","title":{"rendered":"Scopri gli Eventi Culturali in Ticino: Un Viaggio tra Arte e Tradizione"},"content":{"rendered":"<h2>Festival Musicali: Note che Risvegliano l\u2019Anima<\/h2>\n<h3>LuganoMusica: Un Viaggio tra i Suoni<\/h3>\n<p>Ogni anno, LuganoMusica trasforma la citt\u00e0 in un palcoscenico vibrante. <strong>Artisti di fama internazionale<\/strong> si esibiscono in concerti che spaziano dalla musica classica al jazz, creando un\u2019atmosfera magica. Non c\u2019\u00e8 niente di meglio che perdersi tra le note e lasciarsi trasportare dalle emozioni.<\/p>\n<h3>Estival Jazz: Ritmi che Incantano<\/h3>\n<p>Estival Jazz \u00e8 un evento imperdibile per gli amanti del jazz. Le strade di Lugano si riempiono di <em>ritmi coinvolgenti<\/em> e melodie che incantano. Ogni angolo della citt\u00e0 vibra al suono di sax, trombe e pianoforti, offrendo un\u2019esperienza unica e indimenticabile.<\/p>\n<h3>Blues to Bop: Un Tuffo nel Passato<\/h3>\n<p>Blues to Bop \u00e8 un festival che celebra la musica blues e bop, portando il pubblico in un viaggio nel passato. Le performance dal vivo, spesso in spazi aperti, creano un\u2019atmosfera intima e accogliente. \u00c8 un\u2019occasione perfetta per scoprire o riscoprire i grandi classici del genere e lasciarsi trasportare dalle loro storie.<\/p>\n<h2>Teatro e Spettacoli: Emozioni sul Palco<\/h2>\n<p><img decoding=\"async\" style=\"max-width: 100%; max-height: 200px;\" src=\"https:\/\/contenu.nyc3.digitaloceanspaces.com\/journalist\/3a804569-d95b-4eab-bf89-900e364406a9\/thumbnail.jpeg\" alt=\"Actors performing on a vibrant theater stage\"><\/p>\n<p>Il Ticino offre una variet\u00e0 di <a href=\"https:\/\/ticino.com\/blog\/gli-eventi-culturali-in-ticino\/\" rel=\"noopener noreferrer\" target=\"_blank\">spettacoli teatrali che sanno emozionare<\/a> e coinvolgere. Ogni teatro ha la sua storia e il suo stile unico, rendendo ogni visita un\u2019esperienza indimenticabile.<\/p>\n<h3>Teatro Sociale di Bellinzona: Tradizione e Innovazione<\/h3>\n<p>Il Teatro Sociale di Bellinzona \u00e8 un luogo dove la <strong>tradizione<\/strong> incontra l\u2019innovazione. Qui, si possono vedere spettacoli che spaziano dai classici alle produzioni moderne. \u00c8 un punto di riferimento per chi ama il teatro e vuole vivere emozioni autentiche.<\/p>\n<h3>LAC Lugano Arte e Cultura: Un Palcoscenico Internazionale<\/h3>\n<p>Il LAC di Lugano \u00e8 un centro culturale che ospita eventi di rilevanza internazionale. Con una programmazione ricca e variegata, offre spettacoli di teatro, danza e musica. \u00c8 il luogo ideale per chi cerca <em>esperienze culturali<\/em> di alto livello.<\/p>\n<h3>Rassegna Home: Talenti Locali in Scena<\/h3>\n<p>La Rassegna Home \u00e8 dedicata ai talenti locali, offrendo loro un palcoscenico per esprimersi. \u00c8 un\u2019occasione unica per scoprire nuovi artisti e apprezzare la creativit\u00e0 del territorio. Un evento che celebra la comunit\u00e0 e la sua vitalit\u00e0 artistica.<\/p>\n<h2>Mostre d\u2019Arte: Un Tuffo nella Creativit\u00e0<\/h2>\n<h3>MASI Lugano: Capolavori da Scoprire<\/h3>\n<p>Visitare il MASI Lugano \u00e8 come fare un viaggio attraverso i capolavori dell\u2019arte. <strong>Ogni mostra \u00e8 curata con attenzione<\/strong> per offrire un\u2019esperienza unica. Le opere esposte spaziano dai grandi maestri del passato agli artisti contemporanei, creando un dialogo affascinante tra epoche diverse.<\/p>\n<h3>Museo d\u2019Arte di Mendrisio: Un Viaggio nel Tempo<\/h3>\n<p>Il Museo d\u2019Arte di Mendrisio \u00e8 un luogo dove il tempo sembra fermarsi. Le sue collezioni raccontano storie di epoche lontane, permettendo di immergersi nella <em>ricchezza culturale<\/em> del passato. Ogni sala del museo \u00e8 una finestra su un mondo diverso, pieno di colori e emozioni.<\/p>\n<h3>Galleria d\u2019Arte Moderna: Innovazione e Tradizione<\/h3>\n<p>La Galleria d\u2019Arte Moderna \u00e8 il punto d\u2019incontro tra innovazione e tradizione. Qui, le opere d\u2019arte moderna convivono con quelle classiche, creando un contrasto che stimola la riflessione. Le mostre temporanee offrono sempre nuove prospettive, rendendo ogni visita un\u2019avventura diversa.<\/p>\n<blockquote><p>\nLe mostre d\u2019arte in Ticino sono un\u2019occasione imperdibile per chi ama la creativit\u00e0 e vuole scoprire nuovi orizzonti artistici.\n<\/p><\/blockquote>\n<h2>Eventi Gastronomici: Un\u2019Esperienza per il Palato<\/h2>\n<h3>Sagra del Borgo: Sapori Autentici<\/h3>\n<p>La Sagra del Borgo \u00e8 un evento che non puoi perdere se ami la cucina tradizionale. Qui, puoi assaporare piatti tipici come la polenta e il risotto, preparati secondo le ricette di una volta. <strong>\u00c8 un\u2019occasione unica per immergersi nei sapori autentici del Ticino.<\/strong><\/p>\n<h3>Festa della Vendemmia: Tradizioni e Degustazioni<\/h3>\n<p>La Festa della Vendemmia celebra la raccolta dell\u2019uva con una serie di eventi che includono degustazioni di vini locali. \u00c8 un momento di festa e di condivisione, dove la comunit\u00e0 si riunisce per celebrare le tradizioni locali. <em>Non perdere l\u2019opportunit\u00e0<\/em> di assaggiare i vini del Ticino, famosi per la loro qualit\u00e0.<\/p>\n<h3>Mercato di Bellinzona: Prodotti Locali e Artigianali<\/h3>\n<p>Il Mercato di Bellinzona \u00e8 il luogo ideale per scoprire prodotti locali e artigianali. Qui puoi trovare di tutto, dai formaggi ai salumi, fino ai dolci tipici. \u00c8 un\u2019esperienza che ti permette di portare a casa un pezzo di Ticino e di conoscere meglio la cultura gastronomica della regione.<\/p>\n<blockquote><p>\nPartecipare a questi eventi gastronomici \u00e8 come fare un viaggio nei sapori e nelle tradizioni del Ticino. Ogni piatto racconta una storia, ogni sapore evoca un ricordo.\n<\/p><\/blockquote>\n<h2>Tradizioni e Folklore: Radici e Identit\u00e0<\/h2>\n<h3>Carnevale di Bellinzona: Colori e Allegria<\/h3>\n<p>Il Carnevale di Bellinzona \u00e8 un\u2019esplosione di <strong>colori e allegria<\/strong>. Ogni anno, le strade si riempiono di maschere, carri allegorici e musica. \u00c8 un evento che unisce la comunit\u00e0 e attira visitatori da ogni dove. Non c\u2019\u00e8 niente di meglio che immergersi in questa festa per sentire il vero spirito del Ticino.<\/p>\n<h3>Festa della Madonna del Sasso: Devozione e Comunit\u00e0<\/h3>\n<p>La Festa della Madonna del Sasso \u00e8 un momento di <em>devozione<\/em> profonda. La comunit\u00e0 si riunisce per celebrare questa ricorrenza religiosa con processioni e preghiere. \u00c8 un\u2019occasione per riscoprire le radici spirituali e rafforzare i legami tra i partecipanti.<\/p>\n<h3>Processione Storica di Mendrisio: Un\u2019Antica Tradizione<\/h3>\n<p>La Processione Storica di Mendrisio \u00e8 un evento che affonda le sue radici nel passato. Ogni anno, le strade del paese si trasformano in un palcoscenico vivente, dove attori in costume rievocano scene storiche. \u00c8 un\u2019esperienza unica che permette di fare un tuffo nel passato e apprezzare le tradizioni che hanno plasmato questa regione.<\/p>\n<blockquote><p>\nPartecipare a questi eventi significa immergersi nelle tradizioni vive del Ticino, scoprendo una cultura ricca e affascinante.\n<\/p><\/blockquote>\n<h2>Eventi Letterari: Parole che Ispirano<\/h2>\n<p>Immergiti nel mondo delle parole con gli eventi letterari in Ticino. Questi incontri non solo celebrano la scrittura, ma offrono anche un\u2019opportunit\u00e0 unica per scoprire nuove voci e idee.<\/p>\n<h3>Festival Internazionale di Letteratura: Voci dal Mondo<\/h3>\n<p>Ogni anno, il Festival Internazionale di Letteratura porta a Lugano autori da tutto il mondo. \u00c8 un\u2019occasione per ascoltare storie diverse e scoprire nuovi punti di vista. <strong>Non perdere l\u2019opportunit\u00e0<\/strong> di partecipare a questo evento straordinario.<\/p>\n<h3>Incontri Letterari di Ascona: Dialoghi e Scoperte<\/h3>\n<p>Gli Incontri Letterari di Ascona sono un momento di riflessione e dialogo. Qui, scrittori e lettori si incontrano per discutere di libri e idee. \u00c8 un evento che stimola la mente e il cuore.<\/p>\n<h3>Premio Chiara: Celebrazione della Scrittura<\/h3>\n<p>Il Premio Chiara \u00e8 un riconoscimento importante per gli autori di lingua italiana. Ogni anno, premia i migliori scrittori e le loro opere. <em>Partecipare a questa celebrazione<\/em> \u00e8 un modo per sostenere la letteratura e scoprire nuovi talenti.<\/p>\n<blockquote><p>\nProssimi eventi: sabato 26 ottobre 2024. Presentazione del romanzo \u201cGalel\u201d di Fanny Desarzens, Premio Svizzero di Letteratura 2023.\n<\/p><\/blockquote>\n","protected":false},"excerpt":{"rendered":"<p>Festival Musicali: Note che Risvegliano l&#8217;Anima LuganoMusica: Un Viaggio tra i Suoni Ogni anno, LuganoMusica trasforma la citt\u00e0 in un palcoscenico vibrante. Artisti di fama internazionale si esibiscono in concerti che spaziano dalla musica classica al jazz, creando un&#8217;atmosfera magica. Non c&#8217;\u00e8 niente di meglio che perdersi tra le note e lasciarsi trasportare dalle emozioni. [&hellip;]<\/p>\n","protected":false},"author":138280483,"featured_media":19885,"comment_status":"open","ping_status":"open","sticky":false,"template":"","format":"standard","meta":{"footnotes":""},"categories":[46],"tags":[],"class_list":["post-19887","post","type-post","status-publish","format-standard","has-post-thumbnail","hentry","category-consigli"],"yoast_head":"<!-- This site is optimized with the Yoast SEO Premium plugin v21.7 (Yoast SEO v23.7) - https:\/\/yoast.com\/wordpress\/plugins\/seo\/ -->\n<title>Scopri gli Eventi Culturali in Ticino: Un Viaggio tra Arte e Tradizione | Ticinocom SA<\/title>\n<meta name=\"robots\" content=\"index, follow, max-snippet:-1, max-image-preview:large, max-video-preview:-1\" \/>\n<link rel=\"canonical\" href=\"https:\/\/ticino.com\/de\/blog\/scopri-gli-eventi-culturali-in-ticino-un-viaggio-tra-arte-e-tradizione-2\/\" \/>\n<meta property=\"og:locale\" content=\"de_DE\" \/>\n<meta property=\"og:type\" content=\"article\" \/>\n<meta property=\"og:title\" content=\"Scopri gli Eventi Culturali in Ticino: Un Viaggio tra Arte e Tradizione\" \/>\n<meta property=\"og:description\" content=\"Festival Musicali: Note che Risvegliano l&#8217;Anima LuganoMusica: Un Viaggio tra i Suoni Ogni anno, LuganoMusica trasforma la citt\u00e0 in un palcoscenico vibrante. Artisti di fama internazionale si esibiscono in concerti che spaziano dalla musica classica al jazz, creando un&#8217;atmosfera magica. Non c&#8217;\u00e8 niente di meglio che perdersi tra le note e lasciarsi trasportare dalle emozioni. [&hellip;]\" \/>\n<meta property=\"og:url\" content=\"https:\/\/ticino.com\/de\/blog\/scopri-gli-eventi-culturali-in-ticino-un-viaggio-tra-arte-e-tradizione-2\/\" \/>\n<meta property=\"og:site_name\" content=\"Ticinocom SA\" \/>\n<meta property=\"article:publisher\" content=\"https:\/\/facebook.com\/ticinocom\" \/>\n<meta property=\"article:published_time\" content=\"2024-09-04T22:21:02+00:00\" \/>\n<meta property=\"og:image\" content=\"https:\/\/contenu.nyc3.digitaloceanspaces.com\/journalist\/3a804569-d95b-4eab-bf89-900e364406a9\/thumbnail.jpeg\" \/>\n<meta name=\"author\" content=\"Karl\" \/>\n<meta name=\"twitter:card\" content=\"summary_large_image\" \/>\n<meta name=\"twitter:creator\" content=\"@ticinocom\" \/>\n<meta name=\"twitter:site\" content=\"@ticinocom\" \/>\n<meta name=\"twitter:label1\" content=\"Verfasst von\" \/>\n\t<meta name=\"twitter:data1\" content=\"Karl\" \/>\n\t<meta name=\"twitter:label2\" content=\"Gesch\u00e4tzte Lesezeit\" \/>\n\t<meta name=\"twitter:data2\" content=\"5\u00a0Minuten\" \/>\n<script type=\"application\/ld+json\" class=\"yoast-schema-graph\">{\"@context\":\"https:\/\/schema.org\",\"@graph\":[{\"@type\":\"Article\",\"@id\":\"https:\/\/ticino.com\/de\/blog\/scopri-gli-eventi-culturali-in-ticino-un-viaggio-tra-arte-e-tradizione-2\/#article\",\"isPartOf\":{\"@id\":\"https:\/\/ticino.com\/de\/blog\/scopri-gli-eventi-culturali-in-ticino-un-viaggio-tra-arte-e-tradizione-2\/\"},\"author\":{\"name\":\"Karl\",\"@id\":\"https:\/\/ticino.com\/de\/#\/schema\/person\/ee0392429aac5d578b44a30e5e8fdef8\"},\"headline\":\"Scopri gli Eventi Culturali in Ticino: Un Viaggio tra Arte e Tradizione\",\"datePublished\":\"2024-09-04T22:21:02+00:00\",\"dateModified\":\"2024-09-04T22:21:02+00:00\",\"mainEntityOfPage\":{\"@id\":\"https:\/\/ticino.com\/de\/blog\/scopri-gli-eventi-culturali-in-ticino-un-viaggio-tra-arte-e-tradizione-2\/\"},\"wordCount\":1077,\"commentCount\":0,\"publisher\":{\"@id\":\"https:\/\/ticino.com\/de\/#organization\"},\"image\":{\"@id\":\"https:\/\/ticino.com\/de\/blog\/scopri-gli-eventi-culturali-in-ticino-un-viaggio-tra-arte-e-tradizione-2\/#primaryimage\"},\"thumbnailUrl\":\"https:\/\/ticino.com\/wp-content\/uploads\/2024\/09\/b2adf939thumbnail.jpeg\",\"articleSection\":[\"Consigli\"],\"inLanguage\":\"de\",\"potentialAction\":[{\"@type\":\"CommentAction\",\"name\":\"Comment\",\"target\":[\"https:\/\/ticino.com\/de\/blog\/scopri-gli-eventi-culturali-in-ticino-un-viaggio-tra-arte-e-tradizione-2\/#respond\"]}]},{\"@type\":\"WebPage\",\"@id\":\"https:\/\/ticino.com\/de\/blog\/scopri-gli-eventi-culturali-in-ticino-un-viaggio-tra-arte-e-tradizione-2\/\",\"url\":\"https:\/\/ticino.com\/de\/blog\/scopri-gli-eventi-culturali-in-ticino-un-viaggio-tra-arte-e-tradizione-2\/\",\"name\":\"Scopri gli Eventi Culturali in Ticino: Un Viaggio tra Arte e Tradizione | Ticinocom SA\",\"isPartOf\":{\"@id\":\"https:\/\/ticino.com\/de\/#website\"},\"primaryImageOfPage\":{\"@id\":\"https:\/\/ticino.com\/de\/blog\/scopri-gli-eventi-culturali-in-ticino-un-viaggio-tra-arte-e-tradizione-2\/#primaryimage\"},\"image\":{\"@id\":\"https:\/\/ticino.com\/de\/blog\/scopri-gli-eventi-culturali-in-ticino-un-viaggio-tra-arte-e-tradizione-2\/#primaryimage\"},\"thumbnailUrl\":\"https:\/\/ticino.com\/wp-content\/uploads\/2024\/09\/b2adf939thumbnail.jpeg\",\"datePublished\":\"2024-09-04T22:21:02+00:00\",\"dateModified\":\"2024-09-04T22:21:02+00:00\",\"breadcrumb\":{\"@id\":\"https:\/\/ticino.com\/de\/blog\/scopri-gli-eventi-culturali-in-ticino-un-viaggio-tra-arte-e-tradizione-2\/#breadcrumb\"},\"inLanguage\":\"de\",\"potentialAction\":[{\"@type\":\"ReadAction\",\"target\":[\"https:\/\/ticino.com\/de\/blog\/scopri-gli-eventi-culturali-in-ticino-un-viaggio-tra-arte-e-tradizione-2\/\"]}]},{\"@type\":\"ImageObject\",\"inLanguage\":\"de\",\"@id\":\"https:\/\/ticino.com\/de\/blog\/scopri-gli-eventi-culturali-in-ticino-un-viaggio-tra-arte-e-tradizione-2\/#primaryimage\",\"url\":\"https:\/\/ticino.com\/wp-content\/uploads\/2024\/09\/b2adf939thumbnail.jpeg\",\"contentUrl\":\"https:\/\/ticino.com\/wp-content\/uploads\/2024\/09\/b2adf939thumbnail.jpeg\",\"width\":1024,\"height\":512,\"caption\":\"Eventi culturali in Ticino con danze e arte\"},{\"@type\":\"BreadcrumbList\",\"@id\":\"https:\/\/ticino.com\/de\/blog\/scopri-gli-eventi-culturali-in-ticino-un-viaggio-tra-arte-e-tradizione-2\/#breadcrumb\",\"itemListElement\":[{\"@type\":\"ListItem\",\"position\":1,\"name\":\"Home\",\"item\":\"https:\/\/ticino.com\/de\/\"},{\"@type\":\"ListItem\",\"position\":2,\"name\":\"Scopri gli Eventi Culturali in Ticino: Un Viaggio tra Arte e Tradizione\"}]},{\"@type\":\"WebSite\",\"@id\":\"https:\/\/ticino.com\/de\/#website\",\"url\":\"https:\/\/ticino.com\/de\/\",\"name\":\"Ticinocom SA\",\"description\":\"Internet 100% made in Ticino\",\"publisher\":{\"@id\":\"https:\/\/ticino.com\/de\/#organization\"},\"potentialAction\":[{\"@type\":\"SearchAction\",\"target\":{\"@type\":\"EntryPoint\",\"urlTemplate\":\"https:\/\/ticino.com\/de\/?s={search_term_string}\"},\"query-input\":{\"@type\":\"PropertyValueSpecification\",\"valueRequired\":true,\"valueName\":\"search_term_string\"}}],\"inLanguage\":\"de\"},{\"@type\":\"Organization\",\"@id\":\"https:\/\/ticino.com\/de\/#organization\",\"name\":\"Ticinocom SA\",\"url\":\"https:\/\/ticino.com\/de\/\",\"logo\":{\"@type\":\"ImageObject\",\"inLanguage\":\"de\",\"@id\":\"https:\/\/ticino.com\/de\/#\/schema\/logo\/image\/\",\"url\":\"https:\/\/ticino.com\/wp-content\/uploads\/2020\/09\/ticinocom-logo.png\",\"contentUrl\":\"https:\/\/ticino.com\/wp-content\/uploads\/2020\/09\/ticinocom-logo.png\",\"width\":508,\"height\":84,\"caption\":\"Ticinocom SA\"},\"image\":{\"@id\":\"https:\/\/ticino.com\/de\/#\/schema\/logo\/image\/\"},\"sameAs\":[\"https:\/\/facebook.com\/ticinocom\",\"https:\/\/x.com\/ticinocom\",\"https:\/\/instagram.com\/ticinocomsa\",\"https:\/\/linkedin.com\/company\/ticinocom\"]},{\"@type\":\"Person\",\"@id\":\"https:\/\/ticino.com\/de\/#\/schema\/person\/ee0392429aac5d578b44a30e5e8fdef8\",\"name\":\"Karl\",\"image\":{\"@type\":\"ImageObject\",\"inLanguage\":\"de\",\"@id\":\"https:\/\/ticino.com\/de\/#\/schema\/person\/image\/\",\"url\":\"https:\/\/secure.gravatar.com\/avatar\/39e3eb687ead68b445998a4f49096509?s=96&d=mm&r=g\",\"contentUrl\":\"https:\/\/secure.gravatar.com\/avatar\/39e3eb687ead68b445998a4f49096509?s=96&d=mm&r=g\",\"caption\":\"Karl\"},\"url\":\"https:\/\/ticino.com\/de\/author\/karl\/\"}]}<\/script>\n<!-- \/ Yoast SEO Premium plugin. -->","yoast_head_json":{"title":"Scopri gli Eventi Culturali in Ticino: Un Viaggio tra Arte e Tradizione | Ticinocom SA","robots":{"index":"index","follow":"follow","max-snippet":"max-snippet:-1","max-image-preview":"max-image-preview:large","max-video-preview":"max-video-preview:-1"},"canonical":"https:\/\/ticino.com\/de\/blog\/scopri-gli-eventi-culturali-in-ticino-un-viaggio-tra-arte-e-tradizione-2\/","og_locale":"de_DE","og_type":"article","og_title":"Scopri gli Eventi Culturali in Ticino: Un Viaggio tra Arte e Tradizione","og_description":"Festival Musicali: Note che Risvegliano l&#8217;Anima LuganoMusica: Un Viaggio tra i Suoni Ogni anno, LuganoMusica trasforma la citt\u00e0 in un palcoscenico vibrante. Artisti di fama internazionale si esibiscono in concerti che spaziano dalla musica classica al jazz, creando un&#8217;atmosfera magica. Non c&#8217;\u00e8 niente di meglio che perdersi tra le note e lasciarsi trasportare dalle emozioni. [&hellip;]","og_url":"https:\/\/ticino.com\/de\/blog\/scopri-gli-eventi-culturali-in-ticino-un-viaggio-tra-arte-e-tradizione-2\/","og_site_name":"Ticinocom SA","article_publisher":"https:\/\/facebook.com\/ticinocom","article_published_time":"2024-09-04T22:21:02+00:00","og_image":[{"url":"https:\/\/contenu.nyc3.digitaloceanspaces.com\/journalist\/3a804569-d95b-4eab-bf89-900e364406a9\/thumbnail.jpeg"}],"author":"Karl","twitter_card":"summary_large_image","twitter_creator":"@ticinocom","twitter_site":"@ticinocom","twitter_misc":{"Verfasst von":"Karl","Gesch\u00e4tzte Lesezeit":"5\u00a0Minuten"},"schema":{"@context":"https:\/\/schema.org","@graph":[{"@type":"Article","@id":"https:\/\/ticino.com\/de\/blog\/scopri-gli-eventi-culturali-in-ticino-un-viaggio-tra-arte-e-tradizione-2\/#article","isPartOf":{"@id":"https:\/\/ticino.com\/de\/blog\/scopri-gli-eventi-culturali-in-ticino-un-viaggio-tra-arte-e-tradizione-2\/"},"author":{"name":"Karl","@id":"https:\/\/ticino.com\/de\/#\/schema\/person\/ee0392429aac5d578b44a30e5e8fdef8"},"headline":"Scopri gli Eventi Culturali in Ticino: Un Viaggio tra Arte e Tradizione","datePublished":"2024-09-04T22:21:02+00:00","dateModified":"2024-09-04T22:21:02+00:00","mainEntityOfPage":{"@id":"https:\/\/ticino.com\/de\/blog\/scopri-gli-eventi-culturali-in-ticino-un-viaggio-tra-arte-e-tradizione-2\/"},"wordCount":1077,"commentCount":0,"publisher":{"@id":"https:\/\/ticino.com\/de\/#organization"},"image":{"@id":"https:\/\/ticino.com\/de\/blog\/scopri-gli-eventi-culturali-in-ticino-un-viaggio-tra-arte-e-tradizione-2\/#primaryimage"},"thumbnailUrl":"https:\/\/ticino.com\/wp-content\/uploads\/2024\/09\/b2adf939thumbnail.jpeg","articleSection":["Consigli"],"inLanguage":"de","potentialAction":[{"@type":"CommentAction","name":"Comment","target":["https:\/\/ticino.com\/de\/blog\/scopri-gli-eventi-culturali-in-ticino-un-viaggio-tra-arte-e-tradizione-2\/#respond"]}]},{"@type":"WebPage","@id":"https:\/\/ticino.com\/de\/blog\/scopri-gli-eventi-culturali-in-ticino-un-viaggio-tra-arte-e-tradizione-2\/","url":"https:\/\/ticino.com\/de\/blog\/scopri-gli-eventi-culturali-in-ticino-un-viaggio-tra-arte-e-tradizione-2\/","name":"Scopri gli Eventi Culturali in Ticino: Un Viaggio tra Arte e Tradizione | Ticinocom SA","isPartOf":{"@id":"https:\/\/ticino.com\/de\/#website"},"primaryImageOfPage":{"@id":"https:\/\/ticino.com\/de\/blog\/scopri-gli-eventi-culturali-in-ticino-un-viaggio-tra-arte-e-tradizione-2\/#primaryimage"},"image":{"@id":"https:\/\/ticino.com\/de\/blog\/scopri-gli-eventi-culturali-in-ticino-un-viaggio-tra-arte-e-tradizione-2\/#primaryimage"},"thumbnailUrl":"https:\/\/ticino.com\/wp-content\/uploads\/2024\/09\/b2adf939thumbnail.jpeg","datePublished":"2024-09-04T22:21:02+00:00","dateModified":"2024-09-04T22:21:02+00:00","breadcrumb":{"@id":"https:\/\/ticino.com\/de\/blog\/scopri-gli-eventi-culturali-in-ticino-un-viaggio-tra-arte-e-tradizione-2\/#breadcrumb"},"inLanguage":"de","potentialAction":[{"@type":"ReadAction","target":["https:\/\/ticino.com\/de\/blog\/scopri-gli-eventi-culturali-in-ticino-un-viaggio-tra-arte-e-tradizione-2\/"]}]},{"@type":"ImageObject","inLanguage":"de","@id":"https:\/\/ticino.com\/de\/blog\/scopri-gli-eventi-culturali-in-ticino-un-viaggio-tra-arte-e-tradizione-2\/#primaryimage","url":"https:\/\/ticino.com\/wp-content\/uploads\/2024\/09\/b2adf939thumbnail.jpeg","contentUrl":"https:\/\/ticino.com\/wp-content\/uploads\/2024\/09\/b2adf939thumbnail.jpeg","width":1024,"height":512,"caption":"Eventi culturali in Ticino con danze e arte"},{"@type":"BreadcrumbList","@id":"https:\/\/ticino.com\/de\/blog\/scopri-gli-eventi-culturali-in-ticino-un-viaggio-tra-arte-e-tradizione-2\/#breadcrumb","itemListElement":[{"@type":"ListItem","position":1,"name":"Home","item":"https:\/\/ticino.com\/de\/"},{"@type":"ListItem","position":2,"name":"Scopri gli Eventi Culturali in Ticino: Un Viaggio tra Arte e Tradizione"}]},{"@type":"WebSite","@id":"https:\/\/ticino.com\/de\/#website","url":"https:\/\/ticino.com\/de\/","name":"Ticinocom SA","description":"Internet 100% made in Ticino","publisher":{"@id":"https:\/\/ticino.com\/de\/#organization"},"potentialAction":[{"@type":"SearchAction","target":{"@type":"EntryPoint","urlTemplate":"https:\/\/ticino.com\/de\/?s={search_term_string}"},"query-input":{"@type":"PropertyValueSpecification","valueRequired":true,"valueName":"search_term_string"}}],"inLanguage":"de"},{"@type":"Organization","@id":"https:\/\/ticino.com\/de\/#organization","name":"Ticinocom SA","url":"https:\/\/ticino.com\/de\/","logo":{"@type":"ImageObject","inLanguage":"de","@id":"https:\/\/ticino.com\/de\/#\/schema\/logo\/image\/","url":"https:\/\/ticino.com\/wp-content\/uploads\/2020\/09\/ticinocom-logo.png","contentUrl":"https:\/\/ticino.com\/wp-content\/uploads\/2020\/09\/ticinocom-logo.png","width":508,"height":84,"caption":"Ticinocom SA"},"image":{"@id":"https:\/\/ticino.com\/de\/#\/schema\/logo\/image\/"},"sameAs":["https:\/\/facebook.com\/ticinocom","https:\/\/x.com\/ticinocom","https:\/\/instagram.com\/ticinocomsa","https:\/\/linkedin.com\/company\/ticinocom"]},{"@type":"Person","@id":"https:\/\/ticino.com\/de\/#\/schema\/person\/ee0392429aac5d578b44a30e5e8fdef8","name":"Karl","image":{"@type":"ImageObject","inLanguage":"de","@id":"https:\/\/ticino.com\/de\/#\/schema\/person\/image\/","url":"https:\/\/secure.gravatar.com\/avatar\/39e3eb687ead68b445998a4f49096509?s=96&d=mm&r=g","contentUrl":"https:\/\/secure.gravatar.com\/avatar\/39e3eb687ead68b445998a4f49096509?s=96&d=mm&r=g","caption":"Karl"},"url":"https:\/\/ticino.com\/de\/author\/karl\/"}]}},"_links":{"self":[{"href":"https:\/\/ticino.com\/de\/wp-json\/wp\/v2\/posts\/19887"}],"collection":[{"href":"https:\/\/ticino.com\/de\/wp-json\/wp\/v2\/posts"}],"about":[{"href":"https:\/\/ticino.com\/de\/wp-json\/wp\/v2\/types\/post"}],"author":[{"embeddable":true,"href":"https:\/\/ticino.com\/de\/wp-json\/wp\/v2\/users\/138280483"}],"replies":[{"embeddable":true,"href":"https:\/\/ticino.com\/de\/wp-json\/wp\/v2\/comments?post=19887"}],"version-history":[{"count":0,"href":"https:\/\/ticino.com\/de\/wp-json\/wp\/v2\/posts\/19887\/revisions"}],"wp:featuredmedia":[{"embeddable":true,"href":"https:\/\/ticino.com\/de\/wp-json\/wp\/v2\/media\/19885"}],"wp:attachment":[{"href":"https:\/\/ticino.com\/de\/wp-json\/wp\/v2\/media?parent=19887"}],"wp:term":[{"taxonomy":"category","embeddable":true,"href":"https:\/\/ticino.com\/de\/wp-json\/wp\/v2\/categories?post=19887"},{"taxonomy":"post_tag","embeddable":true,"href":"https:\/\/ticino.com\/de\/wp-json\/wp\/v2\/tags?post=19887"}],"curies":[{"name":"wp","href":"https:\/\/api.w.org\/{rel}","templated":true}]}}