{"id":19113,"date":"2024-05-06T04:47:02","date_gmt":"2024-05-06T02:47:02","guid":{"rendered":"https:\/\/ticino.com\/blog\/ticino-e-sostenibilita-iniziative-verdi-nella-regione-piu-a-sud-della-svizzera\/"},"modified":"2024-05-06T04:47:02","modified_gmt":"2024-05-06T02:47:02","slug":"ticino-e-sostenibilita-iniziative-verdi-nella-regione-piu-a-sud-della-svizzera","status":"publish","type":"post","link":"https:\/\/ticino.com\/de\/blog\/ticino-e-sostenibilita-iniziative-verdi-nella-regione-piu-a-sud-della-svizzera\/","title":{"rendered":"Ticino e sostenibilit\u00e0: Iniziative Verdi nella Regione Pi\u00f9 a Sud della Svizzera"},"content":{"rendered":"<h2>Impulso alla Mobilit\u00e0 Sostenibile in Ticino<\/h2>\n<p><img decoding=\"async\" style=\"max-width: 100%; max-height: 200px;\" src=\"https:\/\/contenu.nyc3.digitaloceanspaces.com\/journalist\/8084433c-c88e-4904-8ba3-c9e6459d50dc\/thumbnail.jpeg\" alt=\"Impulso alla Mobilit\u00e0 Sostenibile in Ticino\"><\/p>\n<h3>Espansione della rete ciclabile<\/h3>\n<p>In Ticino, stiamo lavorando intensamente per espandere la rete ciclabile, rendendo cos\u00ec pi\u00f9 accessibili e sicuri i percorsi per i ciclisti. Questo non solo promuove uno stile di vita pi\u00f9 sano, ma contribuisce anche a ridurre il traffico e le emissioni di CO2. <strong>L\u2019obiettivo \u00e8 di raddoppiare i chilometri di piste ciclabili entro i prossimi cinque anni.<\/strong><\/p>\n<h3>Incentivi per l\u2019uso di veicoli elettrici<\/h3>\n<p>Per incentivare l\u2019uso di veicoli elettrici, il governo del Ticino ha introdotto una serie di misure di sostegno, tra cui sussidi per l\u2019acquisto e l\u2019installazione di stazioni di ricarica private. Queste iniziative mirano a rendere i veicoli elettrici una scelta pi\u00f9 accessibile e conveniente per tutti, contribuendo significativamente alla riduzione delle emissioni nocive.<\/p>\n<h3>Miglioramenti nel trasporto pubblico locale<\/h3>\n<p>Stiamo migliorando il trasporto pubblico per renderlo pi\u00f9 efficiente e meno impattante sull\u2019ambiente. L\u2019introduzione di autobus elettrici e l\u2018<a href=\"https:\/\/www.gruppoiren.it\/content\/dam\/iren\/documents\/it\/sostenibilit%C3%A0\/bilanci-di-sostenibilit%C3%A0\/Iren_BDS-23-interattivo.pdf\">incremento delle frequenze<\/a> delle corse sono solo alcuni degli esempi di come stiamo lavorando per offrire alternative sostenibili all\u2019uso dell\u2019auto privata. La <em>mobilit\u00e0 sostenibile<\/em> \u00e8 essenziale per il futuro del nostro pianeta e per la qualit\u00e0 della vita nella nostra regione.<\/p>\n<h2>Progetti di Energia Rinnovabile<\/h2>\n<p><img decoding=\"async\" style=\"max-width: 100%; max-height: 200px;\" src=\"https:\/\/contenu.nyc3.digitaloceanspaces.com\/journalist\/b93f55c4-03fa-433b-8d89-306025ff3e0e\/thumbnail.jpeg\" alt=\"Progetti di Energia Rinnovabile\"><\/p>\n<h3>Impianti solari e loro impatto<\/h3>\n<p>In Ticino, stiamo assistendo a una crescita significativa degli impianti solari. Questi progetti non solo contribuiscono a ridurre l\u2019impronta carbonica, ma stimolano anche l\u2019economia locale, creando nuovi posti di lavoro. <strong>L\u2019energia solare \u00e8 diventata una componente fondamentale della nostra strategia energetica.<\/strong><\/p>\n<h3>Sviluppo dell\u2019energia idroelettrica<\/h3>\n<p>L\u2018<a href=\"https:\/\/www.power-technology.com\/data-insights\/power-plant-profile-gotthard-wind-farm-switzerland\/\">energia idroelettrica<\/a>, grazie alla sua abbondanza in Ticino, rappresenta una delle principali fonti di energia rinnovabile. Stiamo lavorando per modernizzare e espandere le nostre infrastrutture esistenti, garantendo cos\u00ec un approvvigionamento energetico sostenibile e affidabile per tutti.<\/p>\n<h3>Iniziative di geotermia nella regione<\/h3>\n<p>La geotermia \u00e8 una risorsa preziosa che stiamo esplorando con grande interesse. Le iniziative in corso promettono di sfruttare il calore terrestre per produrre energia pulita, riducendo ulteriormente la nostra dipendenza dai combustibili fossili e promuovendo un futuro pi\u00f9 verde.<\/p>\n<h2>Educazione Ambientale e Sensibilizzazione<\/h2>\n<p><img decoding=\"async\" style=\"max-width: 100%; max-height: 200px;\" src=\"https:\/\/contenu.nyc3.digitaloceanspaces.com\/journalist\/1d8fb1c6-0642-4c77-bb42-d149be4a0448\/thumbnail.jpeg\" alt=\"Educazione Ambientale e Sensibilizzazione\"><\/p>\n<h3>Programmi scolastici sul rispetto dell\u2019ambiente<\/h3>\n<p>Credo fermamente nell\u2019importanza di integrare l\u2019educazione ambientale fin dalla tenera et\u00e0. Nei programmi scolastici del Ticino, stiamo lavorando per inserire moduli dedicati al rispetto e alla cura del nostro pianeta. Questo non solo informa i giovani, ma li trasforma in <em>ambasciatori<\/em> della sostenibilit\u00e0 nelle loro comunit\u00e0.<\/p>\n<h3>Eventi comunitari per la promozione della sostenibilit\u00e0<\/h3>\n<p>Organizzare eventi comunitari \u00e8 un modo eccellente per coinvolgere tutti i cittadini. Attraverso workshop, seminari e attivit\u00e0 pratiche, possiamo diffondere la consapevolezza e stimolare un cambiamento positivo. <strong>La partecipazione attiva \u00e8 essenziale<\/strong> per il successo di queste iniziative.<\/p>\n<h3>Collaborazioni con universit\u00e0 e centri di ricerca<\/h3>\n<p>La collaborazione con istituzioni accademiche e centri di ricerca \u00e8 cruciale. Questi partenariati permettono di sviluppare nuove soluzioni e strategie per un futuro pi\u00f9 verde. Insieme, possiamo affrontare le sfide ambientali con innovazione e scienza.<\/p>\n<h2>Riduzione dei Rifiuti e Riciclaggio<\/h2>\n<p><img decoding=\"async\" style=\"max-width: 100%; max-height: 200px;\" src=\"https:\/\/contenu.nyc3.digitaloceanspaces.com\/journalist\/dea35386-b069-4acd-9db8-6d43ad2afac5\/thumbnail.jpeg\" alt=\"Riduzione dei Rifiuti e Riciclaggio\"><\/p>\n<h3>Politiche per la riduzione della plastica<\/h3>\n<p>In Ticino, stiamo adottando misure decise per ridurre l\u2019uso della plastica. <strong>L\u2019obiettivo \u00e8 minimizzare l\u2019impatto ambientale<\/strong> e promuovere alternative sostenibili. Queste politiche includono divieti su certi tipi di plastica monouso e incentivi per prodotti riutilizzabili.<\/p>\n<h3>Centri di riciclaggio avanzati<\/h3>\n<p>I nostri centri di riciclaggio sono dotati delle tecnologie pi\u00f9 avanzate per garantire un processo efficiente e meno impattante per l\u2019ambiente. Questo permette di massimizzare la <em>riutilizzabilit\u00e0<\/em> dei materiali e ridurre i rifiuti finali.<\/p>\n<h3>Campagne di sensibilizzazione al riciclo<\/h3>\n<p>Stiamo intensificando le campagne di sensibilizzazione per educare la popolazione sull\u2019importanza del riciclo. Queste iniziative sono cruciali per cambiare le abitudini quotidiane e aumentare la percentuale di rifiuti riciclati.<\/p>\n<blockquote><p>\nAttraverso queste azioni, speriamo di instaurare una cultura del riciclo pi\u00f9 forte e di ridurre significativamente i rifiuti in Ticino.\n<\/p><\/blockquote>\n<h2>Conservazione della Biodiversit\u00e0 in Ticino<\/h2>\n<p><img decoding=\"async\" style=\"max-width: 100%; max-height: 200px;\" src=\"https:\/\/contenu.nyc3.digitaloceanspaces.com\/journalist\/fbadb89f-e771-45de-90e7-e3176453f4af\/thumbnail.jpeg\" alt=\"Conservazione della Biodiversit\u00e0 in Ticino\"><\/p>\n<h3>Protezione delle specie endemiche<\/h3>\n<p>Mi impegno a <a href=\"https:\/\/ticino.com\/blog\/ticino-e-sostenibilita-una-visione-verde-per-il-futuro\/\">proteggere le specie endemiche<\/a> del Ticino, lavorando a stretto contatto con esperti locali per identificare e salvaguardare la nostra unica fauna e flora. <strong>L\u2019importanza di preservare queste specie \u00e8 cruciale<\/strong> per mantenere l\u2019equilibrio ecologico della regione.<\/p>\n<h3>Ripristino degli habitat naturali<\/h3>\n<p>Il ripristino degli habitat naturali \u00e8 essenziale per garantire un futuro sostenibile. Attraverso progetti mirati, ristabilisco aree degradate, promuovendo la <em>biodiversit\u00e0<\/em> e migliorando la qualit\u00e0 dell\u2019ambiente.<\/p>\n<h3>Programmi di monitoraggio ambientale<\/h3>\n<p>Implemento programmi di monitoraggio ambientale per valutare l\u2019efficacia delle misure di conservazione. Questi programmi aiutano a raccogliere dati preziosi e a fare aggiustamenti strategici, assicurando che le nostre azioni siano sempre guidate dalla scienza e dalla ricerca.<\/p>\n<h2>Agricoltura Sostenibile e Prodotti Locali<\/h2>\n<p><img decoding=\"async\" style=\"max-width: 100%; max-height: 200px;\" src=\"https:\/\/contenu.nyc3.digitaloceanspaces.com\/journalist\/fbcf921a-1c36-4493-9551-5c8fb2335491\/thumbnail.jpeg\" alt=\"Agricoltura Sostenibile e Prodotti Locali\"><\/p>\n<h3>Supporto agli agricoltori locali<\/h3>\n<p>Mi impegno attivamente a supportare gli agricoltori locali, consapevole del loro ruolo cruciale nell\u2019economia e nell\u2019ecosistema di Ticino. Attraverso incentivi e formazioni, aiuto a mantenere viva la tradizione agricola, garantendo al contempo pratiche sostenibili.<\/p>\n<h3>Promozione del consumo di prodotti a km zero<\/h3>\n<p><strong>Consumare <a href=\"https:\/\/www.rsi.ch\/food\/extra\/Guida-pratica-per-una-spesa-sostenibile-in-Ticino--2118622.html\">prodotti a km zero<\/a><\/strong> non solo aiuta l\u2019ambiente riducendo le emissioni di CO2, ma sostiene anche l\u2019economia locale. Organizzo eventi e campagne di sensibilizzazione per educare i cittadini sull\u2019importanza di scegliere prodotti locali.<\/p>\n<h3>Tecniche agricole rispettose dell\u2019ambiente<\/h3>\n<p>L\u2019adozione di tecniche agricole rispettose dell\u2019ambiente \u00e8 essenziale per la sostenibilit\u00e0 a lungo termine. Promuovo l\u2019uso di metodi biologici e <em>permacultura<\/em>, minimizzando l\u2019impatto ambientale e migliorando la biodiversit\u00e0.<\/p>\n<blockquote><p>\nIn Ticino, l\u2019agricoltura sostenibile non \u00e8 solo una scelta, ma una necessit\u00e0 per preservare la nostra terra per le generazioni future.\n<\/p><\/blockquote>\n<h2>Turismo Verde e Responsabile<\/h2>\n<p><img decoding=\"async\" style=\"max-width: 100%; max-height: 200px;\" src=\"https:\/\/contenu.nyc3.digitaloceanspaces.com\/journalist\/df4e6dcb-d640-42cc-bea7-52707b773862\/thumbnail.jpeg\" alt=\"Turismo Verde e Responsabile\"><\/p>\n<h3>Eco-alloggi e strutture sostenibili<\/h3>\n<p>Nel mio impegno per un turismo pi\u00f9 sostenibile, ho dato priorit\u00e0 alla promozione di eco-alloggi. Queste strutture non solo rispettano l\u2019ambiente, ma offrono anche un\u2019esperienza autentica e immersiva nella natura del Ticino. <strong>L\u2019adozione di energie rinnovabili e la riduzione dei rifiuti sono pratiche standard in questi alloggi.<\/strong><\/p>\n<h3>Itinerari ecologici per i turisti<\/h3>\n<p>Ho lavorato per sviluppare itinerari ecologici che permettano ai turisti di esplorare il Ticino in modi che rispettino il nostro magnifico paesaggio. Questi percorsi sono pensati per minimizzare l\u2019impatto ambientale e massimizzare l\u2019esperienza culturale e naturale.<\/p>\n<h3>Certificazioni verdi per le imprese turistiche<\/h3>\n<p>Incoraggiare le imprese turistiche a ottenere certificazioni verdi \u00e8 stato un altro pilastro della mia strategia per un turismo responsabile. Queste certificazioni non solo garantiscono pratiche sostenibili, ma anche aiutano a promuovere il Ticino come destinazione <em>eco-friendly<\/em> a livello globale.<\/p>\n<p>Scopri come il turismo pu\u00f2 essere sia verde che responsabile visitando la nostra sezione \u201a<a href=\"https:\/\/ticino.com\/internet\">Turismo Verde e Responsabile<\/a>\u201a. Impegnati per un futuro sostenibile e scopri di pi\u00f9 sulle nostre iniziative e suggerimenti per viaggiare rispettando l\u2019ambiente. Visita il nostro sito per ulteriori dettagli e per unirti a noi in questa importante missione.<\/p>\n","protected":false},"excerpt":{"rendered":"<p>Impulso alla Mobilit\u00e0 Sostenibile in Ticino Espansione della rete ciclabile In Ticino, stiamo lavorando intensamente per espandere la rete ciclabile, rendendo cos\u00ec pi\u00f9 accessibili e sicuri i percorsi per i ciclisti. Questo non solo promuove uno stile di vita pi\u00f9 sano, ma contribuisce anche a ridurre il traffico e le emissioni di CO2. L&#8217;obiettivo \u00e8 [&hellip;]<\/p>\n","protected":false},"author":138280483,"featured_media":19111,"comment_status":"open","ping_status":"open","sticky":false,"template":"","format":"standard","meta":{"footnotes":""},"categories":[46],"tags":[],"class_list":["post-19113","post","type-post","status-publish","format-standard","has-post-thumbnail","hentry","category-consigli"],"yoast_head":"<!-- This site is optimized with the Yoast SEO Premium plugin v21.7 (Yoast SEO v23.7) - https:\/\/yoast.com\/wordpress\/plugins\/seo\/ -->\n<title>Ticino e sostenibilit\u00e0: Iniziative Verdi nella Regione Pi\u00f9 a Sud della Svizzera | Ticinocom SA<\/title>\n<meta name=\"robots\" content=\"index, follow, max-snippet:-1, max-image-preview:large, max-video-preview:-1\" \/>\n<link rel=\"canonical\" href=\"https:\/\/ticino.com\/de\/blog\/ticino-e-sostenibilita-iniziative-verdi-nella-regione-piu-a-sud-della-svizzera\/\" \/>\n<meta property=\"og:locale\" content=\"de_DE\" \/>\n<meta property=\"og:type\" content=\"article\" \/>\n<meta property=\"og:title\" content=\"Ticino e sostenibilit\u00e0: Iniziative Verdi nella Regione Pi\u00f9 a Sud della Svizzera\" \/>\n<meta property=\"og:description\" content=\"Impulso alla Mobilit\u00e0 Sostenibile in Ticino Espansione della rete ciclabile In Ticino, stiamo lavorando intensamente per espandere la rete ciclabile, rendendo cos\u00ec pi\u00f9 accessibili e sicuri i percorsi per i ciclisti. Questo non solo promuove uno stile di vita pi\u00f9 sano, ma contribuisce anche a ridurre il traffico e le emissioni di CO2. L&#8217;obiettivo \u00e8 [&hellip;]\" \/>\n<meta property=\"og:url\" content=\"https:\/\/ticino.com\/de\/blog\/ticino-e-sostenibilita-iniziative-verdi-nella-regione-piu-a-sud-della-svizzera\/\" \/>\n<meta property=\"og:site_name\" content=\"Ticinocom SA\" \/>\n<meta property=\"article:publisher\" content=\"https:\/\/facebook.com\/ticinocom\" \/>\n<meta property=\"article:published_time\" content=\"2024-05-06T02:47:02+00:00\" \/>\n<meta property=\"og:image\" content=\"https:\/\/contenu.nyc3.digitaloceanspaces.com\/journalist\/8084433c-c88e-4904-8ba3-c9e6459d50dc\/thumbnail.jpeg\" \/>\n<meta name=\"author\" content=\"Karl\" \/>\n<meta name=\"twitter:card\" content=\"summary_large_image\" \/>\n<meta name=\"twitter:creator\" content=\"@ticinocom\" \/>\n<meta name=\"twitter:site\" content=\"@ticinocom\" \/>\n<meta name=\"twitter:label1\" content=\"Verfasst von\" \/>\n\t<meta name=\"twitter:data1\" content=\"Karl\" \/>\n\t<meta name=\"twitter:label2\" content=\"Gesch\u00e4tzte Lesezeit\" \/>\n\t<meta name=\"twitter:data2\" content=\"5\u00a0Minuten\" \/>\n<script type=\"application\/ld+json\" class=\"yoast-schema-graph\">{\"@context\":\"https:\/\/schema.org\",\"@graph\":[{\"@type\":\"Article\",\"@id\":\"https:\/\/ticino.com\/de\/blog\/ticino-e-sostenibilita-iniziative-verdi-nella-regione-piu-a-sud-della-svizzera\/#article\",\"isPartOf\":{\"@id\":\"https:\/\/ticino.com\/de\/blog\/ticino-e-sostenibilita-iniziative-verdi-nella-regione-piu-a-sud-della-svizzera\/\"},\"author\":{\"name\":\"Karl\",\"@id\":\"https:\/\/ticino.com\/de\/#\/schema\/person\/ee0392429aac5d578b44a30e5e8fdef8\"},\"headline\":\"Ticino e sostenibilit\u00e0: Iniziative Verdi nella Regione Pi\u00f9 a Sud della Svizzera\",\"datePublished\":\"2024-05-06T02:47:02+00:00\",\"dateModified\":\"2024-05-06T02:47:02+00:00\",\"mainEntityOfPage\":{\"@id\":\"https:\/\/ticino.com\/de\/blog\/ticino-e-sostenibilita-iniziative-verdi-nella-regione-piu-a-sud-della-svizzera\/\"},\"wordCount\":1098,\"commentCount\":0,\"publisher\":{\"@id\":\"https:\/\/ticino.com\/de\/#organization\"},\"image\":{\"@id\":\"https:\/\/ticino.com\/de\/blog\/ticino-e-sostenibilita-iniziative-verdi-nella-regione-piu-a-sud-della-svizzera\/#primaryimage\"},\"thumbnailUrl\":\"https:\/\/ticino.com\/wp-content\/uploads\/2024\/05\/816eed37thumbnail.jpeg\",\"articleSection\":[\"Consigli\"],\"inLanguage\":\"de\",\"potentialAction\":[{\"@type\":\"CommentAction\",\"name\":\"Comment\",\"target\":[\"https:\/\/ticino.com\/de\/blog\/ticino-e-sostenibilita-iniziative-verdi-nella-regione-piu-a-sud-della-svizzera\/#respond\"]}]},{\"@type\":\"WebPage\",\"@id\":\"https:\/\/ticino.com\/de\/blog\/ticino-e-sostenibilita-iniziative-verdi-nella-regione-piu-a-sud-della-svizzera\/\",\"url\":\"https:\/\/ticino.com\/de\/blog\/ticino-e-sostenibilita-iniziative-verdi-nella-regione-piu-a-sud-della-svizzera\/\",\"name\":\"Ticino e sostenibilit\u00e0: Iniziative Verdi nella Regione Pi\u00f9 a Sud della Svizzera | Ticinocom SA\",\"isPartOf\":{\"@id\":\"https:\/\/ticino.com\/de\/#website\"},\"primaryImageOfPage\":{\"@id\":\"https:\/\/ticino.com\/de\/blog\/ticino-e-sostenibilita-iniziative-verdi-nella-regione-piu-a-sud-della-svizzera\/#primaryimage\"},\"image\":{\"@id\":\"https:\/\/ticino.com\/de\/blog\/ticino-e-sostenibilita-iniziative-verdi-nella-regione-piu-a-sud-della-svizzera\/#primaryimage\"},\"thumbnailUrl\":\"https:\/\/ticino.com\/wp-content\/uploads\/2024\/05\/816eed37thumbnail.jpeg\",\"datePublished\":\"2024-05-06T02:47:02+00:00\",\"dateModified\":\"2024-05-06T02:47:02+00:00\",\"breadcrumb\":{\"@id\":\"https:\/\/ticino.com\/de\/blog\/ticino-e-sostenibilita-iniziative-verdi-nella-regione-piu-a-sud-della-svizzera\/#breadcrumb\"},\"inLanguage\":\"de\",\"potentialAction\":[{\"@type\":\"ReadAction\",\"target\":[\"https:\/\/ticino.com\/de\/blog\/ticino-e-sostenibilita-iniziative-verdi-nella-regione-piu-a-sud-della-svizzera\/\"]}]},{\"@type\":\"ImageObject\",\"inLanguage\":\"de\",\"@id\":\"https:\/\/ticino.com\/de\/blog\/ticino-e-sostenibilita-iniziative-verdi-nella-regione-piu-a-sud-della-svizzera\/#primaryimage\",\"url\":\"https:\/\/ticino.com\/wp-content\/uploads\/2024\/05\/816eed37thumbnail.jpeg\",\"contentUrl\":\"https:\/\/ticino.com\/wp-content\/uploads\/2024\/05\/816eed37thumbnail.jpeg\",\"width\":1200,\"height\":600},{\"@type\":\"BreadcrumbList\",\"@id\":\"https:\/\/ticino.com\/de\/blog\/ticino-e-sostenibilita-iniziative-verdi-nella-regione-piu-a-sud-della-svizzera\/#breadcrumb\",\"itemListElement\":[{\"@type\":\"ListItem\",\"position\":1,\"name\":\"Home\",\"item\":\"https:\/\/ticino.com\/de\/\"},{\"@type\":\"ListItem\",\"position\":2,\"name\":\"Ticino e sostenibilit\u00e0: Iniziative Verdi nella Regione Pi\u00f9 a Sud della Svizzera\"}]},{\"@type\":\"WebSite\",\"@id\":\"https:\/\/ticino.com\/de\/#website\",\"url\":\"https:\/\/ticino.com\/de\/\",\"name\":\"Ticinocom SA\",\"description\":\"Internet 100% made in Ticino\",\"publisher\":{\"@id\":\"https:\/\/ticino.com\/de\/#organization\"},\"potentialAction\":[{\"@type\":\"SearchAction\",\"target\":{\"@type\":\"EntryPoint\",\"urlTemplate\":\"https:\/\/ticino.com\/de\/?s={search_term_string}\"},\"query-input\":{\"@type\":\"PropertyValueSpecification\",\"valueRequired\":true,\"valueName\":\"search_term_string\"}}],\"inLanguage\":\"de\"},{\"@type\":\"Organization\",\"@id\":\"https:\/\/ticino.com\/de\/#organization\",\"name\":\"Ticinocom SA\",\"url\":\"https:\/\/ticino.com\/de\/\",\"logo\":{\"@type\":\"ImageObject\",\"inLanguage\":\"de\",\"@id\":\"https:\/\/ticino.com\/de\/#\/schema\/logo\/image\/\",\"url\":\"https:\/\/ticino.com\/wp-content\/uploads\/2020\/09\/ticinocom-logo.png\",\"contentUrl\":\"https:\/\/ticino.com\/wp-content\/uploads\/2020\/09\/ticinocom-logo.png\",\"width\":508,\"height\":84,\"caption\":\"Ticinocom SA\"},\"image\":{\"@id\":\"https:\/\/ticino.com\/de\/#\/schema\/logo\/image\/\"},\"sameAs\":[\"https:\/\/facebook.com\/ticinocom\",\"https:\/\/x.com\/ticinocom\",\"https:\/\/instagram.com\/ticinocomsa\",\"https:\/\/linkedin.com\/company\/ticinocom\"]},{\"@type\":\"Person\",\"@id\":\"https:\/\/ticino.com\/de\/#\/schema\/person\/ee0392429aac5d578b44a30e5e8fdef8\",\"name\":\"Karl\",\"image\":{\"@type\":\"ImageObject\",\"inLanguage\":\"de\",\"@id\":\"https:\/\/ticino.com\/de\/#\/schema\/person\/image\/\",\"url\":\"https:\/\/secure.gravatar.com\/avatar\/39e3eb687ead68b445998a4f49096509?s=96&d=mm&r=g\",\"contentUrl\":\"https:\/\/secure.gravatar.com\/avatar\/39e3eb687ead68b445998a4f49096509?s=96&d=mm&r=g\",\"caption\":\"Karl\"},\"url\":\"https:\/\/ticino.com\/de\/author\/karl\/\"}]}<\/script>\n<!-- \/ Yoast SEO Premium plugin. -->","yoast_head_json":{"title":"Ticino e sostenibilit\u00e0: Iniziative Verdi nella Regione Pi\u00f9 a Sud della Svizzera | Ticinocom SA","robots":{"index":"index","follow":"follow","max-snippet":"max-snippet:-1","max-image-preview":"max-image-preview:large","max-video-preview":"max-video-preview:-1"},"canonical":"https:\/\/ticino.com\/de\/blog\/ticino-e-sostenibilita-iniziative-verdi-nella-regione-piu-a-sud-della-svizzera\/","og_locale":"de_DE","og_type":"article","og_title":"Ticino e sostenibilit\u00e0: Iniziative Verdi nella Regione Pi\u00f9 a Sud della Svizzera","og_description":"Impulso alla Mobilit\u00e0 Sostenibile in Ticino Espansione della rete ciclabile In Ticino, stiamo lavorando intensamente per espandere la rete ciclabile, rendendo cos\u00ec pi\u00f9 accessibili e sicuri i percorsi per i ciclisti. Questo non solo promuove uno stile di vita pi\u00f9 sano, ma contribuisce anche a ridurre il traffico e le emissioni di CO2. L&#8217;obiettivo \u00e8 [&hellip;]","og_url":"https:\/\/ticino.com\/de\/blog\/ticino-e-sostenibilita-iniziative-verdi-nella-regione-piu-a-sud-della-svizzera\/","og_site_name":"Ticinocom SA","article_publisher":"https:\/\/facebook.com\/ticinocom","article_published_time":"2024-05-06T02:47:02+00:00","og_image":[{"url":"https:\/\/contenu.nyc3.digitaloceanspaces.com\/journalist\/8084433c-c88e-4904-8ba3-c9e6459d50dc\/thumbnail.jpeg"}],"author":"Karl","twitter_card":"summary_large_image","twitter_creator":"@ticinocom","twitter_site":"@ticinocom","twitter_misc":{"Verfasst von":"Karl","Gesch\u00e4tzte Lesezeit":"5\u00a0Minuten"},"schema":{"@context":"https:\/\/schema.org","@graph":[{"@type":"Article","@id":"https:\/\/ticino.com\/de\/blog\/ticino-e-sostenibilita-iniziative-verdi-nella-regione-piu-a-sud-della-svizzera\/#article","isPartOf":{"@id":"https:\/\/ticino.com\/de\/blog\/ticino-e-sostenibilita-iniziative-verdi-nella-regione-piu-a-sud-della-svizzera\/"},"author":{"name":"Karl","@id":"https:\/\/ticino.com\/de\/#\/schema\/person\/ee0392429aac5d578b44a30e5e8fdef8"},"headline":"Ticino e sostenibilit\u00e0: Iniziative Verdi nella Regione Pi\u00f9 a Sud della Svizzera","datePublished":"2024-05-06T02:47:02+00:00","dateModified":"2024-05-06T02:47:02+00:00","mainEntityOfPage":{"@id":"https:\/\/ticino.com\/de\/blog\/ticino-e-sostenibilita-iniziative-verdi-nella-regione-piu-a-sud-della-svizzera\/"},"wordCount":1098,"commentCount":0,"publisher":{"@id":"https:\/\/ticino.com\/de\/#organization"},"image":{"@id":"https:\/\/ticino.com\/de\/blog\/ticino-e-sostenibilita-iniziative-verdi-nella-regione-piu-a-sud-della-svizzera\/#primaryimage"},"thumbnailUrl":"https:\/\/ticino.com\/wp-content\/uploads\/2024\/05\/816eed37thumbnail.jpeg","articleSection":["Consigli"],"inLanguage":"de","potentialAction":[{"@type":"CommentAction","name":"Comment","target":["https:\/\/ticino.com\/de\/blog\/ticino-e-sostenibilita-iniziative-verdi-nella-regione-piu-a-sud-della-svizzera\/#respond"]}]},{"@type":"WebPage","@id":"https:\/\/ticino.com\/de\/blog\/ticino-e-sostenibilita-iniziative-verdi-nella-regione-piu-a-sud-della-svizzera\/","url":"https:\/\/ticino.com\/de\/blog\/ticino-e-sostenibilita-iniziative-verdi-nella-regione-piu-a-sud-della-svizzera\/","name":"Ticino e sostenibilit\u00e0: Iniziative Verdi nella Regione Pi\u00f9 a Sud della Svizzera | Ticinocom SA","isPartOf":{"@id":"https:\/\/ticino.com\/de\/#website"},"primaryImageOfPage":{"@id":"https:\/\/ticino.com\/de\/blog\/ticino-e-sostenibilita-iniziative-verdi-nella-regione-piu-a-sud-della-svizzera\/#primaryimage"},"image":{"@id":"https:\/\/ticino.com\/de\/blog\/ticino-e-sostenibilita-iniziative-verdi-nella-regione-piu-a-sud-della-svizzera\/#primaryimage"},"thumbnailUrl":"https:\/\/ticino.com\/wp-content\/uploads\/2024\/05\/816eed37thumbnail.jpeg","datePublished":"2024-05-06T02:47:02+00:00","dateModified":"2024-05-06T02:47:02+00:00","breadcrumb":{"@id":"https:\/\/ticino.com\/de\/blog\/ticino-e-sostenibilita-iniziative-verdi-nella-regione-piu-a-sud-della-svizzera\/#breadcrumb"},"inLanguage":"de","potentialAction":[{"@type":"ReadAction","target":["https:\/\/ticino.com\/de\/blog\/ticino-e-sostenibilita-iniziative-verdi-nella-regione-piu-a-sud-della-svizzera\/"]}]},{"@type":"ImageObject","inLanguage":"de","@id":"https:\/\/ticino.com\/de\/blog\/ticino-e-sostenibilita-iniziative-verdi-nella-regione-piu-a-sud-della-svizzera\/#primaryimage","url":"https:\/\/ticino.com\/wp-content\/uploads\/2024\/05\/816eed37thumbnail.jpeg","contentUrl":"https:\/\/ticino.com\/wp-content\/uploads\/2024\/05\/816eed37thumbnail.jpeg","width":1200,"height":600},{"@type":"BreadcrumbList","@id":"https:\/\/ticino.com\/de\/blog\/ticino-e-sostenibilita-iniziative-verdi-nella-regione-piu-a-sud-della-svizzera\/#breadcrumb","itemListElement":[{"@type":"ListItem","position":1,"name":"Home","item":"https:\/\/ticino.com\/de\/"},{"@type":"ListItem","position":2,"name":"Ticino e sostenibilit\u00e0: Iniziative Verdi nella Regione Pi\u00f9 a Sud della Svizzera"}]},{"@type":"WebSite","@id":"https:\/\/ticino.com\/de\/#website","url":"https:\/\/ticino.com\/de\/","name":"Ticinocom SA","description":"Internet 100% made in Ticino","publisher":{"@id":"https:\/\/ticino.com\/de\/#organization"},"potentialAction":[{"@type":"SearchAction","target":{"@type":"EntryPoint","urlTemplate":"https:\/\/ticino.com\/de\/?s={search_term_string}"},"query-input":{"@type":"PropertyValueSpecification","valueRequired":true,"valueName":"search_term_string"}}],"inLanguage":"de"},{"@type":"Organization","@id":"https:\/\/ticino.com\/de\/#organization","name":"Ticinocom SA","url":"https:\/\/ticino.com\/de\/","logo":{"@type":"ImageObject","inLanguage":"de","@id":"https:\/\/ticino.com\/de\/#\/schema\/logo\/image\/","url":"https:\/\/ticino.com\/wp-content\/uploads\/2020\/09\/ticinocom-logo.png","contentUrl":"https:\/\/ticino.com\/wp-content\/uploads\/2020\/09\/ticinocom-logo.png","width":508,"height":84,"caption":"Ticinocom SA"},"image":{"@id":"https:\/\/ticino.com\/de\/#\/schema\/logo\/image\/"},"sameAs":["https:\/\/facebook.com\/ticinocom","https:\/\/x.com\/ticinocom","https:\/\/instagram.com\/ticinocomsa","https:\/\/linkedin.com\/company\/ticinocom"]},{"@type":"Person","@id":"https:\/\/ticino.com\/de\/#\/schema\/person\/ee0392429aac5d578b44a30e5e8fdef8","name":"Karl","image":{"@type":"ImageObject","inLanguage":"de","@id":"https:\/\/ticino.com\/de\/#\/schema\/person\/image\/","url":"https:\/\/secure.gravatar.com\/avatar\/39e3eb687ead68b445998a4f49096509?s=96&d=mm&r=g","contentUrl":"https:\/\/secure.gravatar.com\/avatar\/39e3eb687ead68b445998a4f49096509?s=96&d=mm&r=g","caption":"Karl"},"url":"https:\/\/ticino.com\/de\/author\/karl\/"}]}},"_links":{"self":[{"href":"https:\/\/ticino.com\/de\/wp-json\/wp\/v2\/posts\/19113"}],"collection":[{"href":"https:\/\/ticino.com\/de\/wp-json\/wp\/v2\/posts"}],"about":[{"href":"https:\/\/ticino.com\/de\/wp-json\/wp\/v2\/types\/post"}],"author":[{"embeddable":true,"href":"https:\/\/ticino.com\/de\/wp-json\/wp\/v2\/users\/138280483"}],"replies":[{"embeddable":true,"href":"https:\/\/ticino.com\/de\/wp-json\/wp\/v2\/comments?post=19113"}],"version-history":[{"count":0,"href":"https:\/\/ticino.com\/de\/wp-json\/wp\/v2\/posts\/19113\/revisions"}],"wp:featuredmedia":[{"embeddable":true,"href":"https:\/\/ticino.com\/de\/wp-json\/wp\/v2\/media\/19111"}],"wp:attachment":[{"href":"https:\/\/ticino.com\/de\/wp-json\/wp\/v2\/media?parent=19113"}],"wp:term":[{"taxonomy":"category","embeddable":true,"href":"https:\/\/ticino.com\/de\/wp-json\/wp\/v2\/categories?post=19113"},{"taxonomy":"post_tag","embeddable":true,"href":"https:\/\/ticino.com\/de\/wp-json\/wp\/v2\/tags?post=19113"}],"curies":[{"name":"wp","href":"https:\/\/api.w.org\/{rel}","templated":true}]}}