{"id":19037,"date":"2024-04-25T03:08:00","date_gmt":"2024-04-25T01:08:00","guid":{"rendered":"https:\/\/ticino.com\/blog\/scopri-gli-imperdibili-eventi-culturali-in-ticino-di-questanno\/"},"modified":"2024-04-25T03:08:00","modified_gmt":"2024-04-25T01:08:00","slug":"scopri-gli-imperdibili-eventi-culturali-in-ticino-di-questanno","status":"publish","type":"post","link":"https:\/\/ticino.com\/de\/blog\/scopri-gli-imperdibili-eventi-culturali-in-ticino-di-questanno\/","title":{"rendered":"Scopri gli imperdibili eventi culturali in Ticino di quest&#8217;anno"},"content":{"rendered":"<h2>Festival di Locarno: Una Finestra sul Cinema Mondiale<\/h2>\n<p><img decoding=\"async\" style=\"max-width: 100%; max-height: 200px;\" src=\"https:\/\/contenu.nyc3.digitaloceanspaces.com\/journalist\/c9420c77-b552-4d8a-a361-41f04de8d9fd\/thumbnail.jpeg\" alt=\"Festival di Locarno: Una Finestra sul Cinema Mondiale\"><\/p>\n<h3>Piazza Grande sotto le stelle<\/h3>\n<p>Ogni anno, sotto il cielo stellato di Locarno, la Piazza Grande si trasforma in una delle sale cinematografiche all\u2019aperto pi\u00f9 affascinanti del mondo. <strong>L\u2019atmosfera \u00e8 magica<\/strong>, con migliaia di spettatori che si riuniscono per condividere la passione per il cinema in una cornice davvero unica.<\/p>\n<blockquote><p>\nLa proiezione di film sotto le stelle \u00e8 un\u2019esperienza che ogni appassionato di cinema dovrebbe vivere almeno una volta nella vita.\n<\/p><\/blockquote>\n<p>Ecco alcuni punti salienti dell\u2019evento:<\/p>\n<ul>\n<li>La selezione di film spazia dai blockbuster internazionali alle perle indipendenti.<\/li>\n<li>Ogni serata \u00e8 arricchita da introduzioni e dibattiti con registi e attori.<\/li>\n<li>L\u2019accesso alla Piazza Grande \u00e8 spesso gratuito, rendendo il cinema accessibile a tutti.<\/li>\n<\/ul>\n<p>Partecipare a una proiezione in Piazza Grande \u00e8 un modo <em>indimenticabile<\/em> per vivere il Festival di Locarno. La combinazione di cinema di qualit\u00e0, cielo stellato e l\u2019energia del pubblico crea un\u2019esperienza che va oltre la semplice visione di un film.<\/p>\n<h3>Concorso Internazionale: Nuovi Orizzonti<\/h3>\n<p>Il <em>Concorso Internazionale: Nuovi Orizzonti<\/em> rappresenta per me una delle sezioni pi\u00f9 affascinanti del Festival di Locarno. Qui, cineasti emergenti e visionari hanno l\u2019opportunit\u00e0 di presentare le loro opere a un pubblico internazionale, sfidando le convenzioni narrative e stilistiche del cinema contemporaneo. <strong>La diversit\u00e0 dei film in concorso \u00e8 semplicemente straordinaria<\/strong>, offrendo una panoramica globale delle nuove tendenze e delle sperimentazioni nel campo cinematografico.<\/p>\n<blockquote><p>\nIn ricordo di David Bordwell (1947-2024) \u2013 Locarno Film Festival, come un poeta ha dato corpo a nuove possibilit\u00e0 ampliando gli orizzonti di libert\u00e0. In lui, teoria e storiografia s\u2019intrecciavano in forme sempre sorprendenti.\n<\/p><\/blockquote>\n<p>La partecipazione a questo concorso \u00e8 un traguardo ambito per molti registi, che vedono in esso una piattaforma di lancio per la loro carriera. La selezione dei film \u00e8 rigorosa e mirata a scoprire talenti capaci di raccontare storie uniche e coinvolgenti, che lasciano il segno nel cuore degli spettatori.<\/p>\n<h3>Eventi Speciali e Incontri con i Maestri<\/h3>\n<p>Ogni anno, il Festival di Locarno si arricchisce di momenti unici che trascendono la semplice visione di film. Gli <em>eventi speciali<\/em> e gli incontri con i maestri offrono un\u2019occasione imperdibile per immergersi completamente nel mondo del cinema. <strong>Assistere a queste sessioni \u00e8 come aprire una finestra su nuove prospettive creative e narrative.<\/strong><\/p>\n<blockquote><p>\nDurante questi incontri, avremo la possibilit\u00e0 di ascoltare direttamente dai registi, sceneggiatori e attori le storie dietro le quinte, le sfide e le ispirazioni che hanno guidato la creazione delle loro opere.\n<\/p><\/blockquote>\n<p>Ecco alcuni degli incontri pi\u00f9 attesi:<\/p>\n<ul>\n<li>Dialoghi con registi di fama internazionale<\/li>\n<li>Workshop interattivi con sceneggiatori<\/li>\n<li>Sessioni di Q&amp;A con gli attori principali<\/li>\n<\/ul>\n<p>Questi momenti di condivisione arricchiscono l\u2019esperienza del festival, permettendoci di apprezzare ancora di pi\u00f9 la profondit\u00e0 e la complessit\u00e0 del cinema mondiale.<\/p>\n<h2>JazzAscona: Il Ritmo che Conquista il Lago<\/h2>\n<p><img decoding=\"async\" style=\"max-width: 100%; max-height: 200px;\" src=\"https:\/\/contenu.nyc3.digitaloceanspaces.com\/journalist\/33d5bc8c-4248-4421-8049-192b3517fd31\/thumbnail.jpeg\" alt=\"JazzAscona: Il Ritmo che Conquista il Lago\"><\/p>\n<h3>Serate Jazz sulle Rive del Lago Maggiore<\/h3>\n<p>Immaginate di camminare lungo le rive del Lago Maggiore, con il suono soffuso del <em>jazz<\/em> che si mescola all\u2019aria fresca della sera. <strong>Questo \u00e8 l\u2019incanto delle serate JazzAscona<\/strong>, un\u2019esperienza che va vissuta almeno una volta nella vita.<\/p>\n<blockquote><p>\nOgni anno, artisti di fama internazionale e talenti emergenti si danno appuntamento qui, trasformando ogni angolo in un palcoscenico vivente.\n<\/p><\/blockquote>\n<p>Non solo concerti, ma anche momenti di incontro e condivisione tra appassionati e musicisti. Ecco alcuni degli artisti che non potete perdervi:<\/p>\n<ul>\n<li>Nina Simone Tribute Band<\/li>\n<li>The Swingin\u2018 Herbie\u2019s<\/li>\n<li>Jazz Lake Quartet<\/li>\n<\/ul>\n<p>L\u2019atmosfera \u00e8 magica, quasi sospesa, e il contesto del lago aggiunge un tocco di <em>unicit\u00e0<\/em> a ogni performance. Assicuratevi di non perdere questa opportunit\u00e0 di immergervi completamente nella <a href=\"https:\/\/ticino.com\/blog\/festival-musicali-nel-ticino-2\/\">cultura jazzistica del Ticino<\/a>.<\/p>\n<h3>Masterclass e Workshop con Artisti Internazionali<\/h3>\n<p>Partecipare a una masterclass o a un workshop con artisti internazionali a JazzAscona \u00e8 un\u2019esperienza che non dimenticher\u00f2 facilmente. L\u2019opportunit\u00e0 di imparare direttamente da musicisti di fama mondiale e di condividere la passione per il jazz \u00e8 qualcosa di unico. <strong>La connessione che si crea tra artisti e partecipanti \u00e8 magica<\/strong>, e ogni sessione diventa un momento di crescita personale e artistica.<\/p>\n<blockquote><p>\nDurante questi incontri, non solo si apprendono nuove tecniche e si scoprono segreti del mestiere, ma si ha anche la possibilit\u00e0 di fare networking con altri appassionati e professionisti del settore.\n<\/p><\/blockquote>\n<p>Ecco alcuni degli <em>artisti<\/em> che hanno tenuto workshop negli anni passati:<\/p>\n<ul>\n<li>Herbie Hancock<\/li>\n<li>Wayne Shorter<\/li>\n<li>Esperanza Spalding<\/li>\n<\/ul>\n<p>Ogni anno, il programma si arricchisce di nuovi nomi e proposte, rendendo ogni edizione un\u2019occasione imperdibile per chiunque voglia approfondire la propria conoscenza del jazz e migliorare le proprie competenze musicali.<\/p>\n<h3>La Notte Bianca del Jazz: Concerti Gratuiti all\u2019Aperto<\/h3>\n<p>Immaginate una notte dove le stelle brillano non solo nel cielo ma anche attraverso la musica che riempie l\u2019aria. <a href=\"https:\/\/www.ticinotopten.ch\/it\/events\">La Notte Bianca del Jazz<\/a> trasforma Ascona in un palcoscenico a cielo aperto, dove il <em>jazz<\/em> diventa il vero protagonista della serata. Ogni angolo, ogni piazza si anima di note che oscillano tra il tradizionale e l\u2019avanguardia, creando un\u2019atmosfera unica.<\/p>\n<blockquote><p>\nDurante questa serata speciale, la musica diventa un ponte che collega culture, generazioni e storie diverse, in un dialogo armonioso che solo il jazz sa creare.\n<\/p><\/blockquote>\n<p>Ecco alcuni dei momenti imperdibili:<\/p>\n<ul>\n<li>Esibizioni gratuite di artisti internazionali e locali<\/li>\n<li>Jam session aperte al pubblico, dove l\u2019improvvisazione regna sovrana<\/li>\n<li>Atmosfere magiche lungo le rive del Lago Maggiore<\/li>\n<\/ul>\n<h2>Settimane Musicali di Ascona: Un Viaggio attraverso la Musica Classica<\/h2>\n<p><img decoding=\"async\" style=\"max-width: 100%; max-height: 200px;\" src=\"https:\/\/contenu.nyc3.digitaloceanspaces.com\/journalist\/fab68d22-ced3-4e7b-b8e3-78b7c5362df2\/thumbnail.jpeg\" alt=\"Settimane Musicali di Ascona: Un Viaggio attraverso la Musica Classica\"><\/p>\n<h3>Concerti di Musica da Camera<\/h3>\n<p>Assistere ai <a href=\"https:\/\/ticino.com\/blog\/gli-eventi-culturali-piu-attesi-in-ticino-questanno\/?ref=quale-tecnologia-consente-agli-utenti-di-accedere-ai-dati-ovunque-si-trovino-e-in-qualsiasi-momento\">concerti di musica da camera<\/a> durante le Settimane Musicali di Ascona \u00e8 un\u2019esperienza che va oltre il semplice ascolto. <strong>La magia di questi momenti<\/strong> risiede nella vicinanza con i musicisti, che permette di percepire ogni sfumatura del loro talento.<\/p>\n<blockquote><p>\nLa bellezza di questi concerti sta nell\u2019intimit\u00e0 che si crea tra artisti e pubblico, rendendo ogni esecuzione unica e indimenticabile.\n<\/p><\/blockquote>\n<p>Ecco alcuni dei momenti pi\u00f9 attesi:<\/p>\n<ul>\n<li>Il quartetto d\u2019archi che interpreta Beethoven<\/li>\n<li>Le esibizioni soliste di pianoforte<\/li>\n<li>I duetti tra violino e violoncello<\/li>\n<\/ul>\n<p>Ogni concerto \u00e8 un viaggio emozionale, dove le note raccontano storie senza tempo. Non vedo l\u2019ora di immergermi nuovamente in queste <em>atmosfere<\/em> incantevoli.<\/p>\n<h3>Le Grandi Orchestre del Mondo a Ascona<\/h3>\n<p>Ogni anno, Ascona diventa il palcoscenico per alcune delle pi\u00f9 <a href=\"https:\/\/ticino.com\/blog\/festival-musicali-nel-ticino\/\">prestigiose orchestre del mondo<\/a>. Questo momento dell\u2019anno trasforma la citt\u00e0 in un vero e proprio tempio della musica classica, dove l\u2019armonia e la bellezza si fondono in un\u2019esperienza indimenticabile.<\/p>\n<p><strong>L\u2019emozione di ascoltare dal vivo le performance di queste grandi orchestre<\/strong> \u00e8 qualcosa che va oltre la semplice partecipazione a un concerto. \u00c8 un viaggio attraverso la storia della musica, un\u2019occasione per immergersi completamente nelle composizioni che hanno segnato epoche e culture.<\/p>\n<blockquote><p>\nLa presenza di musicisti di fama internazionale arricchisce ulteriormente l\u2019esperienza, offrendo incontri ravvicinati che permettono di scoprire i segreti e le curiosit\u00e0 dietro ogni esibizione.\n<\/p><\/blockquote>\n<p>Ecco alcune delle orchestre che si sono esibite ad Ascona negli ultimi anni:<\/p>\n<ul>\n<li>Berliner Philharmoniker<\/li>\n<li>Wiener Philharmoniker<\/li>\n<li>Royal Concertgebouw Orchestra<\/li>\n<li>London Symphony Orchestra<\/li>\n<\/ul>\n<p>Queste esibizioni non sono solo concerti, ma veri e propri eventi culturali che celebrano la grandezza e l\u2019universalit\u00e0 della musica classica.<\/p>\n<h3>Incontri Ravvicinati con i Musicisti<\/h3>\n<p>Durante le Settimane Musicali di Ascona, ho avuto l\u2019opportunit\u00e0 unica di partecipare a degli incontri ravvicinati con alcuni dei musicisti pi\u00f9 talentuosi del panorama classico internazionale. Questi momenti di condivisione mi hanno permesso di scoprire non solo le storie personali dietro le note, ma anche le tecniche e le passioni che animano questi artisti eccezionali.<\/p>\n<p><strong>L\u2019emozione di poter dialogare faccia a faccia con i musicisti<\/strong>, di poter fare domande e ricevere consigli, \u00e8 stata indimenticabile. Ho imparato che dietro ogni esibizione c\u2019\u00e8 un mondo di dedizione, studio e amore per la <em>musica<\/em>.<\/p>\n<ul>\n<li>Preparazione delle domande<\/li>\n<li>Ascolto attento delle risposte<\/li>\n<li>Condivisione di esperienze e passioni<\/li>\n<\/ul>\n<blockquote><p>\nQuesti incontri sono un\u2019occasione imperdibile per chiunque ami la musica classica e desideri approfondire la conoscenza di questo affascinante mondo.\n<\/p><\/blockquote>\n<h2>Autunno Gastronomico: Sapori e Tradizioni del Ticino<\/h2>\n<p><img decoding=\"async\" style=\"max-width: 100%; max-height: 200px;\" src=\"https:\/\/contenu.nyc3.digitaloceanspaces.com\/journalist\/7ee2b29b-28f6-49f4-b62f-585803a98bca\/thumbnail.jpeg\" alt=\"Autunno Gastronomico: Sapori e Tradizioni del Ticino\"><\/p>\n<h3>Degustazioni di Prodotti Tipici Locali<\/h3>\n<p>Durante il mio viaggio attraverso le tradizioni culinarie del Ticino, ho avuto l\u2019opportunit\u00e0 di esplorare una variet\u00e0 di prodotti tipici che definiscono l\u2019autenticit\u00e0 della regione. <strong>La degustazione di formaggi locali, accompagnati da un bicchiere di Merlot del Ticino<\/strong>, \u00e8 stata un\u2019esperienza indimenticabile.<\/p>\n<p><em>Polenta<\/em>, risotto, e salumi sono solo alcuni degli altri sapori che ho scoperto. Questi piatti, radicati nella cultura ticinese, offrono un vero viaggio sensoriale.<\/p>\n<blockquote><p>\nLa scoperta dei prodotti locali non si limita solo al palato, ma si estende alla conoscenza delle tradizioni e della storia che ogni boccone racchiude.\n<\/p><\/blockquote>\n<p>Ecco alcuni dei prodotti che non puoi perderti:<\/p>\n<ul>\n<li>Formaggi artigianali<\/li>\n<li>Vini pregiati<\/li>\n<li>Miele di montagna<\/li>\n<li>Salumi tradizionali<\/li>\n<\/ul>\n<h3>Percorsi Enogastronomici nella Natura<\/h3>\n<p>Immergersi nella natura del Ticino attraverso i percorsi enogastronomici \u00e8 un\u2019esperienza che unisce il piacere della scoperta a quello del gusto. <strong>Camminare tra vigneti rigogliosi e boschi secolari<\/strong> \u00e8 l\u2019occasione perfetta per assaporare i <a href=\"https:\/\/ticino.com\/blog\/acquisti-a-ticino\/\">prodotti tipici locali<\/a>, come il formaggio di capra, il miele di castagno e l\u2019inconfondibile <em>merlot<\/em> ticinese.<\/p>\n<blockquote><p>\nDurante questi percorsi, non solo si degustano eccellenze culinarie, ma si impara anche molto sulla cultura e le tradizioni del luogo.\n<\/p><\/blockquote>\n<p>Ecco alcuni dei momenti salienti:<\/p>\n<ul>\n<li>Visita guidata ai vigneti con spiegazioni sulla viticoltura.<\/li>\n<li>Assaggio di vini in cantine storiche.<\/li>\n<li>Picnic gourmet in mezzo alla natura con prodotti a km zero.<\/li>\n<\/ul>\n<p>Questi itinerari offrono un modo unico di vivere il Ticino, facendo scoprire angoli nascosti e panorami mozzafiato, lontani dai circuiti turistici tradizionali.<\/p>\n<h3>Eventi Culinarie con Chef Stellati<\/h3>\n<p>Non c\u2019\u00e8 modo migliore per concludere la nostra <a href=\"https:\/\/ticino.com\/blog\/esperienze-indimenticabili-nel-ticino\/\">esplorazione culinaria del Ticino<\/a> che partecipare agli eventi con chef stellati. Queste serate rappresentano un\u2019occasione unica per assaporare creazioni innovative che fondono la tradizione locale con le tendenze internazionali della gastronomia. <strong>Ogni piatto racconta una storia<\/strong>, arricchita dalla maestria e dalla creativit\u00e0 degli chef.<\/p>\n<blockquote><p>\nDurante questi eventi, avr\u00f2 l\u2019opportunit\u00e0 di interagire direttamente con gli chef, scoprendo i segreti dietro le loro ricette e la passione che alimenta la loro arte culinaria.\n<\/p><\/blockquote>\n<p>Ecco alcuni dei momenti salienti che non posso perdere:<\/p>\n<ul>\n<li>Degustazioni esclusive di piatti innovativi<\/li>\n<li>Dimostrazioni culinarie dal vivo<\/li>\n<li>Incontri ravvicinati con chef di fama internazionale<\/li>\n<\/ul>\n<p>Partecipare a questi eventi \u00e8 un\u2019esperienza che va oltre il semplice <em>gusto<\/em>: \u00e8 un viaggio attraverso culture e tradizioni che si fondono in un\u2019esperienza sensoriale unica.<\/p>\n<h2>Festival del Film di Montagna: Avventura e Natura<\/h2>\n<p><img decoding=\"async\" style=\"max-width: 100%; max-height: 200px;\" src=\"https:\/\/contenu.nyc3.digitaloceanspaces.com\/journalist\/50087ab7-2c8e-4355-8cd3-f114dbc67f35\/thumbnail.jpeg\" alt=\"Festival del Film di Montagna: Avventura e Natura\"><\/p>\n<h3>Proiezioni di Film d\u2019Avventura e Documentari<\/h3>\n<p>Ogni anno, il Festival del Film di Montagna mi regala emozioni uniche, portandomi in viaggio attraverso paesaggi mozzafiato e storie di coraggio e avventura. <strong>La selezione di film d\u2019avventura e documentari<\/strong> \u00e8 sempre impeccabile, offrendo uno sguardo profondo sul rapporto tra l\u2019uomo e la natura.<\/p>\n<blockquote><p>\nQuest\u2019anno, l\u2019attenzione \u00e8 rivolta a storie che esplorano il legame tra cinema e montagna, un tema che risuona profondamente con me.\n<\/p><\/blockquote>\n<p>Tra i film in programma, alcuni titoli si distinguono per la loro capacit\u00e0 di ispirare e stupire. Ecco una breve lista:<\/p>\n<ul>\n<li><em>Into the Wild<\/em> \u2013 La storia di un giovane che abbandona tutto per vivere in Alaska.<\/li>\n<li><em>Meru<\/em> \u2013 Il racconto di un\u2019impresa alpinistica che sfida i limiti umani.<\/li>\n<li><em>Free Solo<\/em> \u2013 L\u2019emozionante scalata in solitaria di El Capitan.<\/li>\n<\/ul>\n<p>Ogni proiezione \u00e8 un\u2019occasione per riflettere sulla nostra relazione con il mondo naturale e su come il cinema possa essere uno strumento potente per raccontare queste avventure.<\/p>\n<h3>Incontri con Registi e Alpinisti<\/h3>\n<p>Durante il Festival del Film di Montagna, ho avuto l\u2019opportunit\u00e0 unica di partecipare agli incontri con registi e alpinisti. Questi momenti sono stati un vero e proprio viaggio attraverso le loro esperienze, racconti di sfide e conquiste che hanno arricchito la mia visione del mondo.<\/p>\n<p><strong>L\u2019emozione di ascoltare storie di avventure estreme<\/strong> direttamente dalla voce di chi le ha vissute \u00e8 stata indimenticabile. La passione e il coraggio di questi esploratori moderni mi hanno profondamente ispirato.<\/p>\n<ul>\n<li>Scambio di idee e tecniche cinematografiche<\/li>\n<li>Racconti di scalate e spedizioni<\/li>\n<li>Discussioni sull\u2019impatto ambientale delle avventure in alta quota<\/li>\n<\/ul>\n<blockquote><p>\nLa condivisione di esperienze e la possibilit\u00e0 di fare domande hanno reso questi incontri un momento prezioso del festival.\n<\/p><\/blockquote>\n<p>La presenza di figure cos\u00ec emblematiche del mondo dell\u2019avventura e del cinema ha reso il festival un appuntamento imperdibile per gli appassionati del genere. La mia esperienza \u00e8 stata arricchita non solo dalle proiezioni, ma anche da questi incontri, che hanno aggiunto un valore inestimabile alla mia partecipazione al festival.<\/p>\n<h3>Escursioni Guidate e Workshop Fotografici<\/h3>\n<p>Dopo aver assistito a proiezioni mozzafiato e incontri ispiratori, \u00e8 il momento di mettere in pratica quanto appreso. Le <a href=\"https:\/\/www.cannero.it\/it\/eventi-cannero-riviera\/eventi\/427-Corso%20di%20lingua%20tedesca\">escursioni guidate<\/a> ci porteranno attraverso paesaggi incontaminati, dove la natura si esprime in tutta la sua maestosit\u00e0. <strong>Ogni passo sar\u00e0 un\u2019occasione per catturare momenti unici<\/strong>, con l\u2019assistenza di fotografi professionisti che condivideranno i loro segreti per immortalare la bellezza selvaggia del Ticino.<\/p>\n<blockquote><p>\nDurante i workshop fotografici, avremo l\u2019opportunit\u00e0 di affinare le nostre tecniche, imparando a giocare con luci e ombre per creare composizioni d\u2019effetto.\n<\/p><\/blockquote>\n<p>Ecco alcuni punti chiave dei workshop:<\/p>\n<ul>\n<li>Tecniche di fotografia paesaggistica<\/li>\n<li>Uso creativo della luce naturale<\/li>\n<li>Composizione e narrazione visiva<\/li>\n<li>Consigli pratici per l\u2019uso di droni in fotografia<\/li>\n<\/ul>\n<p>Queste attivit\u00e0 non solo arricchiranno la nostra esperienza al festival, ma ci doteranno degli strumenti necessari per esplorare il mondo attraverso l\u2019obiettivo della nostra macchina fotografica, trasformando ogni scatto in un\u2019opera d\u2019arte.<\/p>\n<p>Non perdere l\u2019occasione di immergerti nel mondo dell\u2019avventura e della natura con il Festival del Film di Montagna. Scopri di pi\u00f9 sul nostro sito e lasciati ispirare dalle storie di chi ha osato esplorare gli angoli pi\u00f9 remoti del pianeta. Visita la sezione dedicata al festival su [<a href=\"https:\/\/ticino.com\/internet\">https:\/\/ticino.com\/festival-film-montagna<\/a>](<a href=\"https:\/\/ticino.com\/de\/wiki\/https\/\" target=\"_self\" title=\"Potresti aver notato che alcuni siti presentano all'inizio del primo indirizzo sul browser la sigla HTTP o HTTPS. La sigla indica HyperText Transfer Protocol (e la S finale nel secondo caso aggiunge Secure) e la pi\u00f9 grande differenza indica che nel caso degli HTTPS, le informazioni dell'utente sul sito sono sicure e cifrate, grazie a\u2026\" class=\"encyclopedia\">https<\/a>:\/\/ticino.com\/festival-film-montagna) e preparati a vivere un\u2019esperienza unica.<\/p>\n","protected":false},"excerpt":{"rendered":"<p>Festival di Locarno: Una Finestra sul Cinema Mondiale Piazza Grande sotto le stelle Ogni anno, sotto il cielo stellato di Locarno, la Piazza Grande si trasforma in una delle sale cinematografiche all&#8217;aperto pi\u00f9 affascinanti del mondo. L&#8217;atmosfera \u00e8 magica, con migliaia di spettatori che si riuniscono per condividere la passione per il cinema in una [&hellip;]<\/p>\n","protected":false},"author":138280483,"featured_media":19035,"comment_status":"open","ping_status":"open","sticky":false,"template":"","format":"standard","meta":{"footnotes":""},"categories":[46],"tags":[],"class_list":["post-19037","post","type-post","status-publish","format-standard","has-post-thumbnail","hentry","category-consigli"],"yoast_head":"<!-- This site is optimized with the Yoast SEO Premium plugin v21.7 (Yoast SEO v23.7) - https:\/\/yoast.com\/wordpress\/plugins\/seo\/ -->\n<title>Scopri gli imperdibili eventi culturali in Ticino di quest&#039;anno | Ticinocom SA<\/title>\n<meta name=\"robots\" content=\"index, follow, max-snippet:-1, max-image-preview:large, max-video-preview:-1\" \/>\n<link rel=\"canonical\" href=\"https:\/\/ticino.com\/de\/blog\/scopri-gli-imperdibili-eventi-culturali-in-ticino-di-questanno\/\" \/>\n<meta property=\"og:locale\" content=\"de_DE\" \/>\n<meta property=\"og:type\" content=\"article\" \/>\n<meta property=\"og:title\" content=\"Scopri gli imperdibili eventi culturali in Ticino di quest&#039;anno\" \/>\n<meta property=\"og:description\" content=\"Festival di Locarno: Una Finestra sul Cinema Mondiale Piazza Grande sotto le stelle Ogni anno, sotto il cielo stellato di Locarno, la Piazza Grande si trasforma in una delle sale cinematografiche all&#8217;aperto pi\u00f9 affascinanti del mondo. L&#8217;atmosfera \u00e8 magica, con migliaia di spettatori che si riuniscono per condividere la passione per il cinema in una [&hellip;]\" \/>\n<meta property=\"og:url\" content=\"https:\/\/ticino.com\/de\/blog\/scopri-gli-imperdibili-eventi-culturali-in-ticino-di-questanno\/\" \/>\n<meta property=\"og:site_name\" content=\"Ticinocom SA\" \/>\n<meta property=\"article:publisher\" content=\"https:\/\/facebook.com\/ticinocom\" \/>\n<meta property=\"article:published_time\" content=\"2024-04-25T01:08:00+00:00\" \/>\n<meta property=\"og:image\" content=\"https:\/\/contenu.nyc3.digitaloceanspaces.com\/journalist\/c9420c77-b552-4d8a-a361-41f04de8d9fd\/thumbnail.jpeg\" \/>\n<meta name=\"author\" content=\"Karl\" \/>\n<meta name=\"twitter:card\" content=\"summary_large_image\" \/>\n<meta name=\"twitter:creator\" content=\"@ticinocom\" \/>\n<meta name=\"twitter:site\" content=\"@ticinocom\" \/>\n<meta name=\"twitter:label1\" content=\"Verfasst von\" \/>\n\t<meta name=\"twitter:data1\" content=\"Karl\" \/>\n\t<meta name=\"twitter:label2\" content=\"Gesch\u00e4tzte Lesezeit\" \/>\n\t<meta name=\"twitter:data2\" content=\"11\u00a0Minuten\" \/>\n<script type=\"application\/ld+json\" class=\"yoast-schema-graph\">{\"@context\":\"https:\/\/schema.org\",\"@graph\":[{\"@type\":\"Article\",\"@id\":\"https:\/\/ticino.com\/de\/blog\/scopri-gli-imperdibili-eventi-culturali-in-ticino-di-questanno\/#article\",\"isPartOf\":{\"@id\":\"https:\/\/ticino.com\/de\/blog\/scopri-gli-imperdibili-eventi-culturali-in-ticino-di-questanno\/\"},\"author\":{\"name\":\"Karl\",\"@id\":\"https:\/\/ticino.com\/de\/#\/schema\/person\/ee0392429aac5d578b44a30e5e8fdef8\"},\"headline\":\"Scopri gli imperdibili eventi culturali in Ticino di quest&#8217;anno\",\"datePublished\":\"2024-04-25T01:08:00+00:00\",\"dateModified\":\"2024-04-25T01:08:00+00:00\",\"mainEntityOfPage\":{\"@id\":\"https:\/\/ticino.com\/de\/blog\/scopri-gli-imperdibili-eventi-culturali-in-ticino-di-questanno\/\"},\"wordCount\":2238,\"commentCount\":0,\"publisher\":{\"@id\":\"https:\/\/ticino.com\/de\/#organization\"},\"image\":{\"@id\":\"https:\/\/ticino.com\/de\/blog\/scopri-gli-imperdibili-eventi-culturali-in-ticino-di-questanno\/#primaryimage\"},\"thumbnailUrl\":\"https:\/\/ticino.com\/wp-content\/uploads\/2024\/04\/9fb9d5cbthumbnail.jpeg\",\"articleSection\":[\"Consigli\"],\"inLanguage\":\"de\",\"potentialAction\":[{\"@type\":\"CommentAction\",\"name\":\"Comment\",\"target\":[\"https:\/\/ticino.com\/de\/blog\/scopri-gli-imperdibili-eventi-culturali-in-ticino-di-questanno\/#respond\"]}]},{\"@type\":\"WebPage\",\"@id\":\"https:\/\/ticino.com\/de\/blog\/scopri-gli-imperdibili-eventi-culturali-in-ticino-di-questanno\/\",\"url\":\"https:\/\/ticino.com\/de\/blog\/scopri-gli-imperdibili-eventi-culturali-in-ticino-di-questanno\/\",\"name\":\"Scopri gli imperdibili eventi culturali in Ticino di quest'anno | Ticinocom SA\",\"isPartOf\":{\"@id\":\"https:\/\/ticino.com\/de\/#website\"},\"primaryImageOfPage\":{\"@id\":\"https:\/\/ticino.com\/de\/blog\/scopri-gli-imperdibili-eventi-culturali-in-ticino-di-questanno\/#primaryimage\"},\"image\":{\"@id\":\"https:\/\/ticino.com\/de\/blog\/scopri-gli-imperdibili-eventi-culturali-in-ticino-di-questanno\/#primaryimage\"},\"thumbnailUrl\":\"https:\/\/ticino.com\/wp-content\/uploads\/2024\/04\/9fb9d5cbthumbnail.jpeg\",\"datePublished\":\"2024-04-25T01:08:00+00:00\",\"dateModified\":\"2024-04-25T01:08:00+00:00\",\"breadcrumb\":{\"@id\":\"https:\/\/ticino.com\/de\/blog\/scopri-gli-imperdibili-eventi-culturali-in-ticino-di-questanno\/#breadcrumb\"},\"inLanguage\":\"de\",\"potentialAction\":[{\"@type\":\"ReadAction\",\"target\":[\"https:\/\/ticino.com\/de\/blog\/scopri-gli-imperdibili-eventi-culturali-in-ticino-di-questanno\/\"]}]},{\"@type\":\"ImageObject\",\"inLanguage\":\"de\",\"@id\":\"https:\/\/ticino.com\/de\/blog\/scopri-gli-imperdibili-eventi-culturali-in-ticino-di-questanno\/#primaryimage\",\"url\":\"https:\/\/ticino.com\/wp-content\/uploads\/2024\/04\/9fb9d5cbthumbnail.jpeg\",\"contentUrl\":\"https:\/\/ticino.com\/wp-content\/uploads\/2024\/04\/9fb9d5cbthumbnail.jpeg\",\"width\":1200,\"height\":600},{\"@type\":\"BreadcrumbList\",\"@id\":\"https:\/\/ticino.com\/de\/blog\/scopri-gli-imperdibili-eventi-culturali-in-ticino-di-questanno\/#breadcrumb\",\"itemListElement\":[{\"@type\":\"ListItem\",\"position\":1,\"name\":\"Home\",\"item\":\"https:\/\/ticino.com\/de\/\"},{\"@type\":\"ListItem\",\"position\":2,\"name\":\"Scopri gli imperdibili eventi culturali in Ticino di quest&#8217;anno\"}]},{\"@type\":\"WebSite\",\"@id\":\"https:\/\/ticino.com\/de\/#website\",\"url\":\"https:\/\/ticino.com\/de\/\",\"name\":\"Ticinocom SA\",\"description\":\"Internet 100% made in Ticino\",\"publisher\":{\"@id\":\"https:\/\/ticino.com\/de\/#organization\"},\"potentialAction\":[{\"@type\":\"SearchAction\",\"target\":{\"@type\":\"EntryPoint\",\"urlTemplate\":\"https:\/\/ticino.com\/de\/?s={search_term_string}\"},\"query-input\":{\"@type\":\"PropertyValueSpecification\",\"valueRequired\":true,\"valueName\":\"search_term_string\"}}],\"inLanguage\":\"de\"},{\"@type\":\"Organization\",\"@id\":\"https:\/\/ticino.com\/de\/#organization\",\"name\":\"Ticinocom SA\",\"url\":\"https:\/\/ticino.com\/de\/\",\"logo\":{\"@type\":\"ImageObject\",\"inLanguage\":\"de\",\"@id\":\"https:\/\/ticino.com\/de\/#\/schema\/logo\/image\/\",\"url\":\"https:\/\/ticino.com\/wp-content\/uploads\/2020\/09\/ticinocom-logo.png\",\"contentUrl\":\"https:\/\/ticino.com\/wp-content\/uploads\/2020\/09\/ticinocom-logo.png\",\"width\":508,\"height\":84,\"caption\":\"Ticinocom SA\"},\"image\":{\"@id\":\"https:\/\/ticino.com\/de\/#\/schema\/logo\/image\/\"},\"sameAs\":[\"https:\/\/facebook.com\/ticinocom\",\"https:\/\/x.com\/ticinocom\",\"https:\/\/instagram.com\/ticinocomsa\",\"https:\/\/linkedin.com\/company\/ticinocom\"]},{\"@type\":\"Person\",\"@id\":\"https:\/\/ticino.com\/de\/#\/schema\/person\/ee0392429aac5d578b44a30e5e8fdef8\",\"name\":\"Karl\",\"image\":{\"@type\":\"ImageObject\",\"inLanguage\":\"de\",\"@id\":\"https:\/\/ticino.com\/de\/#\/schema\/person\/image\/\",\"url\":\"https:\/\/secure.gravatar.com\/avatar\/39e3eb687ead68b445998a4f49096509?s=96&d=mm&r=g\",\"contentUrl\":\"https:\/\/secure.gravatar.com\/avatar\/39e3eb687ead68b445998a4f49096509?s=96&d=mm&r=g\",\"caption\":\"Karl\"},\"url\":\"https:\/\/ticino.com\/de\/author\/karl\/\"}]}<\/script>\n<!-- \/ Yoast SEO Premium plugin. -->","yoast_head_json":{"title":"Scopri gli imperdibili eventi culturali in Ticino di quest'anno | Ticinocom SA","robots":{"index":"index","follow":"follow","max-snippet":"max-snippet:-1","max-image-preview":"max-image-preview:large","max-video-preview":"max-video-preview:-1"},"canonical":"https:\/\/ticino.com\/de\/blog\/scopri-gli-imperdibili-eventi-culturali-in-ticino-di-questanno\/","og_locale":"de_DE","og_type":"article","og_title":"Scopri gli imperdibili eventi culturali in Ticino di quest'anno","og_description":"Festival di Locarno: Una Finestra sul Cinema Mondiale Piazza Grande sotto le stelle Ogni anno, sotto il cielo stellato di Locarno, la Piazza Grande si trasforma in una delle sale cinematografiche all&#8217;aperto pi\u00f9 affascinanti del mondo. L&#8217;atmosfera \u00e8 magica, con migliaia di spettatori che si riuniscono per condividere la passione per il cinema in una [&hellip;]","og_url":"https:\/\/ticino.com\/de\/blog\/scopri-gli-imperdibili-eventi-culturali-in-ticino-di-questanno\/","og_site_name":"Ticinocom SA","article_publisher":"https:\/\/facebook.com\/ticinocom","article_published_time":"2024-04-25T01:08:00+00:00","og_image":[{"url":"https:\/\/contenu.nyc3.digitaloceanspaces.com\/journalist\/c9420c77-b552-4d8a-a361-41f04de8d9fd\/thumbnail.jpeg"}],"author":"Karl","twitter_card":"summary_large_image","twitter_creator":"@ticinocom","twitter_site":"@ticinocom","twitter_misc":{"Verfasst von":"Karl","Gesch\u00e4tzte Lesezeit":"11\u00a0Minuten"},"schema":{"@context":"https:\/\/schema.org","@graph":[{"@type":"Article","@id":"https:\/\/ticino.com\/de\/blog\/scopri-gli-imperdibili-eventi-culturali-in-ticino-di-questanno\/#article","isPartOf":{"@id":"https:\/\/ticino.com\/de\/blog\/scopri-gli-imperdibili-eventi-culturali-in-ticino-di-questanno\/"},"author":{"name":"Karl","@id":"https:\/\/ticino.com\/de\/#\/schema\/person\/ee0392429aac5d578b44a30e5e8fdef8"},"headline":"Scopri gli imperdibili eventi culturali in Ticino di quest&#8217;anno","datePublished":"2024-04-25T01:08:00+00:00","dateModified":"2024-04-25T01:08:00+00:00","mainEntityOfPage":{"@id":"https:\/\/ticino.com\/de\/blog\/scopri-gli-imperdibili-eventi-culturali-in-ticino-di-questanno\/"},"wordCount":2238,"commentCount":0,"publisher":{"@id":"https:\/\/ticino.com\/de\/#organization"},"image":{"@id":"https:\/\/ticino.com\/de\/blog\/scopri-gli-imperdibili-eventi-culturali-in-ticino-di-questanno\/#primaryimage"},"thumbnailUrl":"https:\/\/ticino.com\/wp-content\/uploads\/2024\/04\/9fb9d5cbthumbnail.jpeg","articleSection":["Consigli"],"inLanguage":"de","potentialAction":[{"@type":"CommentAction","name":"Comment","target":["https:\/\/ticino.com\/de\/blog\/scopri-gli-imperdibili-eventi-culturali-in-ticino-di-questanno\/#respond"]}]},{"@type":"WebPage","@id":"https:\/\/ticino.com\/de\/blog\/scopri-gli-imperdibili-eventi-culturali-in-ticino-di-questanno\/","url":"https:\/\/ticino.com\/de\/blog\/scopri-gli-imperdibili-eventi-culturali-in-ticino-di-questanno\/","name":"Scopri gli imperdibili eventi culturali in Ticino di quest'anno | Ticinocom SA","isPartOf":{"@id":"https:\/\/ticino.com\/de\/#website"},"primaryImageOfPage":{"@id":"https:\/\/ticino.com\/de\/blog\/scopri-gli-imperdibili-eventi-culturali-in-ticino-di-questanno\/#primaryimage"},"image":{"@id":"https:\/\/ticino.com\/de\/blog\/scopri-gli-imperdibili-eventi-culturali-in-ticino-di-questanno\/#primaryimage"},"thumbnailUrl":"https:\/\/ticino.com\/wp-content\/uploads\/2024\/04\/9fb9d5cbthumbnail.jpeg","datePublished":"2024-04-25T01:08:00+00:00","dateModified":"2024-04-25T01:08:00+00:00","breadcrumb":{"@id":"https:\/\/ticino.com\/de\/blog\/scopri-gli-imperdibili-eventi-culturali-in-ticino-di-questanno\/#breadcrumb"},"inLanguage":"de","potentialAction":[{"@type":"ReadAction","target":["https:\/\/ticino.com\/de\/blog\/scopri-gli-imperdibili-eventi-culturali-in-ticino-di-questanno\/"]}]},{"@type":"ImageObject","inLanguage":"de","@id":"https:\/\/ticino.com\/de\/blog\/scopri-gli-imperdibili-eventi-culturali-in-ticino-di-questanno\/#primaryimage","url":"https:\/\/ticino.com\/wp-content\/uploads\/2024\/04\/9fb9d5cbthumbnail.jpeg","contentUrl":"https:\/\/ticino.com\/wp-content\/uploads\/2024\/04\/9fb9d5cbthumbnail.jpeg","width":1200,"height":600},{"@type":"BreadcrumbList","@id":"https:\/\/ticino.com\/de\/blog\/scopri-gli-imperdibili-eventi-culturali-in-ticino-di-questanno\/#breadcrumb","itemListElement":[{"@type":"ListItem","position":1,"name":"Home","item":"https:\/\/ticino.com\/de\/"},{"@type":"ListItem","position":2,"name":"Scopri gli imperdibili eventi culturali in Ticino di quest&#8217;anno"}]},{"@type":"WebSite","@id":"https:\/\/ticino.com\/de\/#website","url":"https:\/\/ticino.com\/de\/","name":"Ticinocom SA","description":"Internet 100% made in Ticino","publisher":{"@id":"https:\/\/ticino.com\/de\/#organization"},"potentialAction":[{"@type":"SearchAction","target":{"@type":"EntryPoint","urlTemplate":"https:\/\/ticino.com\/de\/?s={search_term_string}"},"query-input":{"@type":"PropertyValueSpecification","valueRequired":true,"valueName":"search_term_string"}}],"inLanguage":"de"},{"@type":"Organization","@id":"https:\/\/ticino.com\/de\/#organization","name":"Ticinocom SA","url":"https:\/\/ticino.com\/de\/","logo":{"@type":"ImageObject","inLanguage":"de","@id":"https:\/\/ticino.com\/de\/#\/schema\/logo\/image\/","url":"https:\/\/ticino.com\/wp-content\/uploads\/2020\/09\/ticinocom-logo.png","contentUrl":"https:\/\/ticino.com\/wp-content\/uploads\/2020\/09\/ticinocom-logo.png","width":508,"height":84,"caption":"Ticinocom SA"},"image":{"@id":"https:\/\/ticino.com\/de\/#\/schema\/logo\/image\/"},"sameAs":["https:\/\/facebook.com\/ticinocom","https:\/\/x.com\/ticinocom","https:\/\/instagram.com\/ticinocomsa","https:\/\/linkedin.com\/company\/ticinocom"]},{"@type":"Person","@id":"https:\/\/ticino.com\/de\/#\/schema\/person\/ee0392429aac5d578b44a30e5e8fdef8","name":"Karl","image":{"@type":"ImageObject","inLanguage":"de","@id":"https:\/\/ticino.com\/de\/#\/schema\/person\/image\/","url":"https:\/\/secure.gravatar.com\/avatar\/39e3eb687ead68b445998a4f49096509?s=96&d=mm&r=g","contentUrl":"https:\/\/secure.gravatar.com\/avatar\/39e3eb687ead68b445998a4f49096509?s=96&d=mm&r=g","caption":"Karl"},"url":"https:\/\/ticino.com\/de\/author\/karl\/"}]}},"_links":{"self":[{"href":"https:\/\/ticino.com\/de\/wp-json\/wp\/v2\/posts\/19037"}],"collection":[{"href":"https:\/\/ticino.com\/de\/wp-json\/wp\/v2\/posts"}],"about":[{"href":"https:\/\/ticino.com\/de\/wp-json\/wp\/v2\/types\/post"}],"author":[{"embeddable":true,"href":"https:\/\/ticino.com\/de\/wp-json\/wp\/v2\/users\/138280483"}],"replies":[{"embeddable":true,"href":"https:\/\/ticino.com\/de\/wp-json\/wp\/v2\/comments?post=19037"}],"version-history":[{"count":0,"href":"https:\/\/ticino.com\/de\/wp-json\/wp\/v2\/posts\/19037\/revisions"}],"wp:featuredmedia":[{"embeddable":true,"href":"https:\/\/ticino.com\/de\/wp-json\/wp\/v2\/media\/19035"}],"wp:attachment":[{"href":"https:\/\/ticino.com\/de\/wp-json\/wp\/v2\/media?parent=19037"}],"wp:term":[{"taxonomy":"category","embeddable":true,"href":"https:\/\/ticino.com\/de\/wp-json\/wp\/v2\/categories?post=19037"},{"taxonomy":"post_tag","embeddable":true,"href":"https:\/\/ticino.com\/de\/wp-json\/wp\/v2\/tags?post=19037"}],"curies":[{"name":"wp","href":"https:\/\/api.w.org\/{rel}","templated":true}]}}