{"id":18945,"date":"2024-04-11T02:12:01","date_gmt":"2024-04-11T00:12:01","guid":{"rendered":"https:\/\/ticino.com\/blog\/gli-eventi-culturali-piu-attesi-in-ticino-questanno\/"},"modified":"2024-04-11T02:12:01","modified_gmt":"2024-04-11T00:12:01","slug":"gli-eventi-culturali-piu-attesi-in-ticino-questanno","status":"publish","type":"post","link":"https:\/\/ticino.com\/de\/blog\/gli-eventi-culturali-piu-attesi-in-ticino-questanno\/","title":{"rendered":"Gli eventi culturali pi\u00f9 attesi in Ticino quest&#8217;anno"},"content":{"rendered":"<h2>Festival del Film di Locarno: Una Finestra sul Mondo del Cinema<\/h2>\n<p><img decoding=\"async\" style=\"max-width: 100%; max-height: 200px;\" src=\"https:\/\/contenu.nyc3.digitaloceanspaces.com\/journalist\/b079373f-7859-44b1-951f-1d9eb370283f\/thumbnail.jpeg\" alt=\"Festival del Film di Locarno: Una Finestra sul Mondo del Cinema\"><\/p>\n<h3>Stelle del cinema sotto il cielo ticinese<\/h3>\n<p>Immaginate di trovarvi sotto un cielo stellato, circondati dalle bellezze naturali del Ticino, mentre sul grande schermo davanti a voi prendono vita le storie pi\u00f9 affascinanti del cinema mondiale. <strong>Questa \u00e8 l\u2019essenza del Festival del Film di Locarno<\/strong>, un evento che trasforma la Piazza Grande in un teatro all\u2019aperto unico nel suo genere.<\/p>\n<p>Ogni anno, il festival attira <a href=\"https:\/\/www.cdt.ch\/news\/ticinesi-con-il-naso-allinsu-per-leclissi-solare-era-l11-agosto-1999-348281\">stelle del cinema<\/a> di fama internazionale, regalando momenti indimenticabili agli appassionati di cinema e ai curiosi. Tra proiezioni notturne e incontri ravvicinati con gli artisti, l\u2019esperienza diventa magica.<\/p>\n<blockquote><p>\nLa magia di assistere a una proiezione sotto le stelle, in uno dei luoghi pi\u00f9 suggestivi del Ticino, \u00e8 un\u2019esperienza che va oltre la semplice visione di un film.\n<\/p><\/blockquote>\n<p>Ecco alcuni dei momenti salienti degli ultimi anni:<\/p>\n<ul>\n<li>Incontro con registi e attori di fama mondiale<\/li>\n<li>Proiezioni di anteprime internazionali<\/li>\n<li>Serate tematiche dedicate ai grandi classici del cinema<\/li>\n<\/ul>\n<h3>Proiezioni in Piazza Grande: un\u2019esperienza unica<\/h3>\n<p>Immaginate di sedervi sotto il cielo stellato di Locarno, circondati da un pubblico internazionale, mentre sul grande schermo prende vita un film che vi trasporter\u00e0 in un altro mondo. <strong>Questa \u00e8 l\u2019essenza delle proiezioni in Piazza Grande<\/strong>, un\u2019esperienza che unisce la magia del cinema alla bellezza unica del Ticino.<\/p>\n<p><a href=\"https:\/\/ticino.com\/blog\/gli-eventi-culturali-in-ticino\/\">Piazza Grande<\/a> diventa il cuore pulsante del Festival del Film di Locarno, trasformandosi in una delle sale cinematografiche all\u2019aperto pi\u00f9 grandi e affascinanti al mondo. Ogni sera, migliaia di spettatori si riuniscono per assistere a proiezioni che spaziano dai blockbuster ai film d\u2019autore, creando un\u2019atmosfera indimenticabile.<\/p>\n<blockquote><p>\nLa partecipazione a queste serate \u00e8 pi\u00f9 di una semplice visione di film; \u00e8 un\u2019immersione totale nella cultura cinematografica che celebra la diversit\u00e0 e la creativit\u00e0.\n<\/p><\/blockquote>\n<p>Ecco alcuni motivi per cui non dovreste perdervi queste proiezioni:<\/p>\n<ul>\n<li>La qualit\u00e0 eccezionale dell\u2019immagine e del suono<\/li>\n<li>L\u2019opportunit\u00e0 di vedere anteprime internazionali<\/li>\n<li>L\u2019incontro con stelle del cinema e registi<\/li>\n<li>L\u2019atmosfera magica che solo Locarno pu\u00f2 offrire<\/li>\n<\/ul>\n<h3>Focus sui registi emergenti: le nuove promesse del cinema<\/h3>\n<p>Nel mondo del cinema, l\u2019attenzione verso i registi emergenti \u00e8 sempre pi\u00f9 in crescita. Quest\u2019anno, il Festival del Film di Locarno mette in luce queste nuove promesse con una serie di proiezioni dedicate. <strong>La passione e l\u2019innovazione<\/strong> che questi giovani talenti portano sul grande schermo sono semplicemente straordinarie.<\/p>\n<p>Tra i nomi da tenere d\u2019occhio, alcuni hanno gi\u00e0 ricevuto riconoscimenti internazionali, come dimostra la recente notizia che la <a href=\"https:\/\/www.labiennale.org\/it\/news\/golden-globe-foundation-rinnova-il-programma-di-residenza-i-registi-di-biennale-college-cinema\">Golden Globe Foundation<\/a> ha rinnovato il programma di residenza per tre registi provenienti da Ungheria, Italia e Messico. Questo \u00e8 un segnale forte del potenziale che viene riconosciuto a livello globale.<\/p>\n<blockquote><p>\nLa vera magia del cinema si trova nell\u2019esplorazione di nuove voci e prospettive.\n<\/p><\/blockquote>\n<p>L\u2019entusiasmo per questi artisti non si ferma alle proiezioni. Il festival offre anche workshop e panel di discussione, dove i registi possono condividere le loro esperienze e imparare gli uni dagli altri. Questo ambiente di supporto \u00e8 cruciale per lo sviluppo della loro carriera.<\/p>\n<h2>LongLake Festival Lugano: Un\u2019estate di Musica, Arte e Cultura<\/h2>\n<p><img decoding=\"async\" style=\"max-width: 100%; max-height: 200px;\" src=\"https:\/\/contenu.nyc3.digitaloceanspaces.com\/journalist\/d9671ec0-3e0d-4c4c-be88-21af1e3989cc\/thumbnail.jpeg\" alt=\"LongLake Festival Lugano: Un'estate di Musica, Arte e Cultura\"><\/p>\n<h3>Concerti all\u2019aperto: tra jazz, rock e musica classica<\/h3>\n<p>Durante il LongLake Festival Lugano, l\u2019atmosfera si carica di note musicali che spaziano dal <em>jazz<\/em> al rock, fino alla musica classica. <strong>Ogni serata \u00e8 un\u2019esperienza unica<\/strong>, dove il pubblico si lascia trasportare dalle melodie sotto il cielo stellato di Lugano.<\/p>\n<blockquote><p>\nLa magia di questi concerti all\u2019aperto risiede nella loro capacit\u00e0 di unire persone di tutte le et\u00e0 e di diversi background culturali.\n<\/p><\/blockquote>\n<p>Ecco alcuni dei generi musicali che potrai ascoltare:<\/p>\n<ul>\n<li>Jazz<\/li>\n<li>Rock<\/li>\n<li>Musica classica<\/li>\n<li>Blues<\/li>\n<li>Pop<\/li>\n<\/ul>\n<p>Questi eventi rappresentano un\u2019occasione imperdibile per gli amanti della musica e per chi desidera scoprire nuove sonorit\u00e0 in un contesto davvero suggestivo.<\/p>\n<h3>Laboratori artistici e incontri culturali: imparare divertendosi<\/h3>\n<p>Partecipare ai laboratori artistici e agli incontri culturali del LongLake Festival Lugano \u00e8 un\u2019esperienza che arricchisce l\u2019anima e stimola la creativit\u00e0. <strong>Ogni workshop \u00e8 un\u2019opportunit\u00e0 unica<\/strong> per immergersi nelle diverse forme d\u2019arte e incontrare persone con passioni simili.<\/p>\n<ul>\n<li>Workshop di pittura<\/li>\n<li>Laboratori di scultura<\/li>\n<li>Sessioni di fotografia<\/li>\n<li>Incontri con artisti e autori<\/li>\n<\/ul>\n<blockquote><p>\nQuesti momenti di condivisione e apprendimento sono aperti a tutti, indipendentemente dall\u2019et\u00e0 o dal livello di esperienza.\n<\/p><\/blockquote>\n<p>La bellezza di questi incontri sta nel poter <em>esplorare<\/em> l\u2019arte e la cultura in Ticino in modo interattivo e coinvolgente. \u00c8 un modo per scoprire nuove espressioni artistiche e arricchire il proprio bagaglio culturale.<\/p>\n<h3>Spettacoli di strada e performance live: l\u2019arte incontra la citt\u00e0<\/h3>\n<p>Durante il LongLake Festival Lugano, le strade si animano di una magia particolare. Artisti di strada, musicisti e performer trasformano ogni angolo della citt\u00e0 in un palcoscenico vivente, offrendo spettacoli che toccano l\u2019anima e stimolano la mente. <strong>L\u2019arte diventa accessibile a tutti<\/strong>, trasformando la citt\u00e0 in una galleria a cielo aperto.<\/p>\n<p><em>Performance live<\/em> e spettacoli di strada rappresentano il cuore pulsante del festival, creando un\u2019atmosfera unica che solo Lugano sa offrire. Ecco alcuni degli artisti e delle performance che non vorrai perdere:<\/p>\n<ul>\n<li>Giocolieri e mangiafuoco<\/li>\n<li>Musicisti ambulanti<\/li>\n<li>Artisti di strada internazionali<\/li>\n<li>Performance teatrali improvvisate<\/li>\n<\/ul>\n<blockquote><p>\nQuesti momenti di incontro tra arte e pubblico generano un\u2019energia incredibile, rendendo il festival un\u2019esperienza indimenticabile per chiunque partecipi.\n<\/p><\/blockquote>\n<h2>Settimane Musicali di Ascona: Un Viaggio attraverso la Musica Classica<\/h2>\n<p><img decoding=\"async\" style=\"max-width: 100%; max-height: 200px;\" src=\"https:\/\/contenu.nyc3.digitaloceanspaces.com\/journalist\/82085f86-86bc-4e9a-b401-b2280c50ed48\/thumbnail.jpeg\" alt=\"Settimane Musicali di Ascona: Un Viaggio attraverso la Musica Classica\"><\/p>\n<h3>Grandi orchestre e solisti internazionali<\/h3>\n<p>Non posso nascondere l\u2019emozione che provo ogni volta che assisto a un concerto delle grandi orchestre e dei solisti internazionali che si esibiscono durante le Settimane Musicali di Ascona. La qualit\u00e0 e la passione che trasmettono sono semplicemente straordinarie. <strong>La presenza di artisti di calibro mondiale trasforma ogni serata in un\u2019esperienza indimenticabile<\/strong>, rendendo questo evento un appuntamento imperdibile per gli amanti della musica classica.<\/p>\n<blockquote><p>\nLa magia di questi concerti risiede non solo nella musica, ma anche nell\u2019atmosfera unica che si crea tra il pubblico e gli artisti.\n<\/p><\/blockquote>\n<p>Ecco alcuni degli artisti e delle orchestre che hanno lasciato un segno indelebile nel mio cuore:<\/p>\n<ul>\n<li>Orchestra da Camera d\u2019Europa<\/li>\n<li><a href=\"https:\/\/dinanikolaou.gr\/it\/chamber-orchestra-of-europe-konstantinos-karydis\/\">Konstantinos Karydis<\/a><\/li>\n<\/ul>\n<p>Quest\u2019anno, l\u2019attenzione \u00e8 rivolta anche ai giovani talenti emergenti, che hanno l\u2019opportunit\u00e0 di esibirsi accanto a nomi gi\u00e0 affermati nel panorama musicale internazionale. Questo mix tra esperienza e novit\u00e0 contribuisce a rendere il festival un vero e proprio crogiuolo di <em>innovazione<\/em> e tradizione.<\/p>\n<h3>Serate a tema: da Bach a Beethoven<\/h3>\n<p>Immergermi nelle serate a tema musicali \u00e8 come fare un viaggio nel tempo, dove ogni nota racconta una storia diversa. <strong>Da Bach a Beethoven<\/strong>, passando per Mozart e Vivaldi, ogni concerto \u00e8 un\u2019esperienza unica che mi permette di esplorare le diverse epoche musicali con un\u2019intensit\u00e0 senza pari.<\/p>\n<blockquote><p>\nLa magia di queste serate non risiede solo nella musica, ma anche nell\u2019atmosfera che si crea: un connubio perfetto tra storia, cultura e emozione.\n<\/p><\/blockquote>\n<p>Ecco alcuni dei momenti pi\u00f9 attesi:<\/p>\n<ul>\n<li>L\u2019intensit\u00e0 drammatica di Beethoven<\/li>\n<li>La maestosit\u00e0 barocca di Bach<\/li>\n<li>Le melodie celestiali di Mozart<\/li>\n<li>Il virtuosismo di Vivaldi<\/li>\n<\/ul>\n<p>Ogni serata \u00e8 un\u2019occasione per scoprire o riscoprire capolavori che hanno segnato la storia della musica classica, rendendo ogni esibizione un momento indimenticabile.<\/p>\n<h3>La magia dei concerti al lago: un\u2019atmosfera indimenticabile<\/h3>\n<p>Immaginate di sedervi a bordo lago, con l\u2019acqua che riflette le luci soffuse del palco e le stelle che brillano sopra di voi. <strong>Questa \u00e8 la magia dei concerti al lago ad Ascona<\/strong>, un\u2019esperienza che va oltre la semplice esibizione musicale. La combinazione unica di musica, natura e <em>architettura<\/em> del luogo crea un\u2019atmosfera che rimane impressa nel cuore.<\/p>\n<blockquote><p>\nLa serenit\u00e0 dell\u2019acqua e la maestosit\u00e0 della musica si fondono in un momento di pura bellezza.\n<\/p><\/blockquote>\n<p>Ecco alcuni dei momenti pi\u00f9 attesi:<\/p>\n<ul>\n<li>Grandi orchestre che eseguono capolavori classici.<\/li>\n<li>Solisti di fama internazionale che si esibiscono in performance indimenticabili.<\/li>\n<li>Serate a tema che viaggiano attraverso la storia della musica, da Bach a Beethoven.<\/li>\n<\/ul>\n<p>Partecipare a questi eventi \u00e8 un modo per riscoprire la bellezza della musica classica e apprezzare la <a href=\"https:\/\/ticino.com\/blog\/festival-musicali-nel-ticino-2\/\">ricchezza culturale del Ticino<\/a>.<\/p>\n<h2>Autunno Gastronomico Ticinese: Sapori e Tradizioni da Scoprire<\/h2>\n<p><img decoding=\"async\" style=\"max-width: 100%; max-height: 200px;\" src=\"https:\/\/contenu.nyc3.digitaloceanspaces.com\/journalist\/e9fd4f7d-a5f6-4546-a1ef-54aa4d670198\/thumbnail.jpeg\" alt=\"Autunno Gastronomico Ticinese: Sapori e Tradizioni da Scoprire\"><\/p>\n<h3>Degustazioni di prodotti locali: formaggi, vini e molto altro<\/h3>\n<p>Immergermi nella cultura enogastronomica ticinese \u00e8 sempre stata una delle mie passioni. <a href=\"https:\/\/ticino.com\/blog\/acquisti-a-ticino-2\/\">Scoprire la cucina tradizionale ticinese<\/a>, con piatti amati come la polenta e l\u2019ossobuco, abbinati a vini locali squisiti e prodotti autentici, rappresenta un\u2019esperienza culinaria unica in Ticino.<\/p>\n<blockquote><p>\nDurante queste degustazioni, ho l\u2019opportunit\u00e0 di assaporare la vera essenza del territorio, attraverso i suoi sapori pi\u00f9 genuini e le sue tradizioni pi\u00f9 radicate.\n<\/p><\/blockquote>\n<p>Ecco alcuni dei prodotti che non posso fare a meno di assaggiare:<\/p>\n<ul>\n<li><em>Formaggi<\/em> locali, dai pi\u00f9 freschi ai pi\u00f9 stagionati<\/li>\n<li>Vini pregiati, testimoni della ricca tradizione vitivinicola del Ticino<\/li>\n<li>Salumi artigianali, espressione del sapere fare locale<\/li>\n<\/ul>\n<p>Partecipare a queste degustazioni mi permette di connettermi con la terra e con le persone che, ogni giorno, lavorano per mantenere viva questa meravigliosa eredit\u00e0 culinaria.<\/p>\n<h3>Cene a tema con chef rinomati: un viaggio culinario<\/h3>\n<p>Immaginate di sedervi a un tavolo elegantemente apparecchiato, circondati da un\u2019atmosfera calda e accogliente, pronti a intraprendere un viaggio culinario che vi porter\u00e0 alla scoperta dei sapori pi\u00f9 autentici del Ticino. <strong>Ogni piatto racconta una storia<\/strong>, una tradizione, un segreto tramandato di generazione in generazione.<\/p>\n<blockquote><p>\nDurante queste cene, l\u2019esperienza non si limita al gusto, ma si estende alla conoscenza e alla condivisione. \u00c8 un\u2019occasione unica per imparare direttamente dagli chef, che con passione e maestria svelano i retroscena dei loro piatti pi\u00f9 iconici.\n<\/p><\/blockquote>\n<p>Ecco alcuni degli <em>ingredienti<\/em> chiave che rendono queste serate indimenticabili:<\/p>\n<ul>\n<li>Prodotti locali di stagione<\/li>\n<li>Ricette tradizionali rivisitate con creativit\u00e0<\/li>\n<li>Abbinamenti vino-cibo curati nei minimi dettagli<\/li>\n<\/ul>\n<p>Partecipare a una di queste cene \u00e8 molto pi\u00f9 che gustare eccellenti piatti; \u00e8 un\u2019esperienza che arricchisce, che lascia un segno nel cuore e nella memoria di chi vi prende parte.<\/p>\n<h3>Eventi enogastronomici: tra novit\u00e0 e tradizione<\/h3>\n<p>L\u2019autunno in Ticino si tinge di sapori e colori unici, offrendoci l\u2019opportunit\u00e0 di immergerci in una tradizione culinaria ricca e variegata. <a href=\"https:\/\/ticino.com\/blog\/acquisti-a-ticino\/\">Esplorare gli eventi enogastronomici del Ticino<\/a> ci permette di avvicinarci non solo alla cucina locale ma anche alla storia e alle tradizioni di questa magnifica regione. Dalle feste della vendemmia ai piatti tradizionali, passando per la storia ricca e le vibranti tradizioni culturali come il Festival della Camelia.<\/p>\n<blockquote><p>\nL\u2019esperienza culinaria ticinese \u00e8 un viaggio che va oltre il gusto, toccando i sensi con la sua autenticit\u00e0 e variet\u00e0.\n<\/p><\/blockquote>\n<p>Per chi cerca un\u2019esperienza completa, ecco alcuni degli eventi da non perdere:<\/p>\n<ul>\n<li>Festa della Vendemmia<\/li>\n<li>Sagra del Castagno<\/li>\n<li>Festival del Merlot<\/li>\n<\/ul>\n<p>Ogni evento \u00e8 un\u2019occasione per scoprire nuove <em>delizie<\/em>, imparare dai maestri della cucina locale e condividere momenti indimenticabili con amici e familiari.<\/p>\n<p>Scopri i segreti dell\u2019Autunno Gastronomico Ticinese, un viaggio culinario che ti porter\u00e0 alla scoperta di sapori unici e tradizioni secolari. <a href=\"https:\/\/ticino.com\/internet\">Visita il nostro sito<\/a> per esplorare tutte le delizie che questa stagione ha da offrire e lasciati ispirare per il tuo prossimo viaggio gastronomico in Ticino. Non perdere l\u2019opportunit\u00e0 di vivere un\u2019esperienza indimenticabile. Clicca ora per saperne di pi\u00f9!<\/p>\n","protected":false},"excerpt":{"rendered":"<p>Festival del Film di Locarno: Una Finestra sul Mondo del Cinema Stelle del cinema sotto il cielo ticinese Immaginate di trovarvi sotto un cielo stellato, circondati dalle bellezze naturali del Ticino, mentre sul grande schermo davanti a voi prendono vita le storie pi\u00f9 affascinanti del cinema mondiale. Questa \u00e8 l&#8217;essenza del Festival del Film di [&hellip;]<\/p>\n","protected":false},"author":138280483,"featured_media":18943,"comment_status":"open","ping_status":"open","sticky":false,"template":"","format":"standard","meta":{"footnotes":""},"categories":[46],"tags":[],"class_list":["post-18945","post","type-post","status-publish","format-standard","has-post-thumbnail","hentry","category-consigli"],"yoast_head":"<!-- This site is optimized with the Yoast SEO Premium plugin v21.7 (Yoast SEO v23.7) - https:\/\/yoast.com\/wordpress\/plugins\/seo\/ -->\n<title>Gli eventi culturali pi\u00f9 attesi in Ticino quest&#039;anno | Ticinocom SA<\/title>\n<meta name=\"robots\" content=\"index, follow, max-snippet:-1, max-image-preview:large, max-video-preview:-1\" \/>\n<link rel=\"canonical\" href=\"https:\/\/ticino.com\/de\/blog\/gli-eventi-culturali-piu-attesi-in-ticino-questanno\/\" \/>\n<meta property=\"og:locale\" content=\"de_DE\" \/>\n<meta property=\"og:type\" content=\"article\" \/>\n<meta property=\"og:title\" content=\"Gli eventi culturali pi\u00f9 attesi in Ticino quest&#039;anno\" \/>\n<meta property=\"og:description\" content=\"Festival del Film di Locarno: Una Finestra sul Mondo del Cinema Stelle del cinema sotto il cielo ticinese Immaginate di trovarvi sotto un cielo stellato, circondati dalle bellezze naturali del Ticino, mentre sul grande schermo davanti a voi prendono vita le storie pi\u00f9 affascinanti del cinema mondiale. Questa \u00e8 l&#8217;essenza del Festival del Film di [&hellip;]\" \/>\n<meta property=\"og:url\" content=\"https:\/\/ticino.com\/de\/blog\/gli-eventi-culturali-piu-attesi-in-ticino-questanno\/\" \/>\n<meta property=\"og:site_name\" content=\"Ticinocom SA\" \/>\n<meta property=\"article:publisher\" content=\"https:\/\/facebook.com\/ticinocom\" \/>\n<meta property=\"article:published_time\" content=\"2024-04-11T00:12:01+00:00\" \/>\n<meta property=\"og:image\" content=\"https:\/\/contenu.nyc3.digitaloceanspaces.com\/journalist\/b079373f-7859-44b1-951f-1d9eb370283f\/thumbnail.jpeg\" \/>\n<meta name=\"author\" content=\"Karl\" \/>\n<meta name=\"twitter:card\" content=\"summary_large_image\" \/>\n<meta name=\"twitter:creator\" content=\"@ticinocom\" \/>\n<meta name=\"twitter:site\" content=\"@ticinocom\" \/>\n<meta name=\"twitter:label1\" content=\"Verfasst von\" \/>\n\t<meta name=\"twitter:data1\" content=\"Karl\" \/>\n\t<meta name=\"twitter:label2\" content=\"Gesch\u00e4tzte Lesezeit\" \/>\n\t<meta name=\"twitter:data2\" content=\"9\u00a0Minuten\" \/>\n<script type=\"application\/ld+json\" class=\"yoast-schema-graph\">{\"@context\":\"https:\/\/schema.org\",\"@graph\":[{\"@type\":\"Article\",\"@id\":\"https:\/\/ticino.com\/de\/blog\/gli-eventi-culturali-piu-attesi-in-ticino-questanno\/#article\",\"isPartOf\":{\"@id\":\"https:\/\/ticino.com\/de\/blog\/gli-eventi-culturali-piu-attesi-in-ticino-questanno\/\"},\"author\":{\"name\":\"Karl\",\"@id\":\"https:\/\/ticino.com\/de\/#\/schema\/person\/ee0392429aac5d578b44a30e5e8fdef8\"},\"headline\":\"Gli eventi culturali pi\u00f9 attesi in Ticino quest&#8217;anno\",\"datePublished\":\"2024-04-11T00:12:01+00:00\",\"dateModified\":\"2024-04-11T00:12:01+00:00\",\"mainEntityOfPage\":{\"@id\":\"https:\/\/ticino.com\/de\/blog\/gli-eventi-culturali-piu-attesi-in-ticino-questanno\/\"},\"wordCount\":1810,\"commentCount\":0,\"publisher\":{\"@id\":\"https:\/\/ticino.com\/de\/#organization\"},\"image\":{\"@id\":\"https:\/\/ticino.com\/de\/blog\/gli-eventi-culturali-piu-attesi-in-ticino-questanno\/#primaryimage\"},\"thumbnailUrl\":\"https:\/\/ticino.com\/wp-content\/uploads\/2024\/04\/e647831ethumbnail.jpeg\",\"articleSection\":[\"Consigli\"],\"inLanguage\":\"de\",\"potentialAction\":[{\"@type\":\"CommentAction\",\"name\":\"Comment\",\"target\":[\"https:\/\/ticino.com\/de\/blog\/gli-eventi-culturali-piu-attesi-in-ticino-questanno\/#respond\"]}]},{\"@type\":\"WebPage\",\"@id\":\"https:\/\/ticino.com\/de\/blog\/gli-eventi-culturali-piu-attesi-in-ticino-questanno\/\",\"url\":\"https:\/\/ticino.com\/de\/blog\/gli-eventi-culturali-piu-attesi-in-ticino-questanno\/\",\"name\":\"Gli eventi culturali pi\u00f9 attesi in Ticino quest'anno | Ticinocom SA\",\"isPartOf\":{\"@id\":\"https:\/\/ticino.com\/de\/#website\"},\"primaryImageOfPage\":{\"@id\":\"https:\/\/ticino.com\/de\/blog\/gli-eventi-culturali-piu-attesi-in-ticino-questanno\/#primaryimage\"},\"image\":{\"@id\":\"https:\/\/ticino.com\/de\/blog\/gli-eventi-culturali-piu-attesi-in-ticino-questanno\/#primaryimage\"},\"thumbnailUrl\":\"https:\/\/ticino.com\/wp-content\/uploads\/2024\/04\/e647831ethumbnail.jpeg\",\"datePublished\":\"2024-04-11T00:12:01+00:00\",\"dateModified\":\"2024-04-11T00:12:01+00:00\",\"breadcrumb\":{\"@id\":\"https:\/\/ticino.com\/de\/blog\/gli-eventi-culturali-piu-attesi-in-ticino-questanno\/#breadcrumb\"},\"inLanguage\":\"de\",\"potentialAction\":[{\"@type\":\"ReadAction\",\"target\":[\"https:\/\/ticino.com\/de\/blog\/gli-eventi-culturali-piu-attesi-in-ticino-questanno\/\"]}]},{\"@type\":\"ImageObject\",\"inLanguage\":\"de\",\"@id\":\"https:\/\/ticino.com\/de\/blog\/gli-eventi-culturali-piu-attesi-in-ticino-questanno\/#primaryimage\",\"url\":\"https:\/\/ticino.com\/wp-content\/uploads\/2024\/04\/e647831ethumbnail.jpeg\",\"contentUrl\":\"https:\/\/ticino.com\/wp-content\/uploads\/2024\/04\/e647831ethumbnail.jpeg\",\"width\":1200,\"height\":600},{\"@type\":\"BreadcrumbList\",\"@id\":\"https:\/\/ticino.com\/de\/blog\/gli-eventi-culturali-piu-attesi-in-ticino-questanno\/#breadcrumb\",\"itemListElement\":[{\"@type\":\"ListItem\",\"position\":1,\"name\":\"Home\",\"item\":\"https:\/\/ticino.com\/de\/\"},{\"@type\":\"ListItem\",\"position\":2,\"name\":\"Gli eventi culturali pi\u00f9 attesi in Ticino quest&#8217;anno\"}]},{\"@type\":\"WebSite\",\"@id\":\"https:\/\/ticino.com\/de\/#website\",\"url\":\"https:\/\/ticino.com\/de\/\",\"name\":\"Ticinocom SA\",\"description\":\"Internet 100% made in Ticino\",\"publisher\":{\"@id\":\"https:\/\/ticino.com\/de\/#organization\"},\"potentialAction\":[{\"@type\":\"SearchAction\",\"target\":{\"@type\":\"EntryPoint\",\"urlTemplate\":\"https:\/\/ticino.com\/de\/?s={search_term_string}\"},\"query-input\":{\"@type\":\"PropertyValueSpecification\",\"valueRequired\":true,\"valueName\":\"search_term_string\"}}],\"inLanguage\":\"de\"},{\"@type\":\"Organization\",\"@id\":\"https:\/\/ticino.com\/de\/#organization\",\"name\":\"Ticinocom SA\",\"url\":\"https:\/\/ticino.com\/de\/\",\"logo\":{\"@type\":\"ImageObject\",\"inLanguage\":\"de\",\"@id\":\"https:\/\/ticino.com\/de\/#\/schema\/logo\/image\/\",\"url\":\"https:\/\/ticino.com\/wp-content\/uploads\/2020\/09\/ticinocom-logo.png\",\"contentUrl\":\"https:\/\/ticino.com\/wp-content\/uploads\/2020\/09\/ticinocom-logo.png\",\"width\":508,\"height\":84,\"caption\":\"Ticinocom SA\"},\"image\":{\"@id\":\"https:\/\/ticino.com\/de\/#\/schema\/logo\/image\/\"},\"sameAs\":[\"https:\/\/facebook.com\/ticinocom\",\"https:\/\/x.com\/ticinocom\",\"https:\/\/instagram.com\/ticinocomsa\",\"https:\/\/linkedin.com\/company\/ticinocom\"]},{\"@type\":\"Person\",\"@id\":\"https:\/\/ticino.com\/de\/#\/schema\/person\/ee0392429aac5d578b44a30e5e8fdef8\",\"name\":\"Karl\",\"image\":{\"@type\":\"ImageObject\",\"inLanguage\":\"de\",\"@id\":\"https:\/\/ticino.com\/de\/#\/schema\/person\/image\/\",\"url\":\"https:\/\/secure.gravatar.com\/avatar\/39e3eb687ead68b445998a4f49096509?s=96&d=mm&r=g\",\"contentUrl\":\"https:\/\/secure.gravatar.com\/avatar\/39e3eb687ead68b445998a4f49096509?s=96&d=mm&r=g\",\"caption\":\"Karl\"},\"url\":\"https:\/\/ticino.com\/de\/author\/karl\/\"}]}<\/script>\n<!-- \/ Yoast SEO Premium plugin. -->","yoast_head_json":{"title":"Gli eventi culturali pi\u00f9 attesi in Ticino quest'anno | Ticinocom SA","robots":{"index":"index","follow":"follow","max-snippet":"max-snippet:-1","max-image-preview":"max-image-preview:large","max-video-preview":"max-video-preview:-1"},"canonical":"https:\/\/ticino.com\/de\/blog\/gli-eventi-culturali-piu-attesi-in-ticino-questanno\/","og_locale":"de_DE","og_type":"article","og_title":"Gli eventi culturali pi\u00f9 attesi in Ticino quest'anno","og_description":"Festival del Film di Locarno: Una Finestra sul Mondo del Cinema Stelle del cinema sotto il cielo ticinese Immaginate di trovarvi sotto un cielo stellato, circondati dalle bellezze naturali del Ticino, mentre sul grande schermo davanti a voi prendono vita le storie pi\u00f9 affascinanti del cinema mondiale. Questa \u00e8 l&#8217;essenza del Festival del Film di [&hellip;]","og_url":"https:\/\/ticino.com\/de\/blog\/gli-eventi-culturali-piu-attesi-in-ticino-questanno\/","og_site_name":"Ticinocom SA","article_publisher":"https:\/\/facebook.com\/ticinocom","article_published_time":"2024-04-11T00:12:01+00:00","og_image":[{"url":"https:\/\/contenu.nyc3.digitaloceanspaces.com\/journalist\/b079373f-7859-44b1-951f-1d9eb370283f\/thumbnail.jpeg"}],"author":"Karl","twitter_card":"summary_large_image","twitter_creator":"@ticinocom","twitter_site":"@ticinocom","twitter_misc":{"Verfasst von":"Karl","Gesch\u00e4tzte Lesezeit":"9\u00a0Minuten"},"schema":{"@context":"https:\/\/schema.org","@graph":[{"@type":"Article","@id":"https:\/\/ticino.com\/de\/blog\/gli-eventi-culturali-piu-attesi-in-ticino-questanno\/#article","isPartOf":{"@id":"https:\/\/ticino.com\/de\/blog\/gli-eventi-culturali-piu-attesi-in-ticino-questanno\/"},"author":{"name":"Karl","@id":"https:\/\/ticino.com\/de\/#\/schema\/person\/ee0392429aac5d578b44a30e5e8fdef8"},"headline":"Gli eventi culturali pi\u00f9 attesi in Ticino quest&#8217;anno","datePublished":"2024-04-11T00:12:01+00:00","dateModified":"2024-04-11T00:12:01+00:00","mainEntityOfPage":{"@id":"https:\/\/ticino.com\/de\/blog\/gli-eventi-culturali-piu-attesi-in-ticino-questanno\/"},"wordCount":1810,"commentCount":0,"publisher":{"@id":"https:\/\/ticino.com\/de\/#organization"},"image":{"@id":"https:\/\/ticino.com\/de\/blog\/gli-eventi-culturali-piu-attesi-in-ticino-questanno\/#primaryimage"},"thumbnailUrl":"https:\/\/ticino.com\/wp-content\/uploads\/2024\/04\/e647831ethumbnail.jpeg","articleSection":["Consigli"],"inLanguage":"de","potentialAction":[{"@type":"CommentAction","name":"Comment","target":["https:\/\/ticino.com\/de\/blog\/gli-eventi-culturali-piu-attesi-in-ticino-questanno\/#respond"]}]},{"@type":"WebPage","@id":"https:\/\/ticino.com\/de\/blog\/gli-eventi-culturali-piu-attesi-in-ticino-questanno\/","url":"https:\/\/ticino.com\/de\/blog\/gli-eventi-culturali-piu-attesi-in-ticino-questanno\/","name":"Gli eventi culturali pi\u00f9 attesi in Ticino quest'anno | Ticinocom SA","isPartOf":{"@id":"https:\/\/ticino.com\/de\/#website"},"primaryImageOfPage":{"@id":"https:\/\/ticino.com\/de\/blog\/gli-eventi-culturali-piu-attesi-in-ticino-questanno\/#primaryimage"},"image":{"@id":"https:\/\/ticino.com\/de\/blog\/gli-eventi-culturali-piu-attesi-in-ticino-questanno\/#primaryimage"},"thumbnailUrl":"https:\/\/ticino.com\/wp-content\/uploads\/2024\/04\/e647831ethumbnail.jpeg","datePublished":"2024-04-11T00:12:01+00:00","dateModified":"2024-04-11T00:12:01+00:00","breadcrumb":{"@id":"https:\/\/ticino.com\/de\/blog\/gli-eventi-culturali-piu-attesi-in-ticino-questanno\/#breadcrumb"},"inLanguage":"de","potentialAction":[{"@type":"ReadAction","target":["https:\/\/ticino.com\/de\/blog\/gli-eventi-culturali-piu-attesi-in-ticino-questanno\/"]}]},{"@type":"ImageObject","inLanguage":"de","@id":"https:\/\/ticino.com\/de\/blog\/gli-eventi-culturali-piu-attesi-in-ticino-questanno\/#primaryimage","url":"https:\/\/ticino.com\/wp-content\/uploads\/2024\/04\/e647831ethumbnail.jpeg","contentUrl":"https:\/\/ticino.com\/wp-content\/uploads\/2024\/04\/e647831ethumbnail.jpeg","width":1200,"height":600},{"@type":"BreadcrumbList","@id":"https:\/\/ticino.com\/de\/blog\/gli-eventi-culturali-piu-attesi-in-ticino-questanno\/#breadcrumb","itemListElement":[{"@type":"ListItem","position":1,"name":"Home","item":"https:\/\/ticino.com\/de\/"},{"@type":"ListItem","position":2,"name":"Gli eventi culturali pi\u00f9 attesi in Ticino quest&#8217;anno"}]},{"@type":"WebSite","@id":"https:\/\/ticino.com\/de\/#website","url":"https:\/\/ticino.com\/de\/","name":"Ticinocom SA","description":"Internet 100% made in Ticino","publisher":{"@id":"https:\/\/ticino.com\/de\/#organization"},"potentialAction":[{"@type":"SearchAction","target":{"@type":"EntryPoint","urlTemplate":"https:\/\/ticino.com\/de\/?s={search_term_string}"},"query-input":{"@type":"PropertyValueSpecification","valueRequired":true,"valueName":"search_term_string"}}],"inLanguage":"de"},{"@type":"Organization","@id":"https:\/\/ticino.com\/de\/#organization","name":"Ticinocom SA","url":"https:\/\/ticino.com\/de\/","logo":{"@type":"ImageObject","inLanguage":"de","@id":"https:\/\/ticino.com\/de\/#\/schema\/logo\/image\/","url":"https:\/\/ticino.com\/wp-content\/uploads\/2020\/09\/ticinocom-logo.png","contentUrl":"https:\/\/ticino.com\/wp-content\/uploads\/2020\/09\/ticinocom-logo.png","width":508,"height":84,"caption":"Ticinocom SA"},"image":{"@id":"https:\/\/ticino.com\/de\/#\/schema\/logo\/image\/"},"sameAs":["https:\/\/facebook.com\/ticinocom","https:\/\/x.com\/ticinocom","https:\/\/instagram.com\/ticinocomsa","https:\/\/linkedin.com\/company\/ticinocom"]},{"@type":"Person","@id":"https:\/\/ticino.com\/de\/#\/schema\/person\/ee0392429aac5d578b44a30e5e8fdef8","name":"Karl","image":{"@type":"ImageObject","inLanguage":"de","@id":"https:\/\/ticino.com\/de\/#\/schema\/person\/image\/","url":"https:\/\/secure.gravatar.com\/avatar\/39e3eb687ead68b445998a4f49096509?s=96&d=mm&r=g","contentUrl":"https:\/\/secure.gravatar.com\/avatar\/39e3eb687ead68b445998a4f49096509?s=96&d=mm&r=g","caption":"Karl"},"url":"https:\/\/ticino.com\/de\/author\/karl\/"}]}},"_links":{"self":[{"href":"https:\/\/ticino.com\/de\/wp-json\/wp\/v2\/posts\/18945"}],"collection":[{"href":"https:\/\/ticino.com\/de\/wp-json\/wp\/v2\/posts"}],"about":[{"href":"https:\/\/ticino.com\/de\/wp-json\/wp\/v2\/types\/post"}],"author":[{"embeddable":true,"href":"https:\/\/ticino.com\/de\/wp-json\/wp\/v2\/users\/138280483"}],"replies":[{"embeddable":true,"href":"https:\/\/ticino.com\/de\/wp-json\/wp\/v2\/comments?post=18945"}],"version-history":[{"count":0,"href":"https:\/\/ticino.com\/de\/wp-json\/wp\/v2\/posts\/18945\/revisions"}],"wp:featuredmedia":[{"embeddable":true,"href":"https:\/\/ticino.com\/de\/wp-json\/wp\/v2\/media\/18943"}],"wp:attachment":[{"href":"https:\/\/ticino.com\/de\/wp-json\/wp\/v2\/media?parent=18945"}],"wp:term":[{"taxonomy":"category","embeddable":true,"href":"https:\/\/ticino.com\/de\/wp-json\/wp\/v2\/categories?post=18945"},{"taxonomy":"post_tag","embeddable":true,"href":"https:\/\/ticino.com\/de\/wp-json\/wp\/v2\/tags?post=18945"}],"curies":[{"name":"wp","href":"https:\/\/api.w.org\/{rel}","templated":true}]}}