{"id":18839,"date":"2024-03-30T23:22:01","date_gmt":"2024-03-30T22:22:01","guid":{"rendered":"https:\/\/ticino.com\/blog\/ticino-e-sostenibilita-una-visione-verde-per-il-futuro\/"},"modified":"2024-03-30T23:22:01","modified_gmt":"2024-03-30T22:22:01","slug":"ticino-e-sostenibilita-una-visione-verde-per-il-futuro","status":"publish","type":"post","link":"https:\/\/ticino.com\/de\/blog\/ticino-e-sostenibilita-una-visione-verde-per-il-futuro\/","title":{"rendered":"Ticino e sostenibilit\u00e0: una visione verde per il futuro"},"content":{"rendered":"<h2>Il Ticino come modello di sostenibilit\u00e0<\/h2>\n<p><img decoding=\"async\" style=\"max-width: 100%; max-height: 200px;\" src=\"https:\/\/contenu.nyc3.digitaloceanspaces.com\/journalist\/06e49426-ceb0-4c31-ba6d-4f4ac8068335\/thumbnail.jpeg\" alt=\"Il Ticino come modello di sostenibilit\u00e0\"><\/p>\n<h3>Iniziative locali per un impatto globale<\/h3>\n<p>Nel mio viaggio alla scoperta delle iniziative locali che stanno plasmando un futuro pi\u00f9 sostenibile per il Ticino, ho avuto l\u2019opportunit\u00e0 di osservare da vicino come piccole azioni possano avere un impatto significativo a livello globale. <strong>L\u2019impegno della comunit\u00e0<\/strong> nel promuovere pratiche sostenibili \u00e8 palpabile in ogni angolo della regione.<\/p>\n<p>Una delle iniziative che mi ha particolarmente colpito riguarda la gestione dei rifiuti e il riciclo. La citt\u00e0 di <em>Lugano<\/em>, ad esempio, ha implementato un programma ambizioso per ridurre la produzione di rifiuti e incrementare le percentuali di riciclo. Questo sforzo collettivo si riflette nei seguenti dati:<\/p>\n<ul>\n<li>Riduzione del 20% della produzione di rifiuti<\/li>\n<li>Aumento del 30% nella raccolta differenziata<\/li>\n<\/ul>\n<blockquote><p>\nLa sostenibilit\u00e0 non \u00e8 solo un obiettivo, ma una pratica quotidiana che coinvolge tutti noi.\n<\/p><\/blockquote>\n<p>Questi numeri dimostrano come l\u2019adozione di misure concrete possa portare a risultati tangibili, contribuendo significativamente alla riduzione dell\u2019impronta ecologica della regione. L\u2019esempio di Lugano \u00e8 solo uno dei tanti che evidenziano come le iniziative locali possano effettivamente influenzare il benessere del nostro pianeta.<\/p>\n<h3>Promozione dell\u2019energia rinnovabile<\/h3>\n<p>Nel mio viaggio verso una vita pi\u00f9 sostenibile, ho scoperto l\u2019importanza cruciale della promozione dell\u2019energia rinnovabile. <strong>L\u2019energia solare<\/strong>, in particolare, ha catturato la mia attenzione per la sua capacit\u00e0 di fornire una fonte pulita e inesauribile di potenza.<\/p>\n<blockquote><p>\nL\u2019adozione di pannelli solari nelle nostre case e aziende non \u00e8 solo un passo verso la riduzione delle emissioni di carbonio, ma rappresenta anche un investimento nel futuro del nostro pianeta.\n<\/p><\/blockquote>\n<p>Ecco alcuni dei benefici chiave dell\u2019energia rinnovabile:<\/p>\n<ul>\n<li>Riduzione dell\u2019impatto ambientale<\/li>\n<li>Minore dipendenza dai combustibili fossili<\/li>\n<li>Incremento della sicurezza energetica<\/li>\n<\/ul>\n<p>Incoraggiare l\u2019uso dell\u2019energia rinnovabile non \u00e8 solo una scelta etica, ma anche economica. Con il tempo, i costi iniziali di installazione dei sistemi di energia rinnovabile vengono ammortizzati attraverso il risparmio energetico. Questo rende l\u2019energia rinnovabile non solo <em>sostenibile<\/em>, ma anche conveniente a lungo termine.<\/p>\n<h3>Riduzione dell\u2019impronta ecologica<\/h3>\n<p>Nel mio percorso verso una vita pi\u00f9 sostenibile, ho scoperto che ridurre l\u2019impronta ecologica non \u00e8 solo una scelta, ma una necessit\u00e0. <strong>Ogni azione conta<\/strong>, dalla scelta di prodotti a basso impatto ambientale alla riduzione dei rifiuti.<\/p>\n<p>Ecco alcuni passi che tutti possiamo seguire per fare la differenza:<\/p>\n<ul>\n<li>Preferire il trasporto pubblico o la bicicletta per gli spostamenti quotidiani.<\/li>\n<li>Ridurre il consumo di acqua e energia in casa.<\/li>\n<li>Scegliere alimenti di produzione locale e stagionale.<\/li>\n<\/ul>\n<blockquote><p>\nRicordiamoci che il nostro impegno personale \u00e8 fondamentale per il benessere del pianeta.\n<\/p><\/blockquote>\n<p>Il Ticino, con le sue iniziative, dimostra come sia possibile coniugare sviluppo e sostenibilit\u00e0. L\u2019adozione di tecnologie avanzate in <a href=\"https:\/\/ticino.com\/blog\/ticino-e-la-sostenibilita-un-binomio-vincente\/\">energia rinnovabile<\/a>, mobilit\u00e0 sostenibile e agricoltura biologica, evidenzia il nostro impegno verso una qualit\u00e0 di vita migliore, la preservazione dell\u2019ambiente e la creazione di nuove opportunit\u00e0.<\/p>\n<h2>Turismo sostenibile nel cuore della Svizzera<\/h2>\n<p><img decoding=\"async\" style=\"max-width: 100%; max-height: 200px;\" src=\"https:\/\/contenu.nyc3.digitaloceanspaces.com\/journalist\/1dede8e1-2975-4a70-9361-cba154ad9424\/thumbnail.jpeg\" alt=\"Turismo sostenibile nel cuore della Svizzera\"><\/p>\n<h3>Eco-alloggi e ospitalit\u00e0 verde<\/h3>\n<p>Durante il mio viaggio in Ticino, ho avuto il piacere di soggiornare in alcuni degli eco-alloggi pi\u00f9 innovativi della regione. Queste strutture non solo rispettano l\u2019ambiente, ma offrono anche un\u2019esperienza unica e autentica che si allinea perfettamente con i principi della sostenibilit\u00e0.<\/p>\n<p><strong>L\u2019attenzione al dettaglio in questi alloggi \u00e8 impressionante<\/strong>, dalla scelta dei materiali da costruzione a basso impatto ambientale, fino alle soluzioni per il risparmio energetico e la gestione dei rifiuti. Ogni aspetto \u00e8 curato per garantire che l\u2019impatto sull\u2019ambiente sia minimizzato.<\/p>\n<ul>\n<li>Utilizzo di <em>energia rinnovabile<\/em><\/li>\n<li>Prodotti per la pulizia ecologici<\/li>\n<li>Programmi di riciclo e compostaggio<\/li>\n<\/ul>\n<blockquote><p>\nL\u2019esperienza di soggiorno in un eco-alloggio va oltre il semplice pernottamento; \u00e8 un\u2019immersione completa in uno stile di vita sostenibile.\n<\/p><\/blockquote>\n<p>Scegliere di soggiornare in un eco-alloggio non \u00e8 solo una scelta responsabile verso l\u2019ambiente, ma anche un modo per sostenere le comunit\u00e0 locali che si impegnano attivamente nella promozione di pratiche sostenibili. Questa esperienza mi ha lasciato non solo ricordi indimenticabili, ma anche la consapevolezza di aver contribuito, seppur in piccola parte, alla conservazione delle meraviglie naturali del Ticino.<\/p>\n<h3>Itinerari eco-compatibili per esploratori consapevoli<\/h3>\n<p>Esplorare il Ticino in modo sostenibile non \u00e8 mai stato cos\u00ec semplice e gratificante. <strong>La bellezza naturale della regione si svela attraverso percorsi pensati per minimizzare l\u2019impatto ambientale<\/strong>, offrendo al contempo un\u2019esperienza indimenticabile.<\/p>\n<blockquote><p>\nScegliere itinerari eco-compatibili significa immergersi nella natura senza pregiudicarla, un principio che guida ogni mia avventura.\n<\/p><\/blockquote>\n<p>Ecco alcuni esempi di percorsi che ho trovato particolarmente affascinanti:<\/p>\n<ul>\n<li><em>Sentiero delle meraviglie<\/em> di Locarno: un percorso che incanta con i suoi panorami mozzafiato e la sua ricca biodiversit\u00e0.<\/li>\n<li>La <em>Via del Ceneri<\/em>: ideale per chi cerca un\u2019esperienza ciclistica unica, coniugando sport e rispetto per l\u2019ambiente.<\/li>\n<li>Il <em>Cammino delle vigne<\/em> a Mendrisio: perfetto per gli amanti del vino che desiderano esplorare le tradizioni locali in chiave sostenibile.<\/li>\n<\/ul>\n<p>Ogni itinerario \u00e8 un\u2019opportunit\u00e0 per connettersi con la natura, imparare sulla cultura locale e contribuire alla conservazione dell\u2019ambiente. La scelta di percorsi eco-compatibili \u00e8 un piccolo, ma significativo, passo verso un futuro pi\u00f9 verde e sostenibile.<\/p>\n<h3>Eventi e attivit\u00e0 a basso impatto ambientale<\/h3>\n<p>Nel cuore del Ticino, la nostra dedizione alla sostenibilit\u00e0 si manifesta anche attraverso la scelta di eventi e attivit\u00e0 che rispettano l\u2019ambiente. <strong>Organizziamo festival, workshop e incontri culturali<\/strong> che non solo arricchiscono la nostra comunit\u00e0 ma lo fanno con un occhio di riguardo per il pianeta.<\/p>\n<blockquote><p>\nLa bellezza del Ticino si presta perfettamente a iniziative all\u2019aperto che minimizzano l\u2019impatto ambientale, come escursioni guidate, gite in bicicletta e pic-nic eco-sostenibili.\n<\/p><\/blockquote>\n<p>Ecco alcuni esempi di come ci impegniamo a offrire esperienze memorabili con un\u2019impronta ecologica ridotta:<\/p>\n<ul>\n<li>Festival dell\u2019arte sostenibile<\/li>\n<li>Workshop su tecniche di giardinaggio <em>eco-compatibili<\/em><\/li>\n<li>Gare di orienteering in natura<\/li>\n<\/ul>\n<p>La nostra visione \u00e8 quella di un futuro in cui ogni evento sia un\u2019opportunit\u00e0 per educare e ispirare verso uno stile di vita pi\u00f9 sostenibile. Crediamo fermamente che piccoli gesti quotidiani possano fare la differenza e invitiamo tutti a partecipare attivamente a questa trasformazione verde.<\/p>\n<h2>Agricoltura e produzione locale al servizio dell\u2019ambiente<\/h2>\n<p><img decoding=\"async\" style=\"max-width: 100%; max-height: 200px;\" src=\"https:\/\/contenu.nyc3.digitaloceanspaces.com\/journalist\/5f89babe-724c-4412-aefb-b4c2b7e01d5e\/thumbnail.jpeg\" alt=\"Agricoltura e produzione locale al servizio dell'ambiente\"><\/p>\n<h3>Tecniche agricole sostenibili e biologiche<\/h3>\n<p>Nel mio viaggio verso una vita pi\u00f9 sostenibile, ho scoperto l\u2019importanza delle tecniche agricole sostenibili e biologiche. Queste pratiche non solo aiutano a preservare l\u2019ambiente, ma garantiscono anche cibi pi\u00f9 sani e nutrienti per la nostra tavola. <strong>L\u2019adozione di metodi biologici<\/strong> \u00e8 fondamentale per ridurre l\u2019uso di pesticidi e fertilizzanti chimici, proteggendo cos\u00ec la biodiversit\u00e0 e la salute del suolo.<\/p>\n<blockquote><p>\nL\u2019agricoltura biologica rappresenta una scelta etica e responsabile che contribuisce significativamente alla lotta contro il cambiamento climatico.\n<\/p><\/blockquote>\n<p>Ecco alcuni esempi di tecniche che ho adottato:<\/p>\n<ul>\n<li>Rotazione delle colture per arricchire il terreno<\/li>\n<li>Uso di compost organico come fertilizzante<\/li>\n<li>Controllo biologico dei parassiti per evitare sostanze chimiche nocive<\/li>\n<\/ul>\n<p>Inoltre, il supporto a <a href=\"https:\/\/gemma.bio-suisse.ch\/dam\/jcr:e6808707-b03f-4c65-87a6-bf11ac4b5afc\/Bio_Suisse_Direttive_2024_IT_Final.pdf\">Bio Suisse<\/a> e altre organizzazioni simili \u00e8 cruciale per promuovere queste pratiche a livello pi\u00f9 ampio. Queste entit\u00e0 lavorano instancabilmente per stabilire standard elevati nell\u2019agricoltura biologica e per sensibilizzare l\u2019opinione pubblica sull\u2019importanza di scelte alimentari consapevoli.<\/p>\n<h3>Filiera corta: dal campo alla tavola<\/h3>\n<p>Nel mio viaggio verso una vita pi\u00f9 sostenibile, ho scoperto l\u2019importanza della <em>filiera corta<\/em> nel ridurre l\u2019impatto ambientale. <strong>Acquistare prodotti locali significa non solo supportare l\u2019economia del Ticino<\/strong>, ma anche diminuire le emissioni legate al trasporto di merci da lunghe distanze.<\/p>\n<blockquote><p>\nLa filiera corta \u00e8 un pilastro fondamentale per una sostenibilit\u00e0 efficace.\n<\/p><\/blockquote>\n<p>Ecco alcuni dei benefici principali:<\/p>\n<ul>\n<li>Riduzione dell\u2019inquinamento atmosferico<\/li>\n<li>Supporto alle piccole produzioni locali<\/li>\n<li>Freschezza e qualit\u00e0 dei prodotti<\/li>\n<\/ul>\n<p><a href=\"https:\/\/ticino.com\/blog\/opportunita-di-business-nel-ticino\/\">Ticino offre prodotti alimentari di alta qualit\u00e0<\/a>, sottolineando la sostenibilit\u00e0 e l\u2019eccellenza locale. Le opportunit\u00e0 nel settore della produzione alimentare si concentrano su qualit\u00e0, innovazione e sostenibilit\u00e0. Per maggiori informazioni, visita Ticinocom SA.<\/p>\n<h3>Biodiversit\u00e0 e conservazione delle specie autoctone<\/h3>\n<p>La biodiversit\u00e0 \u00e8 il cuore pulsante del Ticino, una regione che si impegna attivamente nella conservazione delle specie autoctone. <strong>La tutela della variet\u00e0 biologica \u00e8 fondamentale<\/strong> per mantenere gli ecosistemi sani e funzionanti, garantendo cos\u00ec un futuro sostenibile per tutti noi.<\/p>\n<p>La legge sull\u2019agricoltura del Cantone Ticino, nota come <a href=\"https:\/\/m3.ti.ch\/CAN\/RLeggi\/public\/index.php\/raccolta-leggi\/legge\/num\/467\">910.100 Legge sull\u2019agricoltura (LAgr)<\/a>, sottolinea l\u2019importanza di mantenere i terreni idonei all\u2019utilizzo agricolo dedicati a tale scopo e, ove possibile, di recuperarli all\u2019agricoltura. Questo approccio non solo supporta la produzione locale, ma contribuisce anche alla conservazione delle specie vegetali e animali autoctone.<\/p>\n<blockquote><p>\nLa nostra responsabilit\u00e0 \u00e8 quella di agire ora per garantire che le generazioni future possano godere della ricchezza naturale che il Ticino ha da offrire.\n<\/p><\/blockquote>\n<p>Ecco alcuni esempi di azioni concrete per la conservazione della biodiversit\u00e0:<\/p>\n<ul>\n<li>Creazione di riserve naturali protette<\/li>\n<li>Programmi di reintroduzione di specie in pericolo<\/li>\n<li>Iniziative di educazione ambientale rivolte alla comunit\u00e0<\/li>\n<\/ul>\n<h2>Educazione e sensibilizzazione: pilastri della sostenibilit\u00e0<\/h2>\n<p><img decoding=\"async\" style=\"max-width: 100%; max-height: 200px;\" src=\"https:\/\/contenu.nyc3.digitaloceanspaces.com\/journalist\/e89cbd79-36f9-4908-9275-d4434b92a0a1\/thumbnail.jpeg\" alt=\"Educazione e sensibilizzazione: pilastri della sostenibilit\u00e0\"><\/p>\n<h3>Programmi scolastici e comunitari per la sostenibilit\u00e0<\/h3>\n<p>Nel mio percorso di sensibilizzazione verso la sostenibilit\u00e0, ho scoperto l\u2019importanza cruciale dei <em>programmi scolastici<\/em> e comunitari. Questi programmi non solo educano le nuove generazioni sull\u2019importanza del rispetto dell\u2019ambiente, ma coinvolgono attivamente la comunit\u00e0 in iniziative verdi. <strong>L\u2019impegno collettivo \u00e8 fondamentale<\/strong> per un futuro pi\u00f9 sostenibile.<\/p>\n<ul>\n<li><a href=\"https:\/\/ticino.com\/blog\/ticino-e-la-sostenibilita-un-viaggio-verso-un-futuro-migliore\/\">Promozione dell\u2019efficienza energetica negli edifici<\/a> attraverso la consapevolezza, pratiche sostenibili e l\u2019adozione di tecnologie intelligenti.<\/li>\n<li>Incentivi offerti dal Ticino per l\u2019adozione di tecnologie sostenibili e il coinvolgimento della comunit\u00e0 nella conservazione ambientale e nel turismo responsabile.<\/li>\n<\/ul>\n<blockquote><p>\nLa vera svolta nella lotta per un futuro sostenibile si ottiene quando l\u2019educazione e l\u2019azione si incontrano. Questo \u00e8 il momento in cui ogni individuo diventa un agente di cambiamento.\n<\/p><\/blockquote>\n<h3>Workshop e seminari sulle pratiche verdi<\/h3>\n<p>Partecipare a workshop e seminari sulle pratiche verdi \u00e8 un\u2019esperienza che arricchisce non solo la nostra conoscenza, ma anche il nostro spirito. <strong>\u00c8 fondamentale comprendere l\u2019importanza di ogni singola azione<\/strong> che compiamo e come questa influenzi l\u2019ambiente che ci circonda.<\/p>\n<blockquote><p>\nAttraverso questi incontri, abbiamo l\u2019opportunit\u00e0 di imparare direttamente da esperti nel campo della sostenibilit\u00e0, acquisendo competenze che possono essere applicate nella vita quotidiana per fare la differenza.\n<\/p><\/blockquote>\n<p>Una delle iniziative pi\u00f9 significative del <a href=\"https:\/\/ticino.com\/blog\/innovazione-nel-cantone-ticino\/\">Cantone Ticino<\/a> riguarda proprio l\u2019investimento in energie rinnovabili, la promozione di pratiche sostenibili e la collaborazione a livello internazionale per una produzione energetica sostenibile, la protezione dell\u2019ambiente e una societ\u00e0 pi\u00f9 verde. Questi temi sono spesso al centro dei seminari, offrendo una prospettiva globale su questioni locali.<\/p>\n<ul>\n<li><strong>Imparare a ridurre l\u2019impronta ecologica<\/strong><\/li>\n<li>Sviluppare strategie per l\u2019utilizzo efficiente delle risorse<\/li>\n<li>Promuovere la biodiversit\u00e0 attraverso pratiche quotidiane<\/li>\n<\/ul>\n<p>L\u2019obiettivo \u00e8 quello di creare una comunit\u00e0 sempre pi\u00f9 informata e consapevole, pronta a contribuire attivamente alla salvaguardia del nostro pianeta.<\/p>\n<h3>Coinvolgimento dei giovani nella protezione ambientale<\/h3>\n<p>Credo fermamente che il coinvolgimento dei giovani sia cruciale per forgiare un futuro pi\u00f9 verde e sostenibile. <strong>L\u2019entusiasmo e l\u2019innovazione che i giovani portano nel campo della sostenibilit\u00e0 sono inestimabili<\/strong>. Attraverso programmi scolastici, workshop e iniziative comunitarie, possiamo ispirare e equipaggiare le nuove generazioni con le competenze necessarie per affrontare le sfide ambientali.<\/p>\n<blockquote><p>\nL\u2019azione collettiva inizia con l\u2019educazione individuale.\n<\/p><\/blockquote>\n<p>Una strategia efficace per coinvolgere i giovani include:<\/p>\n<ul>\n<li><strong>Sensibilizzazione<\/strong> attraverso i media sociali e le piattaforme online.<\/li>\n<li><strong>Partecipazione attiva<\/strong> in progetti di conservazione locale.<\/li>\n<li><strong>Formazione<\/strong> su temi come il riciclo, l\u2019uso efficiente delle risorse e le energie rinnovabili.<\/li>\n<\/ul>\n<p>Incoraggiare il <em>dialogo<\/em> tra le generazioni \u00e8 fondamentale per trasmettere la conoscenza e stimolare l\u2019innovazione. Unendo le forze, possiamo costruire una comunit\u00e0 pi\u00f9 resiliente e un futuro pi\u00f9 sostenibile per il Ticino e per il mondo intero.<\/p>\n<p>Nell\u2019era moderna, l\u2019educazione e la sensibilizzazione sono diventati i pilastri fondamentali della sostenibilit\u00e0. \u00c8 essenziale comprendere l\u2019importanza di adottare comportamenti sostenibili per garantire un futuro migliore per il nostro pianeta. Per approfondire questo tema e scoprire come contribuire attivamente alla sostenibilit\u00e0, vi invitiamo a visitare il nostro sito. Troverete una vasta gamma di informazioni e risorse che vi guideranno nel vostro percorso verso un mondo pi\u00f9 sostenibile. Non perdete l\u2019opportunit\u00e0 di fare la differenza: visitateci ora su <a href=\"%5Bhttps:\/\/ticino.com%5D(https:\/\/ticino.com\/internet)\">Ticinocom SA<\/a>.<\/p>\n","protected":false},"excerpt":{"rendered":"<p>Il Ticino come modello di sostenibilit\u00e0 Iniziative locali per un impatto globale Nel mio viaggio alla scoperta delle iniziative locali che stanno plasmando un futuro pi\u00f9 sostenibile per il Ticino, ho avuto l&#8217;opportunit\u00e0 di osservare da vicino come piccole azioni possano avere un impatto significativo a livello globale. L&#8217;impegno della comunit\u00e0 nel promuovere pratiche sostenibili [&hellip;]<\/p>\n","protected":false},"author":138280483,"featured_media":18837,"comment_status":"open","ping_status":"open","sticky":false,"template":"","format":"standard","meta":{"footnotes":""},"categories":[46],"tags":[],"class_list":["post-18839","post","type-post","status-publish","format-standard","has-post-thumbnail","hentry","category-consigli"],"yoast_head":"<!-- This site is optimized with the Yoast SEO Premium plugin v21.7 (Yoast SEO v23.7) - https:\/\/yoast.com\/wordpress\/plugins\/seo\/ -->\n<title>Ticino e sostenibilit\u00e0: una visione verde per il futuro | Ticinocom SA<\/title>\n<meta name=\"robots\" content=\"index, follow, max-snippet:-1, max-image-preview:large, max-video-preview:-1\" \/>\n<link rel=\"canonical\" href=\"https:\/\/ticino.com\/de\/blog\/ticino-e-sostenibilita-una-visione-verde-per-il-futuro\/\" \/>\n<meta property=\"og:locale\" content=\"de_DE\" \/>\n<meta property=\"og:type\" content=\"article\" \/>\n<meta property=\"og:title\" content=\"Ticino e sostenibilit\u00e0: una visione verde per il futuro\" \/>\n<meta property=\"og:description\" content=\"Il Ticino come modello di sostenibilit\u00e0 Iniziative locali per un impatto globale Nel mio viaggio alla scoperta delle iniziative locali che stanno plasmando un futuro pi\u00f9 sostenibile per il Ticino, ho avuto l&#8217;opportunit\u00e0 di osservare da vicino come piccole azioni possano avere un impatto significativo a livello globale. L&#8217;impegno della comunit\u00e0 nel promuovere pratiche sostenibili [&hellip;]\" \/>\n<meta property=\"og:url\" content=\"https:\/\/ticino.com\/de\/blog\/ticino-e-sostenibilita-una-visione-verde-per-il-futuro\/\" \/>\n<meta property=\"og:site_name\" content=\"Ticinocom SA\" \/>\n<meta property=\"article:publisher\" content=\"https:\/\/facebook.com\/ticinocom\" \/>\n<meta property=\"article:published_time\" content=\"2024-03-30T22:22:01+00:00\" \/>\n<meta property=\"og:image\" content=\"https:\/\/contenu.nyc3.digitaloceanspaces.com\/journalist\/06e49426-ceb0-4c31-ba6d-4f4ac8068335\/thumbnail.jpeg\" \/>\n<meta name=\"author\" content=\"Karl\" \/>\n<meta name=\"twitter:card\" content=\"summary_large_image\" \/>\n<meta name=\"twitter:creator\" content=\"@ticinocom\" \/>\n<meta name=\"twitter:site\" content=\"@ticinocom\" \/>\n<meta name=\"twitter:label1\" content=\"Verfasst von\" \/>\n\t<meta name=\"twitter:data1\" content=\"Karl\" \/>\n\t<meta name=\"twitter:label2\" content=\"Gesch\u00e4tzte Lesezeit\" \/>\n\t<meta name=\"twitter:data2\" content=\"9\u00a0Minuten\" \/>\n<script type=\"application\/ld+json\" class=\"yoast-schema-graph\">{\"@context\":\"https:\/\/schema.org\",\"@graph\":[{\"@type\":\"Article\",\"@id\":\"https:\/\/ticino.com\/de\/blog\/ticino-e-sostenibilita-una-visione-verde-per-il-futuro\/#article\",\"isPartOf\":{\"@id\":\"https:\/\/ticino.com\/de\/blog\/ticino-e-sostenibilita-una-visione-verde-per-il-futuro\/\"},\"author\":{\"name\":\"Karl\",\"@id\":\"https:\/\/ticino.com\/de\/#\/schema\/person\/ee0392429aac5d578b44a30e5e8fdef8\"},\"headline\":\"Ticino e sostenibilit\u00e0: una visione verde per il futuro\",\"datePublished\":\"2024-03-30T22:22:01+00:00\",\"dateModified\":\"2024-03-30T22:22:01+00:00\",\"mainEntityOfPage\":{\"@id\":\"https:\/\/ticino.com\/de\/blog\/ticino-e-sostenibilita-una-visione-verde-per-il-futuro\/\"},\"wordCount\":1938,\"commentCount\":0,\"publisher\":{\"@id\":\"https:\/\/ticino.com\/de\/#organization\"},\"image\":{\"@id\":\"https:\/\/ticino.com\/de\/blog\/ticino-e-sostenibilita-una-visione-verde-per-il-futuro\/#primaryimage\"},\"thumbnailUrl\":\"https:\/\/ticino.com\/wp-content\/uploads\/2024\/03\/bfb2c30fthumbnail.jpeg\",\"articleSection\":[\"Consigli\"],\"inLanguage\":\"de\",\"potentialAction\":[{\"@type\":\"CommentAction\",\"name\":\"Comment\",\"target\":[\"https:\/\/ticino.com\/de\/blog\/ticino-e-sostenibilita-una-visione-verde-per-il-futuro\/#respond\"]}]},{\"@type\":\"WebPage\",\"@id\":\"https:\/\/ticino.com\/de\/blog\/ticino-e-sostenibilita-una-visione-verde-per-il-futuro\/\",\"url\":\"https:\/\/ticino.com\/de\/blog\/ticino-e-sostenibilita-una-visione-verde-per-il-futuro\/\",\"name\":\"Ticino e sostenibilit\u00e0: una visione verde per il futuro | Ticinocom SA\",\"isPartOf\":{\"@id\":\"https:\/\/ticino.com\/de\/#website\"},\"primaryImageOfPage\":{\"@id\":\"https:\/\/ticino.com\/de\/blog\/ticino-e-sostenibilita-una-visione-verde-per-il-futuro\/#primaryimage\"},\"image\":{\"@id\":\"https:\/\/ticino.com\/de\/blog\/ticino-e-sostenibilita-una-visione-verde-per-il-futuro\/#primaryimage\"},\"thumbnailUrl\":\"https:\/\/ticino.com\/wp-content\/uploads\/2024\/03\/bfb2c30fthumbnail.jpeg\",\"datePublished\":\"2024-03-30T22:22:01+00:00\",\"dateModified\":\"2024-03-30T22:22:01+00:00\",\"breadcrumb\":{\"@id\":\"https:\/\/ticino.com\/de\/blog\/ticino-e-sostenibilita-una-visione-verde-per-il-futuro\/#breadcrumb\"},\"inLanguage\":\"de\",\"potentialAction\":[{\"@type\":\"ReadAction\",\"target\":[\"https:\/\/ticino.com\/de\/blog\/ticino-e-sostenibilita-una-visione-verde-per-il-futuro\/\"]}]},{\"@type\":\"ImageObject\",\"inLanguage\":\"de\",\"@id\":\"https:\/\/ticino.com\/de\/blog\/ticino-e-sostenibilita-una-visione-verde-per-il-futuro\/#primaryimage\",\"url\":\"https:\/\/ticino.com\/wp-content\/uploads\/2024\/03\/bfb2c30fthumbnail.jpeg\",\"contentUrl\":\"https:\/\/ticino.com\/wp-content\/uploads\/2024\/03\/bfb2c30fthumbnail.jpeg\",\"width\":1200,\"height\":600},{\"@type\":\"BreadcrumbList\",\"@id\":\"https:\/\/ticino.com\/de\/blog\/ticino-e-sostenibilita-una-visione-verde-per-il-futuro\/#breadcrumb\",\"itemListElement\":[{\"@type\":\"ListItem\",\"position\":1,\"name\":\"Home\",\"item\":\"https:\/\/ticino.com\/de\/\"},{\"@type\":\"ListItem\",\"position\":2,\"name\":\"Ticino e sostenibilit\u00e0: una visione verde per il futuro\"}]},{\"@type\":\"WebSite\",\"@id\":\"https:\/\/ticino.com\/de\/#website\",\"url\":\"https:\/\/ticino.com\/de\/\",\"name\":\"Ticinocom SA\",\"description\":\"Internet 100% made in Ticino\",\"publisher\":{\"@id\":\"https:\/\/ticino.com\/de\/#organization\"},\"potentialAction\":[{\"@type\":\"SearchAction\",\"target\":{\"@type\":\"EntryPoint\",\"urlTemplate\":\"https:\/\/ticino.com\/de\/?s={search_term_string}\"},\"query-input\":{\"@type\":\"PropertyValueSpecification\",\"valueRequired\":true,\"valueName\":\"search_term_string\"}}],\"inLanguage\":\"de\"},{\"@type\":\"Organization\",\"@id\":\"https:\/\/ticino.com\/de\/#organization\",\"name\":\"Ticinocom SA\",\"url\":\"https:\/\/ticino.com\/de\/\",\"logo\":{\"@type\":\"ImageObject\",\"inLanguage\":\"de\",\"@id\":\"https:\/\/ticino.com\/de\/#\/schema\/logo\/image\/\",\"url\":\"https:\/\/ticino.com\/wp-content\/uploads\/2020\/09\/ticinocom-logo.png\",\"contentUrl\":\"https:\/\/ticino.com\/wp-content\/uploads\/2020\/09\/ticinocom-logo.png\",\"width\":508,\"height\":84,\"caption\":\"Ticinocom SA\"},\"image\":{\"@id\":\"https:\/\/ticino.com\/de\/#\/schema\/logo\/image\/\"},\"sameAs\":[\"https:\/\/facebook.com\/ticinocom\",\"https:\/\/x.com\/ticinocom\",\"https:\/\/instagram.com\/ticinocomsa\",\"https:\/\/linkedin.com\/company\/ticinocom\"]},{\"@type\":\"Person\",\"@id\":\"https:\/\/ticino.com\/de\/#\/schema\/person\/ee0392429aac5d578b44a30e5e8fdef8\",\"name\":\"Karl\",\"image\":{\"@type\":\"ImageObject\",\"inLanguage\":\"de\",\"@id\":\"https:\/\/ticino.com\/de\/#\/schema\/person\/image\/\",\"url\":\"https:\/\/secure.gravatar.com\/avatar\/39e3eb687ead68b445998a4f49096509?s=96&d=mm&r=g\",\"contentUrl\":\"https:\/\/secure.gravatar.com\/avatar\/39e3eb687ead68b445998a4f49096509?s=96&d=mm&r=g\",\"caption\":\"Karl\"},\"url\":\"https:\/\/ticino.com\/de\/author\/karl\/\"}]}<\/script>\n<!-- \/ Yoast SEO Premium plugin. -->","yoast_head_json":{"title":"Ticino e sostenibilit\u00e0: una visione verde per il futuro | Ticinocom SA","robots":{"index":"index","follow":"follow","max-snippet":"max-snippet:-1","max-image-preview":"max-image-preview:large","max-video-preview":"max-video-preview:-1"},"canonical":"https:\/\/ticino.com\/de\/blog\/ticino-e-sostenibilita-una-visione-verde-per-il-futuro\/","og_locale":"de_DE","og_type":"article","og_title":"Ticino e sostenibilit\u00e0: una visione verde per il futuro","og_description":"Il Ticino come modello di sostenibilit\u00e0 Iniziative locali per un impatto globale Nel mio viaggio alla scoperta delle iniziative locali che stanno plasmando un futuro pi\u00f9 sostenibile per il Ticino, ho avuto l&#8217;opportunit\u00e0 di osservare da vicino come piccole azioni possano avere un impatto significativo a livello globale. L&#8217;impegno della comunit\u00e0 nel promuovere pratiche sostenibili [&hellip;]","og_url":"https:\/\/ticino.com\/de\/blog\/ticino-e-sostenibilita-una-visione-verde-per-il-futuro\/","og_site_name":"Ticinocom SA","article_publisher":"https:\/\/facebook.com\/ticinocom","article_published_time":"2024-03-30T22:22:01+00:00","og_image":[{"url":"https:\/\/contenu.nyc3.digitaloceanspaces.com\/journalist\/06e49426-ceb0-4c31-ba6d-4f4ac8068335\/thumbnail.jpeg"}],"author":"Karl","twitter_card":"summary_large_image","twitter_creator":"@ticinocom","twitter_site":"@ticinocom","twitter_misc":{"Verfasst von":"Karl","Gesch\u00e4tzte Lesezeit":"9\u00a0Minuten"},"schema":{"@context":"https:\/\/schema.org","@graph":[{"@type":"Article","@id":"https:\/\/ticino.com\/de\/blog\/ticino-e-sostenibilita-una-visione-verde-per-il-futuro\/#article","isPartOf":{"@id":"https:\/\/ticino.com\/de\/blog\/ticino-e-sostenibilita-una-visione-verde-per-il-futuro\/"},"author":{"name":"Karl","@id":"https:\/\/ticino.com\/de\/#\/schema\/person\/ee0392429aac5d578b44a30e5e8fdef8"},"headline":"Ticino e sostenibilit\u00e0: una visione verde per il futuro","datePublished":"2024-03-30T22:22:01+00:00","dateModified":"2024-03-30T22:22:01+00:00","mainEntityOfPage":{"@id":"https:\/\/ticino.com\/de\/blog\/ticino-e-sostenibilita-una-visione-verde-per-il-futuro\/"},"wordCount":1938,"commentCount":0,"publisher":{"@id":"https:\/\/ticino.com\/de\/#organization"},"image":{"@id":"https:\/\/ticino.com\/de\/blog\/ticino-e-sostenibilita-una-visione-verde-per-il-futuro\/#primaryimage"},"thumbnailUrl":"https:\/\/ticino.com\/wp-content\/uploads\/2024\/03\/bfb2c30fthumbnail.jpeg","articleSection":["Consigli"],"inLanguage":"de","potentialAction":[{"@type":"CommentAction","name":"Comment","target":["https:\/\/ticino.com\/de\/blog\/ticino-e-sostenibilita-una-visione-verde-per-il-futuro\/#respond"]}]},{"@type":"WebPage","@id":"https:\/\/ticino.com\/de\/blog\/ticino-e-sostenibilita-una-visione-verde-per-il-futuro\/","url":"https:\/\/ticino.com\/de\/blog\/ticino-e-sostenibilita-una-visione-verde-per-il-futuro\/","name":"Ticino e sostenibilit\u00e0: una visione verde per il futuro | Ticinocom SA","isPartOf":{"@id":"https:\/\/ticino.com\/de\/#website"},"primaryImageOfPage":{"@id":"https:\/\/ticino.com\/de\/blog\/ticino-e-sostenibilita-una-visione-verde-per-il-futuro\/#primaryimage"},"image":{"@id":"https:\/\/ticino.com\/de\/blog\/ticino-e-sostenibilita-una-visione-verde-per-il-futuro\/#primaryimage"},"thumbnailUrl":"https:\/\/ticino.com\/wp-content\/uploads\/2024\/03\/bfb2c30fthumbnail.jpeg","datePublished":"2024-03-30T22:22:01+00:00","dateModified":"2024-03-30T22:22:01+00:00","breadcrumb":{"@id":"https:\/\/ticino.com\/de\/blog\/ticino-e-sostenibilita-una-visione-verde-per-il-futuro\/#breadcrumb"},"inLanguage":"de","potentialAction":[{"@type":"ReadAction","target":["https:\/\/ticino.com\/de\/blog\/ticino-e-sostenibilita-una-visione-verde-per-il-futuro\/"]}]},{"@type":"ImageObject","inLanguage":"de","@id":"https:\/\/ticino.com\/de\/blog\/ticino-e-sostenibilita-una-visione-verde-per-il-futuro\/#primaryimage","url":"https:\/\/ticino.com\/wp-content\/uploads\/2024\/03\/bfb2c30fthumbnail.jpeg","contentUrl":"https:\/\/ticino.com\/wp-content\/uploads\/2024\/03\/bfb2c30fthumbnail.jpeg","width":1200,"height":600},{"@type":"BreadcrumbList","@id":"https:\/\/ticino.com\/de\/blog\/ticino-e-sostenibilita-una-visione-verde-per-il-futuro\/#breadcrumb","itemListElement":[{"@type":"ListItem","position":1,"name":"Home","item":"https:\/\/ticino.com\/de\/"},{"@type":"ListItem","position":2,"name":"Ticino e sostenibilit\u00e0: una visione verde per il futuro"}]},{"@type":"WebSite","@id":"https:\/\/ticino.com\/de\/#website","url":"https:\/\/ticino.com\/de\/","name":"Ticinocom SA","description":"Internet 100% made in Ticino","publisher":{"@id":"https:\/\/ticino.com\/de\/#organization"},"potentialAction":[{"@type":"SearchAction","target":{"@type":"EntryPoint","urlTemplate":"https:\/\/ticino.com\/de\/?s={search_term_string}"},"query-input":{"@type":"PropertyValueSpecification","valueRequired":true,"valueName":"search_term_string"}}],"inLanguage":"de"},{"@type":"Organization","@id":"https:\/\/ticino.com\/de\/#organization","name":"Ticinocom SA","url":"https:\/\/ticino.com\/de\/","logo":{"@type":"ImageObject","inLanguage":"de","@id":"https:\/\/ticino.com\/de\/#\/schema\/logo\/image\/","url":"https:\/\/ticino.com\/wp-content\/uploads\/2020\/09\/ticinocom-logo.png","contentUrl":"https:\/\/ticino.com\/wp-content\/uploads\/2020\/09\/ticinocom-logo.png","width":508,"height":84,"caption":"Ticinocom SA"},"image":{"@id":"https:\/\/ticino.com\/de\/#\/schema\/logo\/image\/"},"sameAs":["https:\/\/facebook.com\/ticinocom","https:\/\/x.com\/ticinocom","https:\/\/instagram.com\/ticinocomsa","https:\/\/linkedin.com\/company\/ticinocom"]},{"@type":"Person","@id":"https:\/\/ticino.com\/de\/#\/schema\/person\/ee0392429aac5d578b44a30e5e8fdef8","name":"Karl","image":{"@type":"ImageObject","inLanguage":"de","@id":"https:\/\/ticino.com\/de\/#\/schema\/person\/image\/","url":"https:\/\/secure.gravatar.com\/avatar\/39e3eb687ead68b445998a4f49096509?s=96&d=mm&r=g","contentUrl":"https:\/\/secure.gravatar.com\/avatar\/39e3eb687ead68b445998a4f49096509?s=96&d=mm&r=g","caption":"Karl"},"url":"https:\/\/ticino.com\/de\/author\/karl\/"}]}},"_links":{"self":[{"href":"https:\/\/ticino.com\/de\/wp-json\/wp\/v2\/posts\/18839"}],"collection":[{"href":"https:\/\/ticino.com\/de\/wp-json\/wp\/v2\/posts"}],"about":[{"href":"https:\/\/ticino.com\/de\/wp-json\/wp\/v2\/types\/post"}],"author":[{"embeddable":true,"href":"https:\/\/ticino.com\/de\/wp-json\/wp\/v2\/users\/138280483"}],"replies":[{"embeddable":true,"href":"https:\/\/ticino.com\/de\/wp-json\/wp\/v2\/comments?post=18839"}],"version-history":[{"count":0,"href":"https:\/\/ticino.com\/de\/wp-json\/wp\/v2\/posts\/18839\/revisions"}],"wp:featuredmedia":[{"embeddable":true,"href":"https:\/\/ticino.com\/de\/wp-json\/wp\/v2\/media\/18837"}],"wp:attachment":[{"href":"https:\/\/ticino.com\/de\/wp-json\/wp\/v2\/media?parent=18839"}],"wp:term":[{"taxonomy":"category","embeddable":true,"href":"https:\/\/ticino.com\/de\/wp-json\/wp\/v2\/categories?post=18839"},{"taxonomy":"post_tag","embeddable":true,"href":"https:\/\/ticino.com\/de\/wp-json\/wp\/v2\/tags?post=18839"}],"curies":[{"name":"wp","href":"https:\/\/api.w.org\/{rel}","templated":true}]}}