{"id":18818,"date":"2024-03-27T10:43:00","date_gmt":"2024-03-27T09:43:00","guid":{"rendered":"https:\/\/ticino.com\/blog\/storia-e-tradizioni-del-ticino-un-viaggio-attraverso-tempo-e-cultura\/"},"modified":"2024-03-27T10:43:00","modified_gmt":"2024-03-27T09:43:00","slug":"storia-e-tradizioni-del-ticino-un-viaggio-attraverso-tempo-e-cultura","status":"publish","type":"post","link":"https:\/\/ticino.com\/de\/blog\/storia-e-tradizioni-del-ticino-un-viaggio-attraverso-tempo-e-cultura\/","title":{"rendered":"Storia e tradizioni del Ticino: un viaggio attraverso tempo e cultura"},"content":{"rendered":"<h2>Le radici storiche del Ticino<\/h2>\n<p><img decoding=\"async\" style=\"max-width: 100%; max-height: 200px;\" src=\"https:\/\/contenu.nyc3.digitaloceanspaces.com\/journalist\/3afd52a1-df4d-4e15-a7a5-d731b2739b87\/thumbnail.jpeg\" alt=\"Le radici storiche del Ticino\"><\/p>\n<h3>L\u2019epoca romana e i primi insediamenti<\/h3>\n<p>Durante il mio viaggio attraverso la storia del Ticino, non posso fare a meno di soffermarmi sull\u2019epoca romana, un periodo che ha lasciato un\u2019impronta indelebile su questa terra. <strong>I primi insediamenti romani<\/strong> nel Ticino risalgono al II secolo a.C., segnando l\u2019inizio di una lunga storia di integrazione e sviluppo.<\/p>\n<blockquote><p>\nLa presenza romana nel Ticino \u00e8 testimoniata da numerose rovine e reperti archeologici che ci parlano di un passato ricco e complesso.\n<\/p><\/blockquote>\n<p>Tra i principali ritrovamenti, spiccano le <em>strade romane<\/em>, che attraversavano il territorio collegando le diverse comunit\u00e0. Queste vie di comunicazione erano vitali per il commercio e la diffusione della cultura romana. Inoltre, le terme, i teatri e i templi dimostrano l\u2019importanza che i Romani attribuivano al benessere e alla vita sociale.<\/p>\n<ul>\n<li>Strade romane<\/li>\n<li>Terme<\/li>\n<li>Teatri<\/li>\n<li>Templi<\/li>\n<\/ul>\n<p>La scoperta di questi elementi ha permesso di ricostruire parte della vita quotidiana in Ticino durante l\u2019epoca romana, offrendomi una finestra unica sul passato.<\/p>\n<h3>Il Medioevo: castelli e battaglie<\/h3>\n<p>Durante il Medioevo, il Ticino si trasform\u00f2 in un vero e proprio crocevia di culture, commerci e, soprattutto, di conflitti. <strong>I castelli di <a href=\"https:\/\/it.wikipedia.org\/wiki\/Bellinzona\">Bellinzona<\/a><\/strong>, testimoni silenziosi di quest\u2019epoca, dominano ancora oggi il paesaggio, ricordandoci la loro importanza strategica per il controllo delle vie di transito alpine.<\/p>\n<blockquote><p>\nLa costruzione di queste fortezze inizi\u00f2 nel XII secolo, segnando l\u2019inizio di un\u2019era di fortificazioni che avrebbe plasmato il volto del Ticino per secoli.\n<\/p><\/blockquote>\n<p>Tra le battaglie pi\u00f9 significative, quella di <em>Arbedo<\/em> (1422) rimane impressa nella memoria collettiva, un momento cruciale che vide il Ducato di Milano affermare il suo <a href=\"https:\/\/ticino.com\/de\/wiki\/dominio\/\" target=\"_self\" title=\"Con &quot;Dominio&quot; si fa spesso riferimento all'indirizzo che appare nella barra superiore del browser durante la navigazione. Ad esempio, &quot;www.ticino.com&quot; \u00e8 un dominio, il quale contiene al suo interno diversi livelli. Il dominio di primo livello \u00e8 la parte finale, quindi in &quot;www.ticino.com&quot; si tratta della parte dopo il secondo punto, quindi &quot;.com&quot;. Il dominio\u2026\" class=\"encyclopedia\">dominio<\/a> sulla regione. Questo evento non solo ha segnato la storia locale, ma ha anche influenzato l\u2019architettura militare del territorio, con la costruzione di nuove fortezze e l\u2019ampliamento di quelle esistenti.<\/p>\n<ul>\n<li>Bellinzona<\/li>\n<li>Castelgrande<\/li>\n<li>Montebello<\/li>\n<li>Sasso Corbaro<\/li>\n<\/ul>\n<p>Questi sono solo alcuni dei castelli che costellano il Ticino, ognuno con la sua storia unica e affascinante, pronti a essere esplorati.<\/p>\n<h3>L\u2019et\u00e0 moderna: tra conflitti e prosperit\u00e0<\/h3>\n<p>Nel corso dell\u2019et\u00e0 moderna, il Ticino ha attraversato un periodo di significative trasformazioni. <strong>La pace raggiunta dopo anni di conflitti<\/strong> ha permesso alla regione di prosperare, sviluppando commerci e artigianato. La posizione strategica del Ticino, al crocevia tra nord e sud dell\u2019Europa, ha giocato un ruolo fondamentale in questo processo di crescita.<\/p>\n<blockquote><p>\nLa vita quotidiana si arricchiva di nuove opportunit\u00e0, mentre le citt\u00e0 e i villaggi del Ticino fiorivano, testimoniando un\u2019era di benessere mai vista prima.\n<\/p><\/blockquote>\n<p>Una delle pietre miliari di questo periodo \u00e8 stata la <a href=\"https:\/\/www.bk.admin.ch\/dam\/bk\/it\/dokumente\/komm-ue\/Buku2024\/buku2024.pdf.download.pdf\/24_BUKU_IT.pdf\">Costituzione federale del 1848<\/a>, che ha segnato un punto di svolta nella storia svizzera. Questo documento fondamentale ha gettato le basi per un sistema politico stabile, promuovendo l\u2019unit\u00e0 e la cooperazione tra i vari cantoni, inclusa la nostra amata regione ticinese.<\/p>\n<ul>\n<li>La pace e la prosperit\u00e0<\/li>\n<li>L\u2019importanza della posizione geografica<\/li>\n<li>La Costituzione federale del 1848<\/li>\n<\/ul>\n<p>Questi elementi hanno contribuito a modellare il Ticino che conosciamo oggi, un luogo dove tradizione e modernit\u00e0 si fondono armoniosamente.<\/p>\n<h2>Le tradizioni culinarie ticinesi<\/h2>\n<p><img decoding=\"async\" style=\"max-width: 100%; max-height: 200px;\" src=\"https:\/\/contenu.nyc3.digitaloceanspaces.com\/journalist\/de9473ce-331b-460d-98a2-692388bb24bc\/thumbnail.jpeg\" alt=\"Le tradizioni culinarie ticinesi\"><\/p>\n<h3>I sapori autentici: polenta, formaggi e salumi<\/h3>\n<p>Nel mio viaggio attraverso le tradizioni culinarie ticinesi, ho scoperto che la <em>polenta<\/em>, i formaggi e i salumi rappresentano l\u2019anima della cucina locale. Questi piatti, semplici ma ricchi di storia, mi hanno immediatamente trasportato in un mondo di sapori autentici e genuini.<\/p>\n<p><strong>La polenta, in particolare, \u00e8 un piatto che si presta a innumerevoli varianti.<\/strong> Pu\u00f2 essere servita morbida o grigliata, accompagnata da formaggi fusi o salumi robusti. Ecco una breve lista dei miei abbinamenti preferiti:<\/p>\n<ul>\n<li>Polenta e gorgonzola<\/li>\n<li>Polenta grigliata con salametti ticinesi<\/li>\n<li>Polenta morbida con funghi porcini<\/li>\n<\/ul>\n<blockquote><p>\nLa vera magia di questi piatti sta nella loro capacit\u00e0 di raccontare la storia e le tradizioni del Ticino attraverso il gusto.\n<\/p><\/blockquote>\n<p><a href=\"https:\/\/ticino.com\/blog\/acquisti-a-ticino-2\/\">Scoprire i piatti tradizionali<\/a>, i vini locali e i prodotti autentici del Ticino \u00e8 stata un\u2019esperienza culinaria unica.<\/p>\n<h3>La vendemmia: un momento di festa e condivisione<\/h3>\n<p>Ogni anno, con l\u2019arrivo dell\u2019autunno, mi immergo nella tradizione della vendemmia, un momento che unisce tutta la comunit\u00e0 ticinese. <strong>La <a href=\"https:\/\/ticino.com\/blog\/acquisti-a-ticino\/\">raccolta delle uve<\/a><\/strong> diventa non solo un\u2019attivit\u00e0 agricola, ma un vero e proprio rito sociale, dove famiglie e amici si ritrovano per condividere lavoro e allegria.<\/p>\n<p>Durante la vendemmia, i vigneti del Ticino si trasformano in luoghi di festa. \u00c8 impossibile non sentirsi parte di qualcosa di pi\u00f9 grande, di una tradizione che si tramanda di generazione in generazione. La gioia e l\u2019entusiasmo sono palpabili, e il lavoro duro \u00e8 sempre accompagnato da canti, risate e, naturalmente, dalla degustazione del vino.<\/p>\n<blockquote><p>\nLa vendemmia \u00e8 anche il momento per apprezzare il frutto del duro lavoro e per celebrare la ricchezza della terra ticinese.\n<\/p><\/blockquote>\n<p>Per chi desidera vivere questa esperienza, ecco alcuni passaggi chiave:<\/p>\n<ul>\n<li>Preparazione del terreno e delle viti<\/li>\n<li>Raccolta delle uve<\/li>\n<li>Pigia-diraspo e inizio della fermentazione<\/li>\n<li>Degustazione del mosto e del vino novello<\/li>\n<\/ul>\n<p>La vendemmia \u00e8 un\u2019esperienza che racchiude in s\u00e9 la bellezza del lavoro di squadra, la passione per la terra e l\u2019amore per le tradizioni. \u00c8 un momento in cui il tempo sembra fermarsi, permettendoci di riscoprire il valore della condivisione e della comunit\u00e0.<\/p>\n<h3>I mercati locali: dove il tempo sembra fermarsi<\/h3>\n<p>Camminare tra i banchi dei mercati locali in Ticino \u00e8 come fare un salto indietro nel tempo. Qui, l\u2019atmosfera \u00e8 rilassata e il tempo sembra davvero fermarsi. Ogni mercato ha la sua unicit\u00e0, ma tutti condividono la stessa essenza di autenticit\u00e0 e tradizione.<\/p>\n<p><strong>I prodotti offerti sono un riflesso diretto della ricca terra ticinese.<\/strong> Da frutta e verdura fresca a formaggi e salumi artigianali, ogni articolo racconta una storia di passione e dedizione. \u00c8 impossibile non sentirsi parte di questa comunit\u00e0 vibrante e accogliente.<\/p>\n<ul>\n<li>Frutta e verdura fresca<\/li>\n<li>Formaggi e salumi artigianali<\/li>\n<li>Artigianato locale<\/li>\n<\/ul>\n<blockquote><p>\nCamminare tra i banchi \u00e8 un\u2019esperienza che arricchisce l\u2019anima, offrendo un contatto diretto con i produttori locali e la possibilit\u00e0 di scoprire storie e segreti dietro ogni prodotto.\n<\/p><\/blockquote>\n<p>I mercati non sono solo un luogo di commercio, ma un punto di incontro per la comunit\u00e0, dove si condividono storie, si scambiano consigli e si riscopre il piacere della <em>convivialit\u00e0<\/em>.<\/p>\n<h2>Feste e celebrazioni: il cuore pulsante della cultura ticinese<\/h2>\n<p><img decoding=\"async\" style=\"max-width: 100%; max-height: 200px;\" src=\"https:\/\/contenu.nyc3.digitaloceanspaces.com\/journalist\/d95b4c7c-e04c-47a4-aeaf-66ef68d971fb\/thumbnail.jpeg\" alt=\"Feste e celebrazioni: il cuore pulsante della cultura ticinese\"><\/p>\n<h3>Il Carnevale di Bellinzona: colori e maschere tradizionali<\/h3>\n<p>Ogni anno, il <em>Carnevale di Bellinzona<\/em> mi riempie di un\u2019emozione indescrivibile. Le strade si animano di colori vivaci, maschere tradizionali e musica che risuona in ogni angolo della citt\u00e0. <strong>\u00c8 un\u2019esperienza che unisce la comunit\u00e0 e celebra la <a href=\"https:\/\/ticino.com\/blog\/come-vivere-in-ticino\/\">ricchezza culturale del Ticino<\/a>.<\/strong><\/p>\n<p>Durante il Carnevale, partecipo sempre alle sfilate, dove gruppi in costume rappresentano scene storiche e leggende locali. \u00c8 un modo per rivivere la storia e sentirsi parte di una tradizione che si tramanda di generazione in generazione.<\/p>\n<ul>\n<li><strong>Riti e simboli:<\/strong> Ogni maschera e costume ha un significato, raccontando storie di tempi passati.<\/li>\n<li><strong>Musica e danze:<\/strong> Le piazze si trasformano in palcoscenici dove la musica folk e le danze tradizionali prendono vita.<\/li>\n<li><strong>Gastronomia:<\/strong> Non pu\u00f2 mancare la degustazione di piatti tipici ticinesi, che arricchiscono l\u2019esperienza culinaria del Carnevale.<\/li>\n<\/ul>\n<blockquote><p>\nIl Carnevale di Bellinzona non \u00e8 solo un evento festivo; \u00e8 un momento di condivisione e apprendimento culturale che rafforza il senso di appartenenza alla nostra terra.\n<\/p><\/blockquote>\n<h3>La Pasqua in Ticino: tra riti religiosi e usanze popolari<\/h3>\n<p>La Pasqua in Ticino \u00e8 un momento dell\u2019anno che attendiamo con grande entusiasmo. \u00c8 un\u2019occasione per riscoprire le nostre radici e celebrare insieme, in un\u2019atmosfera di condivisione e rinnovamento. <strong>Tra le varie usanze, le <a href=\"https:\/\/www.mendrisiottoturismo.ch\/it\/processionimendrisio.html\">processioni storiche della settimana santa di Mendrisio<\/a><\/strong> spiccano per la loro solennit\u00e0 e bellezza, attirando visitatori da ogni dove.<\/p>\n<blockquote><p>\nDurante questi giorni, il Ticino si trasforma, offrendo ai suoi abitanti e ai turisti un\u2019esperienza unica e profondamente radicata nella tradizione.\n<\/p><\/blockquote>\n<p>Una delle pratiche pi\u00f9 sentite \u00e8 la preparazione delle <em>uova<\/em> pasquali, simbolo di vita e rinascita. Qui di seguito, una breve lista di attivit\u00e0 tipiche della Pasqua ticinese:<\/p>\n<ul>\n<li>Decorazione delle uova pasquali<\/li>\n<li>Partecipazione alle processioni<\/li>\n<li>Preparazione dei piatti tipici pasquali<\/li>\n<li>Visita ai mercati locali per acquistare dolci e specialit\u00e0 stagionali<\/li>\n<\/ul>\n<h3>I fal\u00f2 di San Giovanni: una notte magica tra fuoco e leggende<\/h3>\n<p>Ogni anno, quando la notte di San Giovanni avvolge il Ticino, mi lascio trasportare dalla magia di questa tradizione secolare. I fal\u00f2 che illuminano le colline e le valli non sono solo un incantevole spettacolo di luci, ma rappresentano anche un profondo legame con il passato e le <em>leggende<\/em> che hanno plasmato la nostra cultura.<\/p>\n<p><strong>La fiamma del fal\u00f2 simboleggia il rinnovamento e la purificazione<\/strong>, un messaggio che risuona forte nella comunit\u00e0, unendo le persone in un momento di festa e riflessione.<\/p>\n<ul>\n<li>Preparazione del fal\u00f2: un momento di condivisione<\/li>\n<li>Accensione: il culmine della serata<\/li>\n<li>La festa: musica, danze e cibi tradizionali<\/li>\n<\/ul>\n<blockquote><p>\nLa notte di San Giovanni \u00e8 un momento in cui il tempo sembra fermarsi, e ci si ritrova immersi in un\u2019atmosfera fuori dal tempo, ricca di emozioni e significati profondi.\n<\/p><\/blockquote>\n<h2>L\u2019arte e l\u2019architettura ticinese: un viaggio nel bello<\/h2>\n<p><img decoding=\"async\" style=\"max-width: 100%; max-height: 200px;\" src=\"https:\/\/contenu.nyc3.digitaloceanspaces.com\/journalist\/509250fe-7fc1-4e96-ae4a-6d5ab04e4465\/thumbnail.jpeg\" alt=\"L'arte e l'architettura ticinese: un viaggio nel bello\"><\/p>\n<h3>I maestri del Rinascimento in Ticino<\/h3>\n<p>Durante il mio viaggio attraverso la cultura e la storia del Ticino, non posso fare a meno di soffermarmi sull\u2019epoca del Rinascimento, un periodo che ha visto fiorire l\u2019arte e l\u2019architettura in maniera straordinaria. <strong>I maestri del Rinascimento ticinese<\/strong> hanno lasciato un\u2019impronta indelebile nella regione, con opere che ancora oggi possiamo ammirare.<\/p>\n<p>Tra questi artisti, alcuni nomi risaltano per il loro contributo unico alla bellezza del Ticino:<\/p>\n<ul>\n<li>Bernardino Luini, noto per le sue affascinanti opere pittoriche.<\/li>\n<li>Bramantino, il cui stile unico ha influenzato l\u2019architettura locale.<\/li>\n<li>Giovanni Antonio Amadeo, scultore e architetto di grande talento.<\/li>\n<\/ul>\n<blockquote><p>\nQuesti artisti non solo hanno arricchito il patrimonio culturale del Ticino ma hanno anche contribuito a diffondere lo stile rinascimentale oltre i confini regionali.\n<\/p><\/blockquote>\n<p>La visita alle opere di questi <em>maestri<\/em> offre un\u2019esperienza unica, permettendoci di immergerci completamente nella storia e nell\u2019arte di un\u2019epoca straordinaria. La loro eredit\u00e0 \u00e8 un tesoro che continua a ispirare e a meravigliare chiunque si avvicini alla cultura ticinese.<\/p>\n<h3>Le chiese barocche: gioielli nascosti tra i monti<\/h3>\n<p>Scoprire le chiese barocche del Ticino \u00e8 come intraprendere un viaggio indietro nel tempo, in un\u2019epoca dove l\u2019arte e la spiritualit\u00e0 si intrecciano in maniera sublime. Queste <em>gioielli<\/em> nascosti tra i monti offrono non solo un rifugio spirituale, ma anche un\u2019immersione nella bellezza architettonica che caratterizza il periodo barocco.<\/p>\n<p><strong>Il fascino di queste chiese risiede nella loro capacit\u00e0 di sorprendere il visitatore<\/strong> con dettagli intricati, affreschi vivaci e altari maestosi, testimoni di un\u2019epoca ricca di fervore artistico e religioso.<\/p>\n<blockquote><p>\nTra le pi\u00f9 note, possiamo citare la Chiesa di San Giovanni Battista a Morcote, che con la sua posizione affacciata sul lago, offre una vista mozzafiato.\n<\/p><\/blockquote>\n<ul>\n<li>Chiesa di San Giovanni Battista a Morcote<\/li>\n<li>Chiesa di Santa Maria degli Angeli a Lugano<\/li>\n<li>Chiesa di San Carlo a Bellinzona<\/li>\n<\/ul>\n<p>Ogni chiesa ha una storia unica da raccontare, invitando i visitatori a esplorare non solo l\u2019edificio in s\u00e9, ma anche il contesto storico e culturale che lo circonda.<\/p>\n<h3>L\u2019architettura moderna: il Ticino si rinnova<\/h3>\n<p>Nel mio viaggio attraverso il Ticino, ho scoperto che questa regione non \u00e8 solo un rifugio per gli amanti della natura, ma anche un <em>paradiso<\/em> per gli appassionati d\u2019arte. Tra le sue valli e montagne, il Ticino nasconde veri e propri tesori artistici, dai manufatti antichi all\u2019arte moderna. Musei, chiese e castelli offrono un\u2019esperienza culturale unica.<\/p>\n<p><strong>L\u2019architettura moderna del Ticino \u00e8 un chiaro esempio di come la regione si sia rinnovata<\/strong>, mantenendo al contempo un legame profondo con la sua storia e le sue tradizioni. Edifici contemporanei si fondono armoniosamente con il paesaggio naturale, creando un contrasto affascinante che attira visitatori da tutto il mondo.<\/p>\n<blockquote><p>\nNel cuore del Ticino, l\u2019architettura moderna testimonia l\u2019innovazione e la creativit\u00e0 degli architetti locali.\n<\/p><\/blockquote>\n<p>Ecco alcuni esempi emblematici dell\u2019architettura moderna in Ticino:<\/p>\n<ul>\n<li>Il Centro Culturale LAC a Lugano, un punto di riferimento per le arti performative.<\/li>\n<li>La Darsena di Locarno, che con la sua struttura moderna arricchisce il lungolago.<\/li>\n<li>Il Monte Tamaro, con la sua chiesa progettata dall\u2019architetto Mario Botta, un capolavoro che si integra perfettamente con il paesaggio circostante.<\/li>\n<\/ul>\n<h2>La natura in Ticino: tra montagne e laghi incantati<\/h2>\n<p><img decoding=\"async\" style=\"max-width: 100%; max-height: 200px;\" src=\"https:\/\/contenu.nyc3.digitaloceanspaces.com\/journalist\/89b361b6-45f8-4560-95f6-7ad042c287e4\/thumbnail.jpeg\" alt=\"La natura in Ticino: tra montagne e laghi incantati\"><\/p>\n<h3>Le valli del Ticino: un paradiso per escursionisti<\/h3>\n<p>Esplorare le valli del Ticino \u00e8 un\u2019esperienza che mi riempie sempre di gioia e meraviglia. Ogni valle, con i suoi sentieri nascosti e panorami mozzafiato, racconta una storia unica, tessendo insieme natura e tradizione in un arazzo vivente.<\/p>\n<p><strong>Il <a href=\"https:\/\/ticino.com\/blog\/le-migliori-attrazioni-nel-ticino\/\">Ticino offre paesaggi diversi<\/a><\/strong>, un clima favorevole, una cultura ricca e attivit\u00e0 all\u2019aperto. Nota per il suo clima soleggiato e mediterraneo, e per gli eventi vibranti, rendendola una delle principali destinazioni turistiche in Svizzera.<\/p>\n<blockquote><p>\nLa bellezza delle valli ticinesi non risiede solo nei loro paesaggi, ma anche nella sensazione di pace che si prova immergendosi nella natura.\n<\/p><\/blockquote>\n<p>Una delle mie esperienze preferite \u00e8 l\u2019escursione lungo il <em>Sentiero dell\u2019Arte<\/em> nella Valle Verzasca, dove l\u2019arte incontra la natura in un dialogo senza tempo. Qui, artisti locali e internazionali hanno lasciato la loro impronta attraverso sculture e installazioni che si fondono armoniosamente con l\u2019ambiente circostante.<\/p>\n<h3>I laghi: specchi d\u2019acqua tra storia e leggenda<\/h3>\n<p><a href=\"https:\/\/ticino.com\/blog\/delizie-locali-dal-ticino\/\">Esplorare il Ticino<\/a> significa immergersi in un mondo dove la natura si fonde con la storia e la leggenda. I suoi laghi, con le loro acque cristalline, sono testimoni silenziosi di epoche passate e raccontano storie di antichi viaggiatori e leggende locali. <strong>Il Lago Maggiore e il Lago di Lugano<\/strong> sono senza dubbio i pi\u00f9 famosi, ma ogni angolo d\u2019acqua in questa regione ha qualcosa di unico da offrire.<\/p>\n<blockquote><p>\nOgni lago nel Ticino ha una sua anima, un carattere che lo rende speciale e diverso dagli altri.\n<\/p><\/blockquote>\n<p>Ecco una breve lista dei laghi pi\u00f9 incantevoli che non puoi perderti:<\/p>\n<ul>\n<li>Lago Maggiore: conosciuto per le sue isole pittoresche e i giardini fioriti.<\/li>\n<li>Lago di Lugano: famoso per le sue vedute panoramiche e le cittadine ricche di storia.<\/li>\n<li>Lago di Como: anche se pi\u00f9 noto al di fuori del Ticino, merita una visita per la sua bellezza senza tempo.<\/li>\n<li>Lago di Orta: un gioiello nascosto, perfetto per chi cerca tranquillit\u00e0 e ispirazione.<\/li>\n<\/ul>\n<h3>La flora e la fauna: un ecosistema unico e variegato<\/h3>\n<p>Esplorando il Ticino, mi sono immerso in un ecosistema unico e variegato, dove la <a href=\"https:\/\/ticino.com\/blog\/innovazione-nel-ticino\/\">natura regna sovrana<\/a>. <strong>La diversit\u00e0 biologica di questa regione \u00e8 semplicemente straordinaria<\/strong>, offrendo scenari e incontri inaspettati ad ogni passo.<\/p>\n<p>Tra le vette e i laghi, ho avuto il privilegio di osservare specie endemiche che rendono il Ticino un vero e proprio santuario naturale. La presenza di <em>animali<\/em> rari e piante uniche contribuisce a creare un ambiente di inestimabile valore ecologico e culturale.<\/p>\n<blockquote><p>\nLa protezione e la conservazione di questo patrimonio naturale sono fondamentali per garantire che le future generazioni possano godere della bellezza e della diversit\u00e0 del Ticino.\n<\/p><\/blockquote>\n<p>Ecco alcuni esempi di flora e fauna che ho avuto la fortuna di incontrare:<\/p>\n<ul>\n<li>Il camoscio alpino, agile abitante delle rocce<\/li>\n<li>La martora, misteriosa e sfuggente<\/li>\n<li>L\u2019edelweiss, simbolo di purezza e resistenza<\/li>\n<li>Il castagno, albero generoso e simbolo di vita<\/li>\n<\/ul>\n<p>Scopri le meraviglie naturali del Ticino, dove montagne maestose e laghi incantati creano scenari da favola. Dal trekking sui sentieri alpini alla navigazione sulle acque cristalline, ogni avventura \u00e8 un\u2019esperienza indimenticabile. Per saperne di pi\u00f9 e pianificare la tua prossima escursione, <a href=\"https:\/\/ticino.com\/internet\">visita il nostro sito<\/a>. Non perdere l\u2019opportunit\u00e0 di esplorare la bellezza incontaminata del Ticino.<\/p>\n","protected":false},"excerpt":{"rendered":"<p>Le radici storiche del Ticino L&#8217;epoca romana e i primi insediamenti Durante il mio viaggio attraverso la storia del Ticino, non posso fare a meno di soffermarmi sull&#8217;epoca romana, un periodo che ha lasciato un&#8217;impronta indelebile su questa terra. I primi insediamenti romani nel Ticino risalgono al II secolo a.C., segnando l&#8217;inizio di una lunga [&hellip;]<\/p>\n","protected":false},"author":138280483,"featured_media":18816,"comment_status":"open","ping_status":"open","sticky":false,"template":"","format":"standard","meta":{"footnotes":""},"categories":[46],"tags":[],"class_list":["post-18818","post","type-post","status-publish","format-standard","has-post-thumbnail","hentry","category-consigli"],"yoast_head":"<!-- This site is optimized with the Yoast SEO Premium plugin v21.7 (Yoast SEO v23.7) - https:\/\/yoast.com\/wordpress\/plugins\/seo\/ -->\n<title>Storia e tradizioni del Ticino: un viaggio attraverso tempo e cultura | Ticinocom SA<\/title>\n<meta name=\"robots\" content=\"index, follow, max-snippet:-1, max-image-preview:large, max-video-preview:-1\" \/>\n<link rel=\"canonical\" href=\"https:\/\/ticino.com\/de\/blog\/storia-e-tradizioni-del-ticino-un-viaggio-attraverso-tempo-e-cultura\/\" \/>\n<meta property=\"og:locale\" content=\"de_DE\" \/>\n<meta property=\"og:type\" content=\"article\" \/>\n<meta property=\"og:title\" content=\"Storia e tradizioni del Ticino: un viaggio attraverso tempo e cultura\" \/>\n<meta property=\"og:description\" content=\"Le radici storiche del Ticino L&#8217;epoca romana e i primi insediamenti Durante il mio viaggio attraverso la storia del Ticino, non posso fare a meno di soffermarmi sull&#8217;epoca romana, un periodo che ha lasciato un&#8217;impronta indelebile su questa terra. I primi insediamenti romani nel Ticino risalgono al II secolo a.C., segnando l&#8217;inizio di una lunga [&hellip;]\" \/>\n<meta property=\"og:url\" content=\"https:\/\/ticino.com\/de\/blog\/storia-e-tradizioni-del-ticino-un-viaggio-attraverso-tempo-e-cultura\/\" \/>\n<meta property=\"og:site_name\" content=\"Ticinocom SA\" \/>\n<meta property=\"article:publisher\" content=\"https:\/\/facebook.com\/ticinocom\" \/>\n<meta property=\"article:published_time\" content=\"2024-03-27T09:43:00+00:00\" \/>\n<meta property=\"og:image\" content=\"https:\/\/contenu.nyc3.digitaloceanspaces.com\/journalist\/3afd52a1-df4d-4e15-a7a5-d731b2739b87\/thumbnail.jpeg\" \/>\n<meta name=\"author\" content=\"Karl\" \/>\n<meta name=\"twitter:card\" content=\"summary_large_image\" \/>\n<meta name=\"twitter:creator\" content=\"@ticinocom\" \/>\n<meta name=\"twitter:site\" content=\"@ticinocom\" \/>\n<meta name=\"twitter:label1\" content=\"Verfasst von\" \/>\n\t<meta name=\"twitter:data1\" content=\"Karl\" \/>\n\t<meta name=\"twitter:label2\" content=\"Gesch\u00e4tzte Lesezeit\" \/>\n\t<meta name=\"twitter:data2\" content=\"12\u00a0Minuten\" \/>\n<script type=\"application\/ld+json\" class=\"yoast-schema-graph\">{\"@context\":\"https:\/\/schema.org\",\"@graph\":[{\"@type\":\"Article\",\"@id\":\"https:\/\/ticino.com\/de\/blog\/storia-e-tradizioni-del-ticino-un-viaggio-attraverso-tempo-e-cultura\/#article\",\"isPartOf\":{\"@id\":\"https:\/\/ticino.com\/de\/blog\/storia-e-tradizioni-del-ticino-un-viaggio-attraverso-tempo-e-cultura\/\"},\"author\":{\"name\":\"Karl\",\"@id\":\"https:\/\/ticino.com\/de\/#\/schema\/person\/ee0392429aac5d578b44a30e5e8fdef8\"},\"headline\":\"Storia e tradizioni del Ticino: un viaggio attraverso tempo e cultura\",\"datePublished\":\"2024-03-27T09:43:00+00:00\",\"dateModified\":\"2024-03-27T09:43:00+00:00\",\"mainEntityOfPage\":{\"@id\":\"https:\/\/ticino.com\/de\/blog\/storia-e-tradizioni-del-ticino-un-viaggio-attraverso-tempo-e-cultura\/\"},\"wordCount\":2543,\"commentCount\":0,\"publisher\":{\"@id\":\"https:\/\/ticino.com\/de\/#organization\"},\"image\":{\"@id\":\"https:\/\/ticino.com\/de\/blog\/storia-e-tradizioni-del-ticino-un-viaggio-attraverso-tempo-e-cultura\/#primaryimage\"},\"thumbnailUrl\":\"https:\/\/ticino.com\/wp-content\/uploads\/2024\/03\/2c52b13ethumbnail.jpeg\",\"articleSection\":[\"Consigli\"],\"inLanguage\":\"de\",\"potentialAction\":[{\"@type\":\"CommentAction\",\"name\":\"Comment\",\"target\":[\"https:\/\/ticino.com\/de\/blog\/storia-e-tradizioni-del-ticino-un-viaggio-attraverso-tempo-e-cultura\/#respond\"]}]},{\"@type\":\"WebPage\",\"@id\":\"https:\/\/ticino.com\/de\/blog\/storia-e-tradizioni-del-ticino-un-viaggio-attraverso-tempo-e-cultura\/\",\"url\":\"https:\/\/ticino.com\/de\/blog\/storia-e-tradizioni-del-ticino-un-viaggio-attraverso-tempo-e-cultura\/\",\"name\":\"Storia e tradizioni del Ticino: un viaggio attraverso tempo e cultura | Ticinocom SA\",\"isPartOf\":{\"@id\":\"https:\/\/ticino.com\/de\/#website\"},\"primaryImageOfPage\":{\"@id\":\"https:\/\/ticino.com\/de\/blog\/storia-e-tradizioni-del-ticino-un-viaggio-attraverso-tempo-e-cultura\/#primaryimage\"},\"image\":{\"@id\":\"https:\/\/ticino.com\/de\/blog\/storia-e-tradizioni-del-ticino-un-viaggio-attraverso-tempo-e-cultura\/#primaryimage\"},\"thumbnailUrl\":\"https:\/\/ticino.com\/wp-content\/uploads\/2024\/03\/2c52b13ethumbnail.jpeg\",\"datePublished\":\"2024-03-27T09:43:00+00:00\",\"dateModified\":\"2024-03-27T09:43:00+00:00\",\"breadcrumb\":{\"@id\":\"https:\/\/ticino.com\/de\/blog\/storia-e-tradizioni-del-ticino-un-viaggio-attraverso-tempo-e-cultura\/#breadcrumb\"},\"inLanguage\":\"de\",\"potentialAction\":[{\"@type\":\"ReadAction\",\"target\":[\"https:\/\/ticino.com\/de\/blog\/storia-e-tradizioni-del-ticino-un-viaggio-attraverso-tempo-e-cultura\/\"]}]},{\"@type\":\"ImageObject\",\"inLanguage\":\"de\",\"@id\":\"https:\/\/ticino.com\/de\/blog\/storia-e-tradizioni-del-ticino-un-viaggio-attraverso-tempo-e-cultura\/#primaryimage\",\"url\":\"https:\/\/ticino.com\/wp-content\/uploads\/2024\/03\/2c52b13ethumbnail.jpeg\",\"contentUrl\":\"https:\/\/ticino.com\/wp-content\/uploads\/2024\/03\/2c52b13ethumbnail.jpeg\",\"width\":1200,\"height\":600},{\"@type\":\"BreadcrumbList\",\"@id\":\"https:\/\/ticino.com\/de\/blog\/storia-e-tradizioni-del-ticino-un-viaggio-attraverso-tempo-e-cultura\/#breadcrumb\",\"itemListElement\":[{\"@type\":\"ListItem\",\"position\":1,\"name\":\"Home\",\"item\":\"https:\/\/ticino.com\/de\/\"},{\"@type\":\"ListItem\",\"position\":2,\"name\":\"Storia e tradizioni del Ticino: un viaggio attraverso tempo e cultura\"}]},{\"@type\":\"WebSite\",\"@id\":\"https:\/\/ticino.com\/de\/#website\",\"url\":\"https:\/\/ticino.com\/de\/\",\"name\":\"Ticinocom SA\",\"description\":\"Internet 100% made in Ticino\",\"publisher\":{\"@id\":\"https:\/\/ticino.com\/de\/#organization\"},\"potentialAction\":[{\"@type\":\"SearchAction\",\"target\":{\"@type\":\"EntryPoint\",\"urlTemplate\":\"https:\/\/ticino.com\/de\/?s={search_term_string}\"},\"query-input\":{\"@type\":\"PropertyValueSpecification\",\"valueRequired\":true,\"valueName\":\"search_term_string\"}}],\"inLanguage\":\"de\"},{\"@type\":\"Organization\",\"@id\":\"https:\/\/ticino.com\/de\/#organization\",\"name\":\"Ticinocom SA\",\"url\":\"https:\/\/ticino.com\/de\/\",\"logo\":{\"@type\":\"ImageObject\",\"inLanguage\":\"de\",\"@id\":\"https:\/\/ticino.com\/de\/#\/schema\/logo\/image\/\",\"url\":\"https:\/\/ticino.com\/wp-content\/uploads\/2020\/09\/ticinocom-logo.png\",\"contentUrl\":\"https:\/\/ticino.com\/wp-content\/uploads\/2020\/09\/ticinocom-logo.png\",\"width\":508,\"height\":84,\"caption\":\"Ticinocom SA\"},\"image\":{\"@id\":\"https:\/\/ticino.com\/de\/#\/schema\/logo\/image\/\"},\"sameAs\":[\"https:\/\/facebook.com\/ticinocom\",\"https:\/\/x.com\/ticinocom\",\"https:\/\/instagram.com\/ticinocomsa\",\"https:\/\/linkedin.com\/company\/ticinocom\"]},{\"@type\":\"Person\",\"@id\":\"https:\/\/ticino.com\/de\/#\/schema\/person\/ee0392429aac5d578b44a30e5e8fdef8\",\"name\":\"Karl\",\"image\":{\"@type\":\"ImageObject\",\"inLanguage\":\"de\",\"@id\":\"https:\/\/ticino.com\/de\/#\/schema\/person\/image\/\",\"url\":\"https:\/\/secure.gravatar.com\/avatar\/39e3eb687ead68b445998a4f49096509?s=96&d=mm&r=g\",\"contentUrl\":\"https:\/\/secure.gravatar.com\/avatar\/39e3eb687ead68b445998a4f49096509?s=96&d=mm&r=g\",\"caption\":\"Karl\"},\"url\":\"https:\/\/ticino.com\/de\/author\/karl\/\"}]}<\/script>\n<!-- \/ Yoast SEO Premium plugin. -->","yoast_head_json":{"title":"Storia e tradizioni del Ticino: un viaggio attraverso tempo e cultura | Ticinocom SA","robots":{"index":"index","follow":"follow","max-snippet":"max-snippet:-1","max-image-preview":"max-image-preview:large","max-video-preview":"max-video-preview:-1"},"canonical":"https:\/\/ticino.com\/de\/blog\/storia-e-tradizioni-del-ticino-un-viaggio-attraverso-tempo-e-cultura\/","og_locale":"de_DE","og_type":"article","og_title":"Storia e tradizioni del Ticino: un viaggio attraverso tempo e cultura","og_description":"Le radici storiche del Ticino L&#8217;epoca romana e i primi insediamenti Durante il mio viaggio attraverso la storia del Ticino, non posso fare a meno di soffermarmi sull&#8217;epoca romana, un periodo che ha lasciato un&#8217;impronta indelebile su questa terra. I primi insediamenti romani nel Ticino risalgono al II secolo a.C., segnando l&#8217;inizio di una lunga [&hellip;]","og_url":"https:\/\/ticino.com\/de\/blog\/storia-e-tradizioni-del-ticino-un-viaggio-attraverso-tempo-e-cultura\/","og_site_name":"Ticinocom SA","article_publisher":"https:\/\/facebook.com\/ticinocom","article_published_time":"2024-03-27T09:43:00+00:00","og_image":[{"url":"https:\/\/contenu.nyc3.digitaloceanspaces.com\/journalist\/3afd52a1-df4d-4e15-a7a5-d731b2739b87\/thumbnail.jpeg"}],"author":"Karl","twitter_card":"summary_large_image","twitter_creator":"@ticinocom","twitter_site":"@ticinocom","twitter_misc":{"Verfasst von":"Karl","Gesch\u00e4tzte Lesezeit":"12\u00a0Minuten"},"schema":{"@context":"https:\/\/schema.org","@graph":[{"@type":"Article","@id":"https:\/\/ticino.com\/de\/blog\/storia-e-tradizioni-del-ticino-un-viaggio-attraverso-tempo-e-cultura\/#article","isPartOf":{"@id":"https:\/\/ticino.com\/de\/blog\/storia-e-tradizioni-del-ticino-un-viaggio-attraverso-tempo-e-cultura\/"},"author":{"name":"Karl","@id":"https:\/\/ticino.com\/de\/#\/schema\/person\/ee0392429aac5d578b44a30e5e8fdef8"},"headline":"Storia e tradizioni del Ticino: un viaggio attraverso tempo e cultura","datePublished":"2024-03-27T09:43:00+00:00","dateModified":"2024-03-27T09:43:00+00:00","mainEntityOfPage":{"@id":"https:\/\/ticino.com\/de\/blog\/storia-e-tradizioni-del-ticino-un-viaggio-attraverso-tempo-e-cultura\/"},"wordCount":2543,"commentCount":0,"publisher":{"@id":"https:\/\/ticino.com\/de\/#organization"},"image":{"@id":"https:\/\/ticino.com\/de\/blog\/storia-e-tradizioni-del-ticino-un-viaggio-attraverso-tempo-e-cultura\/#primaryimage"},"thumbnailUrl":"https:\/\/ticino.com\/wp-content\/uploads\/2024\/03\/2c52b13ethumbnail.jpeg","articleSection":["Consigli"],"inLanguage":"de","potentialAction":[{"@type":"CommentAction","name":"Comment","target":["https:\/\/ticino.com\/de\/blog\/storia-e-tradizioni-del-ticino-un-viaggio-attraverso-tempo-e-cultura\/#respond"]}]},{"@type":"WebPage","@id":"https:\/\/ticino.com\/de\/blog\/storia-e-tradizioni-del-ticino-un-viaggio-attraverso-tempo-e-cultura\/","url":"https:\/\/ticino.com\/de\/blog\/storia-e-tradizioni-del-ticino-un-viaggio-attraverso-tempo-e-cultura\/","name":"Storia e tradizioni del Ticino: un viaggio attraverso tempo e cultura | Ticinocom SA","isPartOf":{"@id":"https:\/\/ticino.com\/de\/#website"},"primaryImageOfPage":{"@id":"https:\/\/ticino.com\/de\/blog\/storia-e-tradizioni-del-ticino-un-viaggio-attraverso-tempo-e-cultura\/#primaryimage"},"image":{"@id":"https:\/\/ticino.com\/de\/blog\/storia-e-tradizioni-del-ticino-un-viaggio-attraverso-tempo-e-cultura\/#primaryimage"},"thumbnailUrl":"https:\/\/ticino.com\/wp-content\/uploads\/2024\/03\/2c52b13ethumbnail.jpeg","datePublished":"2024-03-27T09:43:00+00:00","dateModified":"2024-03-27T09:43:00+00:00","breadcrumb":{"@id":"https:\/\/ticino.com\/de\/blog\/storia-e-tradizioni-del-ticino-un-viaggio-attraverso-tempo-e-cultura\/#breadcrumb"},"inLanguage":"de","potentialAction":[{"@type":"ReadAction","target":["https:\/\/ticino.com\/de\/blog\/storia-e-tradizioni-del-ticino-un-viaggio-attraverso-tempo-e-cultura\/"]}]},{"@type":"ImageObject","inLanguage":"de","@id":"https:\/\/ticino.com\/de\/blog\/storia-e-tradizioni-del-ticino-un-viaggio-attraverso-tempo-e-cultura\/#primaryimage","url":"https:\/\/ticino.com\/wp-content\/uploads\/2024\/03\/2c52b13ethumbnail.jpeg","contentUrl":"https:\/\/ticino.com\/wp-content\/uploads\/2024\/03\/2c52b13ethumbnail.jpeg","width":1200,"height":600},{"@type":"BreadcrumbList","@id":"https:\/\/ticino.com\/de\/blog\/storia-e-tradizioni-del-ticino-un-viaggio-attraverso-tempo-e-cultura\/#breadcrumb","itemListElement":[{"@type":"ListItem","position":1,"name":"Home","item":"https:\/\/ticino.com\/de\/"},{"@type":"ListItem","position":2,"name":"Storia e tradizioni del Ticino: un viaggio attraverso tempo e cultura"}]},{"@type":"WebSite","@id":"https:\/\/ticino.com\/de\/#website","url":"https:\/\/ticino.com\/de\/","name":"Ticinocom SA","description":"Internet 100% made in Ticino","publisher":{"@id":"https:\/\/ticino.com\/de\/#organization"},"potentialAction":[{"@type":"SearchAction","target":{"@type":"EntryPoint","urlTemplate":"https:\/\/ticino.com\/de\/?s={search_term_string}"},"query-input":{"@type":"PropertyValueSpecification","valueRequired":true,"valueName":"search_term_string"}}],"inLanguage":"de"},{"@type":"Organization","@id":"https:\/\/ticino.com\/de\/#organization","name":"Ticinocom SA","url":"https:\/\/ticino.com\/de\/","logo":{"@type":"ImageObject","inLanguage":"de","@id":"https:\/\/ticino.com\/de\/#\/schema\/logo\/image\/","url":"https:\/\/ticino.com\/wp-content\/uploads\/2020\/09\/ticinocom-logo.png","contentUrl":"https:\/\/ticino.com\/wp-content\/uploads\/2020\/09\/ticinocom-logo.png","width":508,"height":84,"caption":"Ticinocom SA"},"image":{"@id":"https:\/\/ticino.com\/de\/#\/schema\/logo\/image\/"},"sameAs":["https:\/\/facebook.com\/ticinocom","https:\/\/x.com\/ticinocom","https:\/\/instagram.com\/ticinocomsa","https:\/\/linkedin.com\/company\/ticinocom"]},{"@type":"Person","@id":"https:\/\/ticino.com\/de\/#\/schema\/person\/ee0392429aac5d578b44a30e5e8fdef8","name":"Karl","image":{"@type":"ImageObject","inLanguage":"de","@id":"https:\/\/ticino.com\/de\/#\/schema\/person\/image\/","url":"https:\/\/secure.gravatar.com\/avatar\/39e3eb687ead68b445998a4f49096509?s=96&d=mm&r=g","contentUrl":"https:\/\/secure.gravatar.com\/avatar\/39e3eb687ead68b445998a4f49096509?s=96&d=mm&r=g","caption":"Karl"},"url":"https:\/\/ticino.com\/de\/author\/karl\/"}]}},"_links":{"self":[{"href":"https:\/\/ticino.com\/de\/wp-json\/wp\/v2\/posts\/18818"}],"collection":[{"href":"https:\/\/ticino.com\/de\/wp-json\/wp\/v2\/posts"}],"about":[{"href":"https:\/\/ticino.com\/de\/wp-json\/wp\/v2\/types\/post"}],"author":[{"embeddable":true,"href":"https:\/\/ticino.com\/de\/wp-json\/wp\/v2\/users\/138280483"}],"replies":[{"embeddable":true,"href":"https:\/\/ticino.com\/de\/wp-json\/wp\/v2\/comments?post=18818"}],"version-history":[{"count":0,"href":"https:\/\/ticino.com\/de\/wp-json\/wp\/v2\/posts\/18818\/revisions"}],"wp:featuredmedia":[{"embeddable":true,"href":"https:\/\/ticino.com\/de\/wp-json\/wp\/v2\/media\/18816"}],"wp:attachment":[{"href":"https:\/\/ticino.com\/de\/wp-json\/wp\/v2\/media?parent=18818"}],"wp:term":[{"taxonomy":"category","embeddable":true,"href":"https:\/\/ticino.com\/de\/wp-json\/wp\/v2\/categories?post=18818"},{"taxonomy":"post_tag","embeddable":true,"href":"https:\/\/ticino.com\/de\/wp-json\/wp\/v2\/tags?post=18818"}],"curies":[{"name":"wp","href":"https:\/\/api.w.org\/{rel}","templated":true}]}}