{"id":18358,"date":"2024-02-25T17:37:01","date_gmt":"2024-02-25T16:37:01","guid":{"rendered":"https:\/\/ticino.com\/blog\/gli-imperdibili-eventi-culturali-del-ticino-da-non-perdere\/"},"modified":"2024-02-25T17:37:01","modified_gmt":"2024-02-25T16:37:01","slug":"gli-imperdibili-eventi-culturali-del-ticino-da-non-perdere","status":"publish","type":"post","link":"https:\/\/ticino.com\/de\/blog\/gli-imperdibili-eventi-culturali-del-ticino-da-non-perdere\/","title":{"rendered":"Gli imperdibili eventi culturali del Ticino da non perdere"},"content":{"rendered":"<h2>Festival del film di Locarno: un viaggio nel cinema mondiale<\/h2>\n<p><img decoding=\"async\" style=\"max-width: 100%; max-height: 200px;\" src=\"https:\/\/contenu.nyc3.digitaloceanspaces.com\/journalist\/0d03f188-6afe-49c1-839c-83f1575e1955\/thumbnail.jpeg\" alt=\"Festival del film di Locarno: un viaggio nel cinema mondiale\"><\/p>\n<h3>Stelle sotto le stelle: le proiezioni in Piazza Grande<\/h3>\n<p>Immaginate di sedervi sotto il cielo stellato di Locarno, circondati da un pubblico internazionale, mentre sul grande schermo prendono vita storie provenienti da ogni angolo del mondo. <strong>Questa \u00e8 l\u2019essenza delle <a href=\"https:\/\/ticino.com\/blog\/gli-eventi-culturali-in-ticino\/\">proiezioni in Piazza Grande<\/a><\/strong>, un\u2019esperienza che trasforma il cinema in un evento collettivo e magico.<\/p>\n<blockquote><p>\nOgni serata \u00e8 unica, grazie alla selezione di film che spazia dai blockbuster ai documentari indipendenti, rendendo ogni proiezione un viaggio indimenticabile nel cuore del cinema.\n<\/p><\/blockquote>\n<p>Non dimenticate di consultare il programma ufficiale per non perdervi i titoli pi\u00f9 attesi. Ecco alcuni punti salienti:<\/p>\n<ul>\n<li>Anteprime mondiali e internazionali<\/li>\n<li>Incontri con registi e attori<\/li>\n<li><em>Serate tematiche<\/em> dedicate a generi o paesi specifici<\/li>\n<\/ul>\n<p>Partecipare a queste serate \u00e8 un modo per vivere il cinema in una dimensione completamente nuova, dove la magia della settima arte si fonde con la bellezza del luogo, creando momenti indimenticabili.<\/p>\n<h3>Dialoghi con i maestri: incontri ravvicinati<\/h3>\n<p>Immaginate di poter sedere a pochi passi da alcuni dei pi\u00f9 grandi nomi del cinema mondiale. <strong>Questo \u00e8 ci\u00f2 che rende unici i Dialoghi con i maestri<\/strong> al <a href=\"https:\/\/www.supsi.ch\/eventi\">Festival del film di Locarno<\/a>. Un\u2019opportunit\u00e0 imperdibile per ascoltare direttamente dalle voci dei protagonisti le storie dietro le quinte, le sfide creative e le visioni che hanno plasmato le loro opere.<\/p>\n<blockquote><p>\nDurante questi incontri, il tempo sembra fermarsi, permettendoci di immergerci completamente nelle narrazioni e nelle esperienze condivise.\n<\/p><\/blockquote>\n<p>Non solo ascolteremo, ma avremo anche la possibilit\u00e0 di interagire, ponendo domande e condividendo riflessioni. Un\u2019esperienza che arricchisce non solo la nostra conoscenza del cinema, ma anche la nostra visione del mondo. Ecco alcuni dei temi trattati:<\/p>\n<ul>\n<li>L\u2019importanza della <em>sceneggiatura<\/em> nel processo creativo<\/li>\n<li>Le sfide della regia in contesti internazionali<\/li>\n<li>Innovazioni tecnologiche e il loro impatto sul cinema<\/li>\n<\/ul>\n<p>Partecipare a questi incontri significa avvicinarsi al cuore pulsante del cinema, scoprendo nuove prospettive e ispirazioni. \u00c8 un viaggio che consiglio a tutti gli appassionati di cinema e cultura.<\/p>\n<h3>Visioni Future: la sezione giovani e sperimentale<\/h3>\n<p>Nel cuore pulsante del Festival del film di Locarno, <em>Visioni Future<\/em> si rivela come un laboratorio di idee, dove la creativit\u00e0 dei giovani registi incontra le pi\u00f9 audaci sperimentazioni cinematografiche. Questa sezione \u00e8 un vero e proprio trampolino di lancio per i talenti emergenti, offrendo loro una vetrina internazionale senza precedenti.<\/p>\n<p><strong>L\u2019innovazione e la sperimentazione sono le parole chiave<\/strong> che guidano ogni aspetto di Visioni Future. Qui, le convenzioni vengono messe da parte per esplorare nuovi orizzonti narrativi e visivi, spingendo il cinema verso territori inesplorati.<\/p>\n<ul>\n<li>Proiezioni di cortometraggi innovativi<\/li>\n<li>Workshop con professionisti del settore<\/li>\n<li>Panel di discussione su temi di attualit\u00e0 cinematografica<\/li>\n<\/ul>\n<blockquote><p>\nLa magia del cinema si rinnova in ogni proiezione, invitando gli spettatori a un viaggio attraverso visioni che sfidano l\u2019immaginario comune.\n<\/p><\/blockquote>\n<h2>Settimane Musicali di Ascona: un\u2019ode alla musica classica<\/h2>\n<p><img decoding=\"async\" style=\"max-width: 100%; max-height: 200px;\" src=\"https:\/\/contenu.nyc3.digitaloceanspaces.com\/journalist\/4663aa1b-d7d7-462d-ae90-4038bf5064ca\/thumbnail.jpeg\" alt=\"Settimane Musicali di Ascona: un'ode alla musica classica\"><\/p>\n<h3>Serenate al lago: concerti all\u2019aperto<\/h3>\n<p>Immaginatevi seduti a bordo lago, con il tramonto che tinge di rosa il cielo e le acque calme che riflettono le ultime luci del giorno. \u00c8 in questo scenario idilliaco che prendono vita le <em>Serenate al lago<\/em>, una serie di concerti all\u2019aperto che celebrano la bellezza della musica classica in simbiosi con la natura.<\/p>\n<p><strong>La musica, in questo contesto, diventa un ponte tra l\u2019anima e il paesaggio<\/strong>, offrendoci momenti di pura magia. Non c\u2019\u00e8 niente di pi\u00f9 emozionante che ascoltare le note di un violino o il suono profondo di un violoncello mentre si \u00e8 immersi in un ambiente cos\u00ec suggestivo.<\/p>\n<blockquote><p>\nOgni concerto \u00e8 un\u2019esperienza unica, un viaggio attraverso le emozioni che solo la musica sa regalare.\n<\/p><\/blockquote>\n<ul>\n<li><a href=\"https:\/\/www.cannero.it\/it\/eventi-cannero-riviera\/eventi\/260-Camminando%20nel%20Blues\">Camminando nel Blues<\/a> \u2013 Ufficio Turistico Cannero Riviera<\/li>\n<li>Domenica 10 dicembre: Concerto del Corpo Filarmonico Cannerese presso la Sala Pietro Carmine, alle ore 15.30.<\/li>\n<li>Di terra &amp; di lago. 05\/12\/2023 \u2013 05\/12\/2023<\/li>\n<\/ul>\n<h3>Maestri del tempo: direttori d\u2019orchestra in residenza<\/h3>\n<p>Ogni anno, le <a href=\"https:\/\/ticino.com\/blog\/festival-musicali-nel-ticino-2\/\">Settimane Musicali di Ascona<\/a> si arricchiscono della presenza di <em>maestri<\/em> del tempo, direttori d\u2019orchestra di fama internazionale che prendono residenza nella nostra incantevole citt\u00e0. Questi artisti non solo dirigono concerti indimenticabili, ma condividono anche la loro profonda conoscenza e passione per la musica con il pubblico e i giovani musicisti locali.<\/p>\n<p><strong>La presenza di questi maestri trasforma Ascona in un vero e proprio laboratorio musicale<\/strong>, dove la tradizione classica si fonde con nuove interpretazioni e visioni. \u00c8 un\u2019opportunit\u00e0 unica per immergersi completamente nel mondo della musica classica, apprendendo direttamente dai pi\u00f9 grandi.<\/p>\n<blockquote><p>\nLa magia di questi incontri risiede nella capacit\u00e0 di trasmettere l\u2019amore per la musica, creando momenti di pura emozione e connessione tra artisti e pubblico.\n<\/p><\/blockquote>\n<ul>\n<li>Scambio culturale e formativo<\/li>\n<li>Concerti esclusivi<\/li>\n<li>Incontri e masterclass<\/li>\n<\/ul>\n<h3>Note tra i monti: la musica incontra la natura<\/h3>\n<p>Immaginate di essere circondati dalla maestosit\u00e0 delle Alpi, con l\u2019eco della <a href=\"https:\/\/ticino.com\/blog\/festival-musicali-nel-ticino\/\">musica classica<\/a> che si diffonde tra le valli. Questa \u00e8 l\u2019esperienza unica che le <em>Settimane Musicali di Ascona<\/em> offrono, portando la musica classica in scenari naturali mozzafiato.<\/p>\n<p><strong>La natura diventa parte dell\u2019esibizione<\/strong>, creando un\u2019atmosfera magica che unisce arte e ambiente in un connubio perfetto.<\/p>\n<ul>\n<li>La serenit\u00e0 del lago<\/li>\n<li>L\u2019immensit\u00e0 delle montagne<\/li>\n<li>Il silenzio della natura<\/li>\n<\/ul>\n<blockquote><p>\nQuesti elementi si fondono con le note musicali, offrendo un\u2019esperienza sensoriale completa.\n<\/p><\/blockquote>\n<p>L\u2019ascolto di un concerto in queste condizioni non \u00e8 solo un piacere per l\u2019orecchio, ma un vero e proprio balsamo per l\u2019anima. La musica, in questo contesto, acquista una dimensione ulteriore, diventando un ponte tra l\u2019uomo e la natura.<\/p>\n<h2>LongLake Festival Lugano: l\u2019estate in festa<\/h2>\n<p><img decoding=\"async\" style=\"max-width: 100%; max-height: 200px;\" src=\"https:\/\/contenu.nyc3.digitaloceanspaces.com\/journalist\/9c228e3e-34df-4698-a628-39a75f6cd59c\/thumbnail.jpeg\" alt=\"LongLake Festival Lugano: l'estate in festa\"><\/p>\n<h3>Palcoscenici galleggianti: concerti sull\u2019acqua<\/h3>\n<p>Immaginate la magia di assistere a un concerto sull\u2019acqua, con le stelle a fare da tetto e l\u2019acqua del lago a riflettere le luci del palco. Questa \u00e8 l\u2019esperienza unica che offre il LongLake Festival di Lugano, trasformando il lago in un palcoscenico vivente. La musica si diffonde nell\u2019aria, creando un\u2019atmosfera indimenticabile.<\/p>\n<p><strong>L\u2019acqua diventa parte dell\u2019esibizione<\/strong>, fondendosi con le note musicali in un balletto di luci e suoni. Gli artisti si esibiscono su piattaforme galleggianti, avvicinando il pubblico in modo del tutto originale. \u00c8 un\u2019esperienza che tocca l\u2019anima, rendendo ogni concerto un ricordo che rimarr\u00e0 impresso nel cuore.<\/p>\n<ul>\n<li><em>Artisti<\/em> di fama internazionale<\/li>\n<li>Repertorio variegato, da classica a moderna<\/li>\n<li>Atmosfera magica sotto le stelle<\/li>\n<\/ul>\n<blockquote><p>\nLa partecipazione a questi eventi \u00e8 un modo meraviglioso per vivere l\u2019estate in Ticino, unendo la passione per la musica alla bellezza naturale del luogo.\n<\/p><\/blockquote>\n<h3>Arte in movimento: mostre e performance itineranti<\/h3>\n<p>Durante il LongLake Festival Lugano, l\u2018<em>arte<\/em> si trasforma in un viaggio dinamico che attraversa la citt\u00e0, offrendo un\u2019esperienza unica ai suoi visitatori. <strong>Ogni angolo di Lugano diventa una tela vivente<\/strong>, dove artisti di varie discipline espongono le loro opere e realizzano performance che catturano l\u2019immaginazione.<\/p>\n<blockquote><p>\nLa magia di questo evento sta nel poter scoprire nuove forme d\u2019arte semplicemente passeggiando per le strade.\n<\/p><\/blockquote>\n<p>Tra le varie attrazioni, spiccano:<\/p>\n<ul>\n<li>Installazioni artistiche interattive<\/li>\n<li>Performance di danza contemporanea<\/li>\n<li>Esibizioni di street art<\/li>\n<li>Teatro di strada<\/li>\n<\/ul>\n<p>Queste manifestazioni artistiche, spesso improvvisate, invitano il pubblico a partecipare attivamente, creando un dialogo tra l\u2019artista e lo spettatore. L\u2019evento <a href=\"https:\/\/trovafestival.it\/index.php?sot=27\">Teatro \u2013 TrovaFestival<\/a> \u00e8 un esempio perfetto di come il festival riesca a integrare riflessioni sui temi di sostenibilit\u00e0 sociale e ambientale attraverso l\u2019arte.<\/p>\n<h3>Gusti e sapori: il mercato delle delizie locali<\/h3>\n<p>Non c\u2019\u00e8 modo migliore per immergersi nella cultura di una regione che attraverso i suoi sapori. Il mercato delle delizie locali del LongLake Festival Lugano \u00e8 un\u2019esperienza che non dimenticher\u00f2 facilmente. <strong>Qui, ho avuto l\u2019opportunit\u00e0 di assaggiare una variet\u00e0 di prodotti tipici<\/strong>, dai formaggi artigianali ai vini pregiati, passando per dolci tradizionali e salumi affumicati.<\/p>\n<blockquote><p>\nOgni banchetto \u00e8 una scoperta, un viaggio attraverso i gusti e le tradizioni del Ticino.\n<\/p><\/blockquote>\n<p>Non posso fare a meno di consigliare alcune delle mie scoperte preferite:<\/p>\n<ul>\n<li>Formaggio <em>Zincarlin<\/em>, una specialit\u00e0 della regione<\/li>\n<li>Vini locali, con una menzione speciale per il Merlot del Ticino<\/li>\n<li>Biscotti di pane di segale, perfetti con un caff\u00e8 al mattino<\/li>\n<\/ul>\n<p>Questo mercato non \u00e8 solo un luogo dove fare acquisti; \u00e8 un punto d\u2019incontro per gli amanti del buon cibo, un\u2019occasione per scambiare ricette, consigli e, soprattutto, storie. La regione del Ticino, con il suo clima mediterraneo e i paesaggi mozzafiato, offre un contesto unico per un evento del genere.<\/p>\n<h2>Autunno Gastronomico: il sapore della tradizione<\/h2>\n<p><img decoding=\"async\" style=\"max-width: 100%; max-height: 200px;\" src=\"https:\/\/contenu.nyc3.digitaloceanspaces.com\/journalist\/85fd12da-281d-4622-b855-42abf8b87ec8\/thumbnail.jpeg\" alt=\"Autunno Gastronomico: il sapore della tradizione\"><\/p>\n<h3>Tavole imbandite: cene a tema nelle osterie<\/h3>\n<p>Immaginate di sedervi in un\u2019osteria storica, circondati da mura che raccontano storie di secoli passati. Qui, ogni cena a tema diventa un viaggio culinario che celebra le tradizioni e i sapori del Ticino. <strong>La magia inizia quando il menu viene svelato<\/strong>, portando alla luce piatti che fondono creativit\u00e0 e tradizione.<\/p>\n<p><em>Osterie selezionate<\/em> offrono esperienze uniche, trasformando ogni pasto in un\u2019occasione speciale. Ecco alcuni esempi di temi che potreste trovare:<\/p>\n<ul>\n<li>Serate dedicate alla <em>polenta<\/em>, piatto simbolo della regione<\/li>\n<li>Cene che esplorano la variet\u00e0 dei risotti ticinesi<\/li>\n<li>Eventi focalizzati sul capretto alla brace, delizia locale<\/li>\n<\/ul>\n<blockquote><p>\nScoprite eventi culturali come la Festa della Vendemmia e il Carnevale di Bellinzona per un\u2019esperienza vibrante. Deliziatevi con la cucina ticinese, dai piatti come polenta, risotto, a capreto alla brace.\n<\/p><\/blockquote>\n<h3>Sapori d\u2019autunno: degustazioni di prodotti tipici<\/h3>\n<p>L\u2019autunno in Ticino si tinge di colori caldi e sapori intensi. \u00c8 il momento perfetto per immergersi nelle tradizioni culinarie locali, scoprendo i prodotti tipici che rendono questa stagione unica. <strong>La degustazione dei prodotti autunnali<\/strong> diventa un\u2019esperienza sensoriale indimenticabile, dove ogni assaggio racconta la storia e la passione dei produttori locali.<\/p>\n<blockquote><p>\nDurante queste degustazioni, avr\u00f2 l\u2019opportunit\u00e0 di assaporare una variet\u00e0 di formaggi, vini e salumi, tutti caratterizzati da una qualit\u00e0 eccezionale.\n<\/p><\/blockquote>\n<p>Non posso fare a meno di sottolineare l\u2019importanza di supportare i piccoli produttori locali, che con dedizione e amore per il territorio, offrono una <a href=\"https:\/\/www.enogastro.info\/news_non_paginate.aspx\">cucina alpina<\/a> unica, ricca di tradizioni e sapori. La loro passione si riflette in ogni boccone, rendendo ogni degustazione un vero e proprio viaggio attraverso i sapori del Ticino.<\/p>\n<h3>Percorsi del gusto: itinerari enogastronomici<\/h3>\n<p>Esplorare i <em>percorsi del gusto<\/em> in Ticino \u00e8 un\u2019avventura che mi permette di immergermi nelle tradizioni culinarie locali, scoprendo sapori autentici e ricette tramandate di generazione in generazione. <strong>Ogni tappa \u00e8 un\u2019occasione unica<\/strong> per assaporare il meglio della gastronomia ticinese, dai formaggi d\u2019alpeggio ai vini pregiati, passando per i salumi artigianali.<\/p>\n<blockquote><p>\nLa bellezza di questi itinerari sta nella loro capacit\u00e0 di connettere il palato con il cuore del territorio, offrendo un\u2019esperienza sensoriale completa.\n<\/p><\/blockquote>\n<p>Ecco alcuni indirizzi imperdibili:<\/p>\n<ul>\n<li>Osteria del Ponte, per un\u2019autentica polenta ticinese<\/li>\n<li>Cantina Baldi, rinomata per i suoi vini<\/li>\n<li>Grotto degli Amici, dove gustare i migliori salumi della regione<\/li>\n<li>Alpe Foppa, ideale per assaggiare formaggi locali<\/li>\n<li>Ristorante Vetta, con una vista mozzafiato e piatti innovativi<\/li>\n<\/ul>\n<p>Ogni luogo visitato mi ha lasciato ricordi indimenticabili, rendendo il viaggio attraverso i sapori del Ticino un\u2019esperienza da ripetere.<\/p>\n<h2>Mendrisio nella Settimana Santa: un patrimonio immateriale UNESCO<\/h2>\n<p><img decoding=\"async\" style=\"max-width: 100%; max-height: 200px;\" src=\"https:\/\/contenu.nyc3.digitaloceanspaces.com\/journalist\/5da3a849-623c-4186-9655-ec8cd41ffe44\/thumbnail.jpeg\" alt=\"Mendrisio nella Settimana Santa: un patrimonio immateriale UNESCO\"><\/p>\n<h3>Processioni storiche: la tradizione secolare<\/h3>\n<p>Partecipare alle processioni storiche di Mendrisio durante la Settimana Santa \u00e8 un\u2019esperienza che va oltre la semplice osservazione. \u00c8 un tuffo nel cuore di una tradizione che affonda le sue radici in secoli di storia e devozione. <strong>La magia di questi momenti \u00e8 palpabile<\/strong>, avvolta nel silenzio rispettoso della folla e nell\u2019atmosfera solenne che pervade le strade.<\/p>\n<blockquote><p>\nLa candidatura UNESCO ha sottolineato l\u2019importanza unica di questa tradizione.\n<\/p><\/blockquote>\n<p>Ogni anno, la comunit\u00e0 si riunisce per dare vita a queste processioni, che non sono solo manifestazioni religiose, ma anche espressioni profonde della cultura e dell\u2019identit\u00e0 locale. La partecipazione attiva o la semplice presenza come spettatore permette di avvicinarsi a un patrimonio immateriale che continua a essere trasmesso di generazione in generazione.<\/p>\n<ul>\n<li>Preparazione delle lanterne<\/li>\n<li>Vestizione dei partecipanti<\/li>\n<li>La processione notturna<\/li>\n<\/ul>\n<p>La <a href=\"https:\/\/www.mendrisiottoturismo.ch\/it\/processionimendrisio\/scopri\/storia\/candidatura-UNESCO.html\">candidatura UNESCO<\/a> \u00e8 stata un momento chiave per riconoscere a livello internazionale il valore di questa tradizione secolare. \u00c8 un orgoglio per la comunit\u00e0 e un invito a preservare e partecipare attivamente a questi eventi unici.<\/p>\n<h3>I misteri della fede: rappresentazioni sacre<\/h3>\n<p>Assistere alle rappresentazioni sacre durante la Settimana Santa a Mendrisio \u00e8 un\u2019esperienza che tocca profondamente l\u2019anima. Questi momenti, densi di spiritualit\u00e0 e tradizione, mi permettono di connettermi con le radici pi\u00f9 profonde della nostra cultura.<\/p>\n<p><strong>La passione e la devozione dei partecipanti sono palpabili<\/strong>, trasformando le strade e le piazze in palcoscenici viventi dove si narra la storia della fede attraverso gesti e simboli ancestrali. \u00c8 un\u2019occasione unica per riflettere sul significato pi\u00f9 profondo delle nostre tradizioni.<\/p>\n<ul>\n<li>La <em>Processione del Venerd\u00ec Santo<\/em>: un viaggio emotivo attraverso la sofferenza e la speranza.<\/li>\n<li>La rappresentazione della <em>Via Crucis<\/em>: un momento di intensa commozione e riflessione.<\/li>\n<li>Il silenzio e la preghiera: tempi di meditazione che arricchiscono lo spirito.<\/li>\n<\/ul>\n<blockquote><p>\nScoprire la cultura e la storia affascinante del Ticino attraverso visite al Museo delle Culture a Lugano e al Castello di Bellinzona, patrimonio UNESCO, \u00e8 un\u2019esperienza che rivela la bellezza e la ricchezza unica di questa regione.\n<\/p><\/blockquote>\n<h3>L\u2019arte della luce: le architetture illuminate<\/h3>\n<p>Dopo aver assistito alle processioni storiche e alle rappresentazioni sacre, mi trovo immerso nella magia dell\u2018<a href=\"https:\/\/ticino.com\/blog\/attivita-per-la-famiglia-in-ticino\/\">arte della luce<\/a>. Le architetture di Mendrisio si trasformano, diventando tele viventi su cui si dipingono storie di fede e tradizione. <strong>\u00c8 un\u2019esperienza che tocca l\u2019anima<\/strong>, lasciando un segno indelebile nel cuore di chi partecipa.<\/p>\n<blockquote><p>\nLa luce non solo illumina, ma narra, crea atmosfere e connette le persone in un dialogo silenzioso ma profondo.\n<\/p><\/blockquote>\n<p>Ecco alcuni momenti salienti:<\/p>\n<ul>\n<li>La facciata della chiesa principale, che si illumina in una danza di colori.<\/li>\n<li>Le stradine del centro storico, dove ogni angolo rivela una nuova sorpresa luminosa.<\/li>\n<li>Le piazze che diventano palcoscenici all\u2019aperto, dove la luce e l\u2019ombra giocano a raccontare storie secolari.<\/li>\n<\/ul>\n<p>Scopri la magia della Settimana Santa a Mendrisio, un evento che unisce tradizione, fede e cultura in un\u2019esperienza unica, riconosciuta come patrimonio immateriale dall\u2019UNESCO. Per saperne di pi\u00f9 su questa celebrazione straordinaria e su come vivere al meglio la tua visita a Mendrisio, <a href=\"https:\/\/ticino.com\/internet\">visita il nostro sito<\/a>. Ti aspettiamo per condividere insieme momenti indimenticabili.<\/p>\n","protected":false},"excerpt":{"rendered":"<p>Festival del film di Locarno: un viaggio nel cinema mondiale Stelle sotto le stelle: le proiezioni in Piazza Grande Immaginate di sedervi sotto il cielo stellato di Locarno, circondati da un pubblico internazionale, mentre sul grande schermo prendono vita storie provenienti da ogni angolo del mondo. Questa \u00e8 l&#8217;essenza delle proiezioni in Piazza Grande, un&#8217;esperienza [&hellip;]<\/p>\n","protected":false},"author":138280483,"featured_media":18356,"comment_status":"open","ping_status":"open","sticky":false,"template":"","format":"standard","meta":{"footnotes":""},"categories":[46],"tags":[],"class_list":["post-18358","post","type-post","status-publish","format-standard","has-post-thumbnail","hentry","category-consigli"],"yoast_head":"<!-- This site is optimized with the Yoast SEO Premium plugin v21.7 (Yoast SEO v23.7) - https:\/\/yoast.com\/wordpress\/plugins\/seo\/ -->\n<title>Gli imperdibili eventi culturali del Ticino da non perdere | Ticinocom SA<\/title>\n<meta name=\"robots\" content=\"index, follow, max-snippet:-1, max-image-preview:large, max-video-preview:-1\" \/>\n<link rel=\"canonical\" href=\"https:\/\/ticino.com\/de\/blog\/gli-imperdibili-eventi-culturali-del-ticino-da-non-perdere\/\" \/>\n<meta property=\"og:locale\" content=\"de_DE\" \/>\n<meta property=\"og:type\" content=\"article\" \/>\n<meta property=\"og:title\" content=\"Gli imperdibili eventi culturali del Ticino da non perdere\" \/>\n<meta property=\"og:description\" content=\"Festival del film di Locarno: un viaggio nel cinema mondiale Stelle sotto le stelle: le proiezioni in Piazza Grande Immaginate di sedervi sotto il cielo stellato di Locarno, circondati da un pubblico internazionale, mentre sul grande schermo prendono vita storie provenienti da ogni angolo del mondo. Questa \u00e8 l&#8217;essenza delle proiezioni in Piazza Grande, un&#8217;esperienza [&hellip;]\" \/>\n<meta property=\"og:url\" content=\"https:\/\/ticino.com\/de\/blog\/gli-imperdibili-eventi-culturali-del-ticino-da-non-perdere\/\" \/>\n<meta property=\"og:site_name\" content=\"Ticinocom SA\" \/>\n<meta property=\"article:publisher\" content=\"https:\/\/facebook.com\/ticinocom\" \/>\n<meta property=\"article:published_time\" content=\"2024-02-25T16:37:01+00:00\" \/>\n<meta property=\"og:image\" content=\"https:\/\/contenu.nyc3.digitaloceanspaces.com\/journalist\/0d03f188-6afe-49c1-839c-83f1575e1955\/thumbnail.jpeg\" \/>\n<meta name=\"author\" content=\"Karl\" \/>\n<meta name=\"twitter:card\" content=\"summary_large_image\" \/>\n<meta name=\"twitter:creator\" content=\"@ticinocom\" \/>\n<meta name=\"twitter:site\" content=\"@ticinocom\" \/>\n<meta name=\"twitter:label1\" content=\"Verfasst von\" \/>\n\t<meta name=\"twitter:data1\" content=\"Karl\" \/>\n\t<meta name=\"twitter:label2\" content=\"Gesch\u00e4tzte Lesezeit\" \/>\n\t<meta name=\"twitter:data2\" content=\"11\u00a0Minuten\" \/>\n<script type=\"application\/ld+json\" class=\"yoast-schema-graph\">{\"@context\":\"https:\/\/schema.org\",\"@graph\":[{\"@type\":\"Article\",\"@id\":\"https:\/\/ticino.com\/de\/blog\/gli-imperdibili-eventi-culturali-del-ticino-da-non-perdere\/#article\",\"isPartOf\":{\"@id\":\"https:\/\/ticino.com\/de\/blog\/gli-imperdibili-eventi-culturali-del-ticino-da-non-perdere\/\"},\"author\":{\"name\":\"Karl\",\"@id\":\"https:\/\/ticino.com\/de\/#\/schema\/person\/ee0392429aac5d578b44a30e5e8fdef8\"},\"headline\":\"Gli imperdibili eventi culturali del Ticino da non perdere\",\"datePublished\":\"2024-02-25T16:37:01+00:00\",\"dateModified\":\"2024-02-25T16:37:01+00:00\",\"mainEntityOfPage\":{\"@id\":\"https:\/\/ticino.com\/de\/blog\/gli-imperdibili-eventi-culturali-del-ticino-da-non-perdere\/\"},\"wordCount\":2300,\"commentCount\":0,\"publisher\":{\"@id\":\"https:\/\/ticino.com\/de\/#organization\"},\"image\":{\"@id\":\"https:\/\/ticino.com\/de\/blog\/gli-imperdibili-eventi-culturali-del-ticino-da-non-perdere\/#primaryimage\"},\"thumbnailUrl\":\"https:\/\/ticino.com\/wp-content\/uploads\/2024\/02\/8712911fthumbnail.jpeg\",\"articleSection\":[\"Consigli\"],\"inLanguage\":\"de\",\"potentialAction\":[{\"@type\":\"CommentAction\",\"name\":\"Comment\",\"target\":[\"https:\/\/ticino.com\/de\/blog\/gli-imperdibili-eventi-culturali-del-ticino-da-non-perdere\/#respond\"]}]},{\"@type\":\"WebPage\",\"@id\":\"https:\/\/ticino.com\/de\/blog\/gli-imperdibili-eventi-culturali-del-ticino-da-non-perdere\/\",\"url\":\"https:\/\/ticino.com\/de\/blog\/gli-imperdibili-eventi-culturali-del-ticino-da-non-perdere\/\",\"name\":\"Gli imperdibili eventi culturali del Ticino da non perdere | Ticinocom SA\",\"isPartOf\":{\"@id\":\"https:\/\/ticino.com\/de\/#website\"},\"primaryImageOfPage\":{\"@id\":\"https:\/\/ticino.com\/de\/blog\/gli-imperdibili-eventi-culturali-del-ticino-da-non-perdere\/#primaryimage\"},\"image\":{\"@id\":\"https:\/\/ticino.com\/de\/blog\/gli-imperdibili-eventi-culturali-del-ticino-da-non-perdere\/#primaryimage\"},\"thumbnailUrl\":\"https:\/\/ticino.com\/wp-content\/uploads\/2024\/02\/8712911fthumbnail.jpeg\",\"datePublished\":\"2024-02-25T16:37:01+00:00\",\"dateModified\":\"2024-02-25T16:37:01+00:00\",\"breadcrumb\":{\"@id\":\"https:\/\/ticino.com\/de\/blog\/gli-imperdibili-eventi-culturali-del-ticino-da-non-perdere\/#breadcrumb\"},\"inLanguage\":\"de\",\"potentialAction\":[{\"@type\":\"ReadAction\",\"target\":[\"https:\/\/ticino.com\/de\/blog\/gli-imperdibili-eventi-culturali-del-ticino-da-non-perdere\/\"]}]},{\"@type\":\"ImageObject\",\"inLanguage\":\"de\",\"@id\":\"https:\/\/ticino.com\/de\/blog\/gli-imperdibili-eventi-culturali-del-ticino-da-non-perdere\/#primaryimage\",\"url\":\"https:\/\/ticino.com\/wp-content\/uploads\/2024\/02\/8712911fthumbnail.jpeg\",\"contentUrl\":\"https:\/\/ticino.com\/wp-content\/uploads\/2024\/02\/8712911fthumbnail.jpeg\",\"width\":1200,\"height\":600},{\"@type\":\"BreadcrumbList\",\"@id\":\"https:\/\/ticino.com\/de\/blog\/gli-imperdibili-eventi-culturali-del-ticino-da-non-perdere\/#breadcrumb\",\"itemListElement\":[{\"@type\":\"ListItem\",\"position\":1,\"name\":\"Home\",\"item\":\"https:\/\/ticino.com\/de\/\"},{\"@type\":\"ListItem\",\"position\":2,\"name\":\"Gli imperdibili eventi culturali del Ticino da non perdere\"}]},{\"@type\":\"WebSite\",\"@id\":\"https:\/\/ticino.com\/de\/#website\",\"url\":\"https:\/\/ticino.com\/de\/\",\"name\":\"Ticinocom SA\",\"description\":\"Internet 100% made in Ticino\",\"publisher\":{\"@id\":\"https:\/\/ticino.com\/de\/#organization\"},\"potentialAction\":[{\"@type\":\"SearchAction\",\"target\":{\"@type\":\"EntryPoint\",\"urlTemplate\":\"https:\/\/ticino.com\/de\/?s={search_term_string}\"},\"query-input\":{\"@type\":\"PropertyValueSpecification\",\"valueRequired\":true,\"valueName\":\"search_term_string\"}}],\"inLanguage\":\"de\"},{\"@type\":\"Organization\",\"@id\":\"https:\/\/ticino.com\/de\/#organization\",\"name\":\"Ticinocom SA\",\"url\":\"https:\/\/ticino.com\/de\/\",\"logo\":{\"@type\":\"ImageObject\",\"inLanguage\":\"de\",\"@id\":\"https:\/\/ticino.com\/de\/#\/schema\/logo\/image\/\",\"url\":\"https:\/\/ticino.com\/wp-content\/uploads\/2020\/09\/ticinocom-logo.png\",\"contentUrl\":\"https:\/\/ticino.com\/wp-content\/uploads\/2020\/09\/ticinocom-logo.png\",\"width\":508,\"height\":84,\"caption\":\"Ticinocom SA\"},\"image\":{\"@id\":\"https:\/\/ticino.com\/de\/#\/schema\/logo\/image\/\"},\"sameAs\":[\"https:\/\/facebook.com\/ticinocom\",\"https:\/\/x.com\/ticinocom\",\"https:\/\/instagram.com\/ticinocomsa\",\"https:\/\/linkedin.com\/company\/ticinocom\"]},{\"@type\":\"Person\",\"@id\":\"https:\/\/ticino.com\/de\/#\/schema\/person\/ee0392429aac5d578b44a30e5e8fdef8\",\"name\":\"Karl\",\"image\":{\"@type\":\"ImageObject\",\"inLanguage\":\"de\",\"@id\":\"https:\/\/ticino.com\/de\/#\/schema\/person\/image\/\",\"url\":\"https:\/\/secure.gravatar.com\/avatar\/39e3eb687ead68b445998a4f49096509?s=96&d=mm&r=g\",\"contentUrl\":\"https:\/\/secure.gravatar.com\/avatar\/39e3eb687ead68b445998a4f49096509?s=96&d=mm&r=g\",\"caption\":\"Karl\"},\"url\":\"https:\/\/ticino.com\/de\/author\/karl\/\"}]}<\/script>\n<!-- \/ Yoast SEO Premium plugin. -->","yoast_head_json":{"title":"Gli imperdibili eventi culturali del Ticino da non perdere | Ticinocom SA","robots":{"index":"index","follow":"follow","max-snippet":"max-snippet:-1","max-image-preview":"max-image-preview:large","max-video-preview":"max-video-preview:-1"},"canonical":"https:\/\/ticino.com\/de\/blog\/gli-imperdibili-eventi-culturali-del-ticino-da-non-perdere\/","og_locale":"de_DE","og_type":"article","og_title":"Gli imperdibili eventi culturali del Ticino da non perdere","og_description":"Festival del film di Locarno: un viaggio nel cinema mondiale Stelle sotto le stelle: le proiezioni in Piazza Grande Immaginate di sedervi sotto il cielo stellato di Locarno, circondati da un pubblico internazionale, mentre sul grande schermo prendono vita storie provenienti da ogni angolo del mondo. Questa \u00e8 l&#8217;essenza delle proiezioni in Piazza Grande, un&#8217;esperienza [&hellip;]","og_url":"https:\/\/ticino.com\/de\/blog\/gli-imperdibili-eventi-culturali-del-ticino-da-non-perdere\/","og_site_name":"Ticinocom SA","article_publisher":"https:\/\/facebook.com\/ticinocom","article_published_time":"2024-02-25T16:37:01+00:00","og_image":[{"url":"https:\/\/contenu.nyc3.digitaloceanspaces.com\/journalist\/0d03f188-6afe-49c1-839c-83f1575e1955\/thumbnail.jpeg"}],"author":"Karl","twitter_card":"summary_large_image","twitter_creator":"@ticinocom","twitter_site":"@ticinocom","twitter_misc":{"Verfasst von":"Karl","Gesch\u00e4tzte Lesezeit":"11\u00a0Minuten"},"schema":{"@context":"https:\/\/schema.org","@graph":[{"@type":"Article","@id":"https:\/\/ticino.com\/de\/blog\/gli-imperdibili-eventi-culturali-del-ticino-da-non-perdere\/#article","isPartOf":{"@id":"https:\/\/ticino.com\/de\/blog\/gli-imperdibili-eventi-culturali-del-ticino-da-non-perdere\/"},"author":{"name":"Karl","@id":"https:\/\/ticino.com\/de\/#\/schema\/person\/ee0392429aac5d578b44a30e5e8fdef8"},"headline":"Gli imperdibili eventi culturali del Ticino da non perdere","datePublished":"2024-02-25T16:37:01+00:00","dateModified":"2024-02-25T16:37:01+00:00","mainEntityOfPage":{"@id":"https:\/\/ticino.com\/de\/blog\/gli-imperdibili-eventi-culturali-del-ticino-da-non-perdere\/"},"wordCount":2300,"commentCount":0,"publisher":{"@id":"https:\/\/ticino.com\/de\/#organization"},"image":{"@id":"https:\/\/ticino.com\/de\/blog\/gli-imperdibili-eventi-culturali-del-ticino-da-non-perdere\/#primaryimage"},"thumbnailUrl":"https:\/\/ticino.com\/wp-content\/uploads\/2024\/02\/8712911fthumbnail.jpeg","articleSection":["Consigli"],"inLanguage":"de","potentialAction":[{"@type":"CommentAction","name":"Comment","target":["https:\/\/ticino.com\/de\/blog\/gli-imperdibili-eventi-culturali-del-ticino-da-non-perdere\/#respond"]}]},{"@type":"WebPage","@id":"https:\/\/ticino.com\/de\/blog\/gli-imperdibili-eventi-culturali-del-ticino-da-non-perdere\/","url":"https:\/\/ticino.com\/de\/blog\/gli-imperdibili-eventi-culturali-del-ticino-da-non-perdere\/","name":"Gli imperdibili eventi culturali del Ticino da non perdere | Ticinocom SA","isPartOf":{"@id":"https:\/\/ticino.com\/de\/#website"},"primaryImageOfPage":{"@id":"https:\/\/ticino.com\/de\/blog\/gli-imperdibili-eventi-culturali-del-ticino-da-non-perdere\/#primaryimage"},"image":{"@id":"https:\/\/ticino.com\/de\/blog\/gli-imperdibili-eventi-culturali-del-ticino-da-non-perdere\/#primaryimage"},"thumbnailUrl":"https:\/\/ticino.com\/wp-content\/uploads\/2024\/02\/8712911fthumbnail.jpeg","datePublished":"2024-02-25T16:37:01+00:00","dateModified":"2024-02-25T16:37:01+00:00","breadcrumb":{"@id":"https:\/\/ticino.com\/de\/blog\/gli-imperdibili-eventi-culturali-del-ticino-da-non-perdere\/#breadcrumb"},"inLanguage":"de","potentialAction":[{"@type":"ReadAction","target":["https:\/\/ticino.com\/de\/blog\/gli-imperdibili-eventi-culturali-del-ticino-da-non-perdere\/"]}]},{"@type":"ImageObject","inLanguage":"de","@id":"https:\/\/ticino.com\/de\/blog\/gli-imperdibili-eventi-culturali-del-ticino-da-non-perdere\/#primaryimage","url":"https:\/\/ticino.com\/wp-content\/uploads\/2024\/02\/8712911fthumbnail.jpeg","contentUrl":"https:\/\/ticino.com\/wp-content\/uploads\/2024\/02\/8712911fthumbnail.jpeg","width":1200,"height":600},{"@type":"BreadcrumbList","@id":"https:\/\/ticino.com\/de\/blog\/gli-imperdibili-eventi-culturali-del-ticino-da-non-perdere\/#breadcrumb","itemListElement":[{"@type":"ListItem","position":1,"name":"Home","item":"https:\/\/ticino.com\/de\/"},{"@type":"ListItem","position":2,"name":"Gli imperdibili eventi culturali del Ticino da non perdere"}]},{"@type":"WebSite","@id":"https:\/\/ticino.com\/de\/#website","url":"https:\/\/ticino.com\/de\/","name":"Ticinocom SA","description":"Internet 100% made in Ticino","publisher":{"@id":"https:\/\/ticino.com\/de\/#organization"},"potentialAction":[{"@type":"SearchAction","target":{"@type":"EntryPoint","urlTemplate":"https:\/\/ticino.com\/de\/?s={search_term_string}"},"query-input":{"@type":"PropertyValueSpecification","valueRequired":true,"valueName":"search_term_string"}}],"inLanguage":"de"},{"@type":"Organization","@id":"https:\/\/ticino.com\/de\/#organization","name":"Ticinocom SA","url":"https:\/\/ticino.com\/de\/","logo":{"@type":"ImageObject","inLanguage":"de","@id":"https:\/\/ticino.com\/de\/#\/schema\/logo\/image\/","url":"https:\/\/ticino.com\/wp-content\/uploads\/2020\/09\/ticinocom-logo.png","contentUrl":"https:\/\/ticino.com\/wp-content\/uploads\/2020\/09\/ticinocom-logo.png","width":508,"height":84,"caption":"Ticinocom SA"},"image":{"@id":"https:\/\/ticino.com\/de\/#\/schema\/logo\/image\/"},"sameAs":["https:\/\/facebook.com\/ticinocom","https:\/\/x.com\/ticinocom","https:\/\/instagram.com\/ticinocomsa","https:\/\/linkedin.com\/company\/ticinocom"]},{"@type":"Person","@id":"https:\/\/ticino.com\/de\/#\/schema\/person\/ee0392429aac5d578b44a30e5e8fdef8","name":"Karl","image":{"@type":"ImageObject","inLanguage":"de","@id":"https:\/\/ticino.com\/de\/#\/schema\/person\/image\/","url":"https:\/\/secure.gravatar.com\/avatar\/39e3eb687ead68b445998a4f49096509?s=96&d=mm&r=g","contentUrl":"https:\/\/secure.gravatar.com\/avatar\/39e3eb687ead68b445998a4f49096509?s=96&d=mm&r=g","caption":"Karl"},"url":"https:\/\/ticino.com\/de\/author\/karl\/"}]}},"_links":{"self":[{"href":"https:\/\/ticino.com\/de\/wp-json\/wp\/v2\/posts\/18358"}],"collection":[{"href":"https:\/\/ticino.com\/de\/wp-json\/wp\/v2\/posts"}],"about":[{"href":"https:\/\/ticino.com\/de\/wp-json\/wp\/v2\/types\/post"}],"author":[{"embeddable":true,"href":"https:\/\/ticino.com\/de\/wp-json\/wp\/v2\/users\/138280483"}],"replies":[{"embeddable":true,"href":"https:\/\/ticino.com\/de\/wp-json\/wp\/v2\/comments?post=18358"}],"version-history":[{"count":0,"href":"https:\/\/ticino.com\/de\/wp-json\/wp\/v2\/posts\/18358\/revisions"}],"wp:featuredmedia":[{"embeddable":true,"href":"https:\/\/ticino.com\/de\/wp-json\/wp\/v2\/media\/18356"}],"wp:attachment":[{"href":"https:\/\/ticino.com\/de\/wp-json\/wp\/v2\/media?parent=18358"}],"wp:term":[{"taxonomy":"category","embeddable":true,"href":"https:\/\/ticino.com\/de\/wp-json\/wp\/v2\/categories?post=18358"},{"taxonomy":"post_tag","embeddable":true,"href":"https:\/\/ticino.com\/de\/wp-json\/wp\/v2\/tags?post=18358"}],"curies":[{"name":"wp","href":"https:\/\/api.w.org\/{rel}","templated":true}]}}