{"id":1829,"date":"2020-01-02T16:23:46","date_gmt":"2020-01-02T16:23:46","guid":{"rendered":"https:\/\/wp.ticino.com\/dalla-cabina-telefonica-a-whatsapp-il-cambiamento-delle-comunicazioni\/"},"modified":"2021-04-16T11:24:21","modified_gmt":"2021-04-16T09:24:21","slug":"dalla-cabina-telefonica-a-whatsapp-il-cambiamento-delle-comunicazioni","status":"publish","type":"post","link":"https:\/\/ticino.com\/de\/blog\/dalla-cabina-telefonica-a-whatsapp-il-cambiamento-delle-comunicazioni\/","title":{"rendered":"Dalla cabina telefonica a Whatsapp: il cambiamento delle comunicazioni"},"content":{"rendered":"<div class=\"\n          image-block-outer-wrapper\n          layout-caption-below\n          design-layout-inline\n          combination-animation-none\n          individual-animation-none\n          individual-text-animation-none\n        \" data-test=\"image-block-inline-outer-wrapper\"><\/div>\n<p class=\"\">In altri articoli abbiamo sottolineato pi\u00f9 volte come la <a href=\"https:\/\/ticino.com\/de\/wiki\/tecnologia\/\" target=\"_self\" title=\"La &quot;Tecnologia&quot; pu\u00f2 avere molteplici significati e spesso viene accostata a una specifica brancia della scienza. Sul nostro sito la utilizziamo nella sua forma pi\u00f9 generica, ovvero l'insieme di scoperte e invenzioni che l'uomo ha fatto alterando la natura per i suoi scopi. Tecnologia \u00e8 quindi la creazione di un oggetto non presente in natura,\u2026\" class=\"encyclopedia\">tecnologia<\/a> e il progresso abbiano influito sulla nostra vita di tutti i giorni. Inutile negarlo: la routine quotidiana di una persona che vive nel 2020 \u00e8 profondamente diversa rispetto a quella di un suo simile di 30 o 40 anni fa.<\/p>\n<p class=\"\">In particolare internet e le connessioni veloci hanno avuto un impatto enorme sulla nostra quotidianit\u00e0 e lo avranno ancor di pi\u00f9 in futuro: con lo sviluppo del <a href=\"https:\/\/ticino.com\/de\/wiki\/5g\/\" target=\"_self\" title=\"La rete Wireless di quinta generazione, ovvero il 5G, \u00e8 una nuova tecnologia al servizio della connettivit\u00e0 mobile. Il suo utilizzo sar\u00e0 applicato maggiormente nel mondo professionale e nell'IOT (Internet of Things), grazie alla sua capacit\u00e0 di raggiungere velocit\u00e0 pari a 10 volte quelle del 4G e superare in alcuni casi le connessioni via cavo.\" class=\"encyclopedia\">5G<\/a>, ad esempio, sempre pi\u00f9 compagnie e strumenti aderiranno all\u2019Internet of Things, permettendoci di avere un approccio smart non solo nelle fabbriche, ma anche nelle case stesse (basti pensare all\u2019uso di Alexa che si fa sempre pi\u00f9 marcato negli anni).<\/p>\n<p class=\"\">Dei tanti aspetti condizionati dallo sviluppo tecnologico, sicuramente le comunicazioni e la possibilit\u00e0 di parlare con le persone lontane \u00e8 uno di quelli pi\u00f9 marcati.<\/p>\n<p class=\"\">I rapporti epistolari fatti di lettere che impiegavano giorni o settimane ad arrivare hanno lasciato il posto alle email che vengono ricevute nel giro di secondi dal momento dell\u2019invio. Le chiamate con i minuti contati per il costo progressivo hanno lasciato il posto a messaggi vocali e chat online.<\/p>\n<p class=\"\">Come ogni cambiamento, anche questo \u00e8 stato accolto con sentimenti contrastanti: da una parte abbiamo un netto accorciamento delle distanze, dall\u2019altra abbiamo perso il valore \u201cromantico\u201d che avevano determinati gesti.<\/p>\n<p class=\"\">Naturalmente i benefici superano gli svantaggi: in un periodo storico dove sempre pi\u00f9 persone si ritrovano lontane dalle loro famiglie perch\u00e9 costrette a viaggiare e\/o a trasferirsi in paesi lontani, la possibilit\u00e0 di comunicare tramite i propri smartphone \u00e8 senza prezzo.<\/p>\n<p class=\"\">Se un tempo i genitori venivano straziati dall\u2019idea che il loro figlio viaggiasse in un altro paese alla ricerca di fortuna, non sapendo quanto tempo sarebbe passato prima di avere sue notizie, oggi la distanza fisica viene percepita con meno dolore, grazie alla possibilit\u00e0 di raggiungere i propri cari in ogni momento.<\/p>\n<p class=\"\">Ecco, quindi, che il nipote pu\u00f2 fare la sua comparsa al pranzo dalla nonna grazie a una videochiamata o che due innamorati possono addormentarsi sentendo l\u2019uno la voce dell\u2019altro senza dover preoccuparsi dello scatto al minuto.<\/p>\n<p class=\"\">\n<\/p><h1>Whatsapp: la componente da considerare<\/h1>\n<p class=\"\">\n<\/p><p class=\"\">Parlando di strumenti per rimanere in contatto con i nostri cari, prendiamo come esempio uno dei massimi esponenti nel settore: Whatsapp. Ci sono diversi aspetti da tenere a mente quando si parla di WA, compreso il suo impatto sui <a href=\"https:\/\/ticino.com\/de\/wiki\/gb\/\" target=\"_self\" title=\"Con la sigla GB, si intente il GigaByte, ovvero un'unit\u00e0 di misura per indicare il volume dei dati. Questa unit\u00e0 di misura pu\u00f2 essere usata sia per intendere uno spazio di archiviazione (tipo un hard disk da 1000 GB) sia per indicare il volume di dati durante uno spostamento (per questo viene usata anche per\u2026\" class=\"encyclopedia\">GB<\/a> a nostra disposizione.<\/p>\n<p class=\"\">Fortunatamente ci sono due buone notizie a tal proposito: da una parte troviamo il fatto che i dati consumati da Whatsapp sono inclusi nei contratti per mobile (di cui parleremo a breve), inoltre il consumo stesso viene spesso limitato dai vincoli dell\u2019App.<\/p>\n<p class=\"\">Parliamo dei video: insieme ai vocali, spesso condividiamo con i nostri amici i momenti pi\u00f9 importanti e\/o divertenti della giornata, ma che impatto ha questo sui nostri dati? Al momento, il vincolo massimo dei video \u00e8 di circa 16 MB, il che si traduce in un consumo estremamente ridotto dei GB (dovremmo inviarne 64 per consumare un singolo gigabyte).<\/p>\n<p class=\"\">Nonostante questo, \u00e8 bene ricordare che ci sono dei rischi anche nell\u2019utilizzo di Whatsapp, soprattutto per quanto riguarda il roaming: all\u2019estero utilizzare il famoso servizio verde pu\u00f2 comportare dei costi non indifferenti a cui \u00e8 bene fare attenzione.<\/p>\n<p class=\"\">Non per niente esistono servizi con un\u2019attenzione dedicata proprio al roaming tra i vari pacchetti dedicati al mondo del mobile.<\/p>\n<p class=\"\">Infine, se vogliamo parlare di aspetti negativi relativi all\u2019utilizzo di queste app, sicuramente troviamo il trattamento dei dati personali: dall\u2019operatore di fiducia che \u00e8 possibile visitare alla sua sede, forniamo le nostre informazioni a multinazionali sparse in tutto il mondo e che sono maggiormente nel mirino di hacker.<\/p>\n<p class=\"\">Naturalmente non \u00e8 nostro desiderio fare allarmismo, ma negli ultimi anni si \u00e8 assistito a una grande attenzione a questo argomento, anche con tutto il caos mediatico legato a Facebook e il trattamento dei dati personali.<\/p>\n<p class=\"\">\n<\/p><h1>Il cambiamento dei contratti mobile<\/h1>\n<p class=\"\">\n<\/p><p class=\"\">\n<\/p><p class=\"\">Per far fronte a questo cambiamento, sono cambiati radicalmente anche i contratti telefonici dedicati al mobile: oggi non possiamo pi\u00f9 permetterci di rimanere scollegati da Internet, in quanto spesso la maggior parte delle comunicazioni (sia per svago che per lavoro) avvengono tramite questo strumento.<\/p>\n<p class=\"\">Se un tempo si pagava direttamente per ogni minuto di telefonata (oltre al temibile scatto alla risposta) e per ogni SMS (per non parlare dei costosissimi MMS), i contratti mobile sono cambiati proponendo pacchetti di minuti e SMS compresi nel prezzo, fino a includere anche qualche GB per la navigazione online.<\/p>\n<p class=\"\">Il tutto per arrivare a contratti come <a href=\"https:\/\/ticino.com\/app\/mobile\"><span style=\"text-decoration: underline\">Mobile L<\/span><\/a> dove gli utenti possono godere di minuti, sms e GB illimitati dal proprio dispositivo.<\/p>\n<p class=\"\">Sebbene per alcune persone possa sembrare ridondante l\u2019idea di dover essere connessi ogni momento della giornata, \u00e8 innegabile come questo paradigma sia cambiato nel corso degli anni e di come il nostro modo di comunicare si appoggi sempre di pi\u00f9 sulla rete internet, possiamo quindi solo immaginare come continuer\u00e0 a cambiare in futuro.<\/p>\n","protected":false},"excerpt":{"rendered":"<p class=\"\">Dei tanti aspetti condizionati dallo sviluppo tecnologico, sicuramente le comunicazioni e la possibilit\u00e0 di parlare con le persone lontane \u00e8 uno di quelli pi\u00f9 marcati.<\/p>\n","protected":false},"author":138280480,"featured_media":11546,"comment_status":"open","ping_status":"open","sticky":false,"template":"","format":"standard","meta":{"footnotes":""},"categories":[44],"tags":[157,156,104,155],"class_list":["post-1829","post","type-post","status-publish","format-standard","has-post-thumbnail","hentry","category-approfondimenti","tag-consumi","tag-contratti","tag-mobile","tag-whatsapp"],"yoast_head":"<!-- This site is optimized with the Yoast SEO Premium plugin v21.7 (Yoast SEO v23.7) - https:\/\/yoast.com\/wordpress\/plugins\/seo\/ -->\n<title>Dalla cabina telefonica a Whatsapp: il cambiamento delle comunicazioni | Ticinocom SA<\/title>\n<meta name=\"robots\" content=\"index, follow, max-snippet:-1, max-image-preview:large, max-video-preview:-1\" \/>\n<link rel=\"canonical\" href=\"https:\/\/ticino.com\/de\/blog\/dalla-cabina-telefonica-a-whatsapp-il-cambiamento-delle-comunicazioni\/\" \/>\n<meta property=\"og:locale\" content=\"de_DE\" \/>\n<meta property=\"og:type\" content=\"article\" \/>\n<meta property=\"og:title\" content=\"Dalla cabina telefonica a Whatsapp: il cambiamento delle comunicazioni\" \/>\n<meta property=\"og:description\" content=\"Dei tanti aspetti condizionati dallo sviluppo tecnologico, sicuramente le comunicazioni e la possibilit\u00e0 di parlare con le persone lontane \u00e8 uno di quelli pi\u00f9 marcati.\" \/>\n<meta property=\"og:url\" content=\"https:\/\/ticino.com\/de\/blog\/dalla-cabina-telefonica-a-whatsapp-il-cambiamento-delle-comunicazioni\/\" \/>\n<meta property=\"og:site_name\" content=\"Ticinocom SA\" \/>\n<meta property=\"article:publisher\" content=\"https:\/\/facebook.com\/ticinocom\" \/>\n<meta property=\"article:published_time\" content=\"2020-01-02T16:23:46+00:00\" \/>\n<meta property=\"article:modified_time\" content=\"2021-04-16T09:24:21+00:00\" \/>\n<meta property=\"og:image\" content=\"https:\/\/ticino.com\/wp-content\/uploads\/2020\/01\/Dalla-cabina-telefonica-a-Whatsapp-1.png\" \/>\n\t<meta property=\"og:image:width\" content=\"1080\" \/>\n\t<meta property=\"og:image:height\" content=\"1080\" \/>\n\t<meta property=\"og:image:type\" content=\"image\/png\" \/>\n<meta name=\"author\" content=\"Andrea Presenti\" \/>\n<meta name=\"twitter:card\" content=\"summary_large_image\" \/>\n<meta name=\"twitter:creator\" content=\"@and.presenti@gmail.com\" \/>\n<meta name=\"twitter:site\" content=\"@ticinocom\" \/>\n<meta name=\"twitter:label1\" content=\"Verfasst von\" \/>\n\t<meta name=\"twitter:data1\" content=\"Andrea Presenti\" \/>\n\t<meta name=\"twitter:label2\" content=\"Gesch\u00e4tzte Lesezeit\" \/>\n\t<meta name=\"twitter:data2\" content=\"4\u00a0Minuten\" \/>\n<script type=\"application\/ld+json\" class=\"yoast-schema-graph\">{\"@context\":\"https:\/\/schema.org\",\"@graph\":[{\"@type\":\"Article\",\"@id\":\"https:\/\/ticino.com\/de\/blog\/dalla-cabina-telefonica-a-whatsapp-il-cambiamento-delle-comunicazioni\/#article\",\"isPartOf\":{\"@id\":\"https:\/\/ticino.com\/de\/blog\/dalla-cabina-telefonica-a-whatsapp-il-cambiamento-delle-comunicazioni\/\"},\"author\":{\"name\":\"Andrea Presenti\",\"@id\":\"https:\/\/ticino.com\/de\/#\/schema\/person\/704df9c8d1af01bfa2367f9810ba319f\"},\"headline\":\"Dalla cabina telefonica a Whatsapp: il cambiamento delle comunicazioni\",\"datePublished\":\"2020-01-02T16:23:46+00:00\",\"dateModified\":\"2021-04-16T09:24:21+00:00\",\"mainEntityOfPage\":{\"@id\":\"https:\/\/ticino.com\/de\/blog\/dalla-cabina-telefonica-a-whatsapp-il-cambiamento-delle-comunicazioni\/\"},\"wordCount\":826,\"commentCount\":0,\"publisher\":{\"@id\":\"https:\/\/ticino.com\/de\/#organization\"},\"image\":{\"@id\":\"https:\/\/ticino.com\/de\/blog\/dalla-cabina-telefonica-a-whatsapp-il-cambiamento-delle-comunicazioni\/#primaryimage\"},\"thumbnailUrl\":\"https:\/\/ticino.com\/wp-content\/uploads\/2020\/01\/Dalla-cabina-telefonica-a-Whatsapp-1.png\",\"keywords\":[\"consumi\",\"contratti\",\"mobile\",\"whatsapp\"],\"articleSection\":[\"Approfondimenti\"],\"inLanguage\":\"de\",\"potentialAction\":[{\"@type\":\"CommentAction\",\"name\":\"Comment\",\"target\":[\"https:\/\/ticino.com\/de\/blog\/dalla-cabina-telefonica-a-whatsapp-il-cambiamento-delle-comunicazioni\/#respond\"]}]},{\"@type\":\"WebPage\",\"@id\":\"https:\/\/ticino.com\/de\/blog\/dalla-cabina-telefonica-a-whatsapp-il-cambiamento-delle-comunicazioni\/\",\"url\":\"https:\/\/ticino.com\/de\/blog\/dalla-cabina-telefonica-a-whatsapp-il-cambiamento-delle-comunicazioni\/\",\"name\":\"Dalla cabina telefonica a Whatsapp: il cambiamento delle comunicazioni | Ticinocom SA\",\"isPartOf\":{\"@id\":\"https:\/\/ticino.com\/de\/#website\"},\"primaryImageOfPage\":{\"@id\":\"https:\/\/ticino.com\/de\/blog\/dalla-cabina-telefonica-a-whatsapp-il-cambiamento-delle-comunicazioni\/#primaryimage\"},\"image\":{\"@id\":\"https:\/\/ticino.com\/de\/blog\/dalla-cabina-telefonica-a-whatsapp-il-cambiamento-delle-comunicazioni\/#primaryimage\"},\"thumbnailUrl\":\"https:\/\/ticino.com\/wp-content\/uploads\/2020\/01\/Dalla-cabina-telefonica-a-Whatsapp-1.png\",\"datePublished\":\"2020-01-02T16:23:46+00:00\",\"dateModified\":\"2021-04-16T09:24:21+00:00\",\"breadcrumb\":{\"@id\":\"https:\/\/ticino.com\/de\/blog\/dalla-cabina-telefonica-a-whatsapp-il-cambiamento-delle-comunicazioni\/#breadcrumb\"},\"inLanguage\":\"de\",\"potentialAction\":[{\"@type\":\"ReadAction\",\"target\":[\"https:\/\/ticino.com\/de\/blog\/dalla-cabina-telefonica-a-whatsapp-il-cambiamento-delle-comunicazioni\/\"]}]},{\"@type\":\"ImageObject\",\"inLanguage\":\"de\",\"@id\":\"https:\/\/ticino.com\/de\/blog\/dalla-cabina-telefonica-a-whatsapp-il-cambiamento-delle-comunicazioni\/#primaryimage\",\"url\":\"https:\/\/ticino.com\/wp-content\/uploads\/2020\/01\/Dalla-cabina-telefonica-a-Whatsapp-1.png\",\"contentUrl\":\"https:\/\/ticino.com\/wp-content\/uploads\/2020\/01\/Dalla-cabina-telefonica-a-Whatsapp-1.png\",\"width\":1080,\"height\":1080,\"caption\":\"Dalla cabina telefonica a Whatsapp\"},{\"@type\":\"BreadcrumbList\",\"@id\":\"https:\/\/ticino.com\/de\/blog\/dalla-cabina-telefonica-a-whatsapp-il-cambiamento-delle-comunicazioni\/#breadcrumb\",\"itemListElement\":[{\"@type\":\"ListItem\",\"position\":1,\"name\":\"Home\",\"item\":\"https:\/\/ticino.com\/de\/\"},{\"@type\":\"ListItem\",\"position\":2,\"name\":\"Dalla cabina telefonica a Whatsapp: il cambiamento delle comunicazioni\"}]},{\"@type\":\"WebSite\",\"@id\":\"https:\/\/ticino.com\/de\/#website\",\"url\":\"https:\/\/ticino.com\/de\/\",\"name\":\"Ticinocom SA\",\"description\":\"Internet 100% made in Ticino\",\"publisher\":{\"@id\":\"https:\/\/ticino.com\/de\/#organization\"},\"potentialAction\":[{\"@type\":\"SearchAction\",\"target\":{\"@type\":\"EntryPoint\",\"urlTemplate\":\"https:\/\/ticino.com\/de\/?s={search_term_string}\"},\"query-input\":{\"@type\":\"PropertyValueSpecification\",\"valueRequired\":true,\"valueName\":\"search_term_string\"}}],\"inLanguage\":\"de\"},{\"@type\":\"Organization\",\"@id\":\"https:\/\/ticino.com\/de\/#organization\",\"name\":\"Ticinocom SA\",\"url\":\"https:\/\/ticino.com\/de\/\",\"logo\":{\"@type\":\"ImageObject\",\"inLanguage\":\"de\",\"@id\":\"https:\/\/ticino.com\/de\/#\/schema\/logo\/image\/\",\"url\":\"https:\/\/ticino.com\/wp-content\/uploads\/2020\/09\/ticinocom-logo.png\",\"contentUrl\":\"https:\/\/ticino.com\/wp-content\/uploads\/2020\/09\/ticinocom-logo.png\",\"width\":508,\"height\":84,\"caption\":\"Ticinocom SA\"},\"image\":{\"@id\":\"https:\/\/ticino.com\/de\/#\/schema\/logo\/image\/\"},\"sameAs\":[\"https:\/\/facebook.com\/ticinocom\",\"https:\/\/x.com\/ticinocom\",\"https:\/\/instagram.com\/ticinocomsa\",\"https:\/\/linkedin.com\/company\/ticinocom\"]},{\"@type\":\"Person\",\"@id\":\"https:\/\/ticino.com\/de\/#\/schema\/person\/704df9c8d1af01bfa2367f9810ba319f\",\"name\":\"Andrea Presenti\",\"image\":{\"@type\":\"ImageObject\",\"inLanguage\":\"de\",\"@id\":\"https:\/\/ticino.com\/de\/#\/schema\/person\/image\/\",\"url\":\"https:\/\/secure.gravatar.com\/avatar\/5a718af3bb087a1ea5755cde0e2a740d?s=96&d=mm&r=g\",\"contentUrl\":\"https:\/\/secure.gravatar.com\/avatar\/5a718af3bb087a1ea5755cde0e2a740d?s=96&d=mm&r=g\",\"caption\":\"Andrea Presenti\"},\"description\":\"Andrea Presenti, nato nel 21\/04\/1992, \u00e8 uno scrittore tecnico pubblicitario che lavora nel settore dal 2016, dopo aver conseguito un corso di Scrittura Creativa presso la Scuola Internazionale di Comics. Ha collaborato con aziende di tutto il mondo per la stesura di testi ed \u00e8 Lead Editor di Ticinocom dal 2019.\",\"sameAs\":[\"https:\/\/x.com\/and.presenti@gmail.com\"],\"url\":\"https:\/\/ticino.com\/de\/author\/and-presentigmail-com\/\"}]}<\/script>\n<!-- \/ Yoast SEO Premium plugin. -->","yoast_head_json":{"title":"Dalla cabina telefonica a Whatsapp: il cambiamento delle comunicazioni | Ticinocom SA","robots":{"index":"index","follow":"follow","max-snippet":"max-snippet:-1","max-image-preview":"max-image-preview:large","max-video-preview":"max-video-preview:-1"},"canonical":"https:\/\/ticino.com\/de\/blog\/dalla-cabina-telefonica-a-whatsapp-il-cambiamento-delle-comunicazioni\/","og_locale":"de_DE","og_type":"article","og_title":"Dalla cabina telefonica a Whatsapp: il cambiamento delle comunicazioni","og_description":"Dei tanti aspetti condizionati dallo sviluppo tecnologico, sicuramente le comunicazioni e la possibilit\u00e0 di parlare con le persone lontane \u00e8 uno di quelli pi\u00f9 marcati.","og_url":"https:\/\/ticino.com\/de\/blog\/dalla-cabina-telefonica-a-whatsapp-il-cambiamento-delle-comunicazioni\/","og_site_name":"Ticinocom SA","article_publisher":"https:\/\/facebook.com\/ticinocom","article_published_time":"2020-01-02T16:23:46+00:00","article_modified_time":"2021-04-16T09:24:21+00:00","og_image":[{"width":1080,"height":1080,"url":"https:\/\/ticino.com\/wp-content\/uploads\/2020\/01\/Dalla-cabina-telefonica-a-Whatsapp-1.png","type":"image\/png"}],"author":"Andrea Presenti","twitter_card":"summary_large_image","twitter_creator":"@and.presenti@gmail.com","twitter_site":"@ticinocom","twitter_misc":{"Verfasst von":"Andrea Presenti","Gesch\u00e4tzte Lesezeit":"4\u00a0Minuten"},"schema":{"@context":"https:\/\/schema.org","@graph":[{"@type":"Article","@id":"https:\/\/ticino.com\/de\/blog\/dalla-cabina-telefonica-a-whatsapp-il-cambiamento-delle-comunicazioni\/#article","isPartOf":{"@id":"https:\/\/ticino.com\/de\/blog\/dalla-cabina-telefonica-a-whatsapp-il-cambiamento-delle-comunicazioni\/"},"author":{"name":"Andrea Presenti","@id":"https:\/\/ticino.com\/de\/#\/schema\/person\/704df9c8d1af01bfa2367f9810ba319f"},"headline":"Dalla cabina telefonica a Whatsapp: il cambiamento delle comunicazioni","datePublished":"2020-01-02T16:23:46+00:00","dateModified":"2021-04-16T09:24:21+00:00","mainEntityOfPage":{"@id":"https:\/\/ticino.com\/de\/blog\/dalla-cabina-telefonica-a-whatsapp-il-cambiamento-delle-comunicazioni\/"},"wordCount":826,"commentCount":0,"publisher":{"@id":"https:\/\/ticino.com\/de\/#organization"},"image":{"@id":"https:\/\/ticino.com\/de\/blog\/dalla-cabina-telefonica-a-whatsapp-il-cambiamento-delle-comunicazioni\/#primaryimage"},"thumbnailUrl":"https:\/\/ticino.com\/wp-content\/uploads\/2020\/01\/Dalla-cabina-telefonica-a-Whatsapp-1.png","keywords":["consumi","contratti","mobile","whatsapp"],"articleSection":["Approfondimenti"],"inLanguage":"de","potentialAction":[{"@type":"CommentAction","name":"Comment","target":["https:\/\/ticino.com\/de\/blog\/dalla-cabina-telefonica-a-whatsapp-il-cambiamento-delle-comunicazioni\/#respond"]}]},{"@type":"WebPage","@id":"https:\/\/ticino.com\/de\/blog\/dalla-cabina-telefonica-a-whatsapp-il-cambiamento-delle-comunicazioni\/","url":"https:\/\/ticino.com\/de\/blog\/dalla-cabina-telefonica-a-whatsapp-il-cambiamento-delle-comunicazioni\/","name":"Dalla cabina telefonica a Whatsapp: il cambiamento delle comunicazioni | Ticinocom SA","isPartOf":{"@id":"https:\/\/ticino.com\/de\/#website"},"primaryImageOfPage":{"@id":"https:\/\/ticino.com\/de\/blog\/dalla-cabina-telefonica-a-whatsapp-il-cambiamento-delle-comunicazioni\/#primaryimage"},"image":{"@id":"https:\/\/ticino.com\/de\/blog\/dalla-cabina-telefonica-a-whatsapp-il-cambiamento-delle-comunicazioni\/#primaryimage"},"thumbnailUrl":"https:\/\/ticino.com\/wp-content\/uploads\/2020\/01\/Dalla-cabina-telefonica-a-Whatsapp-1.png","datePublished":"2020-01-02T16:23:46+00:00","dateModified":"2021-04-16T09:24:21+00:00","breadcrumb":{"@id":"https:\/\/ticino.com\/de\/blog\/dalla-cabina-telefonica-a-whatsapp-il-cambiamento-delle-comunicazioni\/#breadcrumb"},"inLanguage":"de","potentialAction":[{"@type":"ReadAction","target":["https:\/\/ticino.com\/de\/blog\/dalla-cabina-telefonica-a-whatsapp-il-cambiamento-delle-comunicazioni\/"]}]},{"@type":"ImageObject","inLanguage":"de","@id":"https:\/\/ticino.com\/de\/blog\/dalla-cabina-telefonica-a-whatsapp-il-cambiamento-delle-comunicazioni\/#primaryimage","url":"https:\/\/ticino.com\/wp-content\/uploads\/2020\/01\/Dalla-cabina-telefonica-a-Whatsapp-1.png","contentUrl":"https:\/\/ticino.com\/wp-content\/uploads\/2020\/01\/Dalla-cabina-telefonica-a-Whatsapp-1.png","width":1080,"height":1080,"caption":"Dalla cabina telefonica a Whatsapp"},{"@type":"BreadcrumbList","@id":"https:\/\/ticino.com\/de\/blog\/dalla-cabina-telefonica-a-whatsapp-il-cambiamento-delle-comunicazioni\/#breadcrumb","itemListElement":[{"@type":"ListItem","position":1,"name":"Home","item":"https:\/\/ticino.com\/de\/"},{"@type":"ListItem","position":2,"name":"Dalla cabina telefonica a Whatsapp: il cambiamento delle comunicazioni"}]},{"@type":"WebSite","@id":"https:\/\/ticino.com\/de\/#website","url":"https:\/\/ticino.com\/de\/","name":"Ticinocom SA","description":"Internet 100% made in Ticino","publisher":{"@id":"https:\/\/ticino.com\/de\/#organization"},"potentialAction":[{"@type":"SearchAction","target":{"@type":"EntryPoint","urlTemplate":"https:\/\/ticino.com\/de\/?s={search_term_string}"},"query-input":{"@type":"PropertyValueSpecification","valueRequired":true,"valueName":"search_term_string"}}],"inLanguage":"de"},{"@type":"Organization","@id":"https:\/\/ticino.com\/de\/#organization","name":"Ticinocom SA","url":"https:\/\/ticino.com\/de\/","logo":{"@type":"ImageObject","inLanguage":"de","@id":"https:\/\/ticino.com\/de\/#\/schema\/logo\/image\/","url":"https:\/\/ticino.com\/wp-content\/uploads\/2020\/09\/ticinocom-logo.png","contentUrl":"https:\/\/ticino.com\/wp-content\/uploads\/2020\/09\/ticinocom-logo.png","width":508,"height":84,"caption":"Ticinocom SA"},"image":{"@id":"https:\/\/ticino.com\/de\/#\/schema\/logo\/image\/"},"sameAs":["https:\/\/facebook.com\/ticinocom","https:\/\/x.com\/ticinocom","https:\/\/instagram.com\/ticinocomsa","https:\/\/linkedin.com\/company\/ticinocom"]},{"@type":"Person","@id":"https:\/\/ticino.com\/de\/#\/schema\/person\/704df9c8d1af01bfa2367f9810ba319f","name":"Andrea Presenti","image":{"@type":"ImageObject","inLanguage":"de","@id":"https:\/\/ticino.com\/de\/#\/schema\/person\/image\/","url":"https:\/\/secure.gravatar.com\/avatar\/5a718af3bb087a1ea5755cde0e2a740d?s=96&d=mm&r=g","contentUrl":"https:\/\/secure.gravatar.com\/avatar\/5a718af3bb087a1ea5755cde0e2a740d?s=96&d=mm&r=g","caption":"Andrea Presenti"},"description":"Andrea Presenti, nato nel 21\/04\/1992, \u00e8 uno scrittore tecnico pubblicitario che lavora nel settore dal 2016, dopo aver conseguito un corso di Scrittura Creativa presso la Scuola Internazionale di Comics. Ha collaborato con aziende di tutto il mondo per la stesura di testi ed \u00e8 Lead Editor di Ticinocom dal 2019.","sameAs":["https:\/\/x.com\/and.presenti@gmail.com"],"url":"https:\/\/ticino.com\/de\/author\/and-presentigmail-com\/"}]}},"_links":{"self":[{"href":"https:\/\/ticino.com\/de\/wp-json\/wp\/v2\/posts\/1829"}],"collection":[{"href":"https:\/\/ticino.com\/de\/wp-json\/wp\/v2\/posts"}],"about":[{"href":"https:\/\/ticino.com\/de\/wp-json\/wp\/v2\/types\/post"}],"author":[{"embeddable":true,"href":"https:\/\/ticino.com\/de\/wp-json\/wp\/v2\/users\/138280480"}],"replies":[{"embeddable":true,"href":"https:\/\/ticino.com\/de\/wp-json\/wp\/v2\/comments?post=1829"}],"version-history":[{"count":0,"href":"https:\/\/ticino.com\/de\/wp-json\/wp\/v2\/posts\/1829\/revisions"}],"wp:featuredmedia":[{"embeddable":true,"href":"https:\/\/ticino.com\/de\/wp-json\/wp\/v2\/media\/11546"}],"wp:attachment":[{"href":"https:\/\/ticino.com\/de\/wp-json\/wp\/v2\/media?parent=1829"}],"wp:term":[{"taxonomy":"category","embeddable":true,"href":"https:\/\/ticino.com\/de\/wp-json\/wp\/v2\/categories?post=1829"},{"taxonomy":"post_tag","embeddable":true,"href":"https:\/\/ticino.com\/de\/wp-json\/wp\/v2\/tags?post=1829"}],"curies":[{"name":"wp","href":"https:\/\/api.w.org\/{rel}","templated":true}]}}