{"id":138,"date":"2019-11-11T10:33:59","date_gmt":"2019-11-11T10:33:59","guid":{"rendered":"https:\/\/wp.ticino.com\/benvenuti\/"},"modified":"2021-03-05T10:06:37","modified_gmt":"2021-03-05T09:06:37","slug":"benvenuti","status":"publish","type":"post","link":"https:\/\/ticino.com\/de\/blog\/benvenuti\/","title":{"rendered":"Nasce il blog di Ticinocom!"},"content":{"rendered":"\t\t<div data-elementor-type=\"wp-post\" data-elementor-id=\"138\" class=\"elementor elementor-138\" data-elementor-post-type=\"post\">\n\t\t\t\t\t\t<section class=\"elementor-section elementor-top-section elementor-element elementor-element-f8d6a18 elementor-section-boxed elementor-section-height-default elementor-section-height-default\" data-id=\"f8d6a18\" data-element_type=\"section\">\n\t\t\t\t\t\t<div class=\"elementor-container elementor-column-gap-default\">\n\t\t\t\t\t<div class=\"elementor-column elementor-col-100 elementor-top-column elementor-element elementor-element-eb287d2\" data-id=\"eb287d2\" data-element_type=\"column\">\n\t\t\t<div class=\"elementor-widget-wrap elementor-element-populated\">\n\t\t\t\t\t\t<div class=\"elementor-element elementor-element-b0f02bc elementor-widget elementor-widget-text-editor\" data-id=\"b0f02bc\" data-element_type=\"widget\" data-widget_type=\"text-editor.default\">\n\t\t\t\t<div class=\"elementor-widget-container\">\n\t\t\t\t\t\t\t<p class=\"\">Da che mondo e mondo, i clienti sono la linfa vitale di ogni impresa: siete il nostro pubblico, i vostri feedback ci permettono di crescere e offrire servizi sempre migliori. Per questo motivo siamo felici di annunciare l\u2019apertura del blog di Ticinocom, un altro strumento che ci permette di ridurre la distanza tra i nostri tecnici e i clienti per cui lavorano.<\/p><p class=\"\">In questo primo post introduttivo, vi spiegheremo lo scopo per cui abbiamo deciso di creare un blog sul nostro sito, cos\u00ec come gli obiettivi che ci prefiggiamo di raggiungere utilizzando questo strumento.<\/p><p class=\"\">\u00c8 quindi con immenso piacere che per la prima volta vi auguriamo: buona lettura!<\/p><h2>Perch\u00e9 un blog?<\/h2><p class=\"\">Tante sono le risposte a questo quesito, ma il modo migliore per spiegare il motivo di questa scelta \u00e8 quello di illustrare che tipi di articoli potrete trovare all\u2019interno del blog.<\/p><p class=\"\">Il nostro scopo primario \u00e8 quello di ridurre la distanza tra noi e i nostri preziosi clienti e non solo, dato che tutti saranno i benvenuti a leggere i nostri approfondimenti.<\/p><p class=\"\">Per fare questo, all\u2019interno del blog troverete articoli di ogni tipo: annunci sulle novit\u00e0 delle nostre offerte, focus sul nostro team cos\u00ec che si possa associare un volto al nome della compagnia, approfondimenti su tematiche che vi sono care (velocit\u00e0 internet, consigli tecnici e spiegazioni) e molto altro ancora.<\/p><p class=\"\">Il blog vuole essere uno strumento a tutto tondo che, unito alla nostra newsletter, permetta ai nostri utenti di essere sempre aggiornati.<\/p><p class=\"\">Per questo vi invitiamo a essere presenti sul sito e di dare voce ai vostri quesiti, cos\u00ec che non ci sia pi\u00f9 alcun dubbio e che ogni domanda possa avere una risposta.<\/p><p class=\"\">E, nel desiderio di dare un volto al nostro team, cominciamo con il Lead Editor del Blog, responsabile della stesura e pubblicazione degli articoli del nostro team.<\/p><p>\u00a0<\/p>\t\t\t\t\t\t<\/div>\n\t\t\t\t<\/div>\n\t\t\t\t\t<\/div>\n\t\t<\/div>\n\t\t\t\t\t<\/div>\n\t\t<\/section>\n\t\t\t\t<section class=\"elementor-section elementor-top-section elementor-element elementor-element-c975784 elementor-section-boxed elementor-section-height-default elementor-section-height-default\" data-id=\"c975784\" data-element_type=\"section\">\n\t\t\t\t\t\t<div class=\"elementor-container elementor-column-gap-default\">\n\t\t\t\t\t<div class=\"elementor-column elementor-col-100 elementor-top-column elementor-element elementor-element-c271a83\" data-id=\"c271a83\" data-element_type=\"column\">\n\t\t\t<div class=\"elementor-widget-wrap elementor-element-populated\">\n\t\t\t\t\t\t<div class=\"elementor-element elementor-element-b871fcf elementor-widget elementor-widget-global elementor-global-9672 elementor-widget-toolset-view\" data-id=\"b871fcf\" data-element_type=\"widget\" data-widget_type=\"toolset-view.default\">\n\t\t\t\t<div class=\"elementor-widget-container\">\n\t\t\t\n\n\n<div id=\"wpv-view-layout-9666\" class=\"js-wpv-view-layout js-wpv-layout-responsive js-wpv-view-layout-9666\" data-viewnumber=\"9666\" data-pagination=\"{&quot;id&quot;:9666,&quot;query&quot;:&quot;normal&quot;,&quot;type&quot;:&quot;disabled&quot;,&quot;effect&quot;:&quot;fade&quot;,&quot;duration&quot;:500,&quot;speed&quot;:5,&quot;pause_on_hover&quot;:&quot;disabled&quot;,&quot;stop_rollover&quot;:&quot;false&quot;,&quot;cache_pages&quot;:&quot;enabled&quot;,&quot;preload_images&quot;:&quot;enabled&quot;,&quot;preload_pages&quot;:&quot;enabled&quot;,&quot;preload_reach&quot;:1,&quot;spinner&quot;:&quot;builtin&quot;,&quot;spinner_image&quot;:&quot;https:\/\/ticino.com\/wp-content\/plugins\/wp-views\/embedded\/res\/img\/ajax-loader.gif&quot;,&quot;callback_next&quot;:&quot;&quot;,&quot;manage_history&quot;:&quot;enabled&quot;,&quot;has_controls_in_form&quot;:&quot;disabled&quot;,&quot;infinite_tolerance&quot;:&quot;0&quot;,&quot;max_pages&quot;:1,&quot;page&quot;:1,&quot;base_permalink&quot;:&quot;\/de\/wp-json\/wp\/v2\/posts\/138?wpv_view_count=9666&amp;wpv_paged=WPV_PAGE_NUM&quot;,&quot;loop&quot;:{&quot;type&quot;:&quot;&quot;,&quot;name&quot;:&quot;&quot;,&quot;data&quot;:[],&quot;id&quot;:0}}\" data-permalink=\"\/de\/wp-json\/wp\/v2\/posts\/138?wpv_view_count=9666\">\n\n\t\n\t\n\t\t\n          <a href=\"https:\/\/ticino.com\/de\/blog\/cosa-ha-inventato-marconi\/?ref=benvenuti\" id=\"blockquote\">\n            <blockquote cite=\"https:\/\/ticino.com\/de\/blog\/cosa-ha-inventato-marconi\/\">\n              <p>Cosa ha inventato Marconi? Perch\u00e9 il suo nome \u00e8 stato assegnato a cos\u00ec tanti edifici pubblici e vie? E cosa c'entrano i fulmini?<\/p>\n\n              <br>\n              <div style=\"text-align:right; font-weight:200;\"><span style=\"font-family: 'Exo 2', Sans-serif;\">Leggi l'articolo<\/span> <i style=\"vertical-align: middle; font-weight:200;\" class=\"fas fa-angle-double-right\"><\/i> <\/div>\n            <\/blockquote>\n          <\/a>\n\t\t\n\t\n\t\n\t\n<\/div>\n\t\t<\/div>\n\t\t\t\t<\/div>\n\t\t\t\t\t<\/div>\n\t\t<\/div>\n\t\t\t\t\t<\/div>\n\t\t<\/section>\n\t\t\t\t<section class=\"elementor-section elementor-top-section elementor-element elementor-element-416b656 elementor-section-boxed elementor-section-height-default elementor-section-height-default\" data-id=\"416b656\" data-element_type=\"section\">\n\t\t\t\t\t\t<div class=\"elementor-container elementor-column-gap-default\">\n\t\t\t\t\t<div class=\"elementor-column elementor-col-100 elementor-top-column elementor-element elementor-element-5ce1e76\" data-id=\"5ce1e76\" data-element_type=\"column\">\n\t\t\t<div class=\"elementor-widget-wrap elementor-element-populated\">\n\t\t\t\t\t\t<div class=\"elementor-element elementor-element-c591491 elementor-widget elementor-widget-text-editor\" data-id=\"c591491\" data-element_type=\"widget\" data-widget_type=\"text-editor.default\">\n\t\t\t\t<div class=\"elementor-widget-container\">\n\t\t\t\t\t\t\t<h2>Il volto dietro il blog<\/h2><p class=\"\" data-rte-preserve-empty=\"true\">\u00a0<\/p><p class=\"\">Il mio nome \u00e8 Andrea Presenti, sono un copywriter di 27 anni specializzato in comunicazione online. Da anni lavoro con diverse compagnie e ho avuto modo di toccare con mano l\u2019importanza di coinvolgere le persone per cui si lavora.<\/p><p class=\"\">Mi \u00e8 stata affidata la responsabilit\u00e0 di fare da portavoce, di essere l\u2019anello mancante tra i tecnici che lavorano ogni giorno per offrirvi i servizi migliori e voi, utenti dai mille volti e nomi.<\/p><p class=\"\">Affiancato dai nostri professionisti nel settore, ogni settimana vi offrir\u00f2 approfondimenti e focus sul mondo delle connessioni e su internet, cos\u00ec che possiate sapere con esattezza cosa vogliano dire sigle come FTTH, <a href=\"https:\/\/ticino.com\/de\/wiki\/fttc\/\" target=\"_self\" title=\"La sigla FTTC viene spesso accostata alla Fibra Ottica per indicare il tipo di collegamento che un utente otterr\u00e0. Questa si contrappone a FTTH ed \u00e8 spesso usata come sinonimo della sigla FTTS. FTTC indica Fiber To The Cabinet e rappresenta un collegamento in Fibra Ottica dalla centrale al cabinato nei pressi della casa, per\u2026\" class=\"encyclopedia\">FTTC<\/a>, VDSL e molto altro ancora. Il blog nasce con lo scopo di essere un hub centrale in cui chiunque si possa informare sui temi di attualit\u00e0 e interesse comune sulla <a href=\"https:\/\/ticino.com\/de\/wiki\/tecnologia\/\" target=\"_self\" title=\"La &quot;Tecnologia&quot; pu\u00f2 avere molteplici significati e spesso viene accostata a una specifica brancia della scienza. Sul nostro sito la utilizziamo nella sua forma pi\u00f9 generica, ovvero l'insieme di scoperte e invenzioni che l'uomo ha fatto alterando la natura per i suoi scopi. Tecnologia \u00e8 quindi la creazione di un oggetto non presente in natura,\u2026\" class=\"encyclopedia\">tecnologia<\/a>.<\/p><p class=\"\">Il nostro desiderio \u00e8 quello di essere pi\u00f9 vicini ai vostri desideri e necessit\u00e0, cos\u00ec da offrire servizi su misura dedicati a tutti nostri utenti.<\/p><p class=\"\" data-rte-preserve-empty=\"true\">\u00a0<\/p><h2>Il programma del blog<\/h2><p class=\"\" data-rte-preserve-empty=\"true\">\u00a0<\/p><p class=\"\">Sebbene il nostro desiderio sia di essere pi\u00f9 presenti possibile sul web, vogliamo anche rispettare il tempo e gli impegni dei nostri lettori. Per questo motivo la programmazione iniziale del blog (che cambieremo in futuro in base ai vostri feedback) \u00e8 quella di proporre due articoli alla settimana, il luned\u00ec e il gioved\u00ec, i quali verranno poi riproposti all\u2019interno della newsletter cos\u00ec che non corriate il rischio di perderne neanche uno.<\/p><p class=\"\">Accogliamo con gioia ed entusiasmo questa nuova sfida, che ci dar\u00e0 la possibilit\u00e0 di comunicare pi\u00f9 efficacemente con tutti voi.<\/p>\t\t\t\t\t\t<\/div>\n\t\t\t\t<\/div>\n\t\t\t\t\t<\/div>\n\t\t<\/div>\n\t\t\t\t\t<\/div>\n\t\t<\/section>\n\t\t\t\t<\/div>\n\t\t","protected":false},"excerpt":{"rendered":"<p class=\"\">Da che mondo e mondo, i clienti sono la linfa vitale di ogni impresa: siete il nostro pubblico, i vostri feedback ci permettono di crescere e offrire servizi sempre migliori.<\/p>\n<p class=\"\">Per questo motivo siamo felici di annunciare l\u2019apertura del blog di Ticinocom, un altro strumento che ci permette di ridurre la distanza tra i nostri tecnici e i clienti per cui lavorano.<\/p>\n","protected":false},"author":138280480,"featured_media":10335,"comment_status":"open","ping_status":"open","sticky":false,"template":"","format":"standard","meta":{"footnotes":""},"categories":[161],"tags":[188,129,177,186],"class_list":["post-138","post","type-post","status-publish","format-standard","has-post-thumbnail","hentry","category-compagnia","tag-annuncio","tag-azienda","tag-blog","tag-novit"],"yoast_head":"<!-- This site is optimized with the Yoast SEO Premium plugin v21.7 (Yoast SEO v23.7) - https:\/\/yoast.com\/wordpress\/plugins\/seo\/ -->\n<title>Nasce il blog di Ticinocom! | Ticinocom SA<\/title>\n<meta name=\"robots\" content=\"index, follow, max-snippet:-1, max-image-preview:large, max-video-preview:-1\" \/>\n<link rel=\"canonical\" href=\"https:\/\/ticino.com\/de\/blog\/benvenuti\/\" \/>\n<meta property=\"og:locale\" content=\"de_DE\" \/>\n<meta property=\"og:type\" content=\"article\" \/>\n<meta property=\"og:title\" content=\"Nasce il blog di Ticinocom!\" \/>\n<meta property=\"og:description\" content=\"Da che mondo e mondo, i clienti sono la linfa vitale di ogni impresa: siete il nostro pubblico, i vostri feedback ci permettono di crescere e offrire servizi sempre migliori.Per questo motivo siamo felici di annunciare l\u2019apertura del blog di Ticinocom, un altro strumento che ci permette di ridurre la distanza tra i nostri tecnici e i clienti per cui lavorano.\" \/>\n<meta property=\"og:url\" content=\"https:\/\/ticino.com\/de\/blog\/benvenuti\/\" \/>\n<meta property=\"og:site_name\" content=\"Ticinocom SA\" \/>\n<meta property=\"article:publisher\" content=\"https:\/\/facebook.com\/ticinocom\" \/>\n<meta property=\"article:published_time\" content=\"2019-11-11T10:33:59+00:00\" \/>\n<meta property=\"article:modified_time\" content=\"2021-03-05T09:06:37+00:00\" \/>\n<meta property=\"og:image\" content=\"https:\/\/ticino.com\/wp-content\/uploads\/2019\/11\/Nasce-il-blog-di-Ticinocom-1.png\" \/>\n\t<meta property=\"og:image:width\" content=\"1080\" \/>\n\t<meta property=\"og:image:height\" content=\"1080\" \/>\n\t<meta property=\"og:image:type\" content=\"image\/png\" \/>\n<meta name=\"author\" content=\"Andrea Presenti\" \/>\n<meta name=\"twitter:card\" content=\"summary_large_image\" \/>\n<meta name=\"twitter:creator\" content=\"@and.presenti@gmail.com\" \/>\n<meta name=\"twitter:site\" content=\"@ticinocom\" \/>\n<meta name=\"twitter:label1\" content=\"Verfasst von\" \/>\n\t<meta name=\"twitter:data1\" content=\"Andrea Presenti\" \/>\n\t<meta name=\"twitter:label2\" content=\"Gesch\u00e4tzte Lesezeit\" \/>\n\t<meta name=\"twitter:data2\" content=\"3\u00a0Minuten\" \/>\n<script type=\"application\/ld+json\" class=\"yoast-schema-graph\">{\"@context\":\"https:\/\/schema.org\",\"@graph\":[{\"@type\":\"Article\",\"@id\":\"https:\/\/ticino.com\/de\/blog\/benvenuti\/#article\",\"isPartOf\":{\"@id\":\"https:\/\/ticino.com\/de\/blog\/benvenuti\/\"},\"author\":{\"name\":\"Andrea Presenti\",\"@id\":\"https:\/\/ticino.com\/de\/#\/schema\/person\/704df9c8d1af01bfa2367f9810ba319f\"},\"headline\":\"Nasce il blog di Ticinocom!\",\"datePublished\":\"2019-11-11T10:33:59+00:00\",\"dateModified\":\"2021-03-05T09:06:37+00:00\",\"mainEntityOfPage\":{\"@id\":\"https:\/\/ticino.com\/de\/blog\/benvenuti\/\"},\"wordCount\":605,\"commentCount\":4,\"publisher\":{\"@id\":\"https:\/\/ticino.com\/de\/#organization\"},\"image\":{\"@id\":\"https:\/\/ticino.com\/de\/blog\/benvenuti\/#primaryimage\"},\"thumbnailUrl\":\"https:\/\/ticino.com\/wp-content\/uploads\/2019\/11\/Nasce-il-blog-di-Ticinocom-1.png\",\"keywords\":[\"annuncio\",\"azienda\",\"blog\",\"novit\u00e0\"],\"articleSection\":[\"Compagnia\"],\"inLanguage\":\"de\",\"potentialAction\":[{\"@type\":\"CommentAction\",\"name\":\"Comment\",\"target\":[\"https:\/\/ticino.com\/de\/blog\/benvenuti\/#respond\"]}]},{\"@type\":\"WebPage\",\"@id\":\"https:\/\/ticino.com\/de\/blog\/benvenuti\/\",\"url\":\"https:\/\/ticino.com\/de\/blog\/benvenuti\/\",\"name\":\"Nasce il blog di Ticinocom! | Ticinocom SA\",\"isPartOf\":{\"@id\":\"https:\/\/ticino.com\/de\/#website\"},\"primaryImageOfPage\":{\"@id\":\"https:\/\/ticino.com\/de\/blog\/benvenuti\/#primaryimage\"},\"image\":{\"@id\":\"https:\/\/ticino.com\/de\/blog\/benvenuti\/#primaryimage\"},\"thumbnailUrl\":\"https:\/\/ticino.com\/wp-content\/uploads\/2019\/11\/Nasce-il-blog-di-Ticinocom-1.png\",\"datePublished\":\"2019-11-11T10:33:59+00:00\",\"dateModified\":\"2021-03-05T09:06:37+00:00\",\"breadcrumb\":{\"@id\":\"https:\/\/ticino.com\/de\/blog\/benvenuti\/#breadcrumb\"},\"inLanguage\":\"de\",\"potentialAction\":[{\"@type\":\"ReadAction\",\"target\":[\"https:\/\/ticino.com\/de\/blog\/benvenuti\/\"]}]},{\"@type\":\"ImageObject\",\"inLanguage\":\"de\",\"@id\":\"https:\/\/ticino.com\/de\/blog\/benvenuti\/#primaryimage\",\"url\":\"https:\/\/ticino.com\/wp-content\/uploads\/2019\/11\/Nasce-il-blog-di-Ticinocom-1.png\",\"contentUrl\":\"https:\/\/ticino.com\/wp-content\/uploads\/2019\/11\/Nasce-il-blog-di-Ticinocom-1.png\",\"width\":1080,\"height\":1080},{\"@type\":\"BreadcrumbList\",\"@id\":\"https:\/\/ticino.com\/de\/blog\/benvenuti\/#breadcrumb\",\"itemListElement\":[{\"@type\":\"ListItem\",\"position\":1,\"name\":\"Home\",\"item\":\"https:\/\/ticino.com\/de\/\"},{\"@type\":\"ListItem\",\"position\":2,\"name\":\"Nasce il blog di Ticinocom!\"}]},{\"@type\":\"WebSite\",\"@id\":\"https:\/\/ticino.com\/de\/#website\",\"url\":\"https:\/\/ticino.com\/de\/\",\"name\":\"Ticinocom SA\",\"description\":\"Internet 100% made in Ticino\",\"publisher\":{\"@id\":\"https:\/\/ticino.com\/de\/#organization\"},\"potentialAction\":[{\"@type\":\"SearchAction\",\"target\":{\"@type\":\"EntryPoint\",\"urlTemplate\":\"https:\/\/ticino.com\/de\/?s={search_term_string}\"},\"query-input\":{\"@type\":\"PropertyValueSpecification\",\"valueRequired\":true,\"valueName\":\"search_term_string\"}}],\"inLanguage\":\"de\"},{\"@type\":\"Organization\",\"@id\":\"https:\/\/ticino.com\/de\/#organization\",\"name\":\"Ticinocom SA\",\"url\":\"https:\/\/ticino.com\/de\/\",\"logo\":{\"@type\":\"ImageObject\",\"inLanguage\":\"de\",\"@id\":\"https:\/\/ticino.com\/de\/#\/schema\/logo\/image\/\",\"url\":\"https:\/\/ticino.com\/wp-content\/uploads\/2020\/09\/ticinocom-logo.png\",\"contentUrl\":\"https:\/\/ticino.com\/wp-content\/uploads\/2020\/09\/ticinocom-logo.png\",\"width\":508,\"height\":84,\"caption\":\"Ticinocom SA\"},\"image\":{\"@id\":\"https:\/\/ticino.com\/de\/#\/schema\/logo\/image\/\"},\"sameAs\":[\"https:\/\/facebook.com\/ticinocom\",\"https:\/\/x.com\/ticinocom\",\"https:\/\/instagram.com\/ticinocomsa\",\"https:\/\/linkedin.com\/company\/ticinocom\"]},{\"@type\":\"Person\",\"@id\":\"https:\/\/ticino.com\/de\/#\/schema\/person\/704df9c8d1af01bfa2367f9810ba319f\",\"name\":\"Andrea Presenti\",\"image\":{\"@type\":\"ImageObject\",\"inLanguage\":\"de\",\"@id\":\"https:\/\/ticino.com\/de\/#\/schema\/person\/image\/\",\"url\":\"https:\/\/secure.gravatar.com\/avatar\/5a718af3bb087a1ea5755cde0e2a740d?s=96&d=mm&r=g\",\"contentUrl\":\"https:\/\/secure.gravatar.com\/avatar\/5a718af3bb087a1ea5755cde0e2a740d?s=96&d=mm&r=g\",\"caption\":\"Andrea Presenti\"},\"description\":\"Andrea Presenti, nato nel 21\/04\/1992, \u00e8 uno scrittore tecnico pubblicitario che lavora nel settore dal 2016, dopo aver conseguito un corso di Scrittura Creativa presso la Scuola Internazionale di Comics. Ha collaborato con aziende di tutto il mondo per la stesura di testi ed \u00e8 Lead Editor di Ticinocom dal 2019.\",\"sameAs\":[\"https:\/\/x.com\/and.presenti@gmail.com\"],\"url\":\"https:\/\/ticino.com\/de\/author\/and-presentigmail-com\/\"}]}<\/script>\n<!-- \/ Yoast SEO Premium plugin. -->","yoast_head_json":{"title":"Nasce il blog di Ticinocom! | Ticinocom SA","robots":{"index":"index","follow":"follow","max-snippet":"max-snippet:-1","max-image-preview":"max-image-preview:large","max-video-preview":"max-video-preview:-1"},"canonical":"https:\/\/ticino.com\/de\/blog\/benvenuti\/","og_locale":"de_DE","og_type":"article","og_title":"Nasce il blog di Ticinocom!","og_description":"Da che mondo e mondo, i clienti sono la linfa vitale di ogni impresa: siete il nostro pubblico, i vostri feedback ci permettono di crescere e offrire servizi sempre migliori.Per questo motivo siamo felici di annunciare l\u2019apertura del blog di Ticinocom, un altro strumento che ci permette di ridurre la distanza tra i nostri tecnici e i clienti per cui lavorano.","og_url":"https:\/\/ticino.com\/de\/blog\/benvenuti\/","og_site_name":"Ticinocom SA","article_publisher":"https:\/\/facebook.com\/ticinocom","article_published_time":"2019-11-11T10:33:59+00:00","article_modified_time":"2021-03-05T09:06:37+00:00","og_image":[{"width":1080,"height":1080,"url":"https:\/\/ticino.com\/wp-content\/uploads\/2019\/11\/Nasce-il-blog-di-Ticinocom-1.png","type":"image\/png"}],"author":"Andrea Presenti","twitter_card":"summary_large_image","twitter_creator":"@and.presenti@gmail.com","twitter_site":"@ticinocom","twitter_misc":{"Verfasst von":"Andrea Presenti","Gesch\u00e4tzte Lesezeit":"3\u00a0Minuten"},"schema":{"@context":"https:\/\/schema.org","@graph":[{"@type":"Article","@id":"https:\/\/ticino.com\/de\/blog\/benvenuti\/#article","isPartOf":{"@id":"https:\/\/ticino.com\/de\/blog\/benvenuti\/"},"author":{"name":"Andrea Presenti","@id":"https:\/\/ticino.com\/de\/#\/schema\/person\/704df9c8d1af01bfa2367f9810ba319f"},"headline":"Nasce il blog di Ticinocom!","datePublished":"2019-11-11T10:33:59+00:00","dateModified":"2021-03-05T09:06:37+00:00","mainEntityOfPage":{"@id":"https:\/\/ticino.com\/de\/blog\/benvenuti\/"},"wordCount":605,"commentCount":4,"publisher":{"@id":"https:\/\/ticino.com\/de\/#organization"},"image":{"@id":"https:\/\/ticino.com\/de\/blog\/benvenuti\/#primaryimage"},"thumbnailUrl":"https:\/\/ticino.com\/wp-content\/uploads\/2019\/11\/Nasce-il-blog-di-Ticinocom-1.png","keywords":["annuncio","azienda","blog","novit\u00e0"],"articleSection":["Compagnia"],"inLanguage":"de","potentialAction":[{"@type":"CommentAction","name":"Comment","target":["https:\/\/ticino.com\/de\/blog\/benvenuti\/#respond"]}]},{"@type":"WebPage","@id":"https:\/\/ticino.com\/de\/blog\/benvenuti\/","url":"https:\/\/ticino.com\/de\/blog\/benvenuti\/","name":"Nasce il blog di Ticinocom! | Ticinocom SA","isPartOf":{"@id":"https:\/\/ticino.com\/de\/#website"},"primaryImageOfPage":{"@id":"https:\/\/ticino.com\/de\/blog\/benvenuti\/#primaryimage"},"image":{"@id":"https:\/\/ticino.com\/de\/blog\/benvenuti\/#primaryimage"},"thumbnailUrl":"https:\/\/ticino.com\/wp-content\/uploads\/2019\/11\/Nasce-il-blog-di-Ticinocom-1.png","datePublished":"2019-11-11T10:33:59+00:00","dateModified":"2021-03-05T09:06:37+00:00","breadcrumb":{"@id":"https:\/\/ticino.com\/de\/blog\/benvenuti\/#breadcrumb"},"inLanguage":"de","potentialAction":[{"@type":"ReadAction","target":["https:\/\/ticino.com\/de\/blog\/benvenuti\/"]}]},{"@type":"ImageObject","inLanguage":"de","@id":"https:\/\/ticino.com\/de\/blog\/benvenuti\/#primaryimage","url":"https:\/\/ticino.com\/wp-content\/uploads\/2019\/11\/Nasce-il-blog-di-Ticinocom-1.png","contentUrl":"https:\/\/ticino.com\/wp-content\/uploads\/2019\/11\/Nasce-il-blog-di-Ticinocom-1.png","width":1080,"height":1080},{"@type":"BreadcrumbList","@id":"https:\/\/ticino.com\/de\/blog\/benvenuti\/#breadcrumb","itemListElement":[{"@type":"ListItem","position":1,"name":"Home","item":"https:\/\/ticino.com\/de\/"},{"@type":"ListItem","position":2,"name":"Nasce il blog di Ticinocom!"}]},{"@type":"WebSite","@id":"https:\/\/ticino.com\/de\/#website","url":"https:\/\/ticino.com\/de\/","name":"Ticinocom SA","description":"Internet 100% made in Ticino","publisher":{"@id":"https:\/\/ticino.com\/de\/#organization"},"potentialAction":[{"@type":"SearchAction","target":{"@type":"EntryPoint","urlTemplate":"https:\/\/ticino.com\/de\/?s={search_term_string}"},"query-input":{"@type":"PropertyValueSpecification","valueRequired":true,"valueName":"search_term_string"}}],"inLanguage":"de"},{"@type":"Organization","@id":"https:\/\/ticino.com\/de\/#organization","name":"Ticinocom SA","url":"https:\/\/ticino.com\/de\/","logo":{"@type":"ImageObject","inLanguage":"de","@id":"https:\/\/ticino.com\/de\/#\/schema\/logo\/image\/","url":"https:\/\/ticino.com\/wp-content\/uploads\/2020\/09\/ticinocom-logo.png","contentUrl":"https:\/\/ticino.com\/wp-content\/uploads\/2020\/09\/ticinocom-logo.png","width":508,"height":84,"caption":"Ticinocom SA"},"image":{"@id":"https:\/\/ticino.com\/de\/#\/schema\/logo\/image\/"},"sameAs":["https:\/\/facebook.com\/ticinocom","https:\/\/x.com\/ticinocom","https:\/\/instagram.com\/ticinocomsa","https:\/\/linkedin.com\/company\/ticinocom"]},{"@type":"Person","@id":"https:\/\/ticino.com\/de\/#\/schema\/person\/704df9c8d1af01bfa2367f9810ba319f","name":"Andrea Presenti","image":{"@type":"ImageObject","inLanguage":"de","@id":"https:\/\/ticino.com\/de\/#\/schema\/person\/image\/","url":"https:\/\/secure.gravatar.com\/avatar\/5a718af3bb087a1ea5755cde0e2a740d?s=96&d=mm&r=g","contentUrl":"https:\/\/secure.gravatar.com\/avatar\/5a718af3bb087a1ea5755cde0e2a740d?s=96&d=mm&r=g","caption":"Andrea Presenti"},"description":"Andrea Presenti, nato nel 21\/04\/1992, \u00e8 uno scrittore tecnico pubblicitario che lavora nel settore dal 2016, dopo aver conseguito un corso di Scrittura Creativa presso la Scuola Internazionale di Comics. Ha collaborato con aziende di tutto il mondo per la stesura di testi ed \u00e8 Lead Editor di Ticinocom dal 2019.","sameAs":["https:\/\/x.com\/and.presenti@gmail.com"],"url":"https:\/\/ticino.com\/de\/author\/and-presentigmail-com\/"}]}},"_links":{"self":[{"href":"https:\/\/ticino.com\/de\/wp-json\/wp\/v2\/posts\/138"}],"collection":[{"href":"https:\/\/ticino.com\/de\/wp-json\/wp\/v2\/posts"}],"about":[{"href":"https:\/\/ticino.com\/de\/wp-json\/wp\/v2\/types\/post"}],"author":[{"embeddable":true,"href":"https:\/\/ticino.com\/de\/wp-json\/wp\/v2\/users\/138280480"}],"replies":[{"embeddable":true,"href":"https:\/\/ticino.com\/de\/wp-json\/wp\/v2\/comments?post=138"}],"version-history":[{"count":0,"href":"https:\/\/ticino.com\/de\/wp-json\/wp\/v2\/posts\/138\/revisions"}],"wp:featuredmedia":[{"embeddable":true,"href":"https:\/\/ticino.com\/de\/wp-json\/wp\/v2\/media\/10335"}],"wp:attachment":[{"href":"https:\/\/ticino.com\/de\/wp-json\/wp\/v2\/media?parent=138"}],"wp:term":[{"taxonomy":"category","embeddable":true,"href":"https:\/\/ticino.com\/de\/wp-json\/wp\/v2\/categories?post=138"},{"taxonomy":"post_tag","embeddable":true,"href":"https:\/\/ticino.com\/de\/wp-json\/wp\/v2\/tags?post=138"}],"curies":[{"name":"wp","href":"https:\/\/api.w.org\/{rel}","templated":true}]}}