{"id":13160,"date":"2021-08-09T11:00:00","date_gmt":"2021-08-09T09:00:00","guid":{"rendered":"https:\/\/ticino.com\/?p=13160"},"modified":"2021-08-08T11:14:00","modified_gmt":"2021-08-08T09:14:00","slug":"lumanita-attraverso-le-statistiche","status":"publish","type":"post","link":"https:\/\/ticino.com\/de\/blog\/lumanita-attraverso-le-statistiche\/","title":{"rendered":"L&#8217;umanit\u00e0 attraverso le statistiche"},"content":{"rendered":"\t\t<div data-elementor-type=\"wp-post\" data-elementor-id=\"13160\" class=\"elementor elementor-13160\" data-elementor-post-type=\"post\">\n\t\t\t\t\t\t<section class=\"elementor-section elementor-top-section elementor-element elementor-element-b9f7d71 elementor-section-boxed elementor-section-height-default elementor-section-height-default\" data-id=\"b9f7d71\" data-element_type=\"section\">\n\t\t\t\t\t\t<div class=\"elementor-container elementor-column-gap-default\">\n\t\t\t\t\t<div class=\"elementor-column elementor-col-100 elementor-top-column elementor-element elementor-element-eef7b28\" data-id=\"eef7b28\" data-element_type=\"column\">\n\t\t\t<div class=\"elementor-widget-wrap elementor-element-populated\">\n\t\t\t\t\t\t<div class=\"elementor-element elementor-element-830796e elementor-widget elementor-widget-text-editor\" data-id=\"830796e\" data-element_type=\"widget\" data-widget_type=\"text-editor.default\">\n\t\t\t\t<div class=\"elementor-widget-container\">\n\t\t\t\t\t\t\t<p>Cosa possono dirci le statistiche dell\u2019umanit\u00e0? Scopriamo qual \u00e8 la situazione attuale della Terra guardando le sue cifre pi\u00f9 importanti.<\/p><p>In uno degli ultimi approfondimenti che abbiamo offerto sul nostro blog, abbiamo parlato delle ricerche maggiori effettuate su Google nei vari paesi, come fotografia di un particolare periodo storico. Prima ancora abbiamo visto le statistiche della diffusione di Internet nel mondo e di come questa <a href=\"https:\/\/ticino.com\/de\/wiki\/tecnologia\/\" target=\"_self\" title=\"La &quot;Tecnologia&quot; pu\u00f2 avere molteplici significati e spesso viene accostata a una specifica brancia della scienza. Sul nostro sito la utilizziamo nella sua forma pi\u00f9 generica, ovvero l'insieme di scoperte e invenzioni che l'uomo ha fatto alterando la natura per i suoi scopi. Tecnologia \u00e8 quindi la creazione di un oggetto non presente in natura,\u2026\" class=\"encyclopedia\">tecnologia<\/a> sia tutt\u2019altro che universale.<\/p><p>Le statistiche ci permettono di ampliare la nostra visione, cos\u00ec da non basare il nostro punto di vista semplicemente sulla realt\u00e0 che ci circonda ma riuscire ad avere un quadro generale il pi\u00f9 realistico possibile.<\/p><p>Ecco perch\u00e9 oggi daremo un\u2019occhiata a <a href=\"https:\/\/www.worldometers.info\/\">WorldOMeters<\/a> e ai numeri che offre.<\/p><p>\u00a0<\/p><p>\u00a0<\/p><h2>I numeri del mondo<\/h2><p>\u00a0<\/p><p><img fetchpriority=\"high\" decoding=\"async\" class=\"aligncenter size-large wp-image-13161\" src=\"https:\/\/ticino.com\/wp-content\/uploads\/2021\/08\/chris-liverani-dBI_My696Rk-unsplash-1024x768.jpg\" alt=\"L'umanit\u00e0 attraverso le statistiche\" width=\"800\" height=\"600\" srcset=\"https:\/\/ticino.com\/wp-content\/uploads\/2021\/08\/chris-liverani-dBI_My696Rk-unsplash-1024x768.jpg 1024w, https:\/\/ticino.com\/wp-content\/uploads\/2021\/08\/chris-liverani-dBI_My696Rk-unsplash-300x225.jpg 300w, https:\/\/ticino.com\/wp-content\/uploads\/2021\/08\/chris-liverani-dBI_My696Rk-unsplash-768x576.jpg 768w, https:\/\/ticino.com\/wp-content\/uploads\/2021\/08\/chris-liverani-dBI_My696Rk-unsplash-1536x1152.jpg 1536w, https:\/\/ticino.com\/wp-content\/uploads\/2021\/08\/chris-liverani-dBI_My696Rk-unsplash-2048x1536.jpg 2048w\" sizes=\"(max-width: 800px) 100vw, 800px\"><\/p><p>\u00a0<\/p><p>Nell\u2019aprire WOM, le prime statistiche che ci vengono fornite sono quelle relative al numero di esseri umani sul nostro pianeta. \u00c8 conoscenza comune, infatti, che la popolazione mondiale sia di sette miliardi ma questo numero circola da un po\u2019 di tempo a questa parte.<\/p><p>Infatti siamo pi\u00f9 vicini agli otto miliardi che ai sette: al momento della stesura di questo articolo vivono 7\u2019884\u2019779\u2019660 persone, ma gi\u00e0 nella scrittura di questa frase \u00e8 diventato un valore obsoleto. Con circa 180 nascite al minuto, \u00e8 difficile stare dietro alla crescita della popolazione mondiale.<\/p><p>Chiaramente per capire quando arriveremo a otto miliardi \u00e8 necessario tenere di conto delle morti, ma anche cos\u00ec facendo le persone aumentano a un ritmo di quasi 100 milioni l\u2019anno. Quindi il 2023 potrebbe essere l\u2019anno che stiamo cercando.<\/p><p>Sappiamo che questa crescita avviene in particolare nei paesi africani e asiatici e questa ha sicuramente un impatto sulle risorse del pianeta. Gi\u00e0 in termini di costi, sappiamo che ogni giorno vengono spesi circa 6 miliardi di dollari l\u2019anno solo nella sanit\u00e0 pubblica. Un po\u2019 meno, circa il 60%, viene speso per l\u2019educazione e met\u00e0 di questa cifra per la militarizzazione dei vari paesi.<\/p>\t\t\t\t\t\t<\/div>\n\t\t\t\t<\/div>\n\t\t\t\t\t<\/div>\n\t\t<\/div>\n\t\t\t\t\t<\/div>\n\t\t<\/section>\n\t\t\t\t<section class=\"elementor-section elementor-top-section elementor-element elementor-element-73f3c21 elementor-section-boxed elementor-section-height-default elementor-section-height-default\" data-id=\"73f3c21\" data-element_type=\"section\">\n\t\t\t\t\t\t<div class=\"elementor-container elementor-column-gap-default\">\n\t\t\t\t\t<div class=\"elementor-column elementor-col-100 elementor-top-column elementor-element elementor-element-07f9945\" data-id=\"07f9945\" data-element_type=\"column\">\n\t\t\t<div class=\"elementor-widget-wrap elementor-element-populated\">\n\t\t\t\t\t\t<div class=\"elementor-element elementor-element-5f3dee5 elementor-widget elementor-widget-global elementor-global-9672 elementor-widget-toolset-view\" data-id=\"5f3dee5\" data-element_type=\"widget\" data-widget_type=\"toolset-view.default\">\n\t\t\t\t<div class=\"elementor-widget-container\">\n\t\t\t\n\n\n<div id=\"wpv-view-layout-9666\" class=\"js-wpv-view-layout js-wpv-layout-responsive js-wpv-view-layout-9666\" data-viewnumber=\"9666\" data-pagination=\"{&quot;id&quot;:9666,&quot;query&quot;:&quot;normal&quot;,&quot;type&quot;:&quot;disabled&quot;,&quot;effect&quot;:&quot;fade&quot;,&quot;duration&quot;:500,&quot;speed&quot;:5,&quot;pause_on_hover&quot;:&quot;disabled&quot;,&quot;stop_rollover&quot;:&quot;false&quot;,&quot;cache_pages&quot;:&quot;enabled&quot;,&quot;preload_images&quot;:&quot;enabled&quot;,&quot;preload_pages&quot;:&quot;enabled&quot;,&quot;preload_reach&quot;:1,&quot;spinner&quot;:&quot;builtin&quot;,&quot;spinner_image&quot;:&quot;https:\/\/ticino.com\/wp-content\/plugins\/wp-views\/embedded\/res\/img\/ajax-loader.gif&quot;,&quot;callback_next&quot;:&quot;&quot;,&quot;manage_history&quot;:&quot;enabled&quot;,&quot;has_controls_in_form&quot;:&quot;disabled&quot;,&quot;infinite_tolerance&quot;:&quot;0&quot;,&quot;max_pages&quot;:1,&quot;page&quot;:1,&quot;base_permalink&quot;:&quot;\/de\/wp-json\/wp\/v2\/posts\/13160?wpv_view_count=9666&amp;wpv_paged=WPV_PAGE_NUM&quot;,&quot;loop&quot;:{&quot;type&quot;:&quot;&quot;,&quot;name&quot;:&quot;&quot;,&quot;data&quot;:[],&quot;id&quot;:0}}\" data-permalink=\"\/de\/wp-json\/wp\/v2\/posts\/13160?wpv_view_count=9666\">\n\n\t\n\t\n\t\t\n          <a href=\"https:\/\/ticino.com\/de\/blog\/computer-che-cosa-vuol-dire\/?ref=lumanita-attraverso-le-statistiche\" id=\"blockquote\">\n            <blockquote cite=\"https:\/\/ticino.com\/de\/blog\/computer-che-cosa-vuol-dire\/\">\n              <p>Computer: che cosa vuol dire? Questa parola deriva dall\u2019inglese? E la lingua italiana accoglier\u00e0 sempre pi\u00f9 termini stranieri?<\/p>\n\n              <br>\n              <div style=\"text-align:right; font-weight:200;\"><span style=\"font-family: 'Exo 2', Sans-serif;\">Leggi l'articolo<\/span> <i style=\"vertical-align: middle; font-weight:200;\" class=\"fas fa-angle-double-right\"><\/i> <\/div>\n            <\/blockquote>\n          <\/a>\n\t\t\n\t\n\t\n\t\n<\/div>\n\t\t<\/div>\n\t\t\t\t<\/div>\n\t\t\t\t\t<\/div>\n\t\t<\/div>\n\t\t\t\t\t<\/div>\n\t\t<\/section>\n\t\t\t\t<section class=\"elementor-section elementor-top-section elementor-element elementor-element-a0c4b62 elementor-section-boxed elementor-section-height-default elementor-section-height-default\" data-id=\"a0c4b62\" data-element_type=\"section\">\n\t\t\t\t\t\t<div class=\"elementor-container elementor-column-gap-default\">\n\t\t\t\t\t<div class=\"elementor-column elementor-col-100 elementor-top-column elementor-element elementor-element-165f2cc\" data-id=\"165f2cc\" data-element_type=\"column\">\n\t\t\t<div class=\"elementor-widget-wrap elementor-element-populated\">\n\t\t\t\t\t\t<div class=\"elementor-element elementor-element-4ed9943 elementor-widget elementor-widget-text-editor\" data-id=\"4ed9943\" data-element_type=\"widget\" data-widget_type=\"text-editor.default\">\n\t\t\t\t<div class=\"elementor-widget-container\">\n\t\t\t\t\t\t\t<p>Le risorse, che non sono necessariamente espresse in dollari, sono sempre meno. Quest\u2019anno abbiamo perso pi\u00f9 di 3 milioni di ettari di foreste. Considerato che in ogni ettaro possono essere presenti pi\u00f9 di duemila alberi, in un anno abbiamo perso circa 6 miliardi di alberi.<\/p><p>Una cifra che fa impallidire i venti milioni di alberi piantati da Mr Beast, nella sua iniziativa su YouTube.<\/p><p>La terra ci sta scomparendo sotto i piedi con 4 milioni di acri erosi quest\u2019anno e non possiamo muoverci verso l\u2019alto perch\u00e9 l\u2019aria \u00e8 intrisa dei venti miliardi di tonnellate di anidride carbonica che abbiamo emesso negli ultimi sei mesi.<\/p><p>Ci dispiacciamo per le 800 milioni di persone che soffrono la fame nel mondo, ricordandoci di loro solo quando i nostri figli non vogliono finire le proprie verdure, ma queste sono ben bilanciate dal miliardo e settecento milioni di persone in sovrappeso che spostano l\u2019ago della bilancia.<\/p><p>Curiosamente il numero di persone che soffrono di obesit\u00e0 \u00e8 molto simile a quello delle persone che soffrono la fame e mentre 13mila persone sono morte di fame oggi (e la giornata \u00e8 ancora lunga), negli Stati Uniti vengono spesi ogni giorno circa 400 milioni di dollari per malattie legate all\u2019obesit\u00e0.<\/p><p>Ma lo scopo di questo articolo non \u00e8 quello di essere passivo aggressivo nei confronti della disparit\u00e0 della vita umana. Per questo possiamo distrarci leggendo uno dei due milioni di nuovi libri pubblicati quest\u2019anno o rispondendo a uno dei 370 milioni di tweet inviati nelle ultime ore.<\/p><p>Certo, potremmo chiederci come alimentiamo tutta questa tecnologia. Usiamo le 200 milioni di MWh, 180 milioni dei quali ricavati da fonti non rinnovabili e solo 31 milioni di fonti rinnovabili. Il che sorprende, visto, che ammonta a pi\u00f9 di mille miliardi di MWh, l\u2019energia solare che colpisce la Terra ogni giorno.<\/p><p>Tra 42 anni sar\u00e0 finito il petrolio, ma perch\u00e9 preoccuparsi del futuro quando viviamo in un presente in cui vengono fumate 7 milioni di sigarette in poche ore, nonostante i 5 milioni di morti di cancro quest\u2019anno.<\/p><p>Lo scopo di questo articolo \u00e8 di fungere da monito: possiamo fingere di non vedere l\u2019ipocrisia e le problematiche dell\u2019umanit\u00e0, ma i numeri non mentono. E ognuno deve fare la propria parte affinch\u00e9 queste statistiche non continuino a peggiorare.<\/p>\t\t\t\t\t\t<\/div>\n\t\t\t\t<\/div>\n\t\t\t\t\t<\/div>\n\t\t<\/div>\n\t\t\t\t\t<\/div>\n\t\t<\/section>\n\t\t\t\t<\/div>\n\t\t","protected":false},"excerpt":{"rendered":"<p>Cosa possono dirci le statistiche dell\u2019umanit\u00e0? Scopriamo qual \u00e8 la situazione attuale della Terra guardando le sue cifre pi\u00f9 importanti. In uno degli ultimi approfondimenti che abbiamo offerto sul nostro blog, abbiamo parlato delle ricerche maggiori effettuate su Google nei vari paesi, come fotografia di un particolare periodo storico. Prima ancora abbiamo visto le statistiche [&hellip;]<\/p>\n","protected":false},"author":138280480,"featured_media":13163,"comment_status":"open","ping_status":"open","sticky":false,"template":"","format":"standard","meta":{"footnotes":""},"categories":[44],"tags":[379,58,378],"class_list":["post-13160","post","type-post","status-publish","format-standard","has-post-thumbnail","hentry","category-approfondimenti","tag-analisi","tag-approfondimento","tag-statistiche"],"yoast_head":"<!-- This site is optimized with the Yoast SEO Premium plugin v21.7 (Yoast SEO v23.7) - https:\/\/yoast.com\/wordpress\/plugins\/seo\/ -->\n<title>L&#039;umanit\u00e0 attraverso le statistiche<\/title>\n<meta name=\"description\" content=\"Cosa possono dirci le statistiche dell\u2019umanit\u00e0? Scopriamo qual \u00e8 la situazione attuale della Terra guardando le sue cifre pi\u00f9 importanti.\" \/>\n<meta name=\"robots\" content=\"index, follow, max-snippet:-1, max-image-preview:large, max-video-preview:-1\" \/>\n<link rel=\"canonical\" href=\"https:\/\/ticino.com\/de\/blog\/lumanita-attraverso-le-statistiche\/\" \/>\n<meta property=\"og:locale\" content=\"de_DE\" \/>\n<meta property=\"og:type\" content=\"article\" \/>\n<meta property=\"og:title\" content=\"L&#039;umanit\u00e0 attraverso le statistiche\" \/>\n<meta property=\"og:description\" content=\"Cosa possono dirci le statistiche dell\u2019umanit\u00e0? Scopriamo qual \u00e8 la situazione attuale della Terra guardando le sue cifre pi\u00f9 importanti.\" \/>\n<meta property=\"og:url\" content=\"https:\/\/ticino.com\/de\/blog\/lumanita-attraverso-le-statistiche\/\" \/>\n<meta property=\"og:site_name\" content=\"Ticinocom SA\" \/>\n<meta property=\"article:publisher\" content=\"https:\/\/facebook.com\/ticinocom\" \/>\n<meta property=\"article:published_time\" content=\"2021-08-09T09:00:00+00:00\" \/>\n<meta property=\"article:modified_time\" content=\"2021-08-08T09:14:00+00:00\" \/>\n<meta property=\"og:image\" content=\"https:\/\/ticino.com\/wp-content\/uploads\/2021\/08\/L-umanit-attraverso-le-statistiche-High-Quality.jpg\" \/>\n\t<meta property=\"og:image:width\" content=\"1080\" \/>\n\t<meta property=\"og:image:height\" content=\"1080\" \/>\n\t<meta property=\"og:image:type\" content=\"image\/jpeg\" \/>\n<meta name=\"author\" content=\"Andrea Presenti\" \/>\n<meta name=\"twitter:card\" content=\"summary_large_image\" \/>\n<meta name=\"twitter:creator\" content=\"@and.presenti@gmail.com\" \/>\n<meta name=\"twitter:site\" content=\"@ticinocom\" \/>\n<meta name=\"twitter:label1\" content=\"Verfasst von\" \/>\n\t<meta name=\"twitter:data1\" content=\"Andrea Presenti\" \/>\n\t<meta name=\"twitter:label2\" content=\"Gesch\u00e4tzte Lesezeit\" \/>\n\t<meta name=\"twitter:data2\" content=\"4\u00a0Minuten\" \/>\n<script type=\"application\/ld+json\" class=\"yoast-schema-graph\">{\"@context\":\"https:\/\/schema.org\",\"@graph\":[{\"@type\":\"Article\",\"@id\":\"https:\/\/ticino.com\/de\/blog\/lumanita-attraverso-le-statistiche\/#article\",\"isPartOf\":{\"@id\":\"https:\/\/ticino.com\/de\/blog\/lumanita-attraverso-le-statistiche\/\"},\"author\":{\"name\":\"Andrea Presenti\",\"@id\":\"https:\/\/ticino.com\/de\/#\/schema\/person\/704df9c8d1af01bfa2367f9810ba319f\"},\"headline\":\"L&#8217;umanit\u00e0 attraverso le statistiche\",\"datePublished\":\"2021-08-09T09:00:00+00:00\",\"dateModified\":\"2021-08-08T09:14:00+00:00\",\"mainEntityOfPage\":{\"@id\":\"https:\/\/ticino.com\/de\/blog\/lumanita-attraverso-le-statistiche\/\"},\"wordCount\":720,\"commentCount\":0,\"publisher\":{\"@id\":\"https:\/\/ticino.com\/de\/#organization\"},\"image\":{\"@id\":\"https:\/\/ticino.com\/de\/blog\/lumanita-attraverso-le-statistiche\/#primaryimage\"},\"thumbnailUrl\":\"https:\/\/ticino.com\/wp-content\/uploads\/2021\/08\/L-umanit-attraverso-le-statistiche-High-Quality.jpg\",\"keywords\":[\"analisi\",\"approfondimento\",\"statistiche\"],\"articleSection\":[\"Approfondimenti\"],\"inLanguage\":\"de\",\"potentialAction\":[{\"@type\":\"CommentAction\",\"name\":\"Comment\",\"target\":[\"https:\/\/ticino.com\/de\/blog\/lumanita-attraverso-le-statistiche\/#respond\"]}]},{\"@type\":\"WebPage\",\"@id\":\"https:\/\/ticino.com\/de\/blog\/lumanita-attraverso-le-statistiche\/\",\"url\":\"https:\/\/ticino.com\/de\/blog\/lumanita-attraverso-le-statistiche\/\",\"name\":\"L'umanit\u00e0 attraverso le statistiche\",\"isPartOf\":{\"@id\":\"https:\/\/ticino.com\/de\/#website\"},\"primaryImageOfPage\":{\"@id\":\"https:\/\/ticino.com\/de\/blog\/lumanita-attraverso-le-statistiche\/#primaryimage\"},\"image\":{\"@id\":\"https:\/\/ticino.com\/de\/blog\/lumanita-attraverso-le-statistiche\/#primaryimage\"},\"thumbnailUrl\":\"https:\/\/ticino.com\/wp-content\/uploads\/2021\/08\/L-umanit-attraverso-le-statistiche-High-Quality.jpg\",\"datePublished\":\"2021-08-09T09:00:00+00:00\",\"dateModified\":\"2021-08-08T09:14:00+00:00\",\"description\":\"Cosa possono dirci le statistiche dell\u2019umanit\u00e0? Scopriamo qual \u00e8 la situazione attuale della Terra guardando le sue cifre pi\u00f9 importanti.\",\"breadcrumb\":{\"@id\":\"https:\/\/ticino.com\/de\/blog\/lumanita-attraverso-le-statistiche\/#breadcrumb\"},\"inLanguage\":\"de\",\"potentialAction\":[{\"@type\":\"ReadAction\",\"target\":[\"https:\/\/ticino.com\/de\/blog\/lumanita-attraverso-le-statistiche\/\"]}]},{\"@type\":\"ImageObject\",\"inLanguage\":\"de\",\"@id\":\"https:\/\/ticino.com\/de\/blog\/lumanita-attraverso-le-statistiche\/#primaryimage\",\"url\":\"https:\/\/ticino.com\/wp-content\/uploads\/2021\/08\/L-umanit-attraverso-le-statistiche-High-Quality.jpg\",\"contentUrl\":\"https:\/\/ticino.com\/wp-content\/uploads\/2021\/08\/L-umanit-attraverso-le-statistiche-High-Quality.jpg\",\"width\":1080,\"height\":1080,\"caption\":\"L'umanit\u00e0 attraverso le statistiche\"},{\"@type\":\"BreadcrumbList\",\"@id\":\"https:\/\/ticino.com\/de\/blog\/lumanita-attraverso-le-statistiche\/#breadcrumb\",\"itemListElement\":[{\"@type\":\"ListItem\",\"position\":1,\"name\":\"Home\",\"item\":\"https:\/\/ticino.com\/de\/\"},{\"@type\":\"ListItem\",\"position\":2,\"name\":\"L&#8217;umanit\u00e0 attraverso le statistiche\"}]},{\"@type\":\"WebSite\",\"@id\":\"https:\/\/ticino.com\/de\/#website\",\"url\":\"https:\/\/ticino.com\/de\/\",\"name\":\"Ticinocom SA\",\"description\":\"Internet 100% made in Ticino\",\"publisher\":{\"@id\":\"https:\/\/ticino.com\/de\/#organization\"},\"potentialAction\":[{\"@type\":\"SearchAction\",\"target\":{\"@type\":\"EntryPoint\",\"urlTemplate\":\"https:\/\/ticino.com\/de\/?s={search_term_string}\"},\"query-input\":{\"@type\":\"PropertyValueSpecification\",\"valueRequired\":true,\"valueName\":\"search_term_string\"}}],\"inLanguage\":\"de\"},{\"@type\":\"Organization\",\"@id\":\"https:\/\/ticino.com\/de\/#organization\",\"name\":\"Ticinocom SA\",\"url\":\"https:\/\/ticino.com\/de\/\",\"logo\":{\"@type\":\"ImageObject\",\"inLanguage\":\"de\",\"@id\":\"https:\/\/ticino.com\/de\/#\/schema\/logo\/image\/\",\"url\":\"https:\/\/ticino.com\/wp-content\/uploads\/2020\/09\/ticinocom-logo.png\",\"contentUrl\":\"https:\/\/ticino.com\/wp-content\/uploads\/2020\/09\/ticinocom-logo.png\",\"width\":508,\"height\":84,\"caption\":\"Ticinocom SA\"},\"image\":{\"@id\":\"https:\/\/ticino.com\/de\/#\/schema\/logo\/image\/\"},\"sameAs\":[\"https:\/\/facebook.com\/ticinocom\",\"https:\/\/x.com\/ticinocom\",\"https:\/\/instagram.com\/ticinocomsa\",\"https:\/\/linkedin.com\/company\/ticinocom\"]},{\"@type\":\"Person\",\"@id\":\"https:\/\/ticino.com\/de\/#\/schema\/person\/704df9c8d1af01bfa2367f9810ba319f\",\"name\":\"Andrea Presenti\",\"image\":{\"@type\":\"ImageObject\",\"inLanguage\":\"de\",\"@id\":\"https:\/\/ticino.com\/de\/#\/schema\/person\/image\/\",\"url\":\"https:\/\/secure.gravatar.com\/avatar\/5a718af3bb087a1ea5755cde0e2a740d?s=96&d=mm&r=g\",\"contentUrl\":\"https:\/\/secure.gravatar.com\/avatar\/5a718af3bb087a1ea5755cde0e2a740d?s=96&d=mm&r=g\",\"caption\":\"Andrea Presenti\"},\"description\":\"Andrea Presenti, nato nel 21\/04\/1992, \u00e8 uno scrittore tecnico pubblicitario che lavora nel settore dal 2016, dopo aver conseguito un corso di Scrittura Creativa presso la Scuola Internazionale di Comics. Ha collaborato con aziende di tutto il mondo per la stesura di testi ed \u00e8 Lead Editor di Ticinocom dal 2019.\",\"sameAs\":[\"https:\/\/x.com\/and.presenti@gmail.com\"],\"url\":\"https:\/\/ticino.com\/de\/author\/and-presentigmail-com\/\"}]}<\/script>\n<!-- \/ Yoast SEO Premium plugin. -->","yoast_head_json":{"title":"L'umanit\u00e0 attraverso le statistiche","description":"Cosa possono dirci le statistiche dell\u2019umanit\u00e0? Scopriamo qual \u00e8 la situazione attuale della Terra guardando le sue cifre pi\u00f9 importanti.","robots":{"index":"index","follow":"follow","max-snippet":"max-snippet:-1","max-image-preview":"max-image-preview:large","max-video-preview":"max-video-preview:-1"},"canonical":"https:\/\/ticino.com\/de\/blog\/lumanita-attraverso-le-statistiche\/","og_locale":"de_DE","og_type":"article","og_title":"L'umanit\u00e0 attraverso le statistiche","og_description":"Cosa possono dirci le statistiche dell\u2019umanit\u00e0? Scopriamo qual \u00e8 la situazione attuale della Terra guardando le sue cifre pi\u00f9 importanti.","og_url":"https:\/\/ticino.com\/de\/blog\/lumanita-attraverso-le-statistiche\/","og_site_name":"Ticinocom SA","article_publisher":"https:\/\/facebook.com\/ticinocom","article_published_time":"2021-08-09T09:00:00+00:00","article_modified_time":"2021-08-08T09:14:00+00:00","og_image":[{"width":1080,"height":1080,"url":"https:\/\/ticino.com\/wp-content\/uploads\/2021\/08\/L-umanit-attraverso-le-statistiche-High-Quality.jpg","type":"image\/jpeg"}],"author":"Andrea Presenti","twitter_card":"summary_large_image","twitter_creator":"@and.presenti@gmail.com","twitter_site":"@ticinocom","twitter_misc":{"Verfasst von":"Andrea Presenti","Gesch\u00e4tzte Lesezeit":"4\u00a0Minuten"},"schema":{"@context":"https:\/\/schema.org","@graph":[{"@type":"Article","@id":"https:\/\/ticino.com\/de\/blog\/lumanita-attraverso-le-statistiche\/#article","isPartOf":{"@id":"https:\/\/ticino.com\/de\/blog\/lumanita-attraverso-le-statistiche\/"},"author":{"name":"Andrea Presenti","@id":"https:\/\/ticino.com\/de\/#\/schema\/person\/704df9c8d1af01bfa2367f9810ba319f"},"headline":"L&#8217;umanit\u00e0 attraverso le statistiche","datePublished":"2021-08-09T09:00:00+00:00","dateModified":"2021-08-08T09:14:00+00:00","mainEntityOfPage":{"@id":"https:\/\/ticino.com\/de\/blog\/lumanita-attraverso-le-statistiche\/"},"wordCount":720,"commentCount":0,"publisher":{"@id":"https:\/\/ticino.com\/de\/#organization"},"image":{"@id":"https:\/\/ticino.com\/de\/blog\/lumanita-attraverso-le-statistiche\/#primaryimage"},"thumbnailUrl":"https:\/\/ticino.com\/wp-content\/uploads\/2021\/08\/L-umanit-attraverso-le-statistiche-High-Quality.jpg","keywords":["analisi","approfondimento","statistiche"],"articleSection":["Approfondimenti"],"inLanguage":"de","potentialAction":[{"@type":"CommentAction","name":"Comment","target":["https:\/\/ticino.com\/de\/blog\/lumanita-attraverso-le-statistiche\/#respond"]}]},{"@type":"WebPage","@id":"https:\/\/ticino.com\/de\/blog\/lumanita-attraverso-le-statistiche\/","url":"https:\/\/ticino.com\/de\/blog\/lumanita-attraverso-le-statistiche\/","name":"L'umanit\u00e0 attraverso le statistiche","isPartOf":{"@id":"https:\/\/ticino.com\/de\/#website"},"primaryImageOfPage":{"@id":"https:\/\/ticino.com\/de\/blog\/lumanita-attraverso-le-statistiche\/#primaryimage"},"image":{"@id":"https:\/\/ticino.com\/de\/blog\/lumanita-attraverso-le-statistiche\/#primaryimage"},"thumbnailUrl":"https:\/\/ticino.com\/wp-content\/uploads\/2021\/08\/L-umanit-attraverso-le-statistiche-High-Quality.jpg","datePublished":"2021-08-09T09:00:00+00:00","dateModified":"2021-08-08T09:14:00+00:00","description":"Cosa possono dirci le statistiche dell\u2019umanit\u00e0? Scopriamo qual \u00e8 la situazione attuale della Terra guardando le sue cifre pi\u00f9 importanti.","breadcrumb":{"@id":"https:\/\/ticino.com\/de\/blog\/lumanita-attraverso-le-statistiche\/#breadcrumb"},"inLanguage":"de","potentialAction":[{"@type":"ReadAction","target":["https:\/\/ticino.com\/de\/blog\/lumanita-attraverso-le-statistiche\/"]}]},{"@type":"ImageObject","inLanguage":"de","@id":"https:\/\/ticino.com\/de\/blog\/lumanita-attraverso-le-statistiche\/#primaryimage","url":"https:\/\/ticino.com\/wp-content\/uploads\/2021\/08\/L-umanit-attraverso-le-statistiche-High-Quality.jpg","contentUrl":"https:\/\/ticino.com\/wp-content\/uploads\/2021\/08\/L-umanit-attraverso-le-statistiche-High-Quality.jpg","width":1080,"height":1080,"caption":"L'umanit\u00e0 attraverso le statistiche"},{"@type":"BreadcrumbList","@id":"https:\/\/ticino.com\/de\/blog\/lumanita-attraverso-le-statistiche\/#breadcrumb","itemListElement":[{"@type":"ListItem","position":1,"name":"Home","item":"https:\/\/ticino.com\/de\/"},{"@type":"ListItem","position":2,"name":"L&#8217;umanit\u00e0 attraverso le statistiche"}]},{"@type":"WebSite","@id":"https:\/\/ticino.com\/de\/#website","url":"https:\/\/ticino.com\/de\/","name":"Ticinocom SA","description":"Internet 100% made in Ticino","publisher":{"@id":"https:\/\/ticino.com\/de\/#organization"},"potentialAction":[{"@type":"SearchAction","target":{"@type":"EntryPoint","urlTemplate":"https:\/\/ticino.com\/de\/?s={search_term_string}"},"query-input":{"@type":"PropertyValueSpecification","valueRequired":true,"valueName":"search_term_string"}}],"inLanguage":"de"},{"@type":"Organization","@id":"https:\/\/ticino.com\/de\/#organization","name":"Ticinocom SA","url":"https:\/\/ticino.com\/de\/","logo":{"@type":"ImageObject","inLanguage":"de","@id":"https:\/\/ticino.com\/de\/#\/schema\/logo\/image\/","url":"https:\/\/ticino.com\/wp-content\/uploads\/2020\/09\/ticinocom-logo.png","contentUrl":"https:\/\/ticino.com\/wp-content\/uploads\/2020\/09\/ticinocom-logo.png","width":508,"height":84,"caption":"Ticinocom SA"},"image":{"@id":"https:\/\/ticino.com\/de\/#\/schema\/logo\/image\/"},"sameAs":["https:\/\/facebook.com\/ticinocom","https:\/\/x.com\/ticinocom","https:\/\/instagram.com\/ticinocomsa","https:\/\/linkedin.com\/company\/ticinocom"]},{"@type":"Person","@id":"https:\/\/ticino.com\/de\/#\/schema\/person\/704df9c8d1af01bfa2367f9810ba319f","name":"Andrea Presenti","image":{"@type":"ImageObject","inLanguage":"de","@id":"https:\/\/ticino.com\/de\/#\/schema\/person\/image\/","url":"https:\/\/secure.gravatar.com\/avatar\/5a718af3bb087a1ea5755cde0e2a740d?s=96&d=mm&r=g","contentUrl":"https:\/\/secure.gravatar.com\/avatar\/5a718af3bb087a1ea5755cde0e2a740d?s=96&d=mm&r=g","caption":"Andrea Presenti"},"description":"Andrea Presenti, nato nel 21\/04\/1992, \u00e8 uno scrittore tecnico pubblicitario che lavora nel settore dal 2016, dopo aver conseguito un corso di Scrittura Creativa presso la Scuola Internazionale di Comics. Ha collaborato con aziende di tutto il mondo per la stesura di testi ed \u00e8 Lead Editor di Ticinocom dal 2019.","sameAs":["https:\/\/x.com\/and.presenti@gmail.com"],"url":"https:\/\/ticino.com\/de\/author\/and-presentigmail-com\/"}]}},"_links":{"self":[{"href":"https:\/\/ticino.com\/de\/wp-json\/wp\/v2\/posts\/13160"}],"collection":[{"href":"https:\/\/ticino.com\/de\/wp-json\/wp\/v2\/posts"}],"about":[{"href":"https:\/\/ticino.com\/de\/wp-json\/wp\/v2\/types\/post"}],"author":[{"embeddable":true,"href":"https:\/\/ticino.com\/de\/wp-json\/wp\/v2\/users\/138280480"}],"replies":[{"embeddable":true,"href":"https:\/\/ticino.com\/de\/wp-json\/wp\/v2\/comments?post=13160"}],"version-history":[{"count":0,"href":"https:\/\/ticino.com\/de\/wp-json\/wp\/v2\/posts\/13160\/revisions"}],"wp:featuredmedia":[{"embeddable":true,"href":"https:\/\/ticino.com\/de\/wp-json\/wp\/v2\/media\/13163"}],"wp:attachment":[{"href":"https:\/\/ticino.com\/de\/wp-json\/wp\/v2\/media?parent=13160"}],"wp:term":[{"taxonomy":"category","embeddable":true,"href":"https:\/\/ticino.com\/de\/wp-json\/wp\/v2\/categories?post=13160"},{"taxonomy":"post_tag","embeddable":true,"href":"https:\/\/ticino.com\/de\/wp-json\/wp\/v2\/tags?post=13160"}],"curies":[{"name":"wp","href":"https:\/\/api.w.org\/{rel}","templated":true}]}}