{"id":13034,"date":"2021-07-31T11:00:00","date_gmt":"2021-07-31T09:00:00","guid":{"rendered":"https:\/\/ticino.com\/?p=13034"},"modified":"2021-07-28T08:52:28","modified_gmt":"2021-07-28T06:52:28","slug":"le-invenzioni-ieri-oggi-e-domani","status":"publish","type":"post","link":"https:\/\/ticino.com\/de\/blog\/le-invenzioni-ieri-oggi-e-domani\/","title":{"rendered":"Le Invenzioni ieri, oggi e domani"},"content":{"rendered":"\t\t<div data-elementor-type=\"wp-post\" data-elementor-id=\"13034\" class=\"elementor elementor-13034\" data-elementor-post-type=\"post\">\n\t\t\t\t\t\t<section class=\"elementor-section elementor-top-section elementor-element elementor-element-7ac6e5d elementor-section-boxed elementor-section-height-default elementor-section-height-default\" data-id=\"7ac6e5d\" data-element_type=\"section\">\n\t\t\t\t\t\t<div class=\"elementor-container elementor-column-gap-default\">\n\t\t\t\t\t<div class=\"elementor-column elementor-col-100 elementor-top-column elementor-element elementor-element-4875621\" data-id=\"4875621\" data-element_type=\"column\">\n\t\t\t<div class=\"elementor-widget-wrap elementor-element-populated\">\n\t\t\t\t\t\t<div class=\"elementor-element elementor-element-b7e448c elementor-widget elementor-widget-text-editor\" data-id=\"b7e448c\" data-element_type=\"widget\" data-widget_type=\"text-editor.default\">\n\t\t\t\t<div class=\"elementor-widget-container\">\n\t\t\t\t\t\t\t<p>Di quante invenzioni riesci a ricordare il nome dell\u2019inventore?<\/p><p>A parte casi eccezionali, molto spesso la portata di una scoperta tende a nascondere completamente la persona che l\u2019ha fatta, tanto da essere conosciuta in tutto il mondo a discapito dell\u2019inventore.<\/p><p>Di tanto in tanto, c\u2019\u00e8 un\u2019aura di mistero dietro al nome di un uomo o donna di scienza, in quanto la stessa invenzione potrebbe avere diversi nomi alle sue spalle che si contendono il titolo di \u201cinventore\u201d.<\/p><p>Ci sono poi casi in cui il nome del genio \u00e8 ancora pi\u00f9 famoso delle sue scoperte: un caso evidente di questo tipo \u00e8 Leonardo Da Vinci, il quale gode di una popolarit\u00e0 maggiore rispetto a qualsiasi singola invenzione abbia offerto al mondo.<\/p><p>Ma qualsiasi sia il nome dietro un\u2019invenzione, ti posso garantire che il procedimento che ha portato a quella scoperta \u00e8 ben diverso da come la maggior parte delle persone si potrebbe immaginare.<\/p><p>\u00a0<\/p><h2>Le invenzioni nel cinema<\/h2><p>\u00a0<\/p><p><img fetchpriority=\"high\" decoding=\"async\" class=\"aligncenter size-large wp-image-13083\" src=\"https:\/\/ticino.com\/wp-content\/uploads\/2021\/07\/christian-dubovan-gxsRL8B_ZqE-unsplash-768x1024.jpg\" alt=\"\" width=\"768\" height=\"1024\" srcset=\"https:\/\/ticino.com\/wp-content\/uploads\/2021\/07\/christian-dubovan-gxsRL8B_ZqE-unsplash-768x1024.jpg 768w, https:\/\/ticino.com\/wp-content\/uploads\/2021\/07\/christian-dubovan-gxsRL8B_ZqE-unsplash-225x300.jpg 225w, https:\/\/ticino.com\/wp-content\/uploads\/2021\/07\/christian-dubovan-gxsRL8B_ZqE-unsplash-1152x1536.jpg 1152w, https:\/\/ticino.com\/wp-content\/uploads\/2021\/07\/christian-dubovan-gxsRL8B_ZqE-unsplash-1536x2048.jpg 1536w, https:\/\/ticino.com\/wp-content\/uploads\/2021\/07\/christian-dubovan-gxsRL8B_ZqE-unsplash-scaled.jpg 1920w\" sizes=\"(max-width: 768px) 100vw, 768px\"><\/p><p>\u00a0<\/p><p>Come vedremo tra poco, il processo dietro un\u2019invenzione \u00e8 spesso frastagliato: sebbene l\u2019idea della proverbiale lampadina che si accende sopra la testa dell\u2019inventore sia molto amata nell\u2019immaginario comune, la realt\u00e0 \u00e8 ben diversa.<\/p><p>Dobbiamo incolpare la Disney di questa immagine sbagliata, per quanto poetica: con il personaggio di Archimede Pitagorico, che ha conquistato i cuori di migliaia di lettori, la nostra idea di un inventore \u00e8 spesso la stessa.<\/p><p>Parliamo infatti di una persona eccentrica, circondato da marchingegni pi\u00f9 o meno funzionanti e che vive in un rottamaio composto dalle sue precedenti invenzioni.<\/p><p>D\u2019altronde, non \u00e8 questa l\u2019immagine che ci viene mostrata in Ritorno al Futuro, quando scopriamo il personaggio di Emmett Brown?<\/p><p>Ma il mondo del cinema e dei fumetti spesso si discosta da quello reale. E la nostra storia \u00e8 costellata di invenzioni, uomini e donne di scienza. Tutti accomunati da un processo simile.<\/p><p>\u00a0<\/p><h2>La scoperta dell\u2019elettricit\u00e0<\/h2><p>\u00a0<\/p><p>Parliamo di una vera e propria tradizione collettiva, in cui lo sforzo condiviso di diverse persone \u00e8 necessario per arrivare a una scoperta definitiva.<\/p><p>Nel mondo della scienza, infatti, \u00e8 pi\u00f9 che mai vero il proverbio che canta: \u201cL\u2019unione fa la forza\u201d. Diversi modi di affrontare lo stesso problema, diverse menti che analizzano la stessa situazione da diversi punti di vista permette di ottenere risultati un tempo impensabili.<\/p><p>Un altro detto \u00e8 \u201cDue teste sono meglio di una\u201d e in genere \u00e8 vero: lo sforzo collettivo riesce a superare i limiti della singola persona.<\/p><p>E di limiti una persona ne ha a dozzine, ma il potenziale dell\u2019umanit\u00e0 si esprime superando ogni sfida che le si para davanti.<\/p><p>Ma basta parlare genericamente di scoperte e invenzioni e cominciamo il nostro viaggio con una singola domanda: <a href=\"https:\/\/ticino.com\/quando-fu-scoperta-lelettricita\/\">chi ha scoperto l\u2019elettricit\u00e0<\/a>?<\/p><p>A questa domanda, se potesse risponderci, la natura si farebbe probabilmente una grande risata: l\u2019elettricit\u00e0 \u00e8 parte del mondo naturale e lo \u00e8 stata sin dalla notte dei tempi. Per questo si parla di una scoperta e di un\u2019invenzione.<\/p><p>Ma anche in questo caso, si parla forse di un momento di illuminazione che port\u00f2 luce in un mondo altrimenti oscuro? Prima di questa scoperta, nessuno aveva mai avuto un\u2019idea di cosa fosse l\u2019elettricit\u00e0?<\/p><p>\u00c8 abbastanza arrogante, infatti, pensare di essere i primi ad avere una specifica idea: secondo il <a href=\"https:\/\/www.prb.org\/\">Population Reference Bureau<\/a>, al mondo hanno vissuto oltre 100 miliardi di persone e appare difficile immaginare che nessun altro prima del diciottesimo secolo dopo Cristo abbia notato la sua esistenza.<\/p><p>Infatti, la prima concezione di elettricit\u00e0 \u00e8 datata migliaia di anni, quando nell\u2019antico Egitto le persone cominciarono a notare alcune particolari capacit\u00e0 degli animali che nuotavano nel Nilo. All\u2019epoca esistevano gi\u00e0 animali che utilizzavano l\u2019elettricit\u00e0 come meccanismo di attacco o di difesa: anguille che vivono ancora oggi nei nostri fiumi e che sono capaci di emettere una scarica in grado di uccidere animali ben pi\u00f9 grandi di loro.<\/p>\t\t\t\t\t\t<\/div>\n\t\t\t\t<\/div>\n\t\t\t\t\t<\/div>\n\t\t<\/div>\n\t\t\t\t\t<\/div>\n\t\t<\/section>\n\t\t\t\t<section class=\"elementor-section elementor-top-section elementor-element elementor-element-53d4013 elementor-section-boxed elementor-section-height-default elementor-section-height-default\" data-id=\"53d4013\" data-element_type=\"section\">\n\t\t\t\t\t\t<div class=\"elementor-container elementor-column-gap-default\">\n\t\t\t\t\t<div class=\"elementor-column elementor-col-100 elementor-top-column elementor-element elementor-element-7d86a35\" data-id=\"7d86a35\" data-element_type=\"column\">\n\t\t\t<div class=\"elementor-widget-wrap elementor-element-populated\">\n\t\t\t\t\t\t<div class=\"elementor-element elementor-element-4e8ef74 elementor-widget elementor-widget-global elementor-global-9672 elementor-widget-toolset-view\" data-id=\"4e8ef74\" data-element_type=\"widget\" data-widget_type=\"toolset-view.default\">\n\t\t\t\t<div class=\"elementor-widget-container\">\n\t\t\t\n\n\n<div id=\"wpv-view-layout-9666\" class=\"js-wpv-view-layout js-wpv-layout-responsive js-wpv-view-layout-9666\" data-viewnumber=\"9666\" data-pagination=\"{&quot;id&quot;:9666,&quot;query&quot;:&quot;normal&quot;,&quot;type&quot;:&quot;disabled&quot;,&quot;effect&quot;:&quot;fade&quot;,&quot;duration&quot;:500,&quot;speed&quot;:5,&quot;pause_on_hover&quot;:&quot;disabled&quot;,&quot;stop_rollover&quot;:&quot;false&quot;,&quot;cache_pages&quot;:&quot;enabled&quot;,&quot;preload_images&quot;:&quot;enabled&quot;,&quot;preload_pages&quot;:&quot;enabled&quot;,&quot;preload_reach&quot;:1,&quot;spinner&quot;:&quot;builtin&quot;,&quot;spinner_image&quot;:&quot;https:\/\/ticino.com\/wp-content\/plugins\/wp-views\/embedded\/res\/img\/ajax-loader.gif&quot;,&quot;callback_next&quot;:&quot;&quot;,&quot;manage_history&quot;:&quot;enabled&quot;,&quot;has_controls_in_form&quot;:&quot;disabled&quot;,&quot;infinite_tolerance&quot;:&quot;0&quot;,&quot;max_pages&quot;:1,&quot;page&quot;:1,&quot;base_permalink&quot;:&quot;\/de\/wp-json\/wp\/v2\/posts\/13034?wpv_view_count=9666&amp;wpv_paged=WPV_PAGE_NUM&quot;,&quot;loop&quot;:{&quot;type&quot;:&quot;&quot;,&quot;name&quot;:&quot;&quot;,&quot;data&quot;:[],&quot;id&quot;:0}}\" data-permalink=\"\/de\/wp-json\/wp\/v2\/posts\/13034?wpv_view_count=9666\">\n\n\t\n\t\n\t\t\n          <a href=\"https:\/\/ticino.com\/de\/blog\/cosa-ha-inventato-marconi\/?ref=le-invenzioni-ieri-oggi-e-domani\" id=\"blockquote\">\n            <blockquote cite=\"https:\/\/ticino.com\/de\/blog\/cosa-ha-inventato-marconi\/\">\n              <p>Cosa ha inventato Marconi? Perch\u00e9 il suo nome \u00e8 stato assegnato a cos\u00ec tanti edifici pubblici e vie? E cosa c'entrano i fulmini?<\/p>\n\n              <br>\n              <div style=\"text-align:right; font-weight:200;\"><span style=\"font-family: 'Exo 2', Sans-serif;\">Leggi l'articolo<\/span> <i style=\"vertical-align: middle; font-weight:200;\" class=\"fas fa-angle-double-right\"><\/i> <\/div>\n            <\/blockquote>\n          <\/a>\n\t\t\n\t\n\t\n\t\n<\/div>\n\t\t<\/div>\n\t\t\t\t<\/div>\n\t\t\t\t\t<\/div>\n\t\t<\/div>\n\t\t\t\t\t<\/div>\n\t\t<\/section>\n\t\t\t\t<section class=\"elementor-section elementor-top-section elementor-element elementor-element-956eb76 elementor-section-boxed elementor-section-height-default elementor-section-height-default\" data-id=\"956eb76\" data-element_type=\"section\">\n\t\t\t\t\t\t<div class=\"elementor-container elementor-column-gap-default\">\n\t\t\t\t\t<div class=\"elementor-column elementor-col-100 elementor-top-column elementor-element elementor-element-2f05ccb\" data-id=\"2f05ccb\" data-element_type=\"column\">\n\t\t\t<div class=\"elementor-widget-wrap elementor-element-populated\">\n\t\t\t\t\t\t<div class=\"elementor-element elementor-element-ff49939 elementor-widget elementor-widget-text-editor\" data-id=\"ff49939\" data-element_type=\"widget\" data-widget_type=\"text-editor.default\">\n\t\t\t\t<div class=\"elementor-widget-container\">\n\t\t\t\t\t\t\t<p>Da queste prime idee, nacque un interesse nell\u2019umanit\u00e0 nei confronti di quel potere che venne portato avanti nel corso del tempo e, sebbene Benjamin Franklin sia il nome che viene pi\u00f9 frequentemente associato a questa scoperta grazie al suo enorme contributo, il merito non \u00e8 solo suo.<\/p><p>Da Galvani a Graham Bell, da William Gilbert a centinaia di altre persone che nel corso del tempo hanno contribuito al raggiungimento di questa scoperta.<\/p><p>La storia dell\u2019elettricit\u00e0 e di Benjamin Franklin ci mostra gi\u00e0 un\u2019importante verit\u00e0. Una verit\u00e0 difficile da accettare, ma prima di vedere di cosa si tratta, vediamo un altro esempio.<\/p><p>\u00a0<\/p><h2>Chi ha inventato il telefono?<\/h2><p>\u00a0<\/p><p>Sai <a href=\"https:\/\/ticino.com\/chi-ha-inventato-il-telefono\/\">chi ha inventato il telefono<\/a>? Qual \u00e8 il nome che si trova alle spalle di questa grande invenzione?<\/p><p>Come potrai immaginare, arrivati a questo punto, tanti sono i nomi che si sono succeduti nel corso del tempo e che hanno contribuito a questa invenzione. Da Weber e Gauss e il loro telegrafo a Innocenzo Manzetti e la sua teoria di telefono.<\/p><p>Ma anche parlando di chi si \u00e8 preso ufficialmente il merito di questa scoperta, il mondo della scienza \u00e8 diviso tra due nomi: da una parte troviamo Bell, il quale viene riconosciuto come il padre dell\u2019invenzione con un brevetto datato 1876, dall\u2019altra parte troviamo Antonio Meucci, il quale deteneva un brevetto nel 1871 ma che per motivi economici e sociali non fu in grado di mantenerne il possesso.<\/p><p>La storia di Meucci, triste nella sua attualit\u00e0, ci conferma la verit\u00e0 suggerita in precedenza dalla storia di Franklin.<\/p><p>\u00a0<\/p><h2>Il lato oscuro delle invenzioni<\/h2><p>\u00a0<\/p><p><img decoding=\"async\" class=\"aligncenter size-large wp-image-13081\" src=\"https:\/\/ticino.com\/wp-content\/uploads\/2021\/07\/british-library-atIgjLlFryg-unsplash-1024x689.jpg\" alt=\"\" width=\"800\" height=\"538\" srcset=\"https:\/\/ticino.com\/wp-content\/uploads\/2021\/07\/british-library-atIgjLlFryg-unsplash-1024x689.jpg 1024w, https:\/\/ticino.com\/wp-content\/uploads\/2021\/07\/british-library-atIgjLlFryg-unsplash-300x202.jpg 300w, https:\/\/ticino.com\/wp-content\/uploads\/2021\/07\/british-library-atIgjLlFryg-unsplash-768x517.jpg 768w, https:\/\/ticino.com\/wp-content\/uploads\/2021\/07\/british-library-atIgjLlFryg-unsplash-1536x1033.jpg 1536w, https:\/\/ticino.com\/wp-content\/uploads\/2021\/07\/british-library-atIgjLlFryg-unsplash-2048x1378.jpg 2048w\" sizes=\"(max-width: 800px) 100vw, 800px\"><\/p><p>\u00a0<\/p><p>Se \u00e8 vero che \u00e8 difficile che su cento miliardi di persone vissute al mondo un\u2019idea sia veramente originale, perch\u00e9 fino a un dato inventore non si \u00e8 realizzata?<\/p><p>Questo perch\u00e9 un\u2019invenzione, per vedere la luce, ha bisogno della concomitanza di diversi fattori.<\/p><p>Il primo \u00e8 il genio di una persona: non tutti hanno la preparazione e l\u2019intelligenza necessaria per essere dei pionieri nel mondo della scienza. \u00c8 necessario vedere il mondo con degli occhi ben precisi, i quali si rifiutano di vederlo per ci\u00f2 che \u00e8 e si ostinano a vederlo per ci\u00f2 che potrebbe essere.<\/p><p>Il secondo \u00e8 il passato. Una persona, infatti, si erge sulle spalle di coloro che l\u2019hanno preceduta e hanno gettato le basi per permettere a un\u2019idea di giungere nella corretta forma all\u2019inventore.<\/p><p>Come terzo fattore troviamo i mezzi: Meucci non ebbe i mezzi per promuovere e mantenere la propria invenzione, ma riusc\u00ec comunque a condizionare il mondo e a permettere la sua creazione di vedere la luce nello stesso periodo.<\/p><p>Poniamoci quindi le domande: \u201cQuanti Albert Einstein sono morti nei campi di cotone?\u201d \u201cQuanti Benjamin Franklin sono annegati durante una traversata in mare?\u201d \u201cQuanti Stephen Hawking non hanno mai potuto osservare le stelle perch\u00e9 avevano il volto premuto contro la polvere?\u201d<\/p><p>Questa \u00e8 una dura realt\u00e0 da accettare, ma il potenziale di una persona deve trovare le condizioni ideali per essere espresso.<\/p><p>Condizioni che oggi toccano pi\u00f9 persone rispetto che in passato ma che non sono ancora universali. Pi\u00f9 ci avvicineremo a un futuro in cui ognuno potr\u00e0 esprimere appieno il proprio potenziale, pi\u00f9 la scienza e la societ\u00e0 si evolveranno a velocit\u00e0 mai viste prima.<\/p><p>Un piccolo monito giunge infine, come dicevano le Parche nel celebre film di animazione della Disney: c\u2019\u00e8 un ostacolo che si trova sulla strada di questo futuro: il diritto d\u2019autore.<\/p><p>Al giorno d\u2019oggi tra leggi sul copyright, marchi registrati e diritti d\u2019autore \u00e8 sempre pi\u00f9 difficile poter sfruttare l\u2019operato altrui per costruire a nostra volta. Se \u00e8 essenziale essere riconosciuti per ci\u00f2 che facciamo, questi ostacoli minano quel processo collettivo che ha permesso a tante invenzioni di prendere forma.<\/p><p>Sar\u00e0 quindi difficile trovare un equilibrio, in questo senso, che ci permetta di sfruttare il potenziale dell\u2019umanit\u00e0 senza calpestare i diritti dell\u2019uomo singolo.<\/p><p>\u00a0<\/p>\t\t\t\t\t\t<\/div>\n\t\t\t\t<\/div>\n\t\t\t\t\t<\/div>\n\t\t<\/div>\n\t\t\t\t\t<\/div>\n\t\t<\/section>\n\t\t\t\t<\/div>\n\t\t","protected":false},"excerpt":{"rendered":"<p>Di quante invenzioni riesci a ricordare il nome dell\u2019inventore? A parte casi eccezionali, molto spesso la portata di una scoperta tende a nascondere completamente la persona che l\u2019ha fatta, tanto da essere conosciuta in tutto il mondo a discapito dell\u2019inventore. Di tanto in tanto, c\u2019\u00e8 un\u2019aura di mistero dietro al nome di un uomo o [&hellip;]<\/p>\n","protected":false},"author":138280480,"featured_media":13077,"comment_status":"open","ping_status":"open","sticky":false,"template":"","format":"standard","meta":{"footnotes":""},"categories":[44],"tags":[287,232],"class_list":["post-13034","post","type-post","status-publish","format-standard","has-post-thumbnail","hentry","category-approfondimenti","tag-scienza","tag-storia"],"yoast_head":"<!-- This site is optimized with the Yoast SEO Premium plugin v21.7 (Yoast SEO v23.7) - https:\/\/yoast.com\/wordpress\/plugins\/seo\/ -->\n<title>Le Invenzioni ieri, oggi e domani - Blog di Ticinocom<\/title>\n<meta name=\"description\" content=\"Le Invenzioni ieri, oggi e domani - Un approfondimento sul mondo delle invenzioni passate, presenti e future.\" \/>\n<meta name=\"robots\" content=\"index, follow, max-snippet:-1, max-image-preview:large, max-video-preview:-1\" \/>\n<link rel=\"canonical\" href=\"https:\/\/ticino.com\/de\/blog\/le-invenzioni-ieri-oggi-e-domani\/\" \/>\n<meta property=\"og:locale\" content=\"de_DE\" \/>\n<meta property=\"og:type\" content=\"article\" \/>\n<meta property=\"og:title\" content=\"Le Invenzioni ieri, oggi e domani\" \/>\n<meta property=\"og:description\" content=\"Le Invenzioni ieri, oggi e domani - Un approfondimento sul mondo delle invenzioni passate, presenti e future.\" \/>\n<meta property=\"og:url\" content=\"https:\/\/ticino.com\/de\/blog\/le-invenzioni-ieri-oggi-e-domani\/\" \/>\n<meta property=\"og:site_name\" content=\"Ticinocom SA\" \/>\n<meta property=\"article:publisher\" content=\"https:\/\/facebook.com\/ticinocom\" \/>\n<meta property=\"article:published_time\" content=\"2021-07-31T09:00:00+00:00\" \/>\n<meta property=\"article:modified_time\" content=\"2021-07-28T06:52:28+00:00\" \/>\n<meta property=\"og:image\" content=\"https:\/\/ticino.com\/wp-content\/uploads\/2021\/07\/Le-Invenzioni-ieri-oggi-e-domani.png\" \/>\n\t<meta property=\"og:image:width\" content=\"1080\" \/>\n\t<meta property=\"og:image:height\" content=\"1080\" \/>\n\t<meta property=\"og:image:type\" content=\"image\/png\" \/>\n<meta name=\"author\" content=\"Andrea Presenti\" \/>\n<meta name=\"twitter:card\" content=\"summary_large_image\" \/>\n<meta name=\"twitter:creator\" content=\"@and.presenti@gmail.com\" \/>\n<meta name=\"twitter:site\" content=\"@ticinocom\" \/>\n<meta name=\"twitter:label1\" content=\"Verfasst von\" \/>\n\t<meta name=\"twitter:data1\" content=\"Andrea Presenti\" \/>\n\t<meta name=\"twitter:label2\" content=\"Gesch\u00e4tzte Lesezeit\" \/>\n\t<meta name=\"twitter:data2\" content=\"7\u00a0Minuten\" \/>\n<script type=\"application\/ld+json\" class=\"yoast-schema-graph\">{\"@context\":\"https:\/\/schema.org\",\"@graph\":[{\"@type\":\"Article\",\"@id\":\"https:\/\/ticino.com\/de\/blog\/le-invenzioni-ieri-oggi-e-domani\/#article\",\"isPartOf\":{\"@id\":\"https:\/\/ticino.com\/de\/blog\/le-invenzioni-ieri-oggi-e-domani\/\"},\"author\":{\"name\":\"Andrea Presenti\",\"@id\":\"https:\/\/ticino.com\/de\/#\/schema\/person\/704df9c8d1af01bfa2367f9810ba319f\"},\"headline\":\"Le Invenzioni ieri, oggi e domani\",\"datePublished\":\"2021-07-31T09:00:00+00:00\",\"dateModified\":\"2021-07-28T06:52:28+00:00\",\"mainEntityOfPage\":{\"@id\":\"https:\/\/ticino.com\/de\/blog\/le-invenzioni-ieri-oggi-e-domani\/\"},\"wordCount\":1305,\"commentCount\":0,\"publisher\":{\"@id\":\"https:\/\/ticino.com\/de\/#organization\"},\"image\":{\"@id\":\"https:\/\/ticino.com\/de\/blog\/le-invenzioni-ieri-oggi-e-domani\/#primaryimage\"},\"thumbnailUrl\":\"https:\/\/ticino.com\/wp-content\/uploads\/2021\/07\/Le-Invenzioni-ieri-oggi-e-domani.png\",\"keywords\":[\"scienza\",\"storia\"],\"articleSection\":[\"Approfondimenti\"],\"inLanguage\":\"de\",\"potentialAction\":[{\"@type\":\"CommentAction\",\"name\":\"Comment\",\"target\":[\"https:\/\/ticino.com\/de\/blog\/le-invenzioni-ieri-oggi-e-domani\/#respond\"]}]},{\"@type\":\"WebPage\",\"@id\":\"https:\/\/ticino.com\/de\/blog\/le-invenzioni-ieri-oggi-e-domani\/\",\"url\":\"https:\/\/ticino.com\/de\/blog\/le-invenzioni-ieri-oggi-e-domani\/\",\"name\":\"Le Invenzioni ieri, oggi e domani - Blog di Ticinocom\",\"isPartOf\":{\"@id\":\"https:\/\/ticino.com\/de\/#website\"},\"primaryImageOfPage\":{\"@id\":\"https:\/\/ticino.com\/de\/blog\/le-invenzioni-ieri-oggi-e-domani\/#primaryimage\"},\"image\":{\"@id\":\"https:\/\/ticino.com\/de\/blog\/le-invenzioni-ieri-oggi-e-domani\/#primaryimage\"},\"thumbnailUrl\":\"https:\/\/ticino.com\/wp-content\/uploads\/2021\/07\/Le-Invenzioni-ieri-oggi-e-domani.png\",\"datePublished\":\"2021-07-31T09:00:00+00:00\",\"dateModified\":\"2021-07-28T06:52:28+00:00\",\"description\":\"Le Invenzioni ieri, oggi e domani - Un approfondimento sul mondo delle invenzioni passate, presenti e future.\",\"breadcrumb\":{\"@id\":\"https:\/\/ticino.com\/de\/blog\/le-invenzioni-ieri-oggi-e-domani\/#breadcrumb\"},\"inLanguage\":\"de\",\"potentialAction\":[{\"@type\":\"ReadAction\",\"target\":[\"https:\/\/ticino.com\/de\/blog\/le-invenzioni-ieri-oggi-e-domani\/\"]}]},{\"@type\":\"ImageObject\",\"inLanguage\":\"de\",\"@id\":\"https:\/\/ticino.com\/de\/blog\/le-invenzioni-ieri-oggi-e-domani\/#primaryimage\",\"url\":\"https:\/\/ticino.com\/wp-content\/uploads\/2021\/07\/Le-Invenzioni-ieri-oggi-e-domani.png\",\"contentUrl\":\"https:\/\/ticino.com\/wp-content\/uploads\/2021\/07\/Le-Invenzioni-ieri-oggi-e-domani.png\",\"width\":1080,\"height\":1080},{\"@type\":\"BreadcrumbList\",\"@id\":\"https:\/\/ticino.com\/de\/blog\/le-invenzioni-ieri-oggi-e-domani\/#breadcrumb\",\"itemListElement\":[{\"@type\":\"ListItem\",\"position\":1,\"name\":\"Home\",\"item\":\"https:\/\/ticino.com\/de\/\"},{\"@type\":\"ListItem\",\"position\":2,\"name\":\"Le Invenzioni ieri, oggi e domani\"}]},{\"@type\":\"WebSite\",\"@id\":\"https:\/\/ticino.com\/de\/#website\",\"url\":\"https:\/\/ticino.com\/de\/\",\"name\":\"Ticinocom SA\",\"description\":\"Internet 100% made in Ticino\",\"publisher\":{\"@id\":\"https:\/\/ticino.com\/de\/#organization\"},\"potentialAction\":[{\"@type\":\"SearchAction\",\"target\":{\"@type\":\"EntryPoint\",\"urlTemplate\":\"https:\/\/ticino.com\/de\/?s={search_term_string}\"},\"query-input\":{\"@type\":\"PropertyValueSpecification\",\"valueRequired\":true,\"valueName\":\"search_term_string\"}}],\"inLanguage\":\"de\"},{\"@type\":\"Organization\",\"@id\":\"https:\/\/ticino.com\/de\/#organization\",\"name\":\"Ticinocom SA\",\"url\":\"https:\/\/ticino.com\/de\/\",\"logo\":{\"@type\":\"ImageObject\",\"inLanguage\":\"de\",\"@id\":\"https:\/\/ticino.com\/de\/#\/schema\/logo\/image\/\",\"url\":\"https:\/\/ticino.com\/wp-content\/uploads\/2020\/09\/ticinocom-logo.png\",\"contentUrl\":\"https:\/\/ticino.com\/wp-content\/uploads\/2020\/09\/ticinocom-logo.png\",\"width\":508,\"height\":84,\"caption\":\"Ticinocom SA\"},\"image\":{\"@id\":\"https:\/\/ticino.com\/de\/#\/schema\/logo\/image\/\"},\"sameAs\":[\"https:\/\/facebook.com\/ticinocom\",\"https:\/\/x.com\/ticinocom\",\"https:\/\/instagram.com\/ticinocomsa\",\"https:\/\/linkedin.com\/company\/ticinocom\"]},{\"@type\":\"Person\",\"@id\":\"https:\/\/ticino.com\/de\/#\/schema\/person\/704df9c8d1af01bfa2367f9810ba319f\",\"name\":\"Andrea Presenti\",\"image\":{\"@type\":\"ImageObject\",\"inLanguage\":\"de\",\"@id\":\"https:\/\/ticino.com\/de\/#\/schema\/person\/image\/\",\"url\":\"https:\/\/secure.gravatar.com\/avatar\/5a718af3bb087a1ea5755cde0e2a740d?s=96&d=mm&r=g\",\"contentUrl\":\"https:\/\/secure.gravatar.com\/avatar\/5a718af3bb087a1ea5755cde0e2a740d?s=96&d=mm&r=g\",\"caption\":\"Andrea Presenti\"},\"description\":\"Andrea Presenti, nato nel 21\/04\/1992, \u00e8 uno scrittore tecnico pubblicitario che lavora nel settore dal 2016, dopo aver conseguito un corso di Scrittura Creativa presso la Scuola Internazionale di Comics. Ha collaborato con aziende di tutto il mondo per la stesura di testi ed \u00e8 Lead Editor di Ticinocom dal 2019.\",\"sameAs\":[\"https:\/\/x.com\/and.presenti@gmail.com\"],\"url\":\"https:\/\/ticino.com\/de\/author\/and-presentigmail-com\/\"}]}<\/script>\n<!-- \/ Yoast SEO Premium plugin. -->","yoast_head_json":{"title":"Le Invenzioni ieri, oggi e domani - Blog di Ticinocom","description":"Le Invenzioni ieri, oggi e domani - Un approfondimento sul mondo delle invenzioni passate, presenti e future.","robots":{"index":"index","follow":"follow","max-snippet":"max-snippet:-1","max-image-preview":"max-image-preview:large","max-video-preview":"max-video-preview:-1"},"canonical":"https:\/\/ticino.com\/de\/blog\/le-invenzioni-ieri-oggi-e-domani\/","og_locale":"de_DE","og_type":"article","og_title":"Le Invenzioni ieri, oggi e domani","og_description":"Le Invenzioni ieri, oggi e domani - Un approfondimento sul mondo delle invenzioni passate, presenti e future.","og_url":"https:\/\/ticino.com\/de\/blog\/le-invenzioni-ieri-oggi-e-domani\/","og_site_name":"Ticinocom SA","article_publisher":"https:\/\/facebook.com\/ticinocom","article_published_time":"2021-07-31T09:00:00+00:00","article_modified_time":"2021-07-28T06:52:28+00:00","og_image":[{"width":1080,"height":1080,"url":"https:\/\/ticino.com\/wp-content\/uploads\/2021\/07\/Le-Invenzioni-ieri-oggi-e-domani.png","type":"image\/png"}],"author":"Andrea Presenti","twitter_card":"summary_large_image","twitter_creator":"@and.presenti@gmail.com","twitter_site":"@ticinocom","twitter_misc":{"Verfasst von":"Andrea Presenti","Gesch\u00e4tzte Lesezeit":"7\u00a0Minuten"},"schema":{"@context":"https:\/\/schema.org","@graph":[{"@type":"Article","@id":"https:\/\/ticino.com\/de\/blog\/le-invenzioni-ieri-oggi-e-domani\/#article","isPartOf":{"@id":"https:\/\/ticino.com\/de\/blog\/le-invenzioni-ieri-oggi-e-domani\/"},"author":{"name":"Andrea Presenti","@id":"https:\/\/ticino.com\/de\/#\/schema\/person\/704df9c8d1af01bfa2367f9810ba319f"},"headline":"Le Invenzioni ieri, oggi e domani","datePublished":"2021-07-31T09:00:00+00:00","dateModified":"2021-07-28T06:52:28+00:00","mainEntityOfPage":{"@id":"https:\/\/ticino.com\/de\/blog\/le-invenzioni-ieri-oggi-e-domani\/"},"wordCount":1305,"commentCount":0,"publisher":{"@id":"https:\/\/ticino.com\/de\/#organization"},"image":{"@id":"https:\/\/ticino.com\/de\/blog\/le-invenzioni-ieri-oggi-e-domani\/#primaryimage"},"thumbnailUrl":"https:\/\/ticino.com\/wp-content\/uploads\/2021\/07\/Le-Invenzioni-ieri-oggi-e-domani.png","keywords":["scienza","storia"],"articleSection":["Approfondimenti"],"inLanguage":"de","potentialAction":[{"@type":"CommentAction","name":"Comment","target":["https:\/\/ticino.com\/de\/blog\/le-invenzioni-ieri-oggi-e-domani\/#respond"]}]},{"@type":"WebPage","@id":"https:\/\/ticino.com\/de\/blog\/le-invenzioni-ieri-oggi-e-domani\/","url":"https:\/\/ticino.com\/de\/blog\/le-invenzioni-ieri-oggi-e-domani\/","name":"Le Invenzioni ieri, oggi e domani - Blog di Ticinocom","isPartOf":{"@id":"https:\/\/ticino.com\/de\/#website"},"primaryImageOfPage":{"@id":"https:\/\/ticino.com\/de\/blog\/le-invenzioni-ieri-oggi-e-domani\/#primaryimage"},"image":{"@id":"https:\/\/ticino.com\/de\/blog\/le-invenzioni-ieri-oggi-e-domani\/#primaryimage"},"thumbnailUrl":"https:\/\/ticino.com\/wp-content\/uploads\/2021\/07\/Le-Invenzioni-ieri-oggi-e-domani.png","datePublished":"2021-07-31T09:00:00+00:00","dateModified":"2021-07-28T06:52:28+00:00","description":"Le Invenzioni ieri, oggi e domani - Un approfondimento sul mondo delle invenzioni passate, presenti e future.","breadcrumb":{"@id":"https:\/\/ticino.com\/de\/blog\/le-invenzioni-ieri-oggi-e-domani\/#breadcrumb"},"inLanguage":"de","potentialAction":[{"@type":"ReadAction","target":["https:\/\/ticino.com\/de\/blog\/le-invenzioni-ieri-oggi-e-domani\/"]}]},{"@type":"ImageObject","inLanguage":"de","@id":"https:\/\/ticino.com\/de\/blog\/le-invenzioni-ieri-oggi-e-domani\/#primaryimage","url":"https:\/\/ticino.com\/wp-content\/uploads\/2021\/07\/Le-Invenzioni-ieri-oggi-e-domani.png","contentUrl":"https:\/\/ticino.com\/wp-content\/uploads\/2021\/07\/Le-Invenzioni-ieri-oggi-e-domani.png","width":1080,"height":1080},{"@type":"BreadcrumbList","@id":"https:\/\/ticino.com\/de\/blog\/le-invenzioni-ieri-oggi-e-domani\/#breadcrumb","itemListElement":[{"@type":"ListItem","position":1,"name":"Home","item":"https:\/\/ticino.com\/de\/"},{"@type":"ListItem","position":2,"name":"Le Invenzioni ieri, oggi e domani"}]},{"@type":"WebSite","@id":"https:\/\/ticino.com\/de\/#website","url":"https:\/\/ticino.com\/de\/","name":"Ticinocom SA","description":"Internet 100% made in Ticino","publisher":{"@id":"https:\/\/ticino.com\/de\/#organization"},"potentialAction":[{"@type":"SearchAction","target":{"@type":"EntryPoint","urlTemplate":"https:\/\/ticino.com\/de\/?s={search_term_string}"},"query-input":{"@type":"PropertyValueSpecification","valueRequired":true,"valueName":"search_term_string"}}],"inLanguage":"de"},{"@type":"Organization","@id":"https:\/\/ticino.com\/de\/#organization","name":"Ticinocom SA","url":"https:\/\/ticino.com\/de\/","logo":{"@type":"ImageObject","inLanguage":"de","@id":"https:\/\/ticino.com\/de\/#\/schema\/logo\/image\/","url":"https:\/\/ticino.com\/wp-content\/uploads\/2020\/09\/ticinocom-logo.png","contentUrl":"https:\/\/ticino.com\/wp-content\/uploads\/2020\/09\/ticinocom-logo.png","width":508,"height":84,"caption":"Ticinocom SA"},"image":{"@id":"https:\/\/ticino.com\/de\/#\/schema\/logo\/image\/"},"sameAs":["https:\/\/facebook.com\/ticinocom","https:\/\/x.com\/ticinocom","https:\/\/instagram.com\/ticinocomsa","https:\/\/linkedin.com\/company\/ticinocom"]},{"@type":"Person","@id":"https:\/\/ticino.com\/de\/#\/schema\/person\/704df9c8d1af01bfa2367f9810ba319f","name":"Andrea Presenti","image":{"@type":"ImageObject","inLanguage":"de","@id":"https:\/\/ticino.com\/de\/#\/schema\/person\/image\/","url":"https:\/\/secure.gravatar.com\/avatar\/5a718af3bb087a1ea5755cde0e2a740d?s=96&d=mm&r=g","contentUrl":"https:\/\/secure.gravatar.com\/avatar\/5a718af3bb087a1ea5755cde0e2a740d?s=96&d=mm&r=g","caption":"Andrea Presenti"},"description":"Andrea Presenti, nato nel 21\/04\/1992, \u00e8 uno scrittore tecnico pubblicitario che lavora nel settore dal 2016, dopo aver conseguito un corso di Scrittura Creativa presso la Scuola Internazionale di Comics. Ha collaborato con aziende di tutto il mondo per la stesura di testi ed \u00e8 Lead Editor di Ticinocom dal 2019.","sameAs":["https:\/\/x.com\/and.presenti@gmail.com"],"url":"https:\/\/ticino.com\/de\/author\/and-presentigmail-com\/"}]}},"_links":{"self":[{"href":"https:\/\/ticino.com\/de\/wp-json\/wp\/v2\/posts\/13034"}],"collection":[{"href":"https:\/\/ticino.com\/de\/wp-json\/wp\/v2\/posts"}],"about":[{"href":"https:\/\/ticino.com\/de\/wp-json\/wp\/v2\/types\/post"}],"author":[{"embeddable":true,"href":"https:\/\/ticino.com\/de\/wp-json\/wp\/v2\/users\/138280480"}],"replies":[{"embeddable":true,"href":"https:\/\/ticino.com\/de\/wp-json\/wp\/v2\/comments?post=13034"}],"version-history":[{"count":0,"href":"https:\/\/ticino.com\/de\/wp-json\/wp\/v2\/posts\/13034\/revisions"}],"wp:featuredmedia":[{"embeddable":true,"href":"https:\/\/ticino.com\/de\/wp-json\/wp\/v2\/media\/13077"}],"wp:attachment":[{"href":"https:\/\/ticino.com\/de\/wp-json\/wp\/v2\/media?parent=13034"}],"wp:term":[{"taxonomy":"category","embeddable":true,"href":"https:\/\/ticino.com\/de\/wp-json\/wp\/v2\/categories?post=13034"},{"taxonomy":"post_tag","embeddable":true,"href":"https:\/\/ticino.com\/de\/wp-json\/wp\/v2\/tags?post=13034"}],"curies":[{"name":"wp","href":"https:\/\/api.w.org\/{rel}","templated":true}]}}