{"id":13020,"date":"2021-07-24T11:00:00","date_gmt":"2021-07-24T09:00:00","guid":{"rendered":"https:\/\/ticino.com\/?p=13020"},"modified":"2021-07-23T11:04:51","modified_gmt":"2021-07-23T09:04:51","slug":"come-e-cambiata-la-nostra-vita-negli-ultimi-25-anni","status":"publish","type":"post","link":"https:\/\/ticino.com\/de\/blog\/come-e-cambiata-la-nostra-vita-negli-ultimi-25-anni\/","title":{"rendered":"Come \u00e8 cambiata la nostra vita negli ultimi 25 anni?"},"content":{"rendered":"\t\t<div data-elementor-type=\"wp-post\" data-elementor-id=\"13020\" class=\"elementor elementor-13020\" data-elementor-post-type=\"post\">\n\t\t\t\t\t\t<section class=\"elementor-section elementor-top-section elementor-element elementor-element-d95c24f elementor-section-boxed elementor-section-height-default elementor-section-height-default\" data-id=\"d95c24f\" data-element_type=\"section\">\n\t\t\t\t\t\t<div class=\"elementor-container elementor-column-gap-default\">\n\t\t\t\t\t<div class=\"elementor-column elementor-col-100 elementor-top-column elementor-element elementor-element-a3d209c\" data-id=\"a3d209c\" data-element_type=\"column\">\n\t\t\t<div class=\"elementor-widget-wrap elementor-element-populated\">\n\t\t\t\t\t\t<div class=\"elementor-element elementor-element-0a3ed70 elementor-widget elementor-widget-text-editor\" data-id=\"0a3ed70\" data-element_type=\"widget\" data-widget_type=\"text-editor.default\">\n\t\t\t\t<div class=\"elementor-widget-container\">\n\t\t\t\t\t\t\t<p>Quest\u2019anno abbiamo celebrato i venticinque anni di attivit\u00e0 dell\u2019azienda, un periodo di tempo impressionante nel moderno settore delle telecomunicazioni. Venticinque anni in cui non solo Ticinocom \u00e8 cambiata radicalmente pur mantenendo la propria visione originale, ma in cui la vita cos\u00ec come la conosciamo ha continuato a evolversi.<\/p><p>Al centro di questa trasformazione troviamo l\u2019evoluzione culturale e sociale che ha contraddistinto i movimenti pi\u00f9 importanti degli ultimi anni e il progresso tecnologico che li ha accompagnati.<\/p><p>Per celebrare il quarto di secolo insieme, quindi, abbiamo deciso di volgere lo sguardo indietro e osservare il percorso che ha compiuto l\u2019umanit\u00e0 da un punto di vista tecnologico.<\/p><p>Un passo indietro, quindi, per prendere un maggiore slancio in vista del futuro.<\/p><p>Vi ricordate come era la vita venticinque anni fa? Sicuramente alla mente arrivano profumi e sapori diversi. La nostalgia ci abbraccia ogni volta che volgiamo lo sguardo verso il passato, soprattutto se in quel periodo abbiamo vissuto la nostra giovinezza.<\/p><p>Tempi pi\u00f9 semplici, si \u00e8 soliti pensare, ma lo erano davvero? Probabilmente c\u2019erano meno pensieri e la nostalgia \u00e8 un\u2019ottima livella che assottiglia le preoccupazioni, vediamo quindi quali tecnologie che oggi usiamo tutti i giorni non c\u2019erano all\u2019epoca.<\/p><p>\u00a0<\/p><h2>Nascita ed evoluzione di Internet<\/h2><p>\u00a0<\/p><p><img fetchpriority=\"high\" decoding=\"async\" class=\"aligncenter size-large wp-image-13038\" src=\"https:\/\/ticino.com\/wp-content\/uploads\/2021\/07\/linkedin-sales-solutions-UK1N66KUkMk-unsplash-1024x683.jpg\" alt=\"Come \u00e8 cambiata la nostra vita negli ultimi 25 anni grazie alla tecnologia?\" width=\"800\" height=\"534\" srcset=\"https:\/\/ticino.com\/wp-content\/uploads\/2021\/07\/linkedin-sales-solutions-UK1N66KUkMk-unsplash-1024x683.jpg 1024w, https:\/\/ticino.com\/wp-content\/uploads\/2021\/07\/linkedin-sales-solutions-UK1N66KUkMk-unsplash-300x200.jpg 300w, https:\/\/ticino.com\/wp-content\/uploads\/2021\/07\/linkedin-sales-solutions-UK1N66KUkMk-unsplash-768x512.jpg 768w, https:\/\/ticino.com\/wp-content\/uploads\/2021\/07\/linkedin-sales-solutions-UK1N66KUkMk-unsplash-1536x1024.jpg 1536w, https:\/\/ticino.com\/wp-content\/uploads\/2021\/07\/linkedin-sales-solutions-UK1N66KUkMk-unsplash-2048x1365.jpg 2048w\" sizes=\"(max-width: 800px) 100vw, 800px\"><\/p><p>\u00a0<\/p><p>Innanzitutto, voglio sconvolgerti: venticinque anni fa era il 1996. Curiosamente la percezione del tempo cambia di persona in persona. Un ragazzo che ha vissuto la propria adolescenza durante gli anni 2000, infatti, se deve pensare a venti anni fa tender\u00e0 a immaginare il 1980. E ogni volta la dura verit\u00e0 ci colpisce diritta nello stomaco.<\/p><p>Dal 1996 a oggi, sicuramente uno degli aspetti che ha visto la maggiore diffusione \u00e8 stato Internet. La sua diffusione \u00e8 cominciata nel 1993 e ha raggiunto le centinaia di milioni di utenti nel 1998. Se le origini si trovano quindi oltre questi venticinque anni, sicuramente possono essere considerati gli anni d\u2019oro dell\u2019epoca digitale.<\/p><p>Un esempio concreto \u00e8 YouTube: la piattaforma di condivisione video, oggi utilizzata quotidianamente dalla maggior parte delle persone del mondo, ha visto la sua nascita solo nel 2005. Sedici anni, quindi, sebbene per molti sembra essere l\u00ec da sempre.<\/p><p>Prima di YouTube, i video potevano essere condivisi su altre piattaforme, ma la loro portata era molto pi\u00f9 limitata e soprattutto non erano ancora nate le figure degli Youtuber e influencer.<\/p><p>Negli ultimi anni, infatti, \u00e8 stata sdoganata la porta verso la fama: se un tempo si guardava ad attori e cantanti come personaggi mitologici che erano riusciti dove tutti gli altri fallivano, oggi esistono degli influencer sul web che godono di un seguito pi\u00f9 grande rispetto a qualsiasi altro attore.<\/p><p>Bambini che diventano milionari con i loro video sui giocattoli e streamer seguiti da migliaia di persone durante le loro dirette su Twitch.<\/p><p>Quest\u2019ultima piattaforma \u00e8 gi\u00e0 pi\u00f9 recente e in molti si ricordano i tempi prima della nascita della pi\u00f9 grande piattaforma di streaming, sebbene potrebbe sorprendere scoprire che sia stata fondata nel 2011, ben dieci anni fa.<\/p><p>Non preoccuparti: non ho intenzione di elencare tutti i siti che sono divenuti un cardine della nostra quotidianit\u00e0 negli ultimi anni, poich\u00e9 questo podcast potrebbe durare giorni altrimenti!<\/p><p>Ma \u00e8 bene ricordare qualche altro nome senza il quale oggi la nostra vita non sarebbe la stessa.<\/p><p>Per quanto sia stata fondata nel 1994, Amazon ha visto i suoi primi profitti solo nel 2002, per poi esplodere nei due decenni successivi.<\/p><p>Se un tempo dovevamo spostarci, coprendo anche grandi distanze, per acquistare un oggetto che ci mancava, oggi non \u00e8 pi\u00f9 cos\u00ec: non solo possiamo ricevere pi\u00f9 o meno qualsiasi bene direttamente a casa nostra, ma nei centri pi\u00f9 avanzati si parla di consegne che possono essere calcolate non in giorni, ma ore.<\/p><p>Netflix e tutti gli altri servizi di streaming ha completamente rivoluzionato il mondo dell\u2019intrattenimento: un tempo potevamo vedere solo una manciata di film, i quali seguivano una rigida programmazione. Le serie TV facevano uscire un episodio a settimana, mentre oggi \u00e8 un\u2019abitudine sempre pi\u00f9 marcata quella di vedersi un\u2019intera stagione in un arco di tempo di una brevit\u00e0 preoccupante.<\/p><p>Facebook, lanciata nel 2004, ci ha permesso di annichilire le distanze tra le persone e riscoprire amici e familiari scomparsi nelle trame del tempo e dello spazio.<\/p><p>Insomma: Internet ha sicuramente rivoluzionato la propria vita, nel bene e nel male. Sarebbe onestamente difficile immaginare la vita di oggi senza l\u2019ausilio di questa potentissima <a href=\"https:\/\/ticino.com\/de\/wiki\/tecnologia\/\" target=\"_self\" title=\"La &quot;Tecnologia&quot; pu\u00f2 avere molteplici significati e spesso viene accostata a una specifica brancia della scienza. Sul nostro sito la utilizziamo nella sua forma pi\u00f9 generica, ovvero l'insieme di scoperte e invenzioni che l'uomo ha fatto alterando la natura per i suoi scopi. Tecnologia \u00e8 quindi la creazione di un oggetto non presente in natura,\u2026\" class=\"encyclopedia\">tecnologia<\/a>, poich\u00e9 sempre pi\u00f9 innovazioni si basano su di essa.<\/p><p>\u00a0<\/p><h2>Tecnologia e umanit\u00e0<\/h2><p>\u00a0<\/p><p><img decoding=\"async\" class=\"aligncenter size-large wp-image-13036\" src=\"https:\/\/ticino.com\/wp-content\/uploads\/2021\/07\/markus-winkler-4oc8J17cit0-unsplash-1024x683.jpg\" alt=\"Come \u00e8 cambiata la nostra vita negli ultimi 25 anni grazie alla tecnologia?\" width=\"800\" height=\"534\" srcset=\"https:\/\/ticino.com\/wp-content\/uploads\/2021\/07\/markus-winkler-4oc8J17cit0-unsplash-1024x683.jpg 1024w, https:\/\/ticino.com\/wp-content\/uploads\/2021\/07\/markus-winkler-4oc8J17cit0-unsplash-300x200.jpg 300w, https:\/\/ticino.com\/wp-content\/uploads\/2021\/07\/markus-winkler-4oc8J17cit0-unsplash-768x512.jpg 768w, https:\/\/ticino.com\/wp-content\/uploads\/2021\/07\/markus-winkler-4oc8J17cit0-unsplash-1536x1024.jpg 1536w, https:\/\/ticino.com\/wp-content\/uploads\/2021\/07\/markus-winkler-4oc8J17cit0-unsplash-2048x1365.jpg 2048w\" sizes=\"(max-width: 800px) 100vw, 800px\"><\/p><p>\u00a0<\/p><p>Prima ho parlato di lotte sociali: sempre pi\u00f9 persone stanno combattendo per un mondo pi\u00f9 equo, poich\u00e9 sappiamo di essere tutti uguali a prescindere delle differenze che ci rendono unici.<\/p><p>Un valido aiuto \u00e8 stato l\u2019avvento dei kit per l\u2019analisi del DNA ancestrale. Sebbene la loro efficacia sia oggetto di discussione, scoprire che i propri antenati venivano da varie parti del mondo ha permesso di aprire gli occhi a tantissime persone.<\/p><p>Un tipo di tecnologia che rappresenta semplicemente il coronamento del processo di integrazione che sta andando avanti da secoli a questa parte, nella speranza che i prossimi venticinque anni vedano ancora meno discriminazioni e dolore.<\/p>\t\t\t\t\t\t<\/div>\n\t\t\t\t<\/div>\n\t\t\t\t\t<\/div>\n\t\t<\/div>\n\t\t\t\t\t<\/div>\n\t\t<\/section>\n\t\t\t\t<section class=\"elementor-section elementor-top-section elementor-element elementor-element-22965cb elementor-section-boxed elementor-section-height-default elementor-section-height-default\" data-id=\"22965cb\" data-element_type=\"section\">\n\t\t\t\t\t\t<div class=\"elementor-container elementor-column-gap-default\">\n\t\t\t\t\t<div class=\"elementor-column elementor-col-100 elementor-top-column elementor-element elementor-element-6182325\" data-id=\"6182325\" data-element_type=\"column\">\n\t\t\t<div class=\"elementor-widget-wrap elementor-element-populated\">\n\t\t\t\t\t\t<div class=\"elementor-element elementor-element-c1ff8d6 elementor-widget elementor-widget-global elementor-global-9672 elementor-widget-toolset-view\" data-id=\"c1ff8d6\" data-element_type=\"widget\" data-widget_type=\"toolset-view.default\">\n\t\t\t\t<div class=\"elementor-widget-container\">\n\t\t\t\n\n\n<div id=\"wpv-view-layout-9666\" class=\"js-wpv-view-layout js-wpv-layout-responsive js-wpv-view-layout-9666\" data-viewnumber=\"9666\" data-pagination=\"{&quot;id&quot;:9666,&quot;query&quot;:&quot;normal&quot;,&quot;type&quot;:&quot;disabled&quot;,&quot;effect&quot;:&quot;fade&quot;,&quot;duration&quot;:500,&quot;speed&quot;:5,&quot;pause_on_hover&quot;:&quot;disabled&quot;,&quot;stop_rollover&quot;:&quot;false&quot;,&quot;cache_pages&quot;:&quot;enabled&quot;,&quot;preload_images&quot;:&quot;enabled&quot;,&quot;preload_pages&quot;:&quot;enabled&quot;,&quot;preload_reach&quot;:1,&quot;spinner&quot;:&quot;builtin&quot;,&quot;spinner_image&quot;:&quot;https:\/\/ticino.com\/wp-content\/plugins\/wp-views\/embedded\/res\/img\/ajax-loader.gif&quot;,&quot;callback_next&quot;:&quot;&quot;,&quot;manage_history&quot;:&quot;enabled&quot;,&quot;has_controls_in_form&quot;:&quot;disabled&quot;,&quot;infinite_tolerance&quot;:&quot;0&quot;,&quot;max_pages&quot;:1,&quot;page&quot;:1,&quot;base_permalink&quot;:&quot;\/de\/wp-json\/wp\/v2\/posts\/13020?wpv_view_count=9666&amp;wpv_paged=WPV_PAGE_NUM&quot;,&quot;loop&quot;:{&quot;type&quot;:&quot;&quot;,&quot;name&quot;:&quot;&quot;,&quot;data&quot;:[],&quot;id&quot;:0}}\" data-permalink=\"\/de\/wp-json\/wp\/v2\/posts\/13020?wpv_view_count=9666\">\n\n\t\n\t\n\t\t\n          <a href=\"https:\/\/ticino.com\/de\/blog\/quando-fu-inventata-la-televisione\/?ref=come-e-cambiata-la-nostra-vita-negli-ultimi-25-anni\" id=\"blockquote\">\n            <blockquote cite=\"https:\/\/ticino.com\/de\/blog\/quando-fu-inventata-la-televisione\/\">\n              <p>Quando fu inventata la televisione? Chi \u00e8 l\u2019inventore dietro questa scoperta rivoluzionaria? E come \u00e8 cambiata da allora?<\/p>\n\n              <br>\n              <div style=\"text-align:right; font-weight:200;\"><span style=\"font-family: 'Exo 2', Sans-serif;\">Leggi l'articolo<\/span> <i style=\"vertical-align: middle; font-weight:200;\" class=\"fas fa-angle-double-right\"><\/i> <\/div>\n            <\/blockquote>\n          <\/a>\n\t\t\n\t\n\t\n\t\n<\/div>\n\t\t<\/div>\n\t\t\t\t<\/div>\n\t\t\t\t\t<\/div>\n\t\t<\/div>\n\t\t\t\t\t<\/div>\n\t\t<\/section>\n\t\t\t\t<section class=\"elementor-section elementor-top-section elementor-element elementor-element-9938ce2 elementor-section-boxed elementor-section-height-default elementor-section-height-default\" data-id=\"9938ce2\" data-element_type=\"section\">\n\t\t\t\t\t\t<div class=\"elementor-container elementor-column-gap-default\">\n\t\t\t\t\t<div class=\"elementor-column elementor-col-100 elementor-top-column elementor-element elementor-element-44d8ede\" data-id=\"44d8ede\" data-element_type=\"column\">\n\t\t\t<div class=\"elementor-widget-wrap elementor-element-populated\">\n\t\t\t\t\t\t<div class=\"elementor-element elementor-element-a88585d elementor-widget elementor-widget-text-editor\" data-id=\"a88585d\" data-element_type=\"widget\" data-widget_type=\"text-editor.default\">\n\t\t\t\t<div class=\"elementor-widget-container\">\n\t\t\t\t\t\t\t<p>In questo senso, questo quarto di secolo assume un valore ancora pi\u00f9 importante di quanto non avesse gi\u00e0 in precedenza.<\/p><p>La tecnologia \u00e8 stata piegata per il bene comune: le stampanti 3D figlie di questo periodo di tempo, permettono di portare strumenti dove prima non era possibile e agire in luogo per migliorare la vita delle persone. La medicina continua la propria lotta senza fine, permettendo oggi di trattare con maggior successo malattie che un tempo era una condanna certa: tumori, HIV e ricerche sul morbo di Alzheimer.<\/p><p>Chiaramente la tecnologia ha il suo rovescio della medaglia, ma solitamente ci si concentra troppo sul prezzo da pagare senza tenere di conto di ci\u00f2 che abbiamo acquistato.<\/p><p>\u00a0<\/p><h2>L\u2019avvento delle case smart<\/h2><p>\u00a0<\/p><p>Per chiudere con un tono pi\u00f9 leggero, torniamo nuovamente indietro nel tempo: nel 1996, avresti mai immaginato di parlare con la tua casa? Beh, sicuramente qualcuno che parlava con la sua dimora esisteva anche all\u2019epoca, ma solitamente i muri non rispondevano.<\/p><p>Dal 2011 le cose sono cambiate: i primi assistenti vocali fanno la comparsa sugli smartphone e negli anni successivi di sono diffusi anche nelle nostre case.<\/p><p>Sebbene la tecnologia smart non sia ancora condivisa dalla maggior parte delle persone, viviamo gi\u00e0 in una realt\u00e0 in cui \u00e8 possibile dialogare con la propria casa. \u00c8 possibile controllare luci, riscaldamento, elettrodomestici e fare la spesa semplicemente parlando, stando seduti sul divano.<\/p><p>L\u2019aspetto ancora pi\u00f9 impressionante \u00e8 l\u2019arco di tempo molto ristretto che ha visto la nascita di questa tecnologia: sebbene comandi vocali venissero utilizzati gi\u00e0 nel lontano 1911, negli ultimi nove anni siamo passati dal primo assistente vocale a case gestite completamente con la propria voce.<\/p><p>Nove anni i quali, da un punto di vista di storia umana, non sono che una goccia di acqua nell\u2019oceano: la tecnologia, ovvero i primi rudimentali utensili in pietra, \u00e8 datata circa due milioni e mezzo di anni fa. Cinquemila anni fa l\u2019uomo cominciava a premere sull\u2019acceleratore, inventando la scrittura e dando origine alla vera e propria Storia.<\/p><p>Nell\u2019ultimo secolo la scienza ha fatto dei balzi da gigante in ogni settore e negli ultimi venticinque anni questa curva tecnologica si \u00e8 fatta ancora pi\u00f9 marcata.<\/p><p>Per questo motivo non possiamo fare a meno di gettare uno sguardo verso il futuro, anche quando parliamo del passato. Come un maratoneta che, appena ripreso fiato, comincia a pensare alla prossima gara, cos\u00ec anche noi non possiamo fare a meno di chiederci che cosa ci attenda nei prossimi venticinque anni.<\/p><p>Quali sfide dovremo affrontare e quali risultati riusciremo a raggiungere: come abbiamo sempre fatto, ci poniamo degli obbiettivi ma il mondo \u00e8 sempre riuscito a meravigliarci e a superare ogni aspettativa. Considerato quanto sia cambiata la nostra vita negli ultimi venticinque anni, \u00e8 difficile immagine che cosa ci aspetti nel prossimo quarto di secolo.<\/p><p>Quest\u2019anno abbiamo celebrato questo traguardo con articoli su blog, podcast e video su Youtube. Chi pu\u00f2 sapere in che modo comunicheremo con i nostri utenti tra venticinque anni. Ma quello che sappiamo \u00e8 che affronteremo questo percorso insieme, come abbiamo sempre fatto.<\/p><p>\u00a0<\/p>\t\t\t\t\t\t<\/div>\n\t\t\t\t<\/div>\n\t\t\t\t\t<\/div>\n\t\t<\/div>\n\t\t\t\t\t<\/div>\n\t\t<\/section>\n\t\t\t\t<\/div>\n\t\t","protected":false},"excerpt":{"rendered":"<p>Quest\u2019anno abbiamo celebrato i venticinque anni di attivit\u00e0 dell\u2019azienda, un periodo di tempo impressionante nel moderno settore delle telecomunicazioni. Venticinque anni in cui non solo Ticinocom \u00e8 cambiata radicalmente pur mantenendo la propria visione originale, ma in cui la vita cos\u00ec come la conosciamo ha continuato a evolversi. Al centro di questa trasformazione troviamo l\u2019evoluzione [&hellip;]<\/p>\n","protected":false},"author":138280480,"featured_media":13040,"comment_status":"open","ping_status":"open","sticky":false,"template":"","format":"standard","meta":{"footnotes":""},"categories":[44],"tags":[232,82],"class_list":["post-13020","post","type-post","status-publish","format-standard","has-post-thumbnail","hentry","category-approfondimenti","tag-storia","tag-tecnologia"],"yoast_head":"<!-- This site is optimized with the Yoast SEO Premium plugin v21.7 (Yoast SEO v23.7) - https:\/\/yoast.com\/wordpress\/plugins\/seo\/ -->\n<title>Come \u00e8 cambiata la nostra vita negli ultimi 25 anni grazie alla tecnologia?<\/title>\n<meta name=\"description\" content=\"Come \u00e8 cambiata la nostra vita negli ultimi 25 anni grazie alla tecnologia? Scopriamolo insieme con questo approfondimento.\" \/>\n<meta name=\"robots\" content=\"index, follow, max-snippet:-1, max-image-preview:large, max-video-preview:-1\" \/>\n<link rel=\"canonical\" href=\"https:\/\/ticino.com\/de\/blog\/come-e-cambiata-la-nostra-vita-negli-ultimi-25-anni\/\" \/>\n<meta property=\"og:locale\" content=\"de_DE\" \/>\n<meta property=\"og:type\" content=\"article\" \/>\n<meta property=\"og:title\" content=\"Come \u00e8 cambiata la nostra vita negli ultimi 25 anni?\" \/>\n<meta property=\"og:description\" content=\"Come \u00e8 cambiata la nostra vita negli ultimi 25 anni grazie alla tecnologia? Scopriamolo insieme con questo approfondimento.\" \/>\n<meta property=\"og:url\" content=\"https:\/\/ticino.com\/de\/blog\/come-e-cambiata-la-nostra-vita-negli-ultimi-25-anni\/\" \/>\n<meta property=\"og:site_name\" content=\"Ticinocom SA\" \/>\n<meta property=\"article:publisher\" content=\"https:\/\/facebook.com\/ticinocom\" \/>\n<meta property=\"article:published_time\" content=\"2021-07-24T09:00:00+00:00\" \/>\n<meta property=\"article:modified_time\" content=\"2021-07-23T09:04:51+00:00\" \/>\n<meta property=\"og:image\" content=\"https:\/\/ticino.com\/wp-content\/uploads\/2021\/07\/Come-cambiata-la-nostra-vita-negli-ultimi-25-anni-grazie-alla-tecnologia-5.png\" \/>\n\t<meta property=\"og:image:width\" content=\"1080\" \/>\n\t<meta property=\"og:image:height\" content=\"1080\" \/>\n\t<meta property=\"og:image:type\" content=\"image\/png\" \/>\n<meta name=\"author\" content=\"Andrea Presenti\" \/>\n<meta name=\"twitter:card\" content=\"summary_large_image\" \/>\n<meta name=\"twitter:creator\" content=\"@and.presenti@gmail.com\" \/>\n<meta name=\"twitter:site\" content=\"@ticinocom\" \/>\n<meta name=\"twitter:label1\" content=\"Verfasst von\" \/>\n\t<meta name=\"twitter:data1\" content=\"Andrea Presenti\" \/>\n\t<meta name=\"twitter:label2\" content=\"Gesch\u00e4tzte Lesezeit\" \/>\n\t<meta name=\"twitter:data2\" content=\"7\u00a0Minuten\" \/>\n<script type=\"application\/ld+json\" class=\"yoast-schema-graph\">{\"@context\":\"https:\/\/schema.org\",\"@graph\":[{\"@type\":\"Article\",\"@id\":\"https:\/\/ticino.com\/de\/blog\/come-e-cambiata-la-nostra-vita-negli-ultimi-25-anni\/#article\",\"isPartOf\":{\"@id\":\"https:\/\/ticino.com\/de\/blog\/come-e-cambiata-la-nostra-vita-negli-ultimi-25-anni\/\"},\"author\":{\"name\":\"Andrea Presenti\",\"@id\":\"https:\/\/ticino.com\/de\/#\/schema\/person\/704df9c8d1af01bfa2367f9810ba319f\"},\"headline\":\"Come \u00e8 cambiata la nostra vita negli ultimi 25 anni?\",\"datePublished\":\"2021-07-24T09:00:00+00:00\",\"dateModified\":\"2021-07-23T09:04:51+00:00\",\"mainEntityOfPage\":{\"@id\":\"https:\/\/ticino.com\/de\/blog\/come-e-cambiata-la-nostra-vita-negli-ultimi-25-anni\/\"},\"wordCount\":1383,\"commentCount\":0,\"publisher\":{\"@id\":\"https:\/\/ticino.com\/de\/#organization\"},\"image\":{\"@id\":\"https:\/\/ticino.com\/de\/blog\/come-e-cambiata-la-nostra-vita-negli-ultimi-25-anni\/#primaryimage\"},\"thumbnailUrl\":\"https:\/\/ticino.com\/wp-content\/uploads\/2021\/07\/Come-cambiata-la-nostra-vita-negli-ultimi-25-anni-grazie-alla-tecnologia-5.png\",\"keywords\":[\"storia\",\"tecnologia\"],\"articleSection\":[\"Approfondimenti\"],\"inLanguage\":\"de\",\"potentialAction\":[{\"@type\":\"CommentAction\",\"name\":\"Comment\",\"target\":[\"https:\/\/ticino.com\/de\/blog\/come-e-cambiata-la-nostra-vita-negli-ultimi-25-anni\/#respond\"]}]},{\"@type\":\"WebPage\",\"@id\":\"https:\/\/ticino.com\/de\/blog\/come-e-cambiata-la-nostra-vita-negli-ultimi-25-anni\/\",\"url\":\"https:\/\/ticino.com\/de\/blog\/come-e-cambiata-la-nostra-vita-negli-ultimi-25-anni\/\",\"name\":\"Come \u00e8 cambiata la nostra vita negli ultimi 25 anni grazie alla tecnologia?\",\"isPartOf\":{\"@id\":\"https:\/\/ticino.com\/de\/#website\"},\"primaryImageOfPage\":{\"@id\":\"https:\/\/ticino.com\/de\/blog\/come-e-cambiata-la-nostra-vita-negli-ultimi-25-anni\/#primaryimage\"},\"image\":{\"@id\":\"https:\/\/ticino.com\/de\/blog\/come-e-cambiata-la-nostra-vita-negli-ultimi-25-anni\/#primaryimage\"},\"thumbnailUrl\":\"https:\/\/ticino.com\/wp-content\/uploads\/2021\/07\/Come-cambiata-la-nostra-vita-negli-ultimi-25-anni-grazie-alla-tecnologia-5.png\",\"datePublished\":\"2021-07-24T09:00:00+00:00\",\"dateModified\":\"2021-07-23T09:04:51+00:00\",\"description\":\"Come \u00e8 cambiata la nostra vita negli ultimi 25 anni grazie alla tecnologia? Scopriamolo insieme con questo approfondimento.\",\"breadcrumb\":{\"@id\":\"https:\/\/ticino.com\/de\/blog\/come-e-cambiata-la-nostra-vita-negli-ultimi-25-anni\/#breadcrumb\"},\"inLanguage\":\"de\",\"potentialAction\":[{\"@type\":\"ReadAction\",\"target\":[\"https:\/\/ticino.com\/de\/blog\/come-e-cambiata-la-nostra-vita-negli-ultimi-25-anni\/\"]}]},{\"@type\":\"ImageObject\",\"inLanguage\":\"de\",\"@id\":\"https:\/\/ticino.com\/de\/blog\/come-e-cambiata-la-nostra-vita-negli-ultimi-25-anni\/#primaryimage\",\"url\":\"https:\/\/ticino.com\/wp-content\/uploads\/2021\/07\/Come-cambiata-la-nostra-vita-negli-ultimi-25-anni-grazie-alla-tecnologia-5.png\",\"contentUrl\":\"https:\/\/ticino.com\/wp-content\/uploads\/2021\/07\/Come-cambiata-la-nostra-vita-negli-ultimi-25-anni-grazie-alla-tecnologia-5.png\",\"width\":1080,\"height\":1080,\"caption\":\"Come \u00e8 cambiata la nostra vita negli ultimi 25 anni grazie alla tecnologia?\"},{\"@type\":\"BreadcrumbList\",\"@id\":\"https:\/\/ticino.com\/de\/blog\/come-e-cambiata-la-nostra-vita-negli-ultimi-25-anni\/#breadcrumb\",\"itemListElement\":[{\"@type\":\"ListItem\",\"position\":1,\"name\":\"Home\",\"item\":\"https:\/\/ticino.com\/de\/\"},{\"@type\":\"ListItem\",\"position\":2,\"name\":\"Come \u00e8 cambiata la nostra vita negli ultimi 25 anni?\"}]},{\"@type\":\"WebSite\",\"@id\":\"https:\/\/ticino.com\/de\/#website\",\"url\":\"https:\/\/ticino.com\/de\/\",\"name\":\"Ticinocom SA\",\"description\":\"Internet 100% made in Ticino\",\"publisher\":{\"@id\":\"https:\/\/ticino.com\/de\/#organization\"},\"potentialAction\":[{\"@type\":\"SearchAction\",\"target\":{\"@type\":\"EntryPoint\",\"urlTemplate\":\"https:\/\/ticino.com\/de\/?s={search_term_string}\"},\"query-input\":{\"@type\":\"PropertyValueSpecification\",\"valueRequired\":true,\"valueName\":\"search_term_string\"}}],\"inLanguage\":\"de\"},{\"@type\":\"Organization\",\"@id\":\"https:\/\/ticino.com\/de\/#organization\",\"name\":\"Ticinocom SA\",\"url\":\"https:\/\/ticino.com\/de\/\",\"logo\":{\"@type\":\"ImageObject\",\"inLanguage\":\"de\",\"@id\":\"https:\/\/ticino.com\/de\/#\/schema\/logo\/image\/\",\"url\":\"https:\/\/ticino.com\/wp-content\/uploads\/2020\/09\/ticinocom-logo.png\",\"contentUrl\":\"https:\/\/ticino.com\/wp-content\/uploads\/2020\/09\/ticinocom-logo.png\",\"width\":508,\"height\":84,\"caption\":\"Ticinocom SA\"},\"image\":{\"@id\":\"https:\/\/ticino.com\/de\/#\/schema\/logo\/image\/\"},\"sameAs\":[\"https:\/\/facebook.com\/ticinocom\",\"https:\/\/x.com\/ticinocom\",\"https:\/\/instagram.com\/ticinocomsa\",\"https:\/\/linkedin.com\/company\/ticinocom\"]},{\"@type\":\"Person\",\"@id\":\"https:\/\/ticino.com\/de\/#\/schema\/person\/704df9c8d1af01bfa2367f9810ba319f\",\"name\":\"Andrea Presenti\",\"image\":{\"@type\":\"ImageObject\",\"inLanguage\":\"de\",\"@id\":\"https:\/\/ticino.com\/de\/#\/schema\/person\/image\/\",\"url\":\"https:\/\/secure.gravatar.com\/avatar\/5a718af3bb087a1ea5755cde0e2a740d?s=96&d=mm&r=g\",\"contentUrl\":\"https:\/\/secure.gravatar.com\/avatar\/5a718af3bb087a1ea5755cde0e2a740d?s=96&d=mm&r=g\",\"caption\":\"Andrea Presenti\"},\"description\":\"Andrea Presenti, nato nel 21\/04\/1992, \u00e8 uno scrittore tecnico pubblicitario che lavora nel settore dal 2016, dopo aver conseguito un corso di Scrittura Creativa presso la Scuola Internazionale di Comics. Ha collaborato con aziende di tutto il mondo per la stesura di testi ed \u00e8 Lead Editor di Ticinocom dal 2019.\",\"sameAs\":[\"https:\/\/x.com\/and.presenti@gmail.com\"],\"url\":\"https:\/\/ticino.com\/de\/author\/and-presentigmail-com\/\"}]}<\/script>\n<!-- \/ Yoast SEO Premium plugin. -->","yoast_head_json":{"title":"Come \u00e8 cambiata la nostra vita negli ultimi 25 anni grazie alla tecnologia?","description":"Come \u00e8 cambiata la nostra vita negli ultimi 25 anni grazie alla tecnologia? Scopriamolo insieme con questo approfondimento.","robots":{"index":"index","follow":"follow","max-snippet":"max-snippet:-1","max-image-preview":"max-image-preview:large","max-video-preview":"max-video-preview:-1"},"canonical":"https:\/\/ticino.com\/de\/blog\/come-e-cambiata-la-nostra-vita-negli-ultimi-25-anni\/","og_locale":"de_DE","og_type":"article","og_title":"Come \u00e8 cambiata la nostra vita negli ultimi 25 anni?","og_description":"Come \u00e8 cambiata la nostra vita negli ultimi 25 anni grazie alla tecnologia? Scopriamolo insieme con questo approfondimento.","og_url":"https:\/\/ticino.com\/de\/blog\/come-e-cambiata-la-nostra-vita-negli-ultimi-25-anni\/","og_site_name":"Ticinocom SA","article_publisher":"https:\/\/facebook.com\/ticinocom","article_published_time":"2021-07-24T09:00:00+00:00","article_modified_time":"2021-07-23T09:04:51+00:00","og_image":[{"width":1080,"height":1080,"url":"https:\/\/ticino.com\/wp-content\/uploads\/2021\/07\/Come-cambiata-la-nostra-vita-negli-ultimi-25-anni-grazie-alla-tecnologia-5.png","type":"image\/png"}],"author":"Andrea Presenti","twitter_card":"summary_large_image","twitter_creator":"@and.presenti@gmail.com","twitter_site":"@ticinocom","twitter_misc":{"Verfasst von":"Andrea Presenti","Gesch\u00e4tzte Lesezeit":"7\u00a0Minuten"},"schema":{"@context":"https:\/\/schema.org","@graph":[{"@type":"Article","@id":"https:\/\/ticino.com\/de\/blog\/come-e-cambiata-la-nostra-vita-negli-ultimi-25-anni\/#article","isPartOf":{"@id":"https:\/\/ticino.com\/de\/blog\/come-e-cambiata-la-nostra-vita-negli-ultimi-25-anni\/"},"author":{"name":"Andrea Presenti","@id":"https:\/\/ticino.com\/de\/#\/schema\/person\/704df9c8d1af01bfa2367f9810ba319f"},"headline":"Come \u00e8 cambiata la nostra vita negli ultimi 25 anni?","datePublished":"2021-07-24T09:00:00+00:00","dateModified":"2021-07-23T09:04:51+00:00","mainEntityOfPage":{"@id":"https:\/\/ticino.com\/de\/blog\/come-e-cambiata-la-nostra-vita-negli-ultimi-25-anni\/"},"wordCount":1383,"commentCount":0,"publisher":{"@id":"https:\/\/ticino.com\/de\/#organization"},"image":{"@id":"https:\/\/ticino.com\/de\/blog\/come-e-cambiata-la-nostra-vita-negli-ultimi-25-anni\/#primaryimage"},"thumbnailUrl":"https:\/\/ticino.com\/wp-content\/uploads\/2021\/07\/Come-cambiata-la-nostra-vita-negli-ultimi-25-anni-grazie-alla-tecnologia-5.png","keywords":["storia","tecnologia"],"articleSection":["Approfondimenti"],"inLanguage":"de","potentialAction":[{"@type":"CommentAction","name":"Comment","target":["https:\/\/ticino.com\/de\/blog\/come-e-cambiata-la-nostra-vita-negli-ultimi-25-anni\/#respond"]}]},{"@type":"WebPage","@id":"https:\/\/ticino.com\/de\/blog\/come-e-cambiata-la-nostra-vita-negli-ultimi-25-anni\/","url":"https:\/\/ticino.com\/de\/blog\/come-e-cambiata-la-nostra-vita-negli-ultimi-25-anni\/","name":"Come \u00e8 cambiata la nostra vita negli ultimi 25 anni grazie alla tecnologia?","isPartOf":{"@id":"https:\/\/ticino.com\/de\/#website"},"primaryImageOfPage":{"@id":"https:\/\/ticino.com\/de\/blog\/come-e-cambiata-la-nostra-vita-negli-ultimi-25-anni\/#primaryimage"},"image":{"@id":"https:\/\/ticino.com\/de\/blog\/come-e-cambiata-la-nostra-vita-negli-ultimi-25-anni\/#primaryimage"},"thumbnailUrl":"https:\/\/ticino.com\/wp-content\/uploads\/2021\/07\/Come-cambiata-la-nostra-vita-negli-ultimi-25-anni-grazie-alla-tecnologia-5.png","datePublished":"2021-07-24T09:00:00+00:00","dateModified":"2021-07-23T09:04:51+00:00","description":"Come \u00e8 cambiata la nostra vita negli ultimi 25 anni grazie alla tecnologia? Scopriamolo insieme con questo approfondimento.","breadcrumb":{"@id":"https:\/\/ticino.com\/de\/blog\/come-e-cambiata-la-nostra-vita-negli-ultimi-25-anni\/#breadcrumb"},"inLanguage":"de","potentialAction":[{"@type":"ReadAction","target":["https:\/\/ticino.com\/de\/blog\/come-e-cambiata-la-nostra-vita-negli-ultimi-25-anni\/"]}]},{"@type":"ImageObject","inLanguage":"de","@id":"https:\/\/ticino.com\/de\/blog\/come-e-cambiata-la-nostra-vita-negli-ultimi-25-anni\/#primaryimage","url":"https:\/\/ticino.com\/wp-content\/uploads\/2021\/07\/Come-cambiata-la-nostra-vita-negli-ultimi-25-anni-grazie-alla-tecnologia-5.png","contentUrl":"https:\/\/ticino.com\/wp-content\/uploads\/2021\/07\/Come-cambiata-la-nostra-vita-negli-ultimi-25-anni-grazie-alla-tecnologia-5.png","width":1080,"height":1080,"caption":"Come \u00e8 cambiata la nostra vita negli ultimi 25 anni grazie alla tecnologia?"},{"@type":"BreadcrumbList","@id":"https:\/\/ticino.com\/de\/blog\/come-e-cambiata-la-nostra-vita-negli-ultimi-25-anni\/#breadcrumb","itemListElement":[{"@type":"ListItem","position":1,"name":"Home","item":"https:\/\/ticino.com\/de\/"},{"@type":"ListItem","position":2,"name":"Come \u00e8 cambiata la nostra vita negli ultimi 25 anni?"}]},{"@type":"WebSite","@id":"https:\/\/ticino.com\/de\/#website","url":"https:\/\/ticino.com\/de\/","name":"Ticinocom SA","description":"Internet 100% made in Ticino","publisher":{"@id":"https:\/\/ticino.com\/de\/#organization"},"potentialAction":[{"@type":"SearchAction","target":{"@type":"EntryPoint","urlTemplate":"https:\/\/ticino.com\/de\/?s={search_term_string}"},"query-input":{"@type":"PropertyValueSpecification","valueRequired":true,"valueName":"search_term_string"}}],"inLanguage":"de"},{"@type":"Organization","@id":"https:\/\/ticino.com\/de\/#organization","name":"Ticinocom SA","url":"https:\/\/ticino.com\/de\/","logo":{"@type":"ImageObject","inLanguage":"de","@id":"https:\/\/ticino.com\/de\/#\/schema\/logo\/image\/","url":"https:\/\/ticino.com\/wp-content\/uploads\/2020\/09\/ticinocom-logo.png","contentUrl":"https:\/\/ticino.com\/wp-content\/uploads\/2020\/09\/ticinocom-logo.png","width":508,"height":84,"caption":"Ticinocom SA"},"image":{"@id":"https:\/\/ticino.com\/de\/#\/schema\/logo\/image\/"},"sameAs":["https:\/\/facebook.com\/ticinocom","https:\/\/x.com\/ticinocom","https:\/\/instagram.com\/ticinocomsa","https:\/\/linkedin.com\/company\/ticinocom"]},{"@type":"Person","@id":"https:\/\/ticino.com\/de\/#\/schema\/person\/704df9c8d1af01bfa2367f9810ba319f","name":"Andrea Presenti","image":{"@type":"ImageObject","inLanguage":"de","@id":"https:\/\/ticino.com\/de\/#\/schema\/person\/image\/","url":"https:\/\/secure.gravatar.com\/avatar\/5a718af3bb087a1ea5755cde0e2a740d?s=96&d=mm&r=g","contentUrl":"https:\/\/secure.gravatar.com\/avatar\/5a718af3bb087a1ea5755cde0e2a740d?s=96&d=mm&r=g","caption":"Andrea Presenti"},"description":"Andrea Presenti, nato nel 21\/04\/1992, \u00e8 uno scrittore tecnico pubblicitario che lavora nel settore dal 2016, dopo aver conseguito un corso di Scrittura Creativa presso la Scuola Internazionale di Comics. Ha collaborato con aziende di tutto il mondo per la stesura di testi ed \u00e8 Lead Editor di Ticinocom dal 2019.","sameAs":["https:\/\/x.com\/and.presenti@gmail.com"],"url":"https:\/\/ticino.com\/de\/author\/and-presentigmail-com\/"}]}},"_links":{"self":[{"href":"https:\/\/ticino.com\/de\/wp-json\/wp\/v2\/posts\/13020"}],"collection":[{"href":"https:\/\/ticino.com\/de\/wp-json\/wp\/v2\/posts"}],"about":[{"href":"https:\/\/ticino.com\/de\/wp-json\/wp\/v2\/types\/post"}],"author":[{"embeddable":true,"href":"https:\/\/ticino.com\/de\/wp-json\/wp\/v2\/users\/138280480"}],"replies":[{"embeddable":true,"href":"https:\/\/ticino.com\/de\/wp-json\/wp\/v2\/comments?post=13020"}],"version-history":[{"count":0,"href":"https:\/\/ticino.com\/de\/wp-json\/wp\/v2\/posts\/13020\/revisions"}],"wp:featuredmedia":[{"embeddable":true,"href":"https:\/\/ticino.com\/de\/wp-json\/wp\/v2\/media\/13040"}],"wp:attachment":[{"href":"https:\/\/ticino.com\/de\/wp-json\/wp\/v2\/media?parent=13020"}],"wp:term":[{"taxonomy":"category","embeddable":true,"href":"https:\/\/ticino.com\/de\/wp-json\/wp\/v2\/categories?post=13020"},{"taxonomy":"post_tag","embeddable":true,"href":"https:\/\/ticino.com\/de\/wp-json\/wp\/v2\/tags?post=13020"}],"curies":[{"name":"wp","href":"https:\/\/api.w.org\/{rel}","templated":true}]}}