{"id":12891,"date":"2021-07-12T11:00:00","date_gmt":"2021-07-12T09:00:00","guid":{"rendered":"https:\/\/ticino.com\/?p=12891"},"modified":"2021-07-10T11:08:31","modified_gmt":"2021-07-10T09:08:31","slug":"chi-e-stato-il-primo-uomo-sulla-luna","status":"publish","type":"post","link":"https:\/\/ticino.com\/de\/blog\/chi-e-stato-il-primo-uomo-sulla-luna\/","title":{"rendered":"Chi \u00e8 stato il primo uomo sulla Luna?"},"content":{"rendered":"\t\t<div data-elementor-type=\"wp-post\" data-elementor-id=\"12891\" class=\"elementor elementor-12891\" data-elementor-post-type=\"post\">\n\t\t\t\t\t\t<section class=\"elementor-section elementor-top-section elementor-element elementor-element-5dbe83b elementor-section-boxed elementor-section-height-default elementor-section-height-default\" data-id=\"5dbe83b\" data-element_type=\"section\">\n\t\t\t\t\t\t<div class=\"elementor-container elementor-column-gap-default\">\n\t\t\t\t\t<div class=\"elementor-column elementor-col-100 elementor-top-column elementor-element elementor-element-faaab5b\" data-id=\"faaab5b\" data-element_type=\"column\">\n\t\t\t<div class=\"elementor-widget-wrap elementor-element-populated\">\n\t\t\t\t\t\t<div class=\"elementor-element elementor-element-c9ac2c7 elementor-widget elementor-widget-text-editor\" data-id=\"c9ac2c7\" data-element_type=\"widget\" data-widget_type=\"text-editor.default\">\n\t\t\t\t<div class=\"elementor-widget-container\">\n\t\t\t\t\t\t\t<p>Delle tante imprese compiute dal genere umano, la conquista del nostro satellite preferito, ovvero la Luna, \u00e8 sicuramente una delle pi\u00f9 romantiche e storiche. Nonostante oggi ci siano tante persone che negano questa conquista del genere umano, la versione ufficiale data dalla scienza \u00e8 ancora quella dell\u2019allunaggio, per questo ci baseremo su di essa per il nostro articolo (come abbiamo sempre fatto parlando di scienza e <a href=\"https:\/\/ticino.com\/de\/wiki\/tecnologia\/\" target=\"_self\" title=\"La &quot;Tecnologia&quot; pu\u00f2 avere molteplici significati e spesso viene accostata a una specifica brancia della scienza. Sul nostro sito la utilizziamo nella sua forma pi\u00f9 generica, ovvero l'insieme di scoperte e invenzioni che l'uomo ha fatto alterando la natura per i suoi scopi. Tecnologia \u00e8 quindi la creazione di un oggetto non presente in natura,\u2026\" class=\"encyclopedia\">tecnologia<\/a>).<\/p><p>Ripercorriamo quindi i passi dei due uomini che per primi sono arrivati sulla Luna e delle loro reazioni di fronte a questa impresa.<\/p><p>\u00a0<\/p><h2>L\u2019allunaggio e Neil Armstrong<\/h2><p>\u00a0<\/p><p><img fetchpriority=\"high\" decoding=\"async\" class=\"aligncenter size-large wp-image-12897\" src=\"https:\/\/ticino.com\/wp-content\/uploads\/2021\/07\/nasa-hpt0AJPZ0Aw-unsplash-1024x824.jpg\" alt=\"Chi \u00e8 stato il primo uomo sulla Luna?\" width=\"800\" height=\"644\" srcset=\"https:\/\/ticino.com\/wp-content\/uploads\/2021\/07\/nasa-hpt0AJPZ0Aw-unsplash-1024x824.jpg 1024w, https:\/\/ticino.com\/wp-content\/uploads\/2021\/07\/nasa-hpt0AJPZ0Aw-unsplash-300x241.jpg 300w, https:\/\/ticino.com\/wp-content\/uploads\/2021\/07\/nasa-hpt0AJPZ0Aw-unsplash-768x618.jpg 768w, https:\/\/ticino.com\/wp-content\/uploads\/2021\/07\/nasa-hpt0AJPZ0Aw-unsplash-1536x1236.jpg 1536w, https:\/\/ticino.com\/wp-content\/uploads\/2021\/07\/nasa-hpt0AJPZ0Aw-unsplash-2048x1648.jpg 2048w\" sizes=\"(max-width: 800px) 100vw, 800px\"><\/p><p>\u00a0<\/p><p>\u00a0<\/p><p>Torniamo indietro di 52 anni. Il 20 luglio del 1969, l\u2019Apollo 11 (un nome che sarebbe diventato leggenda) permise a due astronauti di mettere piede sul suolo lunare. In realt\u00e0 c\u2019era anche un terzo astronauta, ovvero il pilota del modulo di comando, che viene spesso dimenticato ma che merita una menzione d\u2019onore.<\/p><p>Il suo nome era Michael Collins e non ebbe mai la fortuna di scendere sulla Luna, ma rimase in orbita per circa 9 ore mentre i due protagonisti raccoglievano materiale lunare (sei ore di allunaggio e quasi tre ore di raccolta).<\/p><p>Il primo che imprese la propria impronta sulla Luna fu Neil Armstrong, probabilmente l\u2019astronauta pi\u00f9 famoso del mondo, il quale scese dalla navicella alle 02:56 del 21 luglio. La frase detta da Armstrong \u00e8 pi\u00f9 famosa dello stesso astronauta: \u201cThat\u2019s one small step for a man, one giant leap for mankind\u201d.<\/p><p>La quale pu\u00f2 essere tradotta pi\u00f9 o meno con: \u201cQuesto \u00e8 un piccolo passo per un uomo, un enorme balzo per l\u2019umanit\u00e0\u201d, a rappresentare l\u2019importanza dell\u2019impresa che stava per compiere.<\/p><p>Questa frase sarebbe poi diventata parte della cultura popolare e avrebbe visto citazioni e parodie in centinaia di film e serie TV.<\/p><p>Neil Armstrong nacque il 5 agosto del 1930, aveva quindi quasi 39 anni quando raggiunse la Luna e sarebbe morto solamente nel 2012, venti giorni dopo il suo compleanno, all\u2019et\u00e0 di 82 anni.<\/p><p>\u00c8 interessante vedere quindi che un evento cos\u00ec importante come l\u2019allunaggio, che molti vedono come l\u2019apice della vita di un uomo, in realt\u00e0 avvenne a neanche met\u00e0 della sua e che visse pi\u00f9 anni dopo essere andato sulla Luna di quanti ne aveva vissuti prima.<\/p><p>\u00c8 importante quindi ricordare questi uomini per i loro traguardi, ma non ridurli a una sola data o conquista.<\/p>\t\t\t\t\t\t<\/div>\n\t\t\t\t<\/div>\n\t\t\t\t\t<\/div>\n\t\t<\/div>\n\t\t\t\t\t<\/div>\n\t\t<\/section>\n\t\t\t\t<section class=\"elementor-section elementor-top-section elementor-element elementor-element-7f60400 elementor-section-boxed elementor-section-height-default elementor-section-height-default\" data-id=\"7f60400\" data-element_type=\"section\">\n\t\t\t\t\t\t<div class=\"elementor-container elementor-column-gap-default\">\n\t\t\t\t\t<div class=\"elementor-column elementor-col-100 elementor-top-column elementor-element elementor-element-02ab483\" data-id=\"02ab483\" data-element_type=\"column\">\n\t\t\t<div class=\"elementor-widget-wrap elementor-element-populated\">\n\t\t\t\t\t\t<div class=\"elementor-element elementor-element-7d438f2 elementor-widget elementor-widget-global elementor-global-9672 elementor-widget-toolset-view\" data-id=\"7d438f2\" data-element_type=\"widget\" data-widget_type=\"toolset-view.default\">\n\t\t\t\t<div class=\"elementor-widget-container\">\n\t\t\t\n\n\n<div id=\"wpv-view-layout-9666\" class=\"js-wpv-view-layout js-wpv-layout-responsive js-wpv-view-layout-9666\" data-viewnumber=\"9666\" data-pagination=\"{&quot;id&quot;:9666,&quot;query&quot;:&quot;normal&quot;,&quot;type&quot;:&quot;disabled&quot;,&quot;effect&quot;:&quot;fade&quot;,&quot;duration&quot;:500,&quot;speed&quot;:5,&quot;pause_on_hover&quot;:&quot;disabled&quot;,&quot;stop_rollover&quot;:&quot;false&quot;,&quot;cache_pages&quot;:&quot;enabled&quot;,&quot;preload_images&quot;:&quot;enabled&quot;,&quot;preload_pages&quot;:&quot;enabled&quot;,&quot;preload_reach&quot;:1,&quot;spinner&quot;:&quot;builtin&quot;,&quot;spinner_image&quot;:&quot;https:\/\/ticino.com\/wp-content\/plugins\/wp-views\/embedded\/res\/img\/ajax-loader.gif&quot;,&quot;callback_next&quot;:&quot;&quot;,&quot;manage_history&quot;:&quot;enabled&quot;,&quot;has_controls_in_form&quot;:&quot;disabled&quot;,&quot;infinite_tolerance&quot;:&quot;0&quot;,&quot;max_pages&quot;:1,&quot;page&quot;:1,&quot;base_permalink&quot;:&quot;\/de\/wp-json\/wp\/v2\/posts\/12891?wpv_view_count=9666&amp;wpv_paged=WPV_PAGE_NUM&quot;,&quot;loop&quot;:{&quot;type&quot;:&quot;&quot;,&quot;name&quot;:&quot;&quot;,&quot;data&quot;:[],&quot;id&quot;:0}}\" data-permalink=\"\/de\/wp-json\/wp\/v2\/posts\/12891?wpv_view_count=9666\">\n\n\t\n\t\n\t\t\n          <a href=\"https:\/\/ticino.com\/de\/blog\/cosa-ha-inventato-galileo-galilei\/?ref=chi-e-stato-il-primo-uomo-sulla-luna\" id=\"blockquote\">\n            <blockquote cite=\"https:\/\/ticino.com\/de\/blog\/cosa-ha-inventato-galileo-galilei\/\">\n              <p>Cosa ha inventato Galileo Galilei? E disse veramente \u201cEppur si muove\u201d? E di quale invenzione ha perso la paternit\u00e0 poich\u00e9 cieco?<\/p>\n\n              <br>\n              <div style=\"text-align:right; font-weight:200;\"><span style=\"font-family: 'Exo 2', Sans-serif;\">Leggi l'articolo<\/span> <i style=\"vertical-align: middle; font-weight:200;\" class=\"fas fa-angle-double-right\"><\/i> <\/div>\n            <\/blockquote>\n          <\/a>\n\t\t\n\t\n\t\n\t\n<\/div>\n\t\t<\/div>\n\t\t\t\t<\/div>\n\t\t\t\t\t<\/div>\n\t\t<\/div>\n\t\t\t\t\t<\/div>\n\t\t<\/section>\n\t\t\t\t<section class=\"elementor-section elementor-top-section elementor-element elementor-element-69a842b elementor-section-boxed elementor-section-height-default elementor-section-height-default\" data-id=\"69a842b\" data-element_type=\"section\">\n\t\t\t\t\t\t<div class=\"elementor-container elementor-column-gap-default\">\n\t\t\t\t\t<div class=\"elementor-column elementor-col-100 elementor-top-column elementor-element elementor-element-9a1c6cd\" data-id=\"9a1c6cd\" data-element_type=\"column\">\n\t\t\t<div class=\"elementor-widget-wrap elementor-element-populated\">\n\t\t\t\t\t\t<div class=\"elementor-element elementor-element-c3c48bf elementor-widget elementor-widget-text-editor\" data-id=\"c3c48bf\" data-element_type=\"widget\" data-widget_type=\"text-editor.default\">\n\t\t\t\t<div class=\"elementor-widget-container\">\n\t\t\t\t\t\t\t<h2>Il secondo uomo sulla Luna<\/h2><p>\u00a0<\/p><p><img decoding=\"async\" class=\"aligncenter size-large wp-image-12895\" src=\"https:\/\/ticino.com\/wp-content\/uploads\/2021\/07\/history-in-hd-e5eDHbmHprg-unsplash-737x1024.jpg\" alt=\"Chi \u00e8 stato il primo uomo sulla Luna?\" width=\"737\" height=\"1024\" srcset=\"https:\/\/ticino.com\/wp-content\/uploads\/2021\/07\/history-in-hd-e5eDHbmHprg-unsplash-737x1024.jpg 737w, https:\/\/ticino.com\/wp-content\/uploads\/2021\/07\/history-in-hd-e5eDHbmHprg-unsplash-216x300.jpg 216w, https:\/\/ticino.com\/wp-content\/uploads\/2021\/07\/history-in-hd-e5eDHbmHprg-unsplash-768x1067.jpg 768w, https:\/\/ticino.com\/wp-content\/uploads\/2021\/07\/history-in-hd-e5eDHbmHprg-unsplash-1106x1536.jpg 1106w, https:\/\/ticino.com\/wp-content\/uploads\/2021\/07\/history-in-hd-e5eDHbmHprg-unsplash-1475x2048.jpg 1475w, https:\/\/ticino.com\/wp-content\/uploads\/2021\/07\/history-in-hd-e5eDHbmHprg-unsplash-scaled.jpg 1843w\" sizes=\"(max-width: 737px) 100vw, 737px\"><\/p><p>\u00a0<\/p><p>19 minuti dopo Armostrong, anche il secondo membro dell\u2019equipaggio mise piede sulla Luna: uno dei classici casi in cui un piccolo margine di tempo pu\u00f2 fare un\u2019enorme differenza.<\/p><p>Armstrong sarebbe diventato famoso in tutto il mondo e la sua frase ripetuta da miliardi di bocche. Buzz Aldrin, d\u2019altra parte, godette di molta meno popolarit\u00e0 ed \u00e8 stato riscoperto dalla cultura popolare solo negli ultimi anni.<\/p><p>Anche se Buzz Aldrin pu\u00f2 godere dell\u2019onore di aver dato il nome al noto personaggio della saga Toy Story, Buzz Lightyear e di essere ritratto in quasi tutte le foto dell\u2019allunaggio, in quanto era Armstrong a usare la macchina fotografica.<\/p><p>Nato nel gennaio del 1930, Aldrin vive tutt\u2019oggi e continua a meravigliare il mondo con le sue storie, talvolta irriverenti, di quando cammin\u00f2 sulla Luna.<\/p><p>\u00a0<\/p><p>Curiosamente, un\u2019altra frase \u00e8 diventata famosa in termini lunari: Charles Conrad, terzo uomo ad arrivare sulla Luna, fece una battuta suggerita da Oriana Fallaci. Egli, ironizzando sulla sua bassa statura, disse: \u201cWhoopie! Man, that may have been a small one for Neil, but that\u2019s a long one for me\u201d che pu\u00f2 essere tradotto con: \u201cWhooopie! Cavolo, questo pu\u00f2 anche essere stato un piccolo passo per Niel, ma \u00e8 un balzo per me\u201d.<\/p>\t\t\t\t\t\t<\/div>\n\t\t\t\t<\/div>\n\t\t\t\t\t<\/div>\n\t\t<\/div>\n\t\t\t\t\t<\/div>\n\t\t<\/section>\n\t\t\t\t<\/div>\n\t\t","protected":false},"excerpt":{"rendered":"<p>Delle tante imprese compiute dal genere umano, la conquista del nostro satellite preferito, ovvero la Luna, \u00e8 sicuramente una delle pi\u00f9 romantiche e storiche. Nonostante oggi ci siano tante persone che negano questa conquista del genere umano, la versione ufficiale data dalla scienza \u00e8 ancora quella dell\u2019allunaggio, per questo ci baseremo su di essa per [&hellip;]<\/p>\n","protected":false},"author":138280480,"featured_media":12892,"comment_status":"open","ping_status":"open","sticky":false,"template":"","format":"standard","meta":{"footnotes":""},"categories":[44],"tags":[287,232],"class_list":["post-12891","post","type-post","status-publish","format-standard","has-post-thumbnail","hentry","category-approfondimenti","tag-scienza","tag-storia"],"yoast_head":"<!-- This site is optimized with the Yoast SEO Premium plugin v21.7 (Yoast SEO v23.7) - https:\/\/yoast.com\/wordpress\/plugins\/seo\/ -->\n<title>Chi \u00e8 stato il primo uomo sulla Luna? - Blog di Ticinocom<\/title>\n<meta name=\"description\" content=\"Chi \u00e8 stato il primo uomo sulla Luna? E il secondo? Quali sono state le loro prime parole una volta toccato il suolo lunare? Parliamone.\" \/>\n<meta name=\"robots\" content=\"index, follow, max-snippet:-1, max-image-preview:large, max-video-preview:-1\" \/>\n<link rel=\"canonical\" href=\"https:\/\/ticino.com\/de\/blog\/chi-e-stato-il-primo-uomo-sulla-luna\/\" \/>\n<meta property=\"og:locale\" content=\"de_DE\" \/>\n<meta property=\"og:type\" content=\"article\" \/>\n<meta property=\"og:title\" content=\"Chi \u00e8 stato il primo uomo sulla Luna?\" \/>\n<meta property=\"og:description\" content=\"Chi \u00e8 stato il primo uomo sulla Luna? E il secondo? Quali sono state le loro prime parole una volta toccato il suolo lunare? Parliamone.\" \/>\n<meta property=\"og:url\" content=\"https:\/\/ticino.com\/de\/blog\/chi-e-stato-il-primo-uomo-sulla-luna\/\" \/>\n<meta property=\"og:site_name\" content=\"Ticinocom SA\" \/>\n<meta property=\"article:publisher\" content=\"https:\/\/facebook.com\/ticinocom\" \/>\n<meta property=\"article:published_time\" content=\"2021-07-12T09:00:00+00:00\" \/>\n<meta property=\"article:modified_time\" content=\"2021-07-10T09:08:31+00:00\" \/>\n<meta property=\"og:image\" content=\"https:\/\/ticino.com\/wp-content\/uploads\/2021\/07\/Chi-stato-il-primo-uomo-sulla-Luna-1.png\" \/>\n\t<meta property=\"og:image:width\" content=\"1080\" \/>\n\t<meta property=\"og:image:height\" content=\"1080\" \/>\n\t<meta property=\"og:image:type\" content=\"image\/png\" \/>\n<meta name=\"author\" content=\"Andrea Presenti\" \/>\n<meta name=\"twitter:card\" content=\"summary_large_image\" \/>\n<meta name=\"twitter:creator\" content=\"@and.presenti@gmail.com\" \/>\n<meta name=\"twitter:site\" content=\"@ticinocom\" \/>\n<meta name=\"twitter:label1\" content=\"Verfasst von\" \/>\n\t<meta name=\"twitter:data1\" content=\"Andrea Presenti\" \/>\n\t<meta name=\"twitter:label2\" content=\"Gesch\u00e4tzte Lesezeit\" \/>\n\t<meta name=\"twitter:data2\" content=\"4\u00a0Minuten\" \/>\n<script type=\"application\/ld+json\" class=\"yoast-schema-graph\">{\"@context\":\"https:\/\/schema.org\",\"@graph\":[{\"@type\":\"Article\",\"@id\":\"https:\/\/ticino.com\/de\/blog\/chi-e-stato-il-primo-uomo-sulla-luna\/#article\",\"isPartOf\":{\"@id\":\"https:\/\/ticino.com\/de\/blog\/chi-e-stato-il-primo-uomo-sulla-luna\/\"},\"author\":{\"name\":\"Andrea Presenti\",\"@id\":\"https:\/\/ticino.com\/de\/#\/schema\/person\/704df9c8d1af01bfa2367f9810ba319f\"},\"headline\":\"Chi \u00e8 stato il primo uomo sulla Luna?\",\"datePublished\":\"2021-07-12T09:00:00+00:00\",\"dateModified\":\"2021-07-10T09:08:31+00:00\",\"mainEntityOfPage\":{\"@id\":\"https:\/\/ticino.com\/de\/blog\/chi-e-stato-il-primo-uomo-sulla-luna\/\"},\"wordCount\":635,\"commentCount\":0,\"publisher\":{\"@id\":\"https:\/\/ticino.com\/de\/#organization\"},\"image\":{\"@id\":\"https:\/\/ticino.com\/de\/blog\/chi-e-stato-il-primo-uomo-sulla-luna\/#primaryimage\"},\"thumbnailUrl\":\"https:\/\/ticino.com\/wp-content\/uploads\/2021\/07\/Chi-stato-il-primo-uomo-sulla-Luna-1.png\",\"keywords\":[\"scienza\",\"storia\"],\"articleSection\":[\"Approfondimenti\"],\"inLanguage\":\"de\",\"potentialAction\":[{\"@type\":\"CommentAction\",\"name\":\"Comment\",\"target\":[\"https:\/\/ticino.com\/de\/blog\/chi-e-stato-il-primo-uomo-sulla-luna\/#respond\"]}]},{\"@type\":\"WebPage\",\"@id\":\"https:\/\/ticino.com\/de\/blog\/chi-e-stato-il-primo-uomo-sulla-luna\/\",\"url\":\"https:\/\/ticino.com\/de\/blog\/chi-e-stato-il-primo-uomo-sulla-luna\/\",\"name\":\"Chi \u00e8 stato il primo uomo sulla Luna? - Blog di Ticinocom\",\"isPartOf\":{\"@id\":\"https:\/\/ticino.com\/de\/#website\"},\"primaryImageOfPage\":{\"@id\":\"https:\/\/ticino.com\/de\/blog\/chi-e-stato-il-primo-uomo-sulla-luna\/#primaryimage\"},\"image\":{\"@id\":\"https:\/\/ticino.com\/de\/blog\/chi-e-stato-il-primo-uomo-sulla-luna\/#primaryimage\"},\"thumbnailUrl\":\"https:\/\/ticino.com\/wp-content\/uploads\/2021\/07\/Chi-stato-il-primo-uomo-sulla-Luna-1.png\",\"datePublished\":\"2021-07-12T09:00:00+00:00\",\"dateModified\":\"2021-07-10T09:08:31+00:00\",\"description\":\"Chi \u00e8 stato il primo uomo sulla Luna? E il secondo? Quali sono state le loro prime parole una volta toccato il suolo lunare? Parliamone.\",\"breadcrumb\":{\"@id\":\"https:\/\/ticino.com\/de\/blog\/chi-e-stato-il-primo-uomo-sulla-luna\/#breadcrumb\"},\"inLanguage\":\"de\",\"potentialAction\":[{\"@type\":\"ReadAction\",\"target\":[\"https:\/\/ticino.com\/de\/blog\/chi-e-stato-il-primo-uomo-sulla-luna\/\"]}]},{\"@type\":\"ImageObject\",\"inLanguage\":\"de\",\"@id\":\"https:\/\/ticino.com\/de\/blog\/chi-e-stato-il-primo-uomo-sulla-luna\/#primaryimage\",\"url\":\"https:\/\/ticino.com\/wp-content\/uploads\/2021\/07\/Chi-stato-il-primo-uomo-sulla-Luna-1.png\",\"contentUrl\":\"https:\/\/ticino.com\/wp-content\/uploads\/2021\/07\/Chi-stato-il-primo-uomo-sulla-Luna-1.png\",\"width\":1080,\"height\":1080,\"caption\":\"Chi \u00e8 stato il primo uomo sulla Luna?\"},{\"@type\":\"BreadcrumbList\",\"@id\":\"https:\/\/ticino.com\/de\/blog\/chi-e-stato-il-primo-uomo-sulla-luna\/#breadcrumb\",\"itemListElement\":[{\"@type\":\"ListItem\",\"position\":1,\"name\":\"Home\",\"item\":\"https:\/\/ticino.com\/de\/\"},{\"@type\":\"ListItem\",\"position\":2,\"name\":\"Chi \u00e8 stato il primo uomo sulla Luna?\"}]},{\"@type\":\"WebSite\",\"@id\":\"https:\/\/ticino.com\/de\/#website\",\"url\":\"https:\/\/ticino.com\/de\/\",\"name\":\"Ticinocom SA\",\"description\":\"Internet 100% made in Ticino\",\"publisher\":{\"@id\":\"https:\/\/ticino.com\/de\/#organization\"},\"potentialAction\":[{\"@type\":\"SearchAction\",\"target\":{\"@type\":\"EntryPoint\",\"urlTemplate\":\"https:\/\/ticino.com\/de\/?s={search_term_string}\"},\"query-input\":{\"@type\":\"PropertyValueSpecification\",\"valueRequired\":true,\"valueName\":\"search_term_string\"}}],\"inLanguage\":\"de\"},{\"@type\":\"Organization\",\"@id\":\"https:\/\/ticino.com\/de\/#organization\",\"name\":\"Ticinocom SA\",\"url\":\"https:\/\/ticino.com\/de\/\",\"logo\":{\"@type\":\"ImageObject\",\"inLanguage\":\"de\",\"@id\":\"https:\/\/ticino.com\/de\/#\/schema\/logo\/image\/\",\"url\":\"https:\/\/ticino.com\/wp-content\/uploads\/2020\/09\/ticinocom-logo.png\",\"contentUrl\":\"https:\/\/ticino.com\/wp-content\/uploads\/2020\/09\/ticinocom-logo.png\",\"width\":508,\"height\":84,\"caption\":\"Ticinocom SA\"},\"image\":{\"@id\":\"https:\/\/ticino.com\/de\/#\/schema\/logo\/image\/\"},\"sameAs\":[\"https:\/\/facebook.com\/ticinocom\",\"https:\/\/x.com\/ticinocom\",\"https:\/\/instagram.com\/ticinocomsa\",\"https:\/\/linkedin.com\/company\/ticinocom\"]},{\"@type\":\"Person\",\"@id\":\"https:\/\/ticino.com\/de\/#\/schema\/person\/704df9c8d1af01bfa2367f9810ba319f\",\"name\":\"Andrea Presenti\",\"image\":{\"@type\":\"ImageObject\",\"inLanguage\":\"de\",\"@id\":\"https:\/\/ticino.com\/de\/#\/schema\/person\/image\/\",\"url\":\"https:\/\/secure.gravatar.com\/avatar\/5a718af3bb087a1ea5755cde0e2a740d?s=96&d=mm&r=g\",\"contentUrl\":\"https:\/\/secure.gravatar.com\/avatar\/5a718af3bb087a1ea5755cde0e2a740d?s=96&d=mm&r=g\",\"caption\":\"Andrea Presenti\"},\"description\":\"Andrea Presenti, nato nel 21\/04\/1992, \u00e8 uno scrittore tecnico pubblicitario che lavora nel settore dal 2016, dopo aver conseguito un corso di Scrittura Creativa presso la Scuola Internazionale di Comics. Ha collaborato con aziende di tutto il mondo per la stesura di testi ed \u00e8 Lead Editor di Ticinocom dal 2019.\",\"sameAs\":[\"https:\/\/x.com\/and.presenti@gmail.com\"],\"url\":\"https:\/\/ticino.com\/de\/author\/and-presentigmail-com\/\"}]}<\/script>\n<!-- \/ Yoast SEO Premium plugin. -->","yoast_head_json":{"title":"Chi \u00e8 stato il primo uomo sulla Luna? - Blog di Ticinocom","description":"Chi \u00e8 stato il primo uomo sulla Luna? E il secondo? Quali sono state le loro prime parole una volta toccato il suolo lunare? Parliamone.","robots":{"index":"index","follow":"follow","max-snippet":"max-snippet:-1","max-image-preview":"max-image-preview:large","max-video-preview":"max-video-preview:-1"},"canonical":"https:\/\/ticino.com\/de\/blog\/chi-e-stato-il-primo-uomo-sulla-luna\/","og_locale":"de_DE","og_type":"article","og_title":"Chi \u00e8 stato il primo uomo sulla Luna?","og_description":"Chi \u00e8 stato il primo uomo sulla Luna? E il secondo? Quali sono state le loro prime parole una volta toccato il suolo lunare? Parliamone.","og_url":"https:\/\/ticino.com\/de\/blog\/chi-e-stato-il-primo-uomo-sulla-luna\/","og_site_name":"Ticinocom SA","article_publisher":"https:\/\/facebook.com\/ticinocom","article_published_time":"2021-07-12T09:00:00+00:00","article_modified_time":"2021-07-10T09:08:31+00:00","og_image":[{"width":1080,"height":1080,"url":"https:\/\/ticino.com\/wp-content\/uploads\/2021\/07\/Chi-stato-il-primo-uomo-sulla-Luna-1.png","type":"image\/png"}],"author":"Andrea Presenti","twitter_card":"summary_large_image","twitter_creator":"@and.presenti@gmail.com","twitter_site":"@ticinocom","twitter_misc":{"Verfasst von":"Andrea Presenti","Gesch\u00e4tzte Lesezeit":"4\u00a0Minuten"},"schema":{"@context":"https:\/\/schema.org","@graph":[{"@type":"Article","@id":"https:\/\/ticino.com\/de\/blog\/chi-e-stato-il-primo-uomo-sulla-luna\/#article","isPartOf":{"@id":"https:\/\/ticino.com\/de\/blog\/chi-e-stato-il-primo-uomo-sulla-luna\/"},"author":{"name":"Andrea Presenti","@id":"https:\/\/ticino.com\/de\/#\/schema\/person\/704df9c8d1af01bfa2367f9810ba319f"},"headline":"Chi \u00e8 stato il primo uomo sulla Luna?","datePublished":"2021-07-12T09:00:00+00:00","dateModified":"2021-07-10T09:08:31+00:00","mainEntityOfPage":{"@id":"https:\/\/ticino.com\/de\/blog\/chi-e-stato-il-primo-uomo-sulla-luna\/"},"wordCount":635,"commentCount":0,"publisher":{"@id":"https:\/\/ticino.com\/de\/#organization"},"image":{"@id":"https:\/\/ticino.com\/de\/blog\/chi-e-stato-il-primo-uomo-sulla-luna\/#primaryimage"},"thumbnailUrl":"https:\/\/ticino.com\/wp-content\/uploads\/2021\/07\/Chi-stato-il-primo-uomo-sulla-Luna-1.png","keywords":["scienza","storia"],"articleSection":["Approfondimenti"],"inLanguage":"de","potentialAction":[{"@type":"CommentAction","name":"Comment","target":["https:\/\/ticino.com\/de\/blog\/chi-e-stato-il-primo-uomo-sulla-luna\/#respond"]}]},{"@type":"WebPage","@id":"https:\/\/ticino.com\/de\/blog\/chi-e-stato-il-primo-uomo-sulla-luna\/","url":"https:\/\/ticino.com\/de\/blog\/chi-e-stato-il-primo-uomo-sulla-luna\/","name":"Chi \u00e8 stato il primo uomo sulla Luna? - Blog di Ticinocom","isPartOf":{"@id":"https:\/\/ticino.com\/de\/#website"},"primaryImageOfPage":{"@id":"https:\/\/ticino.com\/de\/blog\/chi-e-stato-il-primo-uomo-sulla-luna\/#primaryimage"},"image":{"@id":"https:\/\/ticino.com\/de\/blog\/chi-e-stato-il-primo-uomo-sulla-luna\/#primaryimage"},"thumbnailUrl":"https:\/\/ticino.com\/wp-content\/uploads\/2021\/07\/Chi-stato-il-primo-uomo-sulla-Luna-1.png","datePublished":"2021-07-12T09:00:00+00:00","dateModified":"2021-07-10T09:08:31+00:00","description":"Chi \u00e8 stato il primo uomo sulla Luna? E il secondo? Quali sono state le loro prime parole una volta toccato il suolo lunare? Parliamone.","breadcrumb":{"@id":"https:\/\/ticino.com\/de\/blog\/chi-e-stato-il-primo-uomo-sulla-luna\/#breadcrumb"},"inLanguage":"de","potentialAction":[{"@type":"ReadAction","target":["https:\/\/ticino.com\/de\/blog\/chi-e-stato-il-primo-uomo-sulla-luna\/"]}]},{"@type":"ImageObject","inLanguage":"de","@id":"https:\/\/ticino.com\/de\/blog\/chi-e-stato-il-primo-uomo-sulla-luna\/#primaryimage","url":"https:\/\/ticino.com\/wp-content\/uploads\/2021\/07\/Chi-stato-il-primo-uomo-sulla-Luna-1.png","contentUrl":"https:\/\/ticino.com\/wp-content\/uploads\/2021\/07\/Chi-stato-il-primo-uomo-sulla-Luna-1.png","width":1080,"height":1080,"caption":"Chi \u00e8 stato il primo uomo sulla Luna?"},{"@type":"BreadcrumbList","@id":"https:\/\/ticino.com\/de\/blog\/chi-e-stato-il-primo-uomo-sulla-luna\/#breadcrumb","itemListElement":[{"@type":"ListItem","position":1,"name":"Home","item":"https:\/\/ticino.com\/de\/"},{"@type":"ListItem","position":2,"name":"Chi \u00e8 stato il primo uomo sulla Luna?"}]},{"@type":"WebSite","@id":"https:\/\/ticino.com\/de\/#website","url":"https:\/\/ticino.com\/de\/","name":"Ticinocom SA","description":"Internet 100% made in Ticino","publisher":{"@id":"https:\/\/ticino.com\/de\/#organization"},"potentialAction":[{"@type":"SearchAction","target":{"@type":"EntryPoint","urlTemplate":"https:\/\/ticino.com\/de\/?s={search_term_string}"},"query-input":{"@type":"PropertyValueSpecification","valueRequired":true,"valueName":"search_term_string"}}],"inLanguage":"de"},{"@type":"Organization","@id":"https:\/\/ticino.com\/de\/#organization","name":"Ticinocom SA","url":"https:\/\/ticino.com\/de\/","logo":{"@type":"ImageObject","inLanguage":"de","@id":"https:\/\/ticino.com\/de\/#\/schema\/logo\/image\/","url":"https:\/\/ticino.com\/wp-content\/uploads\/2020\/09\/ticinocom-logo.png","contentUrl":"https:\/\/ticino.com\/wp-content\/uploads\/2020\/09\/ticinocom-logo.png","width":508,"height":84,"caption":"Ticinocom SA"},"image":{"@id":"https:\/\/ticino.com\/de\/#\/schema\/logo\/image\/"},"sameAs":["https:\/\/facebook.com\/ticinocom","https:\/\/x.com\/ticinocom","https:\/\/instagram.com\/ticinocomsa","https:\/\/linkedin.com\/company\/ticinocom"]},{"@type":"Person","@id":"https:\/\/ticino.com\/de\/#\/schema\/person\/704df9c8d1af01bfa2367f9810ba319f","name":"Andrea Presenti","image":{"@type":"ImageObject","inLanguage":"de","@id":"https:\/\/ticino.com\/de\/#\/schema\/person\/image\/","url":"https:\/\/secure.gravatar.com\/avatar\/5a718af3bb087a1ea5755cde0e2a740d?s=96&d=mm&r=g","contentUrl":"https:\/\/secure.gravatar.com\/avatar\/5a718af3bb087a1ea5755cde0e2a740d?s=96&d=mm&r=g","caption":"Andrea Presenti"},"description":"Andrea Presenti, nato nel 21\/04\/1992, \u00e8 uno scrittore tecnico pubblicitario che lavora nel settore dal 2016, dopo aver conseguito un corso di Scrittura Creativa presso la Scuola Internazionale di Comics. Ha collaborato con aziende di tutto il mondo per la stesura di testi ed \u00e8 Lead Editor di Ticinocom dal 2019.","sameAs":["https:\/\/x.com\/and.presenti@gmail.com"],"url":"https:\/\/ticino.com\/de\/author\/and-presentigmail-com\/"}]}},"_links":{"self":[{"href":"https:\/\/ticino.com\/de\/wp-json\/wp\/v2\/posts\/12891"}],"collection":[{"href":"https:\/\/ticino.com\/de\/wp-json\/wp\/v2\/posts"}],"about":[{"href":"https:\/\/ticino.com\/de\/wp-json\/wp\/v2\/types\/post"}],"author":[{"embeddable":true,"href":"https:\/\/ticino.com\/de\/wp-json\/wp\/v2\/users\/138280480"}],"replies":[{"embeddable":true,"href":"https:\/\/ticino.com\/de\/wp-json\/wp\/v2\/comments?post=12891"}],"version-history":[{"count":0,"href":"https:\/\/ticino.com\/de\/wp-json\/wp\/v2\/posts\/12891\/revisions"}],"wp:featuredmedia":[{"embeddable":true,"href":"https:\/\/ticino.com\/de\/wp-json\/wp\/v2\/media\/12892"}],"wp:attachment":[{"href":"https:\/\/ticino.com\/de\/wp-json\/wp\/v2\/media?parent=12891"}],"wp:term":[{"taxonomy":"category","embeddable":true,"href":"https:\/\/ticino.com\/de\/wp-json\/wp\/v2\/categories?post=12891"},{"taxonomy":"post_tag","embeddable":true,"href":"https:\/\/ticino.com\/de\/wp-json\/wp\/v2\/tags?post=12891"}],"curies":[{"name":"wp","href":"https:\/\/api.w.org\/{rel}","templated":true}]}}