{"id":12802,"date":"2021-07-05T11:06:18","date_gmt":"2021-07-05T09:06:18","guid":{"rendered":"https:\/\/ticino.com\/?p=12802"},"modified":"2021-07-05T11:06:22","modified_gmt":"2021-07-05T09:06:22","slug":"qual-e-il-social-network-piu-usato","status":"publish","type":"post","link":"https:\/\/ticino.com\/de\/blog\/qual-e-il-social-network-piu-usato\/","title":{"rendered":"Qual \u00e8 il social network pi\u00f9 usato?"},"content":{"rendered":"\t\t<div data-elementor-type=\"wp-post\" data-elementor-id=\"12802\" class=\"elementor elementor-12802\" data-elementor-post-type=\"post\">\n\t\t\t\t\t\t<section class=\"elementor-section elementor-top-section elementor-element elementor-element-26b9bd7 elementor-section-boxed elementor-section-height-default elementor-section-height-default\" data-id=\"26b9bd7\" data-element_type=\"section\">\n\t\t\t\t\t\t<div class=\"elementor-container elementor-column-gap-default\">\n\t\t\t\t\t<div class=\"elementor-column elementor-col-100 elementor-top-column elementor-element elementor-element-7f1a5bb\" data-id=\"7f1a5bb\" data-element_type=\"column\">\n\t\t\t<div class=\"elementor-widget-wrap elementor-element-populated\">\n\t\t\t\t\t\t<div class=\"elementor-element elementor-element-254d799 elementor-widget elementor-widget-text-editor\" data-id=\"254d799\" data-element_type=\"widget\" data-widget_type=\"text-editor.default\">\n\t\t\t\t<div class=\"elementor-widget-container\">\n\t\t\t\t\t\t\t<p>Qual \u00e8 il social network pi\u00f9 usato al momento? Quali social stanno vivendo la propria fase ascendente e quali sono in declino? Parliamone insieme!<\/p><p>Negli ultimi anni, l\u2019utilizzo dei social network \u00e8 diventato talmente tanto capillare che per molte persone le due parole sono sinonimi. Non solo i social principali si sono evoluti nel corso degli anni, ma ne sono nati molti altri che hanno lottato per conquistarsi un posto in un mercato molto competitivo.<\/p><p>\u00c8 lecito chiedersi, quindi, qual \u00e8 il social network pi\u00f9 usato: d\u2019altronde anche queste realt\u00e0 digitali hanno una durata di vita, e alla fase ascendente segue sempre il declino e quindi la conclusione del servizio.<\/p><p>Quindi, qual \u00e8 la situazione attuale? Prima di vedere la risposta, prova a indovinare qual \u00e8 il social pi\u00f9 usato al momento e scopri, leggendo il resto dell\u2019articolo, qual \u00e8 la posizione occupata dal tuo social preferito.<\/p><p>\u00a0<\/p><h2>Social Network: una storia vecchia 24 anni<\/h2><p>\u00a0<\/p><p><img fetchpriority=\"high\" decoding=\"async\" class=\"aligncenter size-large wp-image-12805\" src=\"https:\/\/ticino.com\/wp-content\/uploads\/2021\/07\/adem-ay-Tk9m_HP4rgQ-unsplash-1024x683.jpg\" alt=\"Qual \u00e8 il social network pi\u00f9 usato?\" width=\"800\" height=\"534\" srcset=\"https:\/\/ticino.com\/wp-content\/uploads\/2021\/07\/adem-ay-Tk9m_HP4rgQ-unsplash-1024x683.jpg 1024w, https:\/\/ticino.com\/wp-content\/uploads\/2021\/07\/adem-ay-Tk9m_HP4rgQ-unsplash-300x200.jpg 300w, https:\/\/ticino.com\/wp-content\/uploads\/2021\/07\/adem-ay-Tk9m_HP4rgQ-unsplash-768x512.jpg 768w, https:\/\/ticino.com\/wp-content\/uploads\/2021\/07\/adem-ay-Tk9m_HP4rgQ-unsplash-1536x1024.jpg 1536w, https:\/\/ticino.com\/wp-content\/uploads\/2021\/07\/adem-ay-Tk9m_HP4rgQ-unsplash-2048x1365.jpg 2048w\" sizes=\"(max-width: 800px) 100vw, 800px\"><\/p><p>\u00a0<\/p><p>Prima di vedere come \u00e8 la situazione attuale dei social network, ti sei mai chiesto come tutto questo fenomeno abbia avuto inizio? Curiosamente, il primo social ad essere stato lanciato non \u00e8 tra quelli pi\u00f9 conosciuti oggi (anche perch\u00e9 ha praticamente esaurito la sua linfa vitale nel 2000). SixDegrees, questo era il nome, e permetteva di caricare una propria foto, creare un profilo e connettersi con le persone.<\/p><p>Tutto questo nel 1997, garantendogli il primato come la prima piattaforma social di Internet. Venne quindi seguito da Hot or Not (2000), Friendster (2002) e l\u2019indimenticabile Myspace (2003) il quale pot\u00e9 contare 25 milioni di utenti ed essere il quinto sito pi\u00f9 frequentato in America.<\/p><p>Venne poi il tempo di Facebook nel 2004 (in realt\u00e0 anticipato da Facemash sempre di Mark Zuckerberg, lanciato nel 2003) il quale originariamente si chiamava \u201cThe Facebook\u201d.<\/p><p>YouTube arriv\u00f2 solo un anno pi\u00f9 tardi, nel 2005, con l\u2019ormai storico video \u201cMe at the Zoo\u201d e Twitter apparve nel 2006, mentre Facebook cominciava a ottenere la sua popolarit\u00e0.<\/p><p>Gli altri seguirono questi grandi nomi, ma qual \u00e8 la situazione attuale dei social network?<\/p>\t\t\t\t\t\t<\/div>\n\t\t\t\t<\/div>\n\t\t\t\t\t<\/div>\n\t\t<\/div>\n\t\t\t\t\t<\/div>\n\t\t<\/section>\n\t\t\t\t<section class=\"elementor-section elementor-top-section elementor-element elementor-element-9d4ab88 elementor-section-boxed elementor-section-height-default elementor-section-height-default\" data-id=\"9d4ab88\" data-element_type=\"section\">\n\t\t\t\t\t\t<div class=\"elementor-container elementor-column-gap-default\">\n\t\t\t\t\t<div class=\"elementor-column elementor-col-100 elementor-top-column elementor-element elementor-element-07d4496\" data-id=\"07d4496\" data-element_type=\"column\">\n\t\t\t<div class=\"elementor-widget-wrap elementor-element-populated\">\n\t\t\t\t\t\t<div class=\"elementor-element elementor-element-434928e elementor-widget elementor-widget-global elementor-global-9672 elementor-widget-toolset-view\" data-id=\"434928e\" data-element_type=\"widget\" data-widget_type=\"toolset-view.default\">\n\t\t\t\t<div class=\"elementor-widget-container\">\n\t\t\t\n\n\n<div id=\"wpv-view-layout-9666\" class=\"js-wpv-view-layout js-wpv-layout-responsive js-wpv-view-layout-9666\" data-viewnumber=\"9666\" data-pagination=\"{&quot;id&quot;:9666,&quot;query&quot;:&quot;normal&quot;,&quot;type&quot;:&quot;disabled&quot;,&quot;effect&quot;:&quot;fade&quot;,&quot;duration&quot;:500,&quot;speed&quot;:5,&quot;pause_on_hover&quot;:&quot;disabled&quot;,&quot;stop_rollover&quot;:&quot;false&quot;,&quot;cache_pages&quot;:&quot;enabled&quot;,&quot;preload_images&quot;:&quot;enabled&quot;,&quot;preload_pages&quot;:&quot;enabled&quot;,&quot;preload_reach&quot;:1,&quot;spinner&quot;:&quot;builtin&quot;,&quot;spinner_image&quot;:&quot;https:\/\/ticino.com\/wp-content\/plugins\/wp-views\/embedded\/res\/img\/ajax-loader.gif&quot;,&quot;callback_next&quot;:&quot;&quot;,&quot;manage_history&quot;:&quot;enabled&quot;,&quot;has_controls_in_form&quot;:&quot;disabled&quot;,&quot;infinite_tolerance&quot;:&quot;0&quot;,&quot;max_pages&quot;:1,&quot;page&quot;:1,&quot;base_permalink&quot;:&quot;\/de\/wp-json\/wp\/v2\/posts\/12802?wpv_view_count=9666&amp;wpv_paged=WPV_PAGE_NUM&quot;,&quot;loop&quot;:{&quot;type&quot;:&quot;&quot;,&quot;name&quot;:&quot;&quot;,&quot;data&quot;:[],&quot;id&quot;:0}}\" data-permalink=\"\/de\/wp-json\/wp\/v2\/posts\/12802?wpv_view_count=9666\">\n\n\t\n\t\n\t\t\n          <a href=\"https:\/\/ticino.com\/de\/blog\/cosa-significano-4g-3g-e-lte-e-5g\/?ref=qual-e-il-social-network-piu-usato\" id=\"blockquote\">\n            <blockquote cite=\"https:\/\/ticino.com\/de\/blog\/cosa-significano-4g-3g-e-lte-e-5g\/\">\n              <p>Cosa \u00e8 effettivamente il 5G? Prima di rispondere a questa domanda \u00e8 necessario capire cosa sia il 3G, 4G e tutte le sigle che appaiono sul tuo telefono.<\/p>\n\n              <br>\n              <div style=\"text-align:right; font-weight:200;\"><span style=\"font-family: 'Exo 2', Sans-serif;\">Leggi l'articolo<\/span> <i style=\"vertical-align: middle; font-weight:200;\" class=\"fas fa-angle-double-right\"><\/i> <\/div>\n            <\/blockquote>\n          <\/a>\n\t\t\n\t\n\t\n\t\n<\/div>\n\t\t<\/div>\n\t\t\t\t<\/div>\n\t\t\t\t\t<\/div>\n\t\t<\/div>\n\t\t\t\t\t<\/div>\n\t\t<\/section>\n\t\t\t\t<section class=\"elementor-section elementor-top-section elementor-element elementor-element-285fbc0 elementor-section-boxed elementor-section-height-default elementor-section-height-default\" data-id=\"285fbc0\" data-element_type=\"section\">\n\t\t\t\t\t\t<div class=\"elementor-container elementor-column-gap-default\">\n\t\t\t\t\t<div class=\"elementor-column elementor-col-100 elementor-top-column elementor-element elementor-element-4d6877e\" data-id=\"4d6877e\" data-element_type=\"column\">\n\t\t\t<div class=\"elementor-widget-wrap elementor-element-populated\">\n\t\t\t\t\t\t<div class=\"elementor-element elementor-element-c9fb0f9 elementor-widget elementor-widget-text-editor\" data-id=\"c9fb0f9\" data-element_type=\"widget\" data-widget_type=\"text-editor.default\">\n\t\t\t\t<div class=\"elementor-widget-container\">\n\t\t\t\t\t\t\t<h2>Qual \u00e8 il social network pi\u00f9 usato?<\/h2><p>\u00a0<\/p><p><img decoding=\"async\" class=\"aligncenter size-large wp-image-12803\" src=\"https:\/\/ticino.com\/wp-content\/uploads\/2021\/07\/jeremy-zero-9k_gCYLoH2g-unsplash-1024x683.jpg\" alt=\"Qual \u00e8 il social network pi\u00f9 usato?\" width=\"800\" height=\"534\" srcset=\"https:\/\/ticino.com\/wp-content\/uploads\/2021\/07\/jeremy-zero-9k_gCYLoH2g-unsplash-1024x683.jpg 1024w, https:\/\/ticino.com\/wp-content\/uploads\/2021\/07\/jeremy-zero-9k_gCYLoH2g-unsplash-300x200.jpg 300w, https:\/\/ticino.com\/wp-content\/uploads\/2021\/07\/jeremy-zero-9k_gCYLoH2g-unsplash-768x512.jpg 768w, https:\/\/ticino.com\/wp-content\/uploads\/2021\/07\/jeremy-zero-9k_gCYLoH2g-unsplash-1536x1024.jpg 1536w, https:\/\/ticino.com\/wp-content\/uploads\/2021\/07\/jeremy-zero-9k_gCYLoH2g-unsplash-2048x1365.jpg 2048w\" sizes=\"(max-width: 800px) 100vw, 800px\"><\/p><p>\u00a0<\/p><p>Arriviamo quindi a rispondere alla domanda fondamentale, poich\u00e9 la percezione del successo di un social network varia sensibilmente in base all\u2019uso che ne facciamo.<\/p><p>Tanto per fare un esempio, per il pubblico pi\u00f9 giovane, piattaforme come TikTok e Instagram sembrano godere di un successo strepitoso rispetto al vecchio e abbandonato Facebook.<\/p><p>Cos\u00ec come Twitch sembra aver ormai divorato YouTube, ma \u00e8 questo il caso?<\/p><p>Secondo un\u2019analisi offerta da <a href=\"https:\/\/www.statista.com\/statistics\/272014\/global-social-networks-ranked-by-number-of-users\/\">Statista<\/a> nel 2021, qual \u00e8 il social network pi\u00f9 usato?<\/p><p>Facebook continua a mantenere il proprio <a href=\"https:\/\/ticino.com\/de\/wiki\/dominio\/\" target=\"_self\" title=\"Con &quot;Dominio&quot; si fa spesso riferimento all'indirizzo che appare nella barra superiore del browser durante la navigazione. Ad esempio, &quot;www.ticino.com&quot; \u00e8 un dominio, il quale contiene al suo interno diversi livelli. Il dominio di primo livello \u00e8 la parte finale, quindi in &quot;www.ticino.com&quot; si tratta della parte dopo il secondo punto, quindi &quot;.com&quot;. Il dominio\u2026\" class=\"encyclopedia\">dominio<\/a> nel settore, con <strong>2 miliardi e 800 milioni<\/strong> di utenti attivi al mese. Lo segue YouTube con <strong>2 miliardi e 300 milioni<\/strong> di utenti e WhatsApp (sebbene sia un sistema di messaggistica e non un social network) con <strong>due miliardi di utenti<\/strong>.<\/p><p>Instagram conta \u201csolo\u201d <strong>1 miliardo e 300 milioni<\/strong> e TikTok a malapena <strong>732 milioni di utenti<\/strong>. Naturalmente TikTok in particolare \u00e8 un social molto giovane rispetto alla concorrenza, quindi i suoi numeri devono tenere conto di questo aspetto.<\/p><p>Sorprende non poco vedere solo <strong>396 milioni<\/strong> di utenti attivi per Twitter, in quanto l\u2019uccellino azzurro sembra da tempo essere la piattaforma prediletta per tantissime persone.<\/p><p>Curiosa anche la percezione del dominio di Twitch rispetto a YouTube: il servizio di streaming, infatti, secondo <a href=\"https:\/\/backlinko.com\/twitch-users\">Backlinko<\/a> conta solo <strong>140 milioni di utenti<\/strong> al mese, un numero irrisorio rispetto alle cifre di YouTube, sebbene i contenuti che offra siano comunque differenti.<\/p><p>Appare quindi evidente che Facebook \u00e8 una piattaforma tutt\u2019altro che morta, sebbene siano innegabili i problemi che attanagliano questo social network il quale fatica a rimodernarsi rispetto ad altre alternative.<\/p><p>Ed \u00e8 anche importante sottolineare che se i numeri in termini di utenti attivi sono questi, la realt\u00e0 potrebbe essere ben diversa se guardassimo il tempo medio trascorso su ogni social.<\/p>\t\t\t\t\t\t<\/div>\n\t\t\t\t<\/div>\n\t\t\t\t\t<\/div>\n\t\t<\/div>\n\t\t\t\t\t<\/div>\n\t\t<\/section>\n\t\t\t\t<\/div>\n\t\t","protected":false},"excerpt":{"rendered":"<p>Qual \u00e8 il social network pi\u00f9 usato al momento? Quali social stanno vivendo la propria fase ascendente e quali sono in declino? Parliamone insieme! Negli ultimi anni, l\u2019utilizzo dei social network \u00e8 diventato talmente tanto capillare che per molte persone le due parole sono sinonimi. Non solo i social principali si sono evoluti nel corso [&hellip;]<\/p>\n","protected":false},"author":138280480,"featured_media":12817,"comment_status":"open","ping_status":"open","sticky":false,"template":"","format":"standard","meta":{"footnotes":""},"categories":[44],"tags":[81,374],"class_list":["post-12802","post","type-post","status-publish","format-standard","has-post-thumbnail","hentry","category-approfondimenti","tag-internet","tag-social-network"],"yoast_head":"<!-- This site is optimized with the Yoast SEO Premium plugin v21.7 (Yoast SEO v23.7) - https:\/\/yoast.com\/wordpress\/plugins\/seo\/ -->\n<title>Qual \u00e8 il social network pi\u00f9 usato? - Blog di Ticinocom<\/title>\n<meta name=\"description\" content=\"Qual \u00e8 il social network pi\u00f9 usato al momento? Quali social stanno vivendo la propria fase ascendente e quali sono in declino?\" \/>\n<meta name=\"robots\" content=\"index, follow, max-snippet:-1, max-image-preview:large, max-video-preview:-1\" \/>\n<link rel=\"canonical\" href=\"https:\/\/ticino.com\/de\/blog\/qual-e-il-social-network-piu-usato\/\" \/>\n<meta property=\"og:locale\" content=\"de_DE\" \/>\n<meta property=\"og:type\" content=\"article\" \/>\n<meta property=\"og:title\" content=\"Qual \u00e8 il social network pi\u00f9 usato?\" \/>\n<meta property=\"og:description\" content=\"Qual \u00e8 il social network pi\u00f9 usato al momento? Quali social stanno vivendo la propria fase ascendente e quali sono in declino?\" \/>\n<meta property=\"og:url\" content=\"https:\/\/ticino.com\/de\/blog\/qual-e-il-social-network-piu-usato\/\" \/>\n<meta property=\"og:site_name\" content=\"Ticinocom SA\" \/>\n<meta property=\"article:publisher\" content=\"https:\/\/facebook.com\/ticinocom\" \/>\n<meta property=\"article:published_time\" content=\"2021-07-05T09:06:18+00:00\" \/>\n<meta property=\"article:modified_time\" content=\"2021-07-05T09:06:22+00:00\" \/>\n<meta property=\"og:image\" content=\"https:\/\/ticino.com\/wp-content\/uploads\/2021\/07\/QUAL-IL-SOCIAL-NETWORK-PI-USATO-Max-Quality.jpg\" \/>\n\t<meta property=\"og:image:width\" content=\"1080\" \/>\n\t<meta property=\"og:image:height\" content=\"1080\" \/>\n\t<meta property=\"og:image:type\" content=\"image\/jpeg\" \/>\n<meta name=\"author\" content=\"Andrea Presenti\" \/>\n<meta name=\"twitter:card\" content=\"summary_large_image\" \/>\n<meta name=\"twitter:creator\" content=\"@and.presenti@gmail.com\" \/>\n<meta name=\"twitter:site\" content=\"@ticinocom\" \/>\n<meta name=\"twitter:label1\" content=\"Verfasst von\" \/>\n\t<meta name=\"twitter:data1\" content=\"Andrea Presenti\" \/>\n\t<meta name=\"twitter:label2\" content=\"Gesch\u00e4tzte Lesezeit\" \/>\n\t<meta name=\"twitter:data2\" content=\"4\u00a0Minuten\" \/>\n<script type=\"application\/ld+json\" class=\"yoast-schema-graph\">{\"@context\":\"https:\/\/schema.org\",\"@graph\":[{\"@type\":\"Article\",\"@id\":\"https:\/\/ticino.com\/de\/blog\/qual-e-il-social-network-piu-usato\/#article\",\"isPartOf\":{\"@id\":\"https:\/\/ticino.com\/de\/blog\/qual-e-il-social-network-piu-usato\/\"},\"author\":{\"name\":\"Andrea Presenti\",\"@id\":\"https:\/\/ticino.com\/de\/#\/schema\/person\/704df9c8d1af01bfa2367f9810ba319f\"},\"headline\":\"Qual \u00e8 il social network pi\u00f9 usato?\",\"datePublished\":\"2021-07-05T09:06:18+00:00\",\"dateModified\":\"2021-07-05T09:06:22+00:00\",\"mainEntityOfPage\":{\"@id\":\"https:\/\/ticino.com\/de\/blog\/qual-e-il-social-network-piu-usato\/\"},\"wordCount\":653,\"commentCount\":0,\"publisher\":{\"@id\":\"https:\/\/ticino.com\/de\/#organization\"},\"image\":{\"@id\":\"https:\/\/ticino.com\/de\/blog\/qual-e-il-social-network-piu-usato\/#primaryimage\"},\"thumbnailUrl\":\"https:\/\/ticino.com\/wp-content\/uploads\/2021\/07\/QUAL-IL-SOCIAL-NETWORK-PI-USATO-Max-Quality.jpg\",\"keywords\":[\"internet\",\"social network\"],\"articleSection\":[\"Approfondimenti\"],\"inLanguage\":\"de\",\"potentialAction\":[{\"@type\":\"CommentAction\",\"name\":\"Comment\",\"target\":[\"https:\/\/ticino.com\/de\/blog\/qual-e-il-social-network-piu-usato\/#respond\"]}]},{\"@type\":\"WebPage\",\"@id\":\"https:\/\/ticino.com\/de\/blog\/qual-e-il-social-network-piu-usato\/\",\"url\":\"https:\/\/ticino.com\/de\/blog\/qual-e-il-social-network-piu-usato\/\",\"name\":\"Qual \u00e8 il social network pi\u00f9 usato? - Blog di Ticinocom\",\"isPartOf\":{\"@id\":\"https:\/\/ticino.com\/de\/#website\"},\"primaryImageOfPage\":{\"@id\":\"https:\/\/ticino.com\/de\/blog\/qual-e-il-social-network-piu-usato\/#primaryimage\"},\"image\":{\"@id\":\"https:\/\/ticino.com\/de\/blog\/qual-e-il-social-network-piu-usato\/#primaryimage\"},\"thumbnailUrl\":\"https:\/\/ticino.com\/wp-content\/uploads\/2021\/07\/QUAL-IL-SOCIAL-NETWORK-PI-USATO-Max-Quality.jpg\",\"datePublished\":\"2021-07-05T09:06:18+00:00\",\"dateModified\":\"2021-07-05T09:06:22+00:00\",\"description\":\"Qual \u00e8 il social network pi\u00f9 usato al momento? Quali social stanno vivendo la propria fase ascendente e quali sono in declino?\",\"breadcrumb\":{\"@id\":\"https:\/\/ticino.com\/de\/blog\/qual-e-il-social-network-piu-usato\/#breadcrumb\"},\"inLanguage\":\"de\",\"potentialAction\":[{\"@type\":\"ReadAction\",\"target\":[\"https:\/\/ticino.com\/de\/blog\/qual-e-il-social-network-piu-usato\/\"]}]},{\"@type\":\"ImageObject\",\"inLanguage\":\"de\",\"@id\":\"https:\/\/ticino.com\/de\/blog\/qual-e-il-social-network-piu-usato\/#primaryimage\",\"url\":\"https:\/\/ticino.com\/wp-content\/uploads\/2021\/07\/QUAL-IL-SOCIAL-NETWORK-PI-USATO-Max-Quality.jpg\",\"contentUrl\":\"https:\/\/ticino.com\/wp-content\/uploads\/2021\/07\/QUAL-IL-SOCIAL-NETWORK-PI-USATO-Max-Quality.jpg\",\"width\":1080,\"height\":1080},{\"@type\":\"BreadcrumbList\",\"@id\":\"https:\/\/ticino.com\/de\/blog\/qual-e-il-social-network-piu-usato\/#breadcrumb\",\"itemListElement\":[{\"@type\":\"ListItem\",\"position\":1,\"name\":\"Home\",\"item\":\"https:\/\/ticino.com\/de\/\"},{\"@type\":\"ListItem\",\"position\":2,\"name\":\"Qual \u00e8 il social network pi\u00f9 usato?\"}]},{\"@type\":\"WebSite\",\"@id\":\"https:\/\/ticino.com\/de\/#website\",\"url\":\"https:\/\/ticino.com\/de\/\",\"name\":\"Ticinocom SA\",\"description\":\"Internet 100% made in Ticino\",\"publisher\":{\"@id\":\"https:\/\/ticino.com\/de\/#organization\"},\"potentialAction\":[{\"@type\":\"SearchAction\",\"target\":{\"@type\":\"EntryPoint\",\"urlTemplate\":\"https:\/\/ticino.com\/de\/?s={search_term_string}\"},\"query-input\":{\"@type\":\"PropertyValueSpecification\",\"valueRequired\":true,\"valueName\":\"search_term_string\"}}],\"inLanguage\":\"de\"},{\"@type\":\"Organization\",\"@id\":\"https:\/\/ticino.com\/de\/#organization\",\"name\":\"Ticinocom SA\",\"url\":\"https:\/\/ticino.com\/de\/\",\"logo\":{\"@type\":\"ImageObject\",\"inLanguage\":\"de\",\"@id\":\"https:\/\/ticino.com\/de\/#\/schema\/logo\/image\/\",\"url\":\"https:\/\/ticino.com\/wp-content\/uploads\/2020\/09\/ticinocom-logo.png\",\"contentUrl\":\"https:\/\/ticino.com\/wp-content\/uploads\/2020\/09\/ticinocom-logo.png\",\"width\":508,\"height\":84,\"caption\":\"Ticinocom SA\"},\"image\":{\"@id\":\"https:\/\/ticino.com\/de\/#\/schema\/logo\/image\/\"},\"sameAs\":[\"https:\/\/facebook.com\/ticinocom\",\"https:\/\/x.com\/ticinocom\",\"https:\/\/instagram.com\/ticinocomsa\",\"https:\/\/linkedin.com\/company\/ticinocom\"]},{\"@type\":\"Person\",\"@id\":\"https:\/\/ticino.com\/de\/#\/schema\/person\/704df9c8d1af01bfa2367f9810ba319f\",\"name\":\"Andrea Presenti\",\"image\":{\"@type\":\"ImageObject\",\"inLanguage\":\"de\",\"@id\":\"https:\/\/ticino.com\/de\/#\/schema\/person\/image\/\",\"url\":\"https:\/\/secure.gravatar.com\/avatar\/5a718af3bb087a1ea5755cde0e2a740d?s=96&d=mm&r=g\",\"contentUrl\":\"https:\/\/secure.gravatar.com\/avatar\/5a718af3bb087a1ea5755cde0e2a740d?s=96&d=mm&r=g\",\"caption\":\"Andrea Presenti\"},\"description\":\"Andrea Presenti, nato nel 21\/04\/1992, \u00e8 uno scrittore tecnico pubblicitario che lavora nel settore dal 2016, dopo aver conseguito un corso di Scrittura Creativa presso la Scuola Internazionale di Comics. Ha collaborato con aziende di tutto il mondo per la stesura di testi ed \u00e8 Lead Editor di Ticinocom dal 2019.\",\"sameAs\":[\"https:\/\/x.com\/and.presenti@gmail.com\"],\"url\":\"https:\/\/ticino.com\/de\/author\/and-presentigmail-com\/\"}]}<\/script>\n<!-- \/ Yoast SEO Premium plugin. -->","yoast_head_json":{"title":"Qual \u00e8 il social network pi\u00f9 usato? - Blog di Ticinocom","description":"Qual \u00e8 il social network pi\u00f9 usato al momento? Quali social stanno vivendo la propria fase ascendente e quali sono in declino?","robots":{"index":"index","follow":"follow","max-snippet":"max-snippet:-1","max-image-preview":"max-image-preview:large","max-video-preview":"max-video-preview:-1"},"canonical":"https:\/\/ticino.com\/de\/blog\/qual-e-il-social-network-piu-usato\/","og_locale":"de_DE","og_type":"article","og_title":"Qual \u00e8 il social network pi\u00f9 usato?","og_description":"Qual \u00e8 il social network pi\u00f9 usato al momento? Quali social stanno vivendo la propria fase ascendente e quali sono in declino?","og_url":"https:\/\/ticino.com\/de\/blog\/qual-e-il-social-network-piu-usato\/","og_site_name":"Ticinocom SA","article_publisher":"https:\/\/facebook.com\/ticinocom","article_published_time":"2021-07-05T09:06:18+00:00","article_modified_time":"2021-07-05T09:06:22+00:00","og_image":[{"width":1080,"height":1080,"url":"https:\/\/ticino.com\/wp-content\/uploads\/2021\/07\/QUAL-IL-SOCIAL-NETWORK-PI-USATO-Max-Quality.jpg","type":"image\/jpeg"}],"author":"Andrea Presenti","twitter_card":"summary_large_image","twitter_creator":"@and.presenti@gmail.com","twitter_site":"@ticinocom","twitter_misc":{"Verfasst von":"Andrea Presenti","Gesch\u00e4tzte Lesezeit":"4\u00a0Minuten"},"schema":{"@context":"https:\/\/schema.org","@graph":[{"@type":"Article","@id":"https:\/\/ticino.com\/de\/blog\/qual-e-il-social-network-piu-usato\/#article","isPartOf":{"@id":"https:\/\/ticino.com\/de\/blog\/qual-e-il-social-network-piu-usato\/"},"author":{"name":"Andrea Presenti","@id":"https:\/\/ticino.com\/de\/#\/schema\/person\/704df9c8d1af01bfa2367f9810ba319f"},"headline":"Qual \u00e8 il social network pi\u00f9 usato?","datePublished":"2021-07-05T09:06:18+00:00","dateModified":"2021-07-05T09:06:22+00:00","mainEntityOfPage":{"@id":"https:\/\/ticino.com\/de\/blog\/qual-e-il-social-network-piu-usato\/"},"wordCount":653,"commentCount":0,"publisher":{"@id":"https:\/\/ticino.com\/de\/#organization"},"image":{"@id":"https:\/\/ticino.com\/de\/blog\/qual-e-il-social-network-piu-usato\/#primaryimage"},"thumbnailUrl":"https:\/\/ticino.com\/wp-content\/uploads\/2021\/07\/QUAL-IL-SOCIAL-NETWORK-PI-USATO-Max-Quality.jpg","keywords":["internet","social network"],"articleSection":["Approfondimenti"],"inLanguage":"de","potentialAction":[{"@type":"CommentAction","name":"Comment","target":["https:\/\/ticino.com\/de\/blog\/qual-e-il-social-network-piu-usato\/#respond"]}]},{"@type":"WebPage","@id":"https:\/\/ticino.com\/de\/blog\/qual-e-il-social-network-piu-usato\/","url":"https:\/\/ticino.com\/de\/blog\/qual-e-il-social-network-piu-usato\/","name":"Qual \u00e8 il social network pi\u00f9 usato? - Blog di Ticinocom","isPartOf":{"@id":"https:\/\/ticino.com\/de\/#website"},"primaryImageOfPage":{"@id":"https:\/\/ticino.com\/de\/blog\/qual-e-il-social-network-piu-usato\/#primaryimage"},"image":{"@id":"https:\/\/ticino.com\/de\/blog\/qual-e-il-social-network-piu-usato\/#primaryimage"},"thumbnailUrl":"https:\/\/ticino.com\/wp-content\/uploads\/2021\/07\/QUAL-IL-SOCIAL-NETWORK-PI-USATO-Max-Quality.jpg","datePublished":"2021-07-05T09:06:18+00:00","dateModified":"2021-07-05T09:06:22+00:00","description":"Qual \u00e8 il social network pi\u00f9 usato al momento? Quali social stanno vivendo la propria fase ascendente e quali sono in declino?","breadcrumb":{"@id":"https:\/\/ticino.com\/de\/blog\/qual-e-il-social-network-piu-usato\/#breadcrumb"},"inLanguage":"de","potentialAction":[{"@type":"ReadAction","target":["https:\/\/ticino.com\/de\/blog\/qual-e-il-social-network-piu-usato\/"]}]},{"@type":"ImageObject","inLanguage":"de","@id":"https:\/\/ticino.com\/de\/blog\/qual-e-il-social-network-piu-usato\/#primaryimage","url":"https:\/\/ticino.com\/wp-content\/uploads\/2021\/07\/QUAL-IL-SOCIAL-NETWORK-PI-USATO-Max-Quality.jpg","contentUrl":"https:\/\/ticino.com\/wp-content\/uploads\/2021\/07\/QUAL-IL-SOCIAL-NETWORK-PI-USATO-Max-Quality.jpg","width":1080,"height":1080},{"@type":"BreadcrumbList","@id":"https:\/\/ticino.com\/de\/blog\/qual-e-il-social-network-piu-usato\/#breadcrumb","itemListElement":[{"@type":"ListItem","position":1,"name":"Home","item":"https:\/\/ticino.com\/de\/"},{"@type":"ListItem","position":2,"name":"Qual \u00e8 il social network pi\u00f9 usato?"}]},{"@type":"WebSite","@id":"https:\/\/ticino.com\/de\/#website","url":"https:\/\/ticino.com\/de\/","name":"Ticinocom SA","description":"Internet 100% made in Ticino","publisher":{"@id":"https:\/\/ticino.com\/de\/#organization"},"potentialAction":[{"@type":"SearchAction","target":{"@type":"EntryPoint","urlTemplate":"https:\/\/ticino.com\/de\/?s={search_term_string}"},"query-input":{"@type":"PropertyValueSpecification","valueRequired":true,"valueName":"search_term_string"}}],"inLanguage":"de"},{"@type":"Organization","@id":"https:\/\/ticino.com\/de\/#organization","name":"Ticinocom SA","url":"https:\/\/ticino.com\/de\/","logo":{"@type":"ImageObject","inLanguage":"de","@id":"https:\/\/ticino.com\/de\/#\/schema\/logo\/image\/","url":"https:\/\/ticino.com\/wp-content\/uploads\/2020\/09\/ticinocom-logo.png","contentUrl":"https:\/\/ticino.com\/wp-content\/uploads\/2020\/09\/ticinocom-logo.png","width":508,"height":84,"caption":"Ticinocom SA"},"image":{"@id":"https:\/\/ticino.com\/de\/#\/schema\/logo\/image\/"},"sameAs":["https:\/\/facebook.com\/ticinocom","https:\/\/x.com\/ticinocom","https:\/\/instagram.com\/ticinocomsa","https:\/\/linkedin.com\/company\/ticinocom"]},{"@type":"Person","@id":"https:\/\/ticino.com\/de\/#\/schema\/person\/704df9c8d1af01bfa2367f9810ba319f","name":"Andrea Presenti","image":{"@type":"ImageObject","inLanguage":"de","@id":"https:\/\/ticino.com\/de\/#\/schema\/person\/image\/","url":"https:\/\/secure.gravatar.com\/avatar\/5a718af3bb087a1ea5755cde0e2a740d?s=96&d=mm&r=g","contentUrl":"https:\/\/secure.gravatar.com\/avatar\/5a718af3bb087a1ea5755cde0e2a740d?s=96&d=mm&r=g","caption":"Andrea Presenti"},"description":"Andrea Presenti, nato nel 21\/04\/1992, \u00e8 uno scrittore tecnico pubblicitario che lavora nel settore dal 2016, dopo aver conseguito un corso di Scrittura Creativa presso la Scuola Internazionale di Comics. Ha collaborato con aziende di tutto il mondo per la stesura di testi ed \u00e8 Lead Editor di Ticinocom dal 2019.","sameAs":["https:\/\/x.com\/and.presenti@gmail.com"],"url":"https:\/\/ticino.com\/de\/author\/and-presentigmail-com\/"}]}},"_links":{"self":[{"href":"https:\/\/ticino.com\/de\/wp-json\/wp\/v2\/posts\/12802"}],"collection":[{"href":"https:\/\/ticino.com\/de\/wp-json\/wp\/v2\/posts"}],"about":[{"href":"https:\/\/ticino.com\/de\/wp-json\/wp\/v2\/types\/post"}],"author":[{"embeddable":true,"href":"https:\/\/ticino.com\/de\/wp-json\/wp\/v2\/users\/138280480"}],"replies":[{"embeddable":true,"href":"https:\/\/ticino.com\/de\/wp-json\/wp\/v2\/comments?post=12802"}],"version-history":[{"count":0,"href":"https:\/\/ticino.com\/de\/wp-json\/wp\/v2\/posts\/12802\/revisions"}],"wp:featuredmedia":[{"embeddable":true,"href":"https:\/\/ticino.com\/de\/wp-json\/wp\/v2\/media\/12817"}],"wp:attachment":[{"href":"https:\/\/ticino.com\/de\/wp-json\/wp\/v2\/media?parent=12802"}],"wp:term":[{"taxonomy":"category","embeddable":true,"href":"https:\/\/ticino.com\/de\/wp-json\/wp\/v2\/categories?post=12802"},{"taxonomy":"post_tag","embeddable":true,"href":"https:\/\/ticino.com\/de\/wp-json\/wp\/v2\/tags?post=12802"}],"curies":[{"name":"wp","href":"https:\/\/api.w.org\/{rel}","templated":true}]}}