{"id":12183,"date":"2021-05-20T11:00:00","date_gmt":"2021-05-20T09:00:00","guid":{"rendered":"https:\/\/ticino.com\/?p=12183"},"modified":"2021-05-19T18:16:55","modified_gmt":"2021-05-19T16:16:55","slug":"quando-il-computer-non-si-accende-che-fare","status":"publish","type":"post","link":"https:\/\/ticino.com\/de\/blog\/quando-il-computer-non-si-accende-che-fare\/","title":{"rendered":"Quando il computer non si accende: che fare?"},"content":{"rendered":"\t\t<div data-elementor-type=\"wp-post\" data-elementor-id=\"12183\" class=\"elementor elementor-12183\" data-elementor-post-type=\"post\">\n\t\t\t\t\t\t<section class=\"elementor-section elementor-top-section elementor-element elementor-element-eaa7eb0 elementor-section-boxed elementor-section-height-default elementor-section-height-default\" data-id=\"eaa7eb0\" data-element_type=\"section\">\n\t\t\t\t\t\t<div class=\"elementor-container elementor-column-gap-default\">\n\t\t\t\t\t<div class=\"elementor-column elementor-col-100 elementor-top-column elementor-element elementor-element-e1563be\" data-id=\"e1563be\" data-element_type=\"column\">\n\t\t\t<div class=\"elementor-widget-wrap elementor-element-populated\">\n\t\t\t\t\t\t<div class=\"elementor-element elementor-element-7591d43 elementor-widget elementor-widget-text-editor\" data-id=\"7591d43\" data-element_type=\"widget\" data-widget_type=\"text-editor.default\">\n\t\t\t\t<div class=\"elementor-widget-container\">\n\t\t\t\t\t\t\t<p>Quando il computer non si accende: che fare? Dobbiamo per forza chiamare il tecnico o comprarne uno nuovo? Parliamone insieme!<\/p><p>Oggi parliamo di un problema che, purtroppo, pu\u00f2 affliggere qualsiasi tipo di computer: desktop, laptop, da gaming, all-in-one e chi pi\u00f9 ne ha pi\u00f9 ne metta.<\/p><p>Non \u00e8 necessaria una grande conoscenza elettronica per capire che se un computer non si accende, qualcosa non va. Anzi: proprio perch\u00e9 siamo abituati ad avere a che fare tutti i giorni con elettrodomestici e dispositivi a corrente, alla mancata accensione ci suona immediatamente un campanello d\u2019allarme e sale la preoccupazione.<\/p><p>Purtroppo, talvolta \u00e8 necessario l\u2019intervento di un tecnico e la sostituzione di determinati componenti, ma quello che faremo oggi \u00e8 escludere tutte le cause e capire quando il computer non si accende che fare.<\/p><p>\u00a0<\/p><h2>Quando il computer non si accende: che fare dalla A alla Z<\/h2><p>\u00a0<\/p><p>Cominciamo con il dire che ci possono essere tremila cause dietro una mancata accensione e, fortunatamente, la maggior parte delle volte basta un piccolo accorgimento per risolvere il problema.<\/p><p>Innanzitutto \u00e8 necessario fare una distinzione: il computer si accende e non parte o non d\u00e0 proprio segni di vita? Molto spesso, dopo aver premuto il pulsante di accensione, possiamo sentire il rumore di ventole ma sullo schermo non appare niente.<\/p>\t\t\t\t\t\t<\/div>\n\t\t\t\t<\/div>\n\t\t\t\t\t<\/div>\n\t\t<\/div>\n\t\t\t\t\t<\/div>\n\t\t<\/section>\n\t\t\t\t<section class=\"elementor-section elementor-top-section elementor-element elementor-element-8b91056 elementor-section-boxed elementor-section-height-default elementor-section-height-default\" data-id=\"8b91056\" data-element_type=\"section\">\n\t\t\t\t\t\t<div class=\"elementor-container elementor-column-gap-default\">\n\t\t\t\t\t<div class=\"elementor-column elementor-col-100 elementor-top-column elementor-element elementor-element-f67f66d\" data-id=\"f67f66d\" data-element_type=\"column\">\n\t\t\t<div class=\"elementor-widget-wrap elementor-element-populated\">\n\t\t\t\t\t\t<div class=\"elementor-element elementor-element-73d743e elementor-widget elementor-widget-global elementor-global-9672 elementor-widget-toolset-view\" data-id=\"73d743e\" data-element_type=\"widget\" data-widget_type=\"toolset-view.default\">\n\t\t\t\t<div class=\"elementor-widget-container\">\n\t\t\t\n\n\n<div id=\"wpv-view-layout-9666\" class=\"js-wpv-view-layout js-wpv-layout-responsive js-wpv-view-layout-9666\" data-viewnumber=\"9666\" data-pagination=\"{&quot;id&quot;:9666,&quot;query&quot;:&quot;normal&quot;,&quot;type&quot;:&quot;disabled&quot;,&quot;effect&quot;:&quot;fade&quot;,&quot;duration&quot;:500,&quot;speed&quot;:5,&quot;pause_on_hover&quot;:&quot;disabled&quot;,&quot;stop_rollover&quot;:&quot;false&quot;,&quot;cache_pages&quot;:&quot;enabled&quot;,&quot;preload_images&quot;:&quot;enabled&quot;,&quot;preload_pages&quot;:&quot;enabled&quot;,&quot;preload_reach&quot;:1,&quot;spinner&quot;:&quot;builtin&quot;,&quot;spinner_image&quot;:&quot;https:\/\/ticino.com\/wp-content\/plugins\/wp-views\/embedded\/res\/img\/ajax-loader.gif&quot;,&quot;callback_next&quot;:&quot;&quot;,&quot;manage_history&quot;:&quot;enabled&quot;,&quot;has_controls_in_form&quot;:&quot;disabled&quot;,&quot;infinite_tolerance&quot;:&quot;0&quot;,&quot;max_pages&quot;:1,&quot;page&quot;:1,&quot;base_permalink&quot;:&quot;\/de\/wp-json\/wp\/v2\/posts\/12183?wpv_view_count=9666&amp;wpv_paged=WPV_PAGE_NUM&quot;,&quot;loop&quot;:{&quot;type&quot;:&quot;&quot;,&quot;name&quot;:&quot;&quot;,&quot;data&quot;:[],&quot;id&quot;:0}}\" data-permalink=\"\/de\/wp-json\/wp\/v2\/posts\/12183?wpv_view_count=9666\">\n\n\t\n\t\n\t\t\n          <a href=\"https:\/\/ticino.com\/de\/blog\/la-pandemia-ieri-e-la-pandemia-oggi\/?ref=quando-il-computer-non-si-accende-che-fare\" id=\"blockquote\">\n            <blockquote cite=\"https:\/\/ticino.com\/de\/blog\/la-pandemia-ieri-e-la-pandemia-oggi\/\">\n              <p>Proviamo a mettere a confronto il Covid-19 con le altre grandi malattie della storia, come la Peste Nera e l\u2019Influenza Spagnola.<\/p>\n\n              <br>\n              <div style=\"text-align:right; font-weight:200;\"><span style=\"font-family: 'Exo 2', Sans-serif;\">Leggi l'articolo<\/span> <i style=\"vertical-align: middle; font-weight:200;\" class=\"fas fa-angle-double-right\"><\/i> <\/div>\n            <\/blockquote>\n          <\/a>\n\t\t\n\t\n\t\n\t\n<\/div>\n\t\t<\/div>\n\t\t\t\t<\/div>\n\t\t\t\t\t<\/div>\n\t\t<\/div>\n\t\t\t\t\t<\/div>\n\t\t<\/section>\n\t\t\t\t<section class=\"elementor-section elementor-top-section elementor-element elementor-element-b751194 elementor-section-boxed elementor-section-height-default elementor-section-height-default\" data-id=\"b751194\" data-element_type=\"section\">\n\t\t\t\t\t\t<div class=\"elementor-container elementor-column-gap-default\">\n\t\t\t\t\t<div class=\"elementor-column elementor-col-100 elementor-top-column elementor-element elementor-element-4b1317f\" data-id=\"4b1317f\" data-element_type=\"column\">\n\t\t\t<div class=\"elementor-widget-wrap elementor-element-populated\">\n\t\t\t\t\t\t<div class=\"elementor-element elementor-element-2557c20 elementor-widget elementor-widget-text-editor\" data-id=\"2557c20\" data-element_type=\"widget\" data-widget_type=\"text-editor.default\">\n\t\t\t\t<div class=\"elementor-widget-container\">\n\t\t\t\t\t\t\t<p>\u00c8 necessario determinare in quale dei due casi ci troviamo, poich\u00e9 le soluzioni (e le cause) sono diverse.<\/p><p>\u00a0<\/p><h3>Il computer non d\u00e0 segni di vita<\/h3><p>\u00a0<\/p><p><img fetchpriority=\"high\" decoding=\"async\" class=\"aligncenter size-large wp-image-12184\" src=\"https:\/\/ticino.com\/wp-content\/uploads\/2021\/05\/john-schnobrich-FlPc9_VocJ4-unsplash-1024x683.jpg\" alt=\"Quando il computer non si accende: che fare?\" width=\"800\" height=\"534\" srcset=\"https:\/\/ticino.com\/wp-content\/uploads\/2021\/05\/john-schnobrich-FlPc9_VocJ4-unsplash-1024x683.jpg 1024w, https:\/\/ticino.com\/wp-content\/uploads\/2021\/05\/john-schnobrich-FlPc9_VocJ4-unsplash-300x200.jpg 300w, https:\/\/ticino.com\/wp-content\/uploads\/2021\/05\/john-schnobrich-FlPc9_VocJ4-unsplash-768x512.jpg 768w, https:\/\/ticino.com\/wp-content\/uploads\/2021\/05\/john-schnobrich-FlPc9_VocJ4-unsplash-1536x1024.jpg 1536w, https:\/\/ticino.com\/wp-content\/uploads\/2021\/05\/john-schnobrich-FlPc9_VocJ4-unsplash-2048x1365.jpg 2048w\" sizes=\"(max-width: 800px) 100vw, 800px\"><\/p><p>\u00a0<\/p><p>Quando il <a href=\"https:\/\/ticino.com\/blog\/perche-il-computer-scalda\/\">computer<\/a> non si accende, che fare? Se il dispositivo non d\u00e0 alcun segno di vita, ci possono essere varie cause:<\/p><ul><li>Al computer non arriva abbastanza energia \u2013 Le prese elettriche non sono mai abbastanza in casa, per questo pu\u00f2 capitare che si colleghi il computer a una ciabatta. Qualora questo non dovesse accendersi, prova a collegarlo direttamente alla presa del muro o addirittura a cambiare presa, per essere sicuro che la causa non sia quella.<\/li><li>Il tasto posteriore \u00e8 su OFF \u2013 Nei computer fissi, in basso si trova un tasto che spegne il computer e blocca l\u2019accesso dell\u2019energia elettrica durante l\u2019assemblaggio o il trasferimento. Controlla che l\u2019interruttore si trovi nella giusta posizione.<\/li><li>La batteria non funziona \u2013 Nei computer portatili, la batteria ha una durata di vita, dopo la quale questa tende a durare sempre meno e quindi a non funzionare pi\u00f9. Prova a collegarlo alla corrente per vedere se in questo modo si accende.<\/li><li>L\u2019alimentatore \u00e8 difettoso o rotto \u2013 Nei computer fissi, l\u2019alimentare porta energia all\u2019intero dispositivo: se questo non d\u00e0 segni di vita, il cavo o l\u2019alimentatore stesso potrebbero essere danneggiati.<\/li><\/ul><h3>Il computer si accende ma non parte<\/h3><p>Se dopo aver premuto il pulsante, senti il rumore del computer che si avvia ma non arriva alcun segnale allo schermo, anche in questo caso ci possono essere diverse motivazioni e soluzioni:<\/p><ul><li>Controlla bene tutti i collegamenti tra computer e monitor \u2013 Prova a cambiare la porta in cui \u00e8 collegato, provare un cavo diverso e un monitor diverso per verificare che il problema non sia in uno di questi tre elementi.<\/li><li>Attento ai bip \u2013 Se all\u2019avvio senti dei bip (uno solo \u00e8 normale che si senta) potrebbe essere segnale <a href=\"https:\/\/www.sergiogandrus.it\/index.php\/2007\/08\/22\/hardware-significato-dei-bip-beep-del-pc-allavvio\/\">che qualcosa non va<\/a>.<\/li><li>Scollega tutte le periferiche \u2013 In particolare tutto ci\u00f2 che \u00e8 collegato alle porte <a href=\"https:\/\/ticino.com\/de\/wiki\/usb\/\" target=\"_self\" title=\"Con la sigla USB si intende la Universal Serial Bus, ovvero uno standard di hardware che regolamenta il tipo di connessione e collegamento tra dispositivi diversi. Oggi viene utilizzata dalla maggior parte delle periferiche che si collegano al computer, tra cui mouse, cuffie, microfoni e tastiere. I monitor, invece, utilizzano collegamenti di tipo HDMI, DVI,\u2026\" class=\"encyclopedia\">USB<\/a>: talvolta il computer potrebbe non partire perch\u00e9 subisce un\u2019interferenza dalla periferica al momento del boot.<\/li><li>Problema dal lato <a href=\"https:\/\/ticino.com\/de\/wiki\/software\/\" target=\"_self\" title=\"Con Software, in informatica, si intende la parte modificabile di un computer, quindi in genere di tutti i programmi che vengono installati e attivati all'interno del sistema operativo da parte dell'utente. Questo termine si contrappone direttamente alla parola &quot;Hardware&quot; nel suo essere immateriale: infatti tutti i programmi che compongono il lato software sono composti da\u2026\" class=\"encyclopedia\">software<\/a> \u2013 Virus, malware e installazioni corrotte possono bloccare l\u2019avvio del computer. Se riesci ad avviarlo in modalit\u00e0 sicura (Safe Mode) prova ad eseguire un ripristino a un punto precedente (utile in particolare qualora il problema si presenti a seguito di un\u2019installazione).<\/li><li>I componenti sono difettosi o rotti \u2013 Chiaramente c\u2019\u00e8 anche questa eventualit\u00e0: qualora uno dei componenti tra scheda madre, processore, <a href=\"https:\/\/ticino.com\/de\/wiki\/ram\/\" target=\"_self\" title=\"Con l'acronimo RAM (Random Access Memory) si indica un tipo di memoria utilizzata all'interno di dispositivi informatici. A differenza di HDD e SSD, dove la memoria \u00e8 di archiviazione e vi si accede in modo sequenziale, la RAM prevede un accesso casuale, il che vuol dire che ogni porzione di memoria avr\u00e0 la stessa velocit\u00e0\u2026\" class=\"encyclopedia\">RAM<\/a> e <a href=\"https:\/\/ticino.com\/de\/wiki\/ssd\/\" target=\"_self\" title=\"Con la sigla SSD si indicano i sistemi di archiviazione a stato solido, solitamente contrapposti agli HDD. Sfruttando la tecnologia flash (la stessa delle penne USB), sono pi\u00f9 veloci, silenziosi e compatti (sebbene pi\u00f9 costosi).\" class=\"encyclopedia\">SSD<\/a> dovessero essere difettati, il computer non partir\u00e0. In tal caso, dopo aver escluso tutte le altre possibilit\u00e0, \u00e8 il caso di chiamare un tecnico.<\/li><\/ul><p>Come vedi possono esserci numerose cause quando il computer non si accende: che fare, quindi? Un buon modus operandi \u00e8 iniziare dalla soluzione pi\u00f9 semplice e salire verso quelle pi\u00f9 complicate.<\/p><p>Un po\u2019 come in medicina, dove se hai un colpo di tosse non pensi immediatamente a un cancro ai polmoni. Inizia quindi con i cavi e prova a sostituire ci\u00f2 che puoi.<\/p><p>Spesso, cos\u00ec facendo, eviterai di dover lasciare il computer da un tecnico.<\/p>\t\t\t\t\t\t<\/div>\n\t\t\t\t<\/div>\n\t\t\t\t\t<\/div>\n\t\t<\/div>\n\t\t\t\t\t<\/div>\n\t\t<\/section>\n\t\t\t\t<\/div>\n\t\t","protected":false},"excerpt":{"rendered":"<p>Quando il computer non si accende: che fare? Dobbiamo per forza chiamare il tecnico o comprarne uno nuovo? Parliamone insieme! Oggi parliamo di un problema che, purtroppo, pu\u00f2 affliggere qualsiasi tipo di computer: desktop, laptop, da gaming, all-in-one e chi pi\u00f9 ne ha pi\u00f9 ne metta. Non \u00e8 necessaria una grande conoscenza elettronica per capire [&hellip;]<\/p>\n","protected":false},"author":138280480,"featured_media":12186,"comment_status":"open","ping_status":"open","sticky":false,"template":"","format":"standard","meta":{"footnotes":""},"categories":[1],"tags":[193,66,228],"class_list":["post-12183","post","type-post","status-publish","format-standard","has-post-thumbnail","hentry","category-non-categorizzato","tag-assistenza","tag-computer","tag-guasto"],"yoast_head":"<!-- This site is optimized with the Yoast SEO Premium plugin v21.7 (Yoast SEO v23.7) - https:\/\/yoast.com\/wordpress\/plugins\/seo\/ -->\n<title>Quando il computer non si accende: che fare? - Ticinocom<\/title>\n<meta name=\"description\" content=\"Quando il computer non si accende: che fare? Dobbiamo per forza chiamare il tecnico o comprarne uno nuovo? Parliamone insieme!\" \/>\n<meta name=\"robots\" content=\"index, follow, max-snippet:-1, max-image-preview:large, max-video-preview:-1\" \/>\n<link rel=\"canonical\" href=\"https:\/\/ticino.com\/de\/blog\/quando-il-computer-non-si-accende-che-fare\/\" \/>\n<meta property=\"og:locale\" content=\"de_DE\" \/>\n<meta property=\"og:type\" content=\"article\" \/>\n<meta property=\"og:title\" content=\"Quando il computer non si accende: che fare?\" \/>\n<meta property=\"og:description\" content=\"Quando il computer non si accende: che fare? Dobbiamo per forza chiamare il tecnico o comprarne uno nuovo? Parliamone insieme!\" \/>\n<meta property=\"og:url\" content=\"https:\/\/ticino.com\/de\/blog\/quando-il-computer-non-si-accende-che-fare\/\" \/>\n<meta property=\"og:site_name\" content=\"Ticinocom SA\" \/>\n<meta property=\"article:publisher\" content=\"https:\/\/facebook.com\/ticinocom\" \/>\n<meta property=\"article:published_time\" content=\"2021-05-20T09:00:00+00:00\" \/>\n<meta property=\"article:modified_time\" content=\"2021-05-19T16:16:55+00:00\" \/>\n<meta property=\"og:image\" content=\"https:\/\/ticino.com\/wp-content\/uploads\/2021\/05\/Quando-il-computer-non-si-accende-che-fare.png\" \/>\n\t<meta property=\"og:image:width\" content=\"1080\" \/>\n\t<meta property=\"og:image:height\" content=\"1080\" \/>\n\t<meta property=\"og:image:type\" content=\"image\/png\" \/>\n<meta name=\"author\" content=\"Andrea Presenti\" \/>\n<meta name=\"twitter:card\" content=\"summary_large_image\" \/>\n<meta name=\"twitter:creator\" content=\"@and.presenti@gmail.com\" \/>\n<meta name=\"twitter:site\" content=\"@ticinocom\" \/>\n<meta name=\"twitter:label1\" content=\"Verfasst von\" \/>\n\t<meta name=\"twitter:data1\" content=\"Andrea Presenti\" \/>\n\t<meta name=\"twitter:label2\" content=\"Gesch\u00e4tzte Lesezeit\" \/>\n\t<meta name=\"twitter:data2\" content=\"4\u00a0Minuten\" \/>\n<script type=\"application\/ld+json\" class=\"yoast-schema-graph\">{\"@context\":\"https:\/\/schema.org\",\"@graph\":[{\"@type\":\"Article\",\"@id\":\"https:\/\/ticino.com\/de\/blog\/quando-il-computer-non-si-accende-che-fare\/#article\",\"isPartOf\":{\"@id\":\"https:\/\/ticino.com\/de\/blog\/quando-il-computer-non-si-accende-che-fare\/\"},\"author\":{\"name\":\"Andrea Presenti\",\"@id\":\"https:\/\/ticino.com\/de\/#\/schema\/person\/704df9c8d1af01bfa2367f9810ba319f\"},\"headline\":\"Quando il computer non si accende: che fare?\",\"datePublished\":\"2021-05-20T09:00:00+00:00\",\"dateModified\":\"2021-05-19T16:16:55+00:00\",\"mainEntityOfPage\":{\"@id\":\"https:\/\/ticino.com\/de\/blog\/quando-il-computer-non-si-accende-che-fare\/\"},\"wordCount\":762,\"commentCount\":0,\"publisher\":{\"@id\":\"https:\/\/ticino.com\/de\/#organization\"},\"image\":{\"@id\":\"https:\/\/ticino.com\/de\/blog\/quando-il-computer-non-si-accende-che-fare\/#primaryimage\"},\"thumbnailUrl\":\"https:\/\/ticino.com\/wp-content\/uploads\/2021\/05\/Quando-il-computer-non-si-accende-che-fare.png\",\"keywords\":[\"assistenza\",\"computer\",\"guasto\"],\"articleSection\":[\"Non categorizzato\"],\"inLanguage\":\"de\",\"potentialAction\":[{\"@type\":\"CommentAction\",\"name\":\"Comment\",\"target\":[\"https:\/\/ticino.com\/de\/blog\/quando-il-computer-non-si-accende-che-fare\/#respond\"]}]},{\"@type\":\"WebPage\",\"@id\":\"https:\/\/ticino.com\/de\/blog\/quando-il-computer-non-si-accende-che-fare\/\",\"url\":\"https:\/\/ticino.com\/de\/blog\/quando-il-computer-non-si-accende-che-fare\/\",\"name\":\"Quando il computer non si accende: che fare? - Ticinocom\",\"isPartOf\":{\"@id\":\"https:\/\/ticino.com\/de\/#website\"},\"primaryImageOfPage\":{\"@id\":\"https:\/\/ticino.com\/de\/blog\/quando-il-computer-non-si-accende-che-fare\/#primaryimage\"},\"image\":{\"@id\":\"https:\/\/ticino.com\/de\/blog\/quando-il-computer-non-si-accende-che-fare\/#primaryimage\"},\"thumbnailUrl\":\"https:\/\/ticino.com\/wp-content\/uploads\/2021\/05\/Quando-il-computer-non-si-accende-che-fare.png\",\"datePublished\":\"2021-05-20T09:00:00+00:00\",\"dateModified\":\"2021-05-19T16:16:55+00:00\",\"description\":\"Quando il computer non si accende: che fare? Dobbiamo per forza chiamare il tecnico o comprarne uno nuovo? Parliamone insieme!\",\"breadcrumb\":{\"@id\":\"https:\/\/ticino.com\/de\/blog\/quando-il-computer-non-si-accende-che-fare\/#breadcrumb\"},\"inLanguage\":\"de\",\"potentialAction\":[{\"@type\":\"ReadAction\",\"target\":[\"https:\/\/ticino.com\/de\/blog\/quando-il-computer-non-si-accende-che-fare\/\"]}]},{\"@type\":\"ImageObject\",\"inLanguage\":\"de\",\"@id\":\"https:\/\/ticino.com\/de\/blog\/quando-il-computer-non-si-accende-che-fare\/#primaryimage\",\"url\":\"https:\/\/ticino.com\/wp-content\/uploads\/2021\/05\/Quando-il-computer-non-si-accende-che-fare.png\",\"contentUrl\":\"https:\/\/ticino.com\/wp-content\/uploads\/2021\/05\/Quando-il-computer-non-si-accende-che-fare.png\",\"width\":1080,\"height\":1080,\"caption\":\"Quando il computer non si accende: che fare?\"},{\"@type\":\"BreadcrumbList\",\"@id\":\"https:\/\/ticino.com\/de\/blog\/quando-il-computer-non-si-accende-che-fare\/#breadcrumb\",\"itemListElement\":[{\"@type\":\"ListItem\",\"position\":1,\"name\":\"Home\",\"item\":\"https:\/\/ticino.com\/de\/\"},{\"@type\":\"ListItem\",\"position\":2,\"name\":\"Quando il computer non si accende: che fare?\"}]},{\"@type\":\"WebSite\",\"@id\":\"https:\/\/ticino.com\/de\/#website\",\"url\":\"https:\/\/ticino.com\/de\/\",\"name\":\"Ticinocom SA\",\"description\":\"Internet 100% made in Ticino\",\"publisher\":{\"@id\":\"https:\/\/ticino.com\/de\/#organization\"},\"potentialAction\":[{\"@type\":\"SearchAction\",\"target\":{\"@type\":\"EntryPoint\",\"urlTemplate\":\"https:\/\/ticino.com\/de\/?s={search_term_string}\"},\"query-input\":{\"@type\":\"PropertyValueSpecification\",\"valueRequired\":true,\"valueName\":\"search_term_string\"}}],\"inLanguage\":\"de\"},{\"@type\":\"Organization\",\"@id\":\"https:\/\/ticino.com\/de\/#organization\",\"name\":\"Ticinocom SA\",\"url\":\"https:\/\/ticino.com\/de\/\",\"logo\":{\"@type\":\"ImageObject\",\"inLanguage\":\"de\",\"@id\":\"https:\/\/ticino.com\/de\/#\/schema\/logo\/image\/\",\"url\":\"https:\/\/ticino.com\/wp-content\/uploads\/2020\/09\/ticinocom-logo.png\",\"contentUrl\":\"https:\/\/ticino.com\/wp-content\/uploads\/2020\/09\/ticinocom-logo.png\",\"width\":508,\"height\":84,\"caption\":\"Ticinocom SA\"},\"image\":{\"@id\":\"https:\/\/ticino.com\/de\/#\/schema\/logo\/image\/\"},\"sameAs\":[\"https:\/\/facebook.com\/ticinocom\",\"https:\/\/x.com\/ticinocom\",\"https:\/\/instagram.com\/ticinocomsa\",\"https:\/\/linkedin.com\/company\/ticinocom\"]},{\"@type\":\"Person\",\"@id\":\"https:\/\/ticino.com\/de\/#\/schema\/person\/704df9c8d1af01bfa2367f9810ba319f\",\"name\":\"Andrea Presenti\",\"image\":{\"@type\":\"ImageObject\",\"inLanguage\":\"de\",\"@id\":\"https:\/\/ticino.com\/de\/#\/schema\/person\/image\/\",\"url\":\"https:\/\/secure.gravatar.com\/avatar\/5a718af3bb087a1ea5755cde0e2a740d?s=96&d=mm&r=g\",\"contentUrl\":\"https:\/\/secure.gravatar.com\/avatar\/5a718af3bb087a1ea5755cde0e2a740d?s=96&d=mm&r=g\",\"caption\":\"Andrea Presenti\"},\"description\":\"Andrea Presenti, nato nel 21\/04\/1992, \u00e8 uno scrittore tecnico pubblicitario che lavora nel settore dal 2016, dopo aver conseguito un corso di Scrittura Creativa presso la Scuola Internazionale di Comics. Ha collaborato con aziende di tutto il mondo per la stesura di testi ed \u00e8 Lead Editor di Ticinocom dal 2019.\",\"sameAs\":[\"https:\/\/x.com\/and.presenti@gmail.com\"],\"url\":\"https:\/\/ticino.com\/de\/author\/and-presentigmail-com\/\"}]}<\/script>\n<!-- \/ Yoast SEO Premium plugin. -->","yoast_head_json":{"title":"Quando il computer non si accende: che fare? - Ticinocom","description":"Quando il computer non si accende: che fare? Dobbiamo per forza chiamare il tecnico o comprarne uno nuovo? Parliamone insieme!","robots":{"index":"index","follow":"follow","max-snippet":"max-snippet:-1","max-image-preview":"max-image-preview:large","max-video-preview":"max-video-preview:-1"},"canonical":"https:\/\/ticino.com\/de\/blog\/quando-il-computer-non-si-accende-che-fare\/","og_locale":"de_DE","og_type":"article","og_title":"Quando il computer non si accende: che fare?","og_description":"Quando il computer non si accende: che fare? Dobbiamo per forza chiamare il tecnico o comprarne uno nuovo? Parliamone insieme!","og_url":"https:\/\/ticino.com\/de\/blog\/quando-il-computer-non-si-accende-che-fare\/","og_site_name":"Ticinocom SA","article_publisher":"https:\/\/facebook.com\/ticinocom","article_published_time":"2021-05-20T09:00:00+00:00","article_modified_time":"2021-05-19T16:16:55+00:00","og_image":[{"width":1080,"height":1080,"url":"https:\/\/ticino.com\/wp-content\/uploads\/2021\/05\/Quando-il-computer-non-si-accende-che-fare.png","type":"image\/png"}],"author":"Andrea Presenti","twitter_card":"summary_large_image","twitter_creator":"@and.presenti@gmail.com","twitter_site":"@ticinocom","twitter_misc":{"Verfasst von":"Andrea Presenti","Gesch\u00e4tzte Lesezeit":"4\u00a0Minuten"},"schema":{"@context":"https:\/\/schema.org","@graph":[{"@type":"Article","@id":"https:\/\/ticino.com\/de\/blog\/quando-il-computer-non-si-accende-che-fare\/#article","isPartOf":{"@id":"https:\/\/ticino.com\/de\/blog\/quando-il-computer-non-si-accende-che-fare\/"},"author":{"name":"Andrea Presenti","@id":"https:\/\/ticino.com\/de\/#\/schema\/person\/704df9c8d1af01bfa2367f9810ba319f"},"headline":"Quando il computer non si accende: che fare?","datePublished":"2021-05-20T09:00:00+00:00","dateModified":"2021-05-19T16:16:55+00:00","mainEntityOfPage":{"@id":"https:\/\/ticino.com\/de\/blog\/quando-il-computer-non-si-accende-che-fare\/"},"wordCount":762,"commentCount":0,"publisher":{"@id":"https:\/\/ticino.com\/de\/#organization"},"image":{"@id":"https:\/\/ticino.com\/de\/blog\/quando-il-computer-non-si-accende-che-fare\/#primaryimage"},"thumbnailUrl":"https:\/\/ticino.com\/wp-content\/uploads\/2021\/05\/Quando-il-computer-non-si-accende-che-fare.png","keywords":["assistenza","computer","guasto"],"articleSection":["Non categorizzato"],"inLanguage":"de","potentialAction":[{"@type":"CommentAction","name":"Comment","target":["https:\/\/ticino.com\/de\/blog\/quando-il-computer-non-si-accende-che-fare\/#respond"]}]},{"@type":"WebPage","@id":"https:\/\/ticino.com\/de\/blog\/quando-il-computer-non-si-accende-che-fare\/","url":"https:\/\/ticino.com\/de\/blog\/quando-il-computer-non-si-accende-che-fare\/","name":"Quando il computer non si accende: che fare? - Ticinocom","isPartOf":{"@id":"https:\/\/ticino.com\/de\/#website"},"primaryImageOfPage":{"@id":"https:\/\/ticino.com\/de\/blog\/quando-il-computer-non-si-accende-che-fare\/#primaryimage"},"image":{"@id":"https:\/\/ticino.com\/de\/blog\/quando-il-computer-non-si-accende-che-fare\/#primaryimage"},"thumbnailUrl":"https:\/\/ticino.com\/wp-content\/uploads\/2021\/05\/Quando-il-computer-non-si-accende-che-fare.png","datePublished":"2021-05-20T09:00:00+00:00","dateModified":"2021-05-19T16:16:55+00:00","description":"Quando il computer non si accende: che fare? Dobbiamo per forza chiamare il tecnico o comprarne uno nuovo? Parliamone insieme!","breadcrumb":{"@id":"https:\/\/ticino.com\/de\/blog\/quando-il-computer-non-si-accende-che-fare\/#breadcrumb"},"inLanguage":"de","potentialAction":[{"@type":"ReadAction","target":["https:\/\/ticino.com\/de\/blog\/quando-il-computer-non-si-accende-che-fare\/"]}]},{"@type":"ImageObject","inLanguage":"de","@id":"https:\/\/ticino.com\/de\/blog\/quando-il-computer-non-si-accende-che-fare\/#primaryimage","url":"https:\/\/ticino.com\/wp-content\/uploads\/2021\/05\/Quando-il-computer-non-si-accende-che-fare.png","contentUrl":"https:\/\/ticino.com\/wp-content\/uploads\/2021\/05\/Quando-il-computer-non-si-accende-che-fare.png","width":1080,"height":1080,"caption":"Quando il computer non si accende: che fare?"},{"@type":"BreadcrumbList","@id":"https:\/\/ticino.com\/de\/blog\/quando-il-computer-non-si-accende-che-fare\/#breadcrumb","itemListElement":[{"@type":"ListItem","position":1,"name":"Home","item":"https:\/\/ticino.com\/de\/"},{"@type":"ListItem","position":2,"name":"Quando il computer non si accende: che fare?"}]},{"@type":"WebSite","@id":"https:\/\/ticino.com\/de\/#website","url":"https:\/\/ticino.com\/de\/","name":"Ticinocom SA","description":"Internet 100% made in Ticino","publisher":{"@id":"https:\/\/ticino.com\/de\/#organization"},"potentialAction":[{"@type":"SearchAction","target":{"@type":"EntryPoint","urlTemplate":"https:\/\/ticino.com\/de\/?s={search_term_string}"},"query-input":{"@type":"PropertyValueSpecification","valueRequired":true,"valueName":"search_term_string"}}],"inLanguage":"de"},{"@type":"Organization","@id":"https:\/\/ticino.com\/de\/#organization","name":"Ticinocom SA","url":"https:\/\/ticino.com\/de\/","logo":{"@type":"ImageObject","inLanguage":"de","@id":"https:\/\/ticino.com\/de\/#\/schema\/logo\/image\/","url":"https:\/\/ticino.com\/wp-content\/uploads\/2020\/09\/ticinocom-logo.png","contentUrl":"https:\/\/ticino.com\/wp-content\/uploads\/2020\/09\/ticinocom-logo.png","width":508,"height":84,"caption":"Ticinocom SA"},"image":{"@id":"https:\/\/ticino.com\/de\/#\/schema\/logo\/image\/"},"sameAs":["https:\/\/facebook.com\/ticinocom","https:\/\/x.com\/ticinocom","https:\/\/instagram.com\/ticinocomsa","https:\/\/linkedin.com\/company\/ticinocom"]},{"@type":"Person","@id":"https:\/\/ticino.com\/de\/#\/schema\/person\/704df9c8d1af01bfa2367f9810ba319f","name":"Andrea Presenti","image":{"@type":"ImageObject","inLanguage":"de","@id":"https:\/\/ticino.com\/de\/#\/schema\/person\/image\/","url":"https:\/\/secure.gravatar.com\/avatar\/5a718af3bb087a1ea5755cde0e2a740d?s=96&d=mm&r=g","contentUrl":"https:\/\/secure.gravatar.com\/avatar\/5a718af3bb087a1ea5755cde0e2a740d?s=96&d=mm&r=g","caption":"Andrea Presenti"},"description":"Andrea Presenti, nato nel 21\/04\/1992, \u00e8 uno scrittore tecnico pubblicitario che lavora nel settore dal 2016, dopo aver conseguito un corso di Scrittura Creativa presso la Scuola Internazionale di Comics. Ha collaborato con aziende di tutto il mondo per la stesura di testi ed \u00e8 Lead Editor di Ticinocom dal 2019.","sameAs":["https:\/\/x.com\/and.presenti@gmail.com"],"url":"https:\/\/ticino.com\/de\/author\/and-presentigmail-com\/"}]}},"_links":{"self":[{"href":"https:\/\/ticino.com\/de\/wp-json\/wp\/v2\/posts\/12183"}],"collection":[{"href":"https:\/\/ticino.com\/de\/wp-json\/wp\/v2\/posts"}],"about":[{"href":"https:\/\/ticino.com\/de\/wp-json\/wp\/v2\/types\/post"}],"author":[{"embeddable":true,"href":"https:\/\/ticino.com\/de\/wp-json\/wp\/v2\/users\/138280480"}],"replies":[{"embeddable":true,"href":"https:\/\/ticino.com\/de\/wp-json\/wp\/v2\/comments?post=12183"}],"version-history":[{"count":0,"href":"https:\/\/ticino.com\/de\/wp-json\/wp\/v2\/posts\/12183\/revisions"}],"wp:featuredmedia":[{"embeddable":true,"href":"https:\/\/ticino.com\/de\/wp-json\/wp\/v2\/media\/12186"}],"wp:attachment":[{"href":"https:\/\/ticino.com\/de\/wp-json\/wp\/v2\/media?parent=12183"}],"wp:term":[{"taxonomy":"category","embeddable":true,"href":"https:\/\/ticino.com\/de\/wp-json\/wp\/v2\/categories?post=12183"},{"taxonomy":"post_tag","embeddable":true,"href":"https:\/\/ticino.com\/de\/wp-json\/wp\/v2\/tags?post=12183"}],"curies":[{"name":"wp","href":"https:\/\/api.w.org\/{rel}","templated":true}]}}