{"id":11620,"date":"2021-04-26T11:00:00","date_gmt":"2021-04-26T09:00:00","guid":{"rendered":"https:\/\/ticino.com\/?p=11620"},"modified":"2021-04-23T17:00:54","modified_gmt":"2021-04-23T15:00:54","slug":"chi-ha-inventato-la-scuola","status":"publish","type":"post","link":"https:\/\/ticino.com\/de\/blog\/chi-ha-inventato-la-scuola\/","title":{"rendered":"Chi ha inventato la scuola?"},"content":{"rendered":"\t\t<div data-elementor-type=\"wp-post\" data-elementor-id=\"11620\" class=\"elementor elementor-11620\" data-elementor-post-type=\"post\">\n\t\t\t\t\t\t<section class=\"elementor-section elementor-top-section elementor-element elementor-element-a638701 elementor-section-boxed elementor-section-height-default elementor-section-height-default\" data-id=\"a638701\" data-element_type=\"section\">\n\t\t\t\t\t\t<div class=\"elementor-container elementor-column-gap-default\">\n\t\t\t\t\t<div class=\"elementor-column elementor-col-100 elementor-top-column elementor-element elementor-element-f9e9087\" data-id=\"f9e9087\" data-element_type=\"column\">\n\t\t\t<div class=\"elementor-widget-wrap elementor-element-populated\">\n\t\t\t\t\t\t<div class=\"elementor-element elementor-element-49efa60 elementor-widget elementor-widget-text-editor\" data-id=\"49efa60\" data-element_type=\"widget\" data-widget_type=\"text-editor.default\">\n\t\t\t\t<div class=\"elementor-widget-container\">\n\t\t\t\t\t\t\t<p>Chi ha inventato la scuola? Quando \u00e8 divenuta pubblica e quale popolo ha gettato le basi del moderno sistema scolastico? Scopriamolo insieme!<\/p><p>La <a href=\"https:\/\/ticino.com\/perche-scienza-si-scrive-con-la-i\/\">scuola<\/a> oggi \u00e8 parte fondamentale della nostra societ\u00e0: ramificata in mille modi diversi, l\u2019istruzione \u00e8 un diritto e un dovere di ogni cittadino e per questo esistono leggi che stabiliscono in che modo deve essere fruita l\u2019educazione scolastica.<\/p><p>Nonostante questo, chiunque da ragazzo o bambino si sar\u00e0 ritrovato a maledire chiunque abbia inventato i compiti a casa, le interrogazioni e gli esami. O, pi\u00f9 in generale, chi ha inventato la scuola.<\/p><p>Una maledizione sussurrata in mezzo ai denti durante un\u2019interrogazione a sorpresa che ci ha portato naturalmente a porci una domanda: chi ha inventato la scuola? C\u2019\u00e8 stato un momento storico in cui non c\u2019era la scuola e si \u00e8 deciso che questa cosa doveva cambiare\u2026 ma quando \u00e8 successo?<\/p><p>Naturalmente, parlando di un\u2019istituzione cos\u00ec vecchia e diffusa, \u00e8 difficile dare una data e un nome a chi ha inventato la scuola, ma \u00e8 possiamo vedere comunque in che periodo storico sia comparsa e come si sia evoluta nel corso del tempo.<\/p><p>E per farlo dovremo viaggiare di migliaia di anni indietro nel tempo.<\/p><p>\u00a0<\/p><h2>Sin dai Sumeri<\/h2><p>\u00a0<\/p><p><img fetchpriority=\"high\" decoding=\"async\" class=\"aligncenter size-large wp-image-11624\" src=\"https:\/\/ticino.com\/wp-content\/uploads\/2021\/04\/nikhita-s-NsPDiPFTp4c-unsplash-1024x683.jpg\" alt=\"Chi ha inventato la scuola?\" width=\"800\" height=\"534\" srcset=\"https:\/\/ticino.com\/wp-content\/uploads\/2021\/04\/nikhita-s-NsPDiPFTp4c-unsplash-1024x683.jpg 1024w, https:\/\/ticino.com\/wp-content\/uploads\/2021\/04\/nikhita-s-NsPDiPFTp4c-unsplash-300x200.jpg 300w, https:\/\/ticino.com\/wp-content\/uploads\/2021\/04\/nikhita-s-NsPDiPFTp4c-unsplash-768x512.jpg 768w, https:\/\/ticino.com\/wp-content\/uploads\/2021\/04\/nikhita-s-NsPDiPFTp4c-unsplash-1536x1024.jpg 1536w, https:\/\/ticino.com\/wp-content\/uploads\/2021\/04\/nikhita-s-NsPDiPFTp4c-unsplash-2048x1365.jpg 2048w\" sizes=\"(max-width: 800px) 100vw, 800px\"><\/p><p>\u00a0<\/p><p>Quando ci chiediamo chi ha inventato la scuola, chiaramente stiamo parlando di un concetto di insegnamento simile a quello moderno, ovvero di una struttura in cui insegnanti e studenti si riuniscono.<\/p><p>L\u2019insegnamento in quanto tale esiste da sempre ed \u00e8 parte della natura stessa: nel mondo animale, i cuccioli della specie imparano dagli individui pi\u00f9 anziani.<\/p><p>Se invece parliamo di una struttura adibita all\u2019insegnamento, dobbiamo tornare indietro di quasi cinquemila anni. In passato abbiamo parlato di molte invenzioni che hanno fatto la storia, ma l\u2019unica che ha davvero \u201cfatto la storia\u201d \u00e8 stata la scrittura.<\/p><p>La storia dell\u2019uomo, infatti, comincia con l\u2019invenzione della scrittura, la quale \u00e8 collocata poco prima di quella della scuola: una volta che venne creato un linguaggio scritto, infatti cominci\u00f2 il suo insegnamento.<\/p><p>Ci troviamo nell\u2019antica Mesopotamia, dove nel tremila avanti Cristo venne istituita una struttura in cui insegnanti e studenti scrivevano su tavolette di creta.<\/p><p>All\u2019epoca, infatti, non c\u2019erano n\u00e9 carta n\u00e9 penne e si studiava su ci\u00f2 che si poteva. Non sorprende quindi che per vedere un\u2019evoluzione della scuola si dovette aspettare quasi mille e cinquecento anni.<\/p>\t\t\t\t\t\t<\/div>\n\t\t\t\t<\/div>\n\t\t\t\t\t<\/div>\n\t\t<\/div>\n\t\t\t\t\t<\/div>\n\t\t<\/section>\n\t\t\t\t<section class=\"elementor-section elementor-top-section elementor-element elementor-element-74f9d08 elementor-section-boxed elementor-section-height-default elementor-section-height-default\" data-id=\"74f9d08\" data-element_type=\"section\">\n\t\t\t\t\t\t<div class=\"elementor-container elementor-column-gap-default\">\n\t\t\t\t\t<div class=\"elementor-column elementor-col-100 elementor-top-column elementor-element elementor-element-2a82278\" data-id=\"2a82278\" data-element_type=\"column\">\n\t\t\t<div class=\"elementor-widget-wrap elementor-element-populated\">\n\t\t\t\t\t\t<div class=\"elementor-element elementor-element-6b73929 elementor-widget elementor-widget-global elementor-global-9672 elementor-widget-toolset-view\" data-id=\"6b73929\" data-element_type=\"widget\" data-widget_type=\"toolset-view.default\">\n\t\t\t\t<div class=\"elementor-widget-container\">\n\t\t\t\n\n\n<div id=\"wpv-view-layout-9666\" class=\"js-wpv-view-layout js-wpv-layout-responsive js-wpv-view-layout-9666\" data-viewnumber=\"9666\" data-pagination=\"{&quot;id&quot;:9666,&quot;query&quot;:&quot;normal&quot;,&quot;type&quot;:&quot;disabled&quot;,&quot;effect&quot;:&quot;fade&quot;,&quot;duration&quot;:500,&quot;speed&quot;:5,&quot;pause_on_hover&quot;:&quot;disabled&quot;,&quot;stop_rollover&quot;:&quot;false&quot;,&quot;cache_pages&quot;:&quot;enabled&quot;,&quot;preload_images&quot;:&quot;enabled&quot;,&quot;preload_pages&quot;:&quot;enabled&quot;,&quot;preload_reach&quot;:1,&quot;spinner&quot;:&quot;builtin&quot;,&quot;spinner_image&quot;:&quot;https:\/\/ticino.com\/wp-content\/plugins\/wp-views\/embedded\/res\/img\/ajax-loader.gif&quot;,&quot;callback_next&quot;:&quot;&quot;,&quot;manage_history&quot;:&quot;enabled&quot;,&quot;has_controls_in_form&quot;:&quot;disabled&quot;,&quot;infinite_tolerance&quot;:&quot;0&quot;,&quot;max_pages&quot;:1,&quot;page&quot;:1,&quot;base_permalink&quot;:&quot;\/de\/wp-json\/wp\/v2\/posts\/11620?wpv_view_count=9666&amp;wpv_paged=WPV_PAGE_NUM&quot;,&quot;loop&quot;:{&quot;type&quot;:&quot;&quot;,&quot;name&quot;:&quot;&quot;,&quot;data&quot;:[],&quot;id&quot;:0}}\" data-permalink=\"\/de\/wp-json\/wp\/v2\/posts\/11620?wpv_view_count=9666\">\n\n\t\n\t\n\t\t\n          <a href=\"https:\/\/ticino.com\/de\/blog\/fibra-ottica-rame-o-mista-che-tipo-di-linea-ho\/?ref=chi-ha-inventato-la-scuola\" id=\"blockquote\">\n            <blockquote cite=\"https:\/\/ticino.com\/de\/blog\/fibra-ottica-rame-o-mista-che-tipo-di-linea-ho\/\">\n              <p>Sai perch\u00e9 la fibra ottica \u00e8 pi\u00f9 veloce del rame? Conosci la differenza tra FTTC, FTTS e FTTH? Beh, ora s\u00ec.<\/p>\n\n              <br>\n              <div style=\"text-align:right; font-weight:200;\"><span style=\"font-family: 'Exo 2', Sans-serif;\">Leggi l'articolo<\/span> <i style=\"vertical-align: middle; font-weight:200;\" class=\"fas fa-angle-double-right\"><\/i> <\/div>\n            <\/blockquote>\n          <\/a>\n\t\t\n\t\n\t\n\t\n<\/div>\n\t\t<\/div>\n\t\t\t\t<\/div>\n\t\t\t\t\t<\/div>\n\t\t<\/div>\n\t\t\t\t\t<\/div>\n\t\t<\/section>\n\t\t\t\t<section class=\"elementor-section elementor-top-section elementor-element elementor-element-f8394b0 elementor-section-boxed elementor-section-height-default elementor-section-height-default\" data-id=\"f8394b0\" data-element_type=\"section\">\n\t\t\t\t\t\t<div class=\"elementor-container elementor-column-gap-default\">\n\t\t\t\t\t<div class=\"elementor-column elementor-col-100 elementor-top-column elementor-element elementor-element-f637a3a\" data-id=\"f637a3a\" data-element_type=\"column\">\n\t\t\t<div class=\"elementor-widget-wrap elementor-element-populated\">\n\t\t\t\t\t\t<div class=\"elementor-element elementor-element-c823e1b elementor-widget elementor-widget-text-editor\" data-id=\"c823e1b\" data-element_type=\"widget\" data-widget_type=\"text-editor.default\">\n\t\t\t\t<div class=\"elementor-widget-container\">\n\t\t\t\t\t\t\t<p>Nel duemila avanti Cristo, infatti, si ha la fondazione di quella che per molti \u00e8 \u201cla prima scuola\u201d: nell\u2019Antico Egitto, infatti, venne istituita questa struttura adibita alla preparazione politica di coloro che avrebbero amministrato il potere.<\/p><p>Una scuola elitaria, quindi, come sarebbero state quelle della maggior parte dei popoli pi\u00f9 avanzati nei successivi millenni. D\u2019altronde, l\u2019invenzione della scuola cos\u00ec come la concepiamo oggi sarebbe arrivata solo due secoli fa.<\/p><p>Ogni popolo comunque propose la propria versione scolastica, dall\u2019Accademia greca, all\u2019Antica Roma fino al sistema di guru e discepoli dell\u2019antica India (chiamato <a href=\"https:\/\/en.wikipedia.org\/wiki\/Gurukula\">Gurukula<\/a>). L\u2019Impero Bizantino cre\u00f2 una scuola primaria, ma in generale \u00e8 molto difficile definire un punto di inizio.<\/p><p>Curiosamente, ci sono teorie diverse per quanto riguarda il popolo che ha ufficialmente inventato la scuola, in quanto una forma di educazione esisteva in tutte le societ\u00e0 e non \u00e8 facile rendere tutti concordi sui canoni che dovevano essere rispettati per essere riconosciuta come scuola.<\/p><p>\u00a0<\/p><h2>Chi ha inventato la scuola moderna?<\/h2><p>\u00a0<\/p><p>Anche la scuola moderna ha un\u2019origine fumosa, poich\u00e9 ogni nazione ha implementato le regole generali nel proprio sistema scolastico in anni diversi e in modi diversi. Se chiedessimo a un americano chi ha inventato la scuola, probabilmente la risposta sarebbe \u201cHorace Mann\u201d, segretario dell\u2019educazione in Massachusetts nel 1837.<\/p><p>E il 19esimo secolo fu anno molto importante per la scolarizzazione in tutto il mondo, compresa l\u2019Italia (paese nel quale la scuola apparve a ondate diverse, prima delle quali nel Regno di Sardegna).<\/p><p>La grande differenza tra scuola antica e moderna? Lo scopo e i contenuti: nel tempo siamo passati da una scuola elitaria con scopi politici e filosofici a una scuola pubblica a cui devono e possono accedere tutti e che offre un\u2019educazione di base in vista di una specializzazione successiva.<\/p>\t\t\t\t\t\t<\/div>\n\t\t\t\t<\/div>\n\t\t\t\t\t<\/div>\n\t\t<\/div>\n\t\t\t\t\t<\/div>\n\t\t<\/section>\n\t\t\t\t<\/div>\n\t\t","protected":false},"excerpt":{"rendered":"<p>Chi ha inventato la scuola? Quando \u00e8 divenuta pubblica e quale popolo ha gettato le basi del moderno sistema scolastico? Scopriamolo insieme! La scuola oggi \u00e8 parte fondamentale della nostra societ\u00e0: ramificata in mille modi diversi, l\u2019istruzione \u00e8 un diritto e un dovere di ogni cittadino e per questo esistono leggi che stabiliscono in che [&hellip;]<\/p>\n","protected":false},"author":138280480,"featured_media":11621,"comment_status":"open","ping_status":"open","sticky":false,"template":"","format":"standard","meta":{"footnotes":""},"categories":[44],"tags":[224,333,232],"class_list":["post-11620","post","type-post","status-publish","format-standard","has-post-thumbnail","hentry","category-approfondimenti","tag-invenzione","tag-scuola","tag-storia"],"yoast_head":"<!-- This site is optimized with the Yoast SEO Premium plugin v21.7 (Yoast SEO v23.7) - https:\/\/yoast.com\/wordpress\/plugins\/seo\/ -->\n<title>Chi ha inventato la scuola? - Scoprilo sul Blog di Ticinocom<\/title>\n<meta name=\"description\" content=\"Chi ha inventato la scuola? Quando \u00e8 divenuta pubblica e quale popolo ha gettato le basi del moderno sistema scolastico? Scopriamolo insieme!\" \/>\n<meta name=\"robots\" content=\"index, follow, max-snippet:-1, max-image-preview:large, max-video-preview:-1\" \/>\n<link rel=\"canonical\" href=\"https:\/\/ticino.com\/de\/blog\/chi-ha-inventato-la-scuola\/\" \/>\n<meta property=\"og:locale\" content=\"de_DE\" \/>\n<meta property=\"og:type\" content=\"article\" \/>\n<meta property=\"og:title\" content=\"Chi ha inventato la scuola?\" \/>\n<meta property=\"og:description\" content=\"Chi ha inventato la scuola? Quando \u00e8 divenuta pubblica e quale popolo ha gettato le basi del moderno sistema scolastico? Scopriamolo insieme!\" \/>\n<meta property=\"og:url\" content=\"https:\/\/ticino.com\/de\/blog\/chi-ha-inventato-la-scuola\/\" \/>\n<meta property=\"og:site_name\" content=\"Ticinocom SA\" \/>\n<meta property=\"article:publisher\" content=\"https:\/\/facebook.com\/ticinocom\" \/>\n<meta property=\"article:published_time\" content=\"2021-04-26T09:00:00+00:00\" \/>\n<meta property=\"article:modified_time\" content=\"2021-04-23T15:00:54+00:00\" \/>\n<meta property=\"og:image\" content=\"https:\/\/ticino.com\/wp-content\/uploads\/2021\/04\/Chi-ha-inventato-la-scuola.png\" \/>\n\t<meta property=\"og:image:width\" content=\"1080\" \/>\n\t<meta property=\"og:image:height\" content=\"1080\" \/>\n\t<meta property=\"og:image:type\" content=\"image\/png\" \/>\n<meta name=\"author\" content=\"Andrea Presenti\" \/>\n<meta name=\"twitter:card\" content=\"summary_large_image\" \/>\n<meta name=\"twitter:creator\" content=\"@and.presenti@gmail.com\" \/>\n<meta name=\"twitter:site\" content=\"@ticinocom\" \/>\n<meta name=\"twitter:label1\" content=\"Verfasst von\" \/>\n\t<meta name=\"twitter:data1\" content=\"Andrea Presenti\" \/>\n\t<meta name=\"twitter:label2\" content=\"Gesch\u00e4tzte Lesezeit\" \/>\n\t<meta name=\"twitter:data2\" content=\"4\u00a0Minuten\" \/>\n<script type=\"application\/ld+json\" class=\"yoast-schema-graph\">{\"@context\":\"https:\/\/schema.org\",\"@graph\":[{\"@type\":\"Article\",\"@id\":\"https:\/\/ticino.com\/de\/blog\/chi-ha-inventato-la-scuola\/#article\",\"isPartOf\":{\"@id\":\"https:\/\/ticino.com\/de\/blog\/chi-ha-inventato-la-scuola\/\"},\"author\":{\"name\":\"Andrea Presenti\",\"@id\":\"https:\/\/ticino.com\/de\/#\/schema\/person\/704df9c8d1af01bfa2367f9810ba319f\"},\"headline\":\"Chi ha inventato la scuola?\",\"datePublished\":\"2021-04-26T09:00:00+00:00\",\"dateModified\":\"2021-04-23T15:00:54+00:00\",\"mainEntityOfPage\":{\"@id\":\"https:\/\/ticino.com\/de\/blog\/chi-ha-inventato-la-scuola\/\"},\"wordCount\":726,\"commentCount\":0,\"publisher\":{\"@id\":\"https:\/\/ticino.com\/de\/#organization\"},\"image\":{\"@id\":\"https:\/\/ticino.com\/de\/blog\/chi-ha-inventato-la-scuola\/#primaryimage\"},\"thumbnailUrl\":\"https:\/\/ticino.com\/wp-content\/uploads\/2021\/04\/Chi-ha-inventato-la-scuola.png\",\"keywords\":[\"invenzione\",\"scuola\",\"storia\"],\"articleSection\":[\"Approfondimenti\"],\"inLanguage\":\"de\",\"potentialAction\":[{\"@type\":\"CommentAction\",\"name\":\"Comment\",\"target\":[\"https:\/\/ticino.com\/de\/blog\/chi-ha-inventato-la-scuola\/#respond\"]}]},{\"@type\":\"WebPage\",\"@id\":\"https:\/\/ticino.com\/de\/blog\/chi-ha-inventato-la-scuola\/\",\"url\":\"https:\/\/ticino.com\/de\/blog\/chi-ha-inventato-la-scuola\/\",\"name\":\"Chi ha inventato la scuola? - Scoprilo sul Blog di Ticinocom\",\"isPartOf\":{\"@id\":\"https:\/\/ticino.com\/de\/#website\"},\"primaryImageOfPage\":{\"@id\":\"https:\/\/ticino.com\/de\/blog\/chi-ha-inventato-la-scuola\/#primaryimage\"},\"image\":{\"@id\":\"https:\/\/ticino.com\/de\/blog\/chi-ha-inventato-la-scuola\/#primaryimage\"},\"thumbnailUrl\":\"https:\/\/ticino.com\/wp-content\/uploads\/2021\/04\/Chi-ha-inventato-la-scuola.png\",\"datePublished\":\"2021-04-26T09:00:00+00:00\",\"dateModified\":\"2021-04-23T15:00:54+00:00\",\"description\":\"Chi ha inventato la scuola? Quando \u00e8 divenuta pubblica e quale popolo ha gettato le basi del moderno sistema scolastico? Scopriamolo insieme!\",\"breadcrumb\":{\"@id\":\"https:\/\/ticino.com\/de\/blog\/chi-ha-inventato-la-scuola\/#breadcrumb\"},\"inLanguage\":\"de\",\"potentialAction\":[{\"@type\":\"ReadAction\",\"target\":[\"https:\/\/ticino.com\/de\/blog\/chi-ha-inventato-la-scuola\/\"]}]},{\"@type\":\"ImageObject\",\"inLanguage\":\"de\",\"@id\":\"https:\/\/ticino.com\/de\/blog\/chi-ha-inventato-la-scuola\/#primaryimage\",\"url\":\"https:\/\/ticino.com\/wp-content\/uploads\/2021\/04\/Chi-ha-inventato-la-scuola.png\",\"contentUrl\":\"https:\/\/ticino.com\/wp-content\/uploads\/2021\/04\/Chi-ha-inventato-la-scuola.png\",\"width\":1080,\"height\":1080,\"caption\":\"Chi ha inventato la scuola?\"},{\"@type\":\"BreadcrumbList\",\"@id\":\"https:\/\/ticino.com\/de\/blog\/chi-ha-inventato-la-scuola\/#breadcrumb\",\"itemListElement\":[{\"@type\":\"ListItem\",\"position\":1,\"name\":\"Home\",\"item\":\"https:\/\/ticino.com\/de\/\"},{\"@type\":\"ListItem\",\"position\":2,\"name\":\"Chi ha inventato la scuola?\"}]},{\"@type\":\"WebSite\",\"@id\":\"https:\/\/ticino.com\/de\/#website\",\"url\":\"https:\/\/ticino.com\/de\/\",\"name\":\"Ticinocom SA\",\"description\":\"Internet 100% made in Ticino\",\"publisher\":{\"@id\":\"https:\/\/ticino.com\/de\/#organization\"},\"potentialAction\":[{\"@type\":\"SearchAction\",\"target\":{\"@type\":\"EntryPoint\",\"urlTemplate\":\"https:\/\/ticino.com\/de\/?s={search_term_string}\"},\"query-input\":{\"@type\":\"PropertyValueSpecification\",\"valueRequired\":true,\"valueName\":\"search_term_string\"}}],\"inLanguage\":\"de\"},{\"@type\":\"Organization\",\"@id\":\"https:\/\/ticino.com\/de\/#organization\",\"name\":\"Ticinocom SA\",\"url\":\"https:\/\/ticino.com\/de\/\",\"logo\":{\"@type\":\"ImageObject\",\"inLanguage\":\"de\",\"@id\":\"https:\/\/ticino.com\/de\/#\/schema\/logo\/image\/\",\"url\":\"https:\/\/ticino.com\/wp-content\/uploads\/2020\/09\/ticinocom-logo.png\",\"contentUrl\":\"https:\/\/ticino.com\/wp-content\/uploads\/2020\/09\/ticinocom-logo.png\",\"width\":508,\"height\":84,\"caption\":\"Ticinocom SA\"},\"image\":{\"@id\":\"https:\/\/ticino.com\/de\/#\/schema\/logo\/image\/\"},\"sameAs\":[\"https:\/\/facebook.com\/ticinocom\",\"https:\/\/x.com\/ticinocom\",\"https:\/\/instagram.com\/ticinocomsa\",\"https:\/\/linkedin.com\/company\/ticinocom\"]},{\"@type\":\"Person\",\"@id\":\"https:\/\/ticino.com\/de\/#\/schema\/person\/704df9c8d1af01bfa2367f9810ba319f\",\"name\":\"Andrea Presenti\",\"image\":{\"@type\":\"ImageObject\",\"inLanguage\":\"de\",\"@id\":\"https:\/\/ticino.com\/de\/#\/schema\/person\/image\/\",\"url\":\"https:\/\/secure.gravatar.com\/avatar\/5a718af3bb087a1ea5755cde0e2a740d?s=96&d=mm&r=g\",\"contentUrl\":\"https:\/\/secure.gravatar.com\/avatar\/5a718af3bb087a1ea5755cde0e2a740d?s=96&d=mm&r=g\",\"caption\":\"Andrea Presenti\"},\"description\":\"Andrea Presenti, nato nel 21\/04\/1992, \u00e8 uno scrittore tecnico pubblicitario che lavora nel settore dal 2016, dopo aver conseguito un corso di Scrittura Creativa presso la Scuola Internazionale di Comics. Ha collaborato con aziende di tutto il mondo per la stesura di testi ed \u00e8 Lead Editor di Ticinocom dal 2019.\",\"sameAs\":[\"https:\/\/x.com\/and.presenti@gmail.com\"],\"url\":\"https:\/\/ticino.com\/de\/author\/and-presentigmail-com\/\"}]}<\/script>\n<!-- \/ Yoast SEO Premium plugin. -->","yoast_head_json":{"title":"Chi ha inventato la scuola? - Scoprilo sul Blog di Ticinocom","description":"Chi ha inventato la scuola? Quando \u00e8 divenuta pubblica e quale popolo ha gettato le basi del moderno sistema scolastico? Scopriamolo insieme!","robots":{"index":"index","follow":"follow","max-snippet":"max-snippet:-1","max-image-preview":"max-image-preview:large","max-video-preview":"max-video-preview:-1"},"canonical":"https:\/\/ticino.com\/de\/blog\/chi-ha-inventato-la-scuola\/","og_locale":"de_DE","og_type":"article","og_title":"Chi ha inventato la scuola?","og_description":"Chi ha inventato la scuola? Quando \u00e8 divenuta pubblica e quale popolo ha gettato le basi del moderno sistema scolastico? Scopriamolo insieme!","og_url":"https:\/\/ticino.com\/de\/blog\/chi-ha-inventato-la-scuola\/","og_site_name":"Ticinocom SA","article_publisher":"https:\/\/facebook.com\/ticinocom","article_published_time":"2021-04-26T09:00:00+00:00","article_modified_time":"2021-04-23T15:00:54+00:00","og_image":[{"width":1080,"height":1080,"url":"https:\/\/ticino.com\/wp-content\/uploads\/2021\/04\/Chi-ha-inventato-la-scuola.png","type":"image\/png"}],"author":"Andrea Presenti","twitter_card":"summary_large_image","twitter_creator":"@and.presenti@gmail.com","twitter_site":"@ticinocom","twitter_misc":{"Verfasst von":"Andrea Presenti","Gesch\u00e4tzte Lesezeit":"4\u00a0Minuten"},"schema":{"@context":"https:\/\/schema.org","@graph":[{"@type":"Article","@id":"https:\/\/ticino.com\/de\/blog\/chi-ha-inventato-la-scuola\/#article","isPartOf":{"@id":"https:\/\/ticino.com\/de\/blog\/chi-ha-inventato-la-scuola\/"},"author":{"name":"Andrea Presenti","@id":"https:\/\/ticino.com\/de\/#\/schema\/person\/704df9c8d1af01bfa2367f9810ba319f"},"headline":"Chi ha inventato la scuola?","datePublished":"2021-04-26T09:00:00+00:00","dateModified":"2021-04-23T15:00:54+00:00","mainEntityOfPage":{"@id":"https:\/\/ticino.com\/de\/blog\/chi-ha-inventato-la-scuola\/"},"wordCount":726,"commentCount":0,"publisher":{"@id":"https:\/\/ticino.com\/de\/#organization"},"image":{"@id":"https:\/\/ticino.com\/de\/blog\/chi-ha-inventato-la-scuola\/#primaryimage"},"thumbnailUrl":"https:\/\/ticino.com\/wp-content\/uploads\/2021\/04\/Chi-ha-inventato-la-scuola.png","keywords":["invenzione","scuola","storia"],"articleSection":["Approfondimenti"],"inLanguage":"de","potentialAction":[{"@type":"CommentAction","name":"Comment","target":["https:\/\/ticino.com\/de\/blog\/chi-ha-inventato-la-scuola\/#respond"]}]},{"@type":"WebPage","@id":"https:\/\/ticino.com\/de\/blog\/chi-ha-inventato-la-scuola\/","url":"https:\/\/ticino.com\/de\/blog\/chi-ha-inventato-la-scuola\/","name":"Chi ha inventato la scuola? - Scoprilo sul Blog di Ticinocom","isPartOf":{"@id":"https:\/\/ticino.com\/de\/#website"},"primaryImageOfPage":{"@id":"https:\/\/ticino.com\/de\/blog\/chi-ha-inventato-la-scuola\/#primaryimage"},"image":{"@id":"https:\/\/ticino.com\/de\/blog\/chi-ha-inventato-la-scuola\/#primaryimage"},"thumbnailUrl":"https:\/\/ticino.com\/wp-content\/uploads\/2021\/04\/Chi-ha-inventato-la-scuola.png","datePublished":"2021-04-26T09:00:00+00:00","dateModified":"2021-04-23T15:00:54+00:00","description":"Chi ha inventato la scuola? Quando \u00e8 divenuta pubblica e quale popolo ha gettato le basi del moderno sistema scolastico? Scopriamolo insieme!","breadcrumb":{"@id":"https:\/\/ticino.com\/de\/blog\/chi-ha-inventato-la-scuola\/#breadcrumb"},"inLanguage":"de","potentialAction":[{"@type":"ReadAction","target":["https:\/\/ticino.com\/de\/blog\/chi-ha-inventato-la-scuola\/"]}]},{"@type":"ImageObject","inLanguage":"de","@id":"https:\/\/ticino.com\/de\/blog\/chi-ha-inventato-la-scuola\/#primaryimage","url":"https:\/\/ticino.com\/wp-content\/uploads\/2021\/04\/Chi-ha-inventato-la-scuola.png","contentUrl":"https:\/\/ticino.com\/wp-content\/uploads\/2021\/04\/Chi-ha-inventato-la-scuola.png","width":1080,"height":1080,"caption":"Chi ha inventato la scuola?"},{"@type":"BreadcrumbList","@id":"https:\/\/ticino.com\/de\/blog\/chi-ha-inventato-la-scuola\/#breadcrumb","itemListElement":[{"@type":"ListItem","position":1,"name":"Home","item":"https:\/\/ticino.com\/de\/"},{"@type":"ListItem","position":2,"name":"Chi ha inventato la scuola?"}]},{"@type":"WebSite","@id":"https:\/\/ticino.com\/de\/#website","url":"https:\/\/ticino.com\/de\/","name":"Ticinocom SA","description":"Internet 100% made in Ticino","publisher":{"@id":"https:\/\/ticino.com\/de\/#organization"},"potentialAction":[{"@type":"SearchAction","target":{"@type":"EntryPoint","urlTemplate":"https:\/\/ticino.com\/de\/?s={search_term_string}"},"query-input":{"@type":"PropertyValueSpecification","valueRequired":true,"valueName":"search_term_string"}}],"inLanguage":"de"},{"@type":"Organization","@id":"https:\/\/ticino.com\/de\/#organization","name":"Ticinocom SA","url":"https:\/\/ticino.com\/de\/","logo":{"@type":"ImageObject","inLanguage":"de","@id":"https:\/\/ticino.com\/de\/#\/schema\/logo\/image\/","url":"https:\/\/ticino.com\/wp-content\/uploads\/2020\/09\/ticinocom-logo.png","contentUrl":"https:\/\/ticino.com\/wp-content\/uploads\/2020\/09\/ticinocom-logo.png","width":508,"height":84,"caption":"Ticinocom SA"},"image":{"@id":"https:\/\/ticino.com\/de\/#\/schema\/logo\/image\/"},"sameAs":["https:\/\/facebook.com\/ticinocom","https:\/\/x.com\/ticinocom","https:\/\/instagram.com\/ticinocomsa","https:\/\/linkedin.com\/company\/ticinocom"]},{"@type":"Person","@id":"https:\/\/ticino.com\/de\/#\/schema\/person\/704df9c8d1af01bfa2367f9810ba319f","name":"Andrea Presenti","image":{"@type":"ImageObject","inLanguage":"de","@id":"https:\/\/ticino.com\/de\/#\/schema\/person\/image\/","url":"https:\/\/secure.gravatar.com\/avatar\/5a718af3bb087a1ea5755cde0e2a740d?s=96&d=mm&r=g","contentUrl":"https:\/\/secure.gravatar.com\/avatar\/5a718af3bb087a1ea5755cde0e2a740d?s=96&d=mm&r=g","caption":"Andrea Presenti"},"description":"Andrea Presenti, nato nel 21\/04\/1992, \u00e8 uno scrittore tecnico pubblicitario che lavora nel settore dal 2016, dopo aver conseguito un corso di Scrittura Creativa presso la Scuola Internazionale di Comics. Ha collaborato con aziende di tutto il mondo per la stesura di testi ed \u00e8 Lead Editor di Ticinocom dal 2019.","sameAs":["https:\/\/x.com\/and.presenti@gmail.com"],"url":"https:\/\/ticino.com\/de\/author\/and-presentigmail-com\/"}]}},"_links":{"self":[{"href":"https:\/\/ticino.com\/de\/wp-json\/wp\/v2\/posts\/11620"}],"collection":[{"href":"https:\/\/ticino.com\/de\/wp-json\/wp\/v2\/posts"}],"about":[{"href":"https:\/\/ticino.com\/de\/wp-json\/wp\/v2\/types\/post"}],"author":[{"embeddable":true,"href":"https:\/\/ticino.com\/de\/wp-json\/wp\/v2\/users\/138280480"}],"replies":[{"embeddable":true,"href":"https:\/\/ticino.com\/de\/wp-json\/wp\/v2\/comments?post=11620"}],"version-history":[{"count":0,"href":"https:\/\/ticino.com\/de\/wp-json\/wp\/v2\/posts\/11620\/revisions"}],"wp:featuredmedia":[{"embeddable":true,"href":"https:\/\/ticino.com\/de\/wp-json\/wp\/v2\/media\/11621"}],"wp:attachment":[{"href":"https:\/\/ticino.com\/de\/wp-json\/wp\/v2\/media?parent=11620"}],"wp:term":[{"taxonomy":"category","embeddable":true,"href":"https:\/\/ticino.com\/de\/wp-json\/wp\/v2\/categories?post=11620"},{"taxonomy":"post_tag","embeddable":true,"href":"https:\/\/ticino.com\/de\/wp-json\/wp\/v2\/tags?post=11620"}],"curies":[{"name":"wp","href":"https:\/\/api.w.org\/{rel}","templated":true}]}}