{"id":11516,"date":"2021-04-15T10:57:58","date_gmt":"2021-04-15T08:57:58","guid":{"rendered":"https:\/\/ticino.com\/?p=11516"},"modified":"2021-04-15T10:59:56","modified_gmt":"2021-04-15T08:59:56","slug":"quando-fu-inventata-la-televisione","status":"publish","type":"post","link":"https:\/\/ticino.com\/de\/blog\/quando-fu-inventata-la-televisione\/","title":{"rendered":"Quando fu inventata la televisione?"},"content":{"rendered":"\t\t<div data-elementor-type=\"wp-post\" data-elementor-id=\"11516\" class=\"elementor elementor-11516\" data-elementor-post-type=\"post\">\n\t\t\t\t\t\t<section class=\"elementor-section elementor-top-section elementor-element elementor-element-b68efa1 elementor-section-boxed elementor-section-height-default elementor-section-height-default\" data-id=\"b68efa1\" data-element_type=\"section\">\n\t\t\t\t\t\t<div class=\"elementor-container elementor-column-gap-default\">\n\t\t\t\t\t<div class=\"elementor-column elementor-col-100 elementor-top-column elementor-element elementor-element-3f6bb0d\" data-id=\"3f6bb0d\" data-element_type=\"column\">\n\t\t\t<div class=\"elementor-widget-wrap elementor-element-populated\">\n\t\t\t\t\t\t<div class=\"elementor-element elementor-element-79e08fc elementor-widget elementor-widget-text-editor\" data-id=\"79e08fc\" data-element_type=\"widget\" data-widget_type=\"text-editor.default\">\n\t\t\t\t<div class=\"elementor-widget-container\">\n\t\t\t\t\t\t\t<p>Quando fu inventata la televisione? Chi \u00e8 l\u2019inventore dietro questa scoperta rivoluzionaria? E come \u00e8 cambiata da allora? Parliamone insieme!<\/p><p>Nel nostro viaggio alla scoperta delle invenzioni che pi\u00f9 hanno condizionato e condizionano la nostra vita quotidiana, oggi parliamo della televisione. Nel corso del tempo questo strumento \u00e8 cambiato radicalmente, come avremo modo di vedere tra poco, ma non tutti sanno esattamente quando ha visto la luce o chi \u00e8 l\u2019inventore alle sue spalle.<\/p><p>Dopo aver parlato di <a href=\"https:\/\/ticino.com\/cosa-ha-inventato-marconi\/\">radio<\/a> e computer, non potevamo non completare questo trittico parlando della TV, quindi cominciamo con il nostro approfondimento.<\/p><p>\u00a0<\/p><h2>La televisione ieri e oggi<\/h2><p>\u00a0<\/p><p>La televisione sembra quasi una fenice: proprio nel suo momento pi\u00f9 basso in cui sembrava che le sue ceneri si stessero spegnendo, \u00e8 tornata a bruciare ed \u00e8 tornata in vita.<\/p><p>\u00c8 innegabile dire che i nuovi servizi di streaming e Internet abbiano messo in ginocchio il concetto classico di televisione.<\/p><p>Nonostante questa sia cambiata nel corso del tempo, la prova del web si \u00e8 rivelata essere pi\u00f9 difficile che mai. Tanto che la televisione oggi non ha sconfitto Internet, ma ha semplicemente abbracciato la sua esistenza.<\/p><p>Quando fu inventata la televisione, infatti, le sue potenzialit\u00e0 e il suo utilizzo erano molto diversi da ci\u00f2 che avrebbe raggiunto in futuro.<\/p><p>Il numero di canali, il tempo di trasmissione, la <a href=\"https:\/\/ticino.com\/de\/wiki\/tecnologia\/\" target=\"_self\" title=\"La &quot;Tecnologia&quot; pu\u00f2 avere molteplici significati e spesso viene accostata a una specifica brancia della scienza. Sul nostro sito la utilizziamo nella sua forma pi\u00f9 generica, ovvero l'insieme di scoperte e invenzioni che l'uomo ha fatto alterando la natura per i suoi scopi. Tecnologia \u00e8 quindi la creazione di un oggetto non presente in natura,\u2026\" class=\"encyclopedia\">tecnologia<\/a> dietro il dispositivo: tutte cose che sono cambiate radicalmente (avremo modo di parlare dell\u2019aspetto tecnico nel prossimo punto dell\u2019articolo).<\/p><p>Oggi, come molte altre tecnologie che ci accompagnano nel corso della vita, anche la televisione \u00e8 diventata \u201cintelligente\u201d. Proprio come i missili, sebbene la televisione abbia il potenziale di fare ancora pi\u00f9 danni in base al suo utilizzo!<\/p>\t\t\t\t\t\t<\/div>\n\t\t\t\t<\/div>\n\t\t\t\t\t<\/div>\n\t\t<\/div>\n\t\t\t\t\t<\/div>\n\t\t<\/section>\n\t\t\t\t<section class=\"elementor-section elementor-top-section elementor-element elementor-element-d62f325 elementor-section-boxed elementor-section-height-default elementor-section-height-default\" data-id=\"d62f325\" data-element_type=\"section\">\n\t\t\t\t\t\t<div class=\"elementor-container elementor-column-gap-default\">\n\t\t\t\t\t<div class=\"elementor-column elementor-col-100 elementor-top-column elementor-element elementor-element-b67583b\" data-id=\"b67583b\" data-element_type=\"column\">\n\t\t\t<div class=\"elementor-widget-wrap elementor-element-populated\">\n\t\t\t\t\t\t<div class=\"elementor-element elementor-element-66ba15c elementor-widget elementor-widget-global elementor-global-9672 elementor-widget-toolset-view\" data-id=\"66ba15c\" data-element_type=\"widget\" data-widget_type=\"toolset-view.default\">\n\t\t\t\t<div class=\"elementor-widget-container\">\n\t\t\t\n\n\n<div id=\"wpv-view-layout-9666\" class=\"js-wpv-view-layout js-wpv-layout-responsive js-wpv-view-layout-9666\" data-viewnumber=\"9666\" data-pagination=\"{&quot;id&quot;:9666,&quot;query&quot;:&quot;normal&quot;,&quot;type&quot;:&quot;disabled&quot;,&quot;effect&quot;:&quot;fade&quot;,&quot;duration&quot;:500,&quot;speed&quot;:5,&quot;pause_on_hover&quot;:&quot;disabled&quot;,&quot;stop_rollover&quot;:&quot;false&quot;,&quot;cache_pages&quot;:&quot;enabled&quot;,&quot;preload_images&quot;:&quot;enabled&quot;,&quot;preload_pages&quot;:&quot;enabled&quot;,&quot;preload_reach&quot;:1,&quot;spinner&quot;:&quot;builtin&quot;,&quot;spinner_image&quot;:&quot;https:\/\/ticino.com\/wp-content\/plugins\/wp-views\/embedded\/res\/img\/ajax-loader.gif&quot;,&quot;callback_next&quot;:&quot;&quot;,&quot;manage_history&quot;:&quot;enabled&quot;,&quot;has_controls_in_form&quot;:&quot;disabled&quot;,&quot;infinite_tolerance&quot;:&quot;0&quot;,&quot;max_pages&quot;:1,&quot;page&quot;:1,&quot;base_permalink&quot;:&quot;\/de\/wp-json\/wp\/v2\/posts\/11516?wpv_view_count=9666&amp;wpv_paged=WPV_PAGE_NUM&quot;,&quot;loop&quot;:{&quot;type&quot;:&quot;&quot;,&quot;name&quot;:&quot;&quot;,&quot;data&quot;:[],&quot;id&quot;:0}}\" data-permalink=\"\/de\/wp-json\/wp\/v2\/posts\/11516?wpv_view_count=9666\">\n\n\t\n\t\n\t\t\n          <a href=\"https:\/\/ticino.com\/de\/blog\/siamo-schiavi-della-tecnologia\/?ref=quando-fu-inventata-la-televisione\" id=\"blockquote\">\n            <blockquote cite=\"https:\/\/ticino.com\/de\/blog\/siamo-schiavi-della-tecnologia\/\">\n              <p>Siamo schiavi della tecnologia? Il nostro futuro \u00e8 condannato a rimanere collegati a una flebo digitale? Si tratta di un rapporto parassitario o no?<\/p>\n\n              <br>\n              <div style=\"text-align:right; font-weight:200;\"><span style=\"font-family: 'Exo 2', Sans-serif;\">Leggi l'articolo<\/span> <i style=\"vertical-align: middle; font-weight:200;\" class=\"fas fa-angle-double-right\"><\/i> <\/div>\n            <\/blockquote>\n          <\/a>\n\t\t\n\t\n\t\n\t\n<\/div>\n\t\t<\/div>\n\t\t\t\t<\/div>\n\t\t\t\t\t<\/div>\n\t\t<\/div>\n\t\t\t\t\t<\/div>\n\t\t<\/section>\n\t\t\t\t<section class=\"elementor-section elementor-top-section elementor-element elementor-element-c7e9570 elementor-section-boxed elementor-section-height-default elementor-section-height-default\" data-id=\"c7e9570\" data-element_type=\"section\">\n\t\t\t\t\t\t<div class=\"elementor-container elementor-column-gap-default\">\n\t\t\t\t\t<div class=\"elementor-column elementor-col-100 elementor-top-column elementor-element elementor-element-b26d6d5\" data-id=\"b26d6d5\" data-element_type=\"column\">\n\t\t\t<div class=\"elementor-widget-wrap elementor-element-populated\">\n\t\t\t\t\t\t<div class=\"elementor-element elementor-element-e1448e6 elementor-widget elementor-widget-text-editor\" data-id=\"e1448e6\" data-element_type=\"widget\" data-widget_type=\"text-editor.default\">\n\t\t\t\t<div class=\"elementor-widget-container\">\n\t\t\t\t\t\t\t<p>Le smart TV sono state la nuova linfa vitale nel settore delle televisioni, andando a prendere le funzioni di Internet e integrandole: Netflix stava mettendo in ginocchio il televisore che veniva sempre pi\u00f9 lasciato nella polvere? La soluzione \u00e8 stata semplicemente quella di inserire Netflix al suo interno.<\/p><p>Anche la Televisione 2.0 di Ticinocom \u00e8 la rappresentazione di questa evoluzione, andando a integrare al suo interno funzioni che sono ormai imprescindibili per la maggior parte degli utenti.<\/p><p>Se l\u2019evoluzione della televisione \u00e8 innegabile, qual \u00e8 stato per\u00f2 il suo punto di partenza?<\/p><p>\u00a0<\/p><h2>Quando fu inventata la televisione?<\/h2><p>\u00a0<\/p><p><img fetchpriority=\"high\" decoding=\"async\" class=\"aligncenter size-large wp-image-11520\" src=\"https:\/\/ticino.com\/wp-content\/uploads\/2021\/04\/sven-scheuermeier-XCBW03rNaNQ-unsplash-1024x683.jpg\" alt=\"Quando fu inventata la televisione?\" width=\"800\" height=\"534\" srcset=\"https:\/\/ticino.com\/wp-content\/uploads\/2021\/04\/sven-scheuermeier-XCBW03rNaNQ-unsplash-1024x683.jpg 1024w, https:\/\/ticino.com\/wp-content\/uploads\/2021\/04\/sven-scheuermeier-XCBW03rNaNQ-unsplash-300x200.jpg 300w, https:\/\/ticino.com\/wp-content\/uploads\/2021\/04\/sven-scheuermeier-XCBW03rNaNQ-unsplash-768x513.jpg 768w, https:\/\/ticino.com\/wp-content\/uploads\/2021\/04\/sven-scheuermeier-XCBW03rNaNQ-unsplash-1536x1025.jpg 1536w, https:\/\/ticino.com\/wp-content\/uploads\/2021\/04\/sven-scheuermeier-XCBW03rNaNQ-unsplash-2048x1367.jpg 2048w\" sizes=\"(max-width: 800px) 100vw, 800px\"><\/p><p>\u00a0<\/p><p>Per comprendere quando fu inventata la televisione, \u00e8 innanzitutto necessario fare una distinzione. Se stiamo parlando della televisione elettronica, infatti, da cui deriva quella moderna, dietro all\u2019invenzione troviamo i nomi di diversi uomini e donne di scienza.<\/p><p>A gettare le basi nel 1897 troviamo J. J. Thomson, grazie a tre famosi esperimenti che condusse, ma il nome associato a questa invenzione \u00e8 quella di Ferdinand Braun, il quale invent\u00f2 una prima versione del <a href=\"https:\/\/it.wikipedia.org\/wiki\/Tubo_a_raggi_catodici\">CRT<\/a> (ovvero il tubo a raggi catodici).<\/p><p>Potresti aver sentito gi\u00e0 nominare questa tecnologia: esatto, il tubo catodico \u00e8 la tecnologia utilizzata fino a inizi anni duemila dagli schermi (i famosi schermi pesanti e profondi).<\/p><p>Prima per\u00f2 della televisione elettronica, si trovava una televisione meccanica che avrebbe lasciato il posto alla prima tecnologia a partire dagli anni \u201930.<\/p><p>Anche in questo caso ci sono diverse \u201cB\u201d nella storia della tecnologia, come Braun di cui abbiamo parlato prima. Da Alexander Bain nel 1843 a Frederick Bakewell nel 1851 fino a Edouard Belin nel 1921. Il nome associato maggiormente a questa invenzione \u00e8 per\u00f2 quello di John Logie Bard: nel 1925, infatti, diede una dimostrazione pubblica che avrebbe sancito un punto di svolta nella storia di questa tecnologia.<\/p><p>Come spesso accade, \u00e8 difficile dare una data precisa e un nome preciso dietro un\u2019invenzione in quanto \u00e8 sempre lo sforzo collettivo di grandi menti, ma \u00e8 incredibile pensare a quanto si sia evoluta questa tecnologia nel giro di 100 anni e dei passi da gigante che sta compiendo negli anni 2000.<\/p><p>A dimostrazione del fatto che anche quando una tecnologia sembra aver compiuto il suo ciclo vitale, pu\u00f2 sempre rinascere dalle proprie ceneri.<\/p>\t\t\t\t\t\t<\/div>\n\t\t\t\t<\/div>\n\t\t\t\t\t<\/div>\n\t\t<\/div>\n\t\t\t\t\t<\/div>\n\t\t<\/section>\n\t\t\t\t<\/div>\n\t\t","protected":false},"excerpt":{"rendered":"<p>Quando fu inventata la televisione? Chi \u00e8 l\u2019inventore dietro questa scoperta rivoluzionaria? E come \u00e8 cambiata da allora? Parliamone insieme! Nel nostro viaggio alla scoperta delle invenzioni che pi\u00f9 hanno condizionato e condizionano la nostra vita quotidiana, oggi parliamo della televisione. Nel corso del tempo questo strumento \u00e8 cambiato radicalmente, come avremo modo di vedere [&hellip;]<\/p>\n","protected":false},"author":138280480,"featured_media":11517,"comment_status":"open","ping_status":"open","sticky":false,"template":"","format":"standard","meta":{"footnotes":""},"categories":[44],"tags":[232,82,329],"class_list":["post-11516","post","type-post","status-publish","format-standard","has-post-thumbnail","hentry","category-approfondimenti","tag-storia","tag-tecnologia","tag-televisione"],"yoast_head":"<!-- This site is optimized with the Yoast SEO Premium plugin v21.7 (Yoast SEO v23.7) - https:\/\/yoast.com\/wordpress\/plugins\/seo\/ -->\n<title>Quando fu inventata la televisione? | Ticinocom SA<\/title>\n<meta name=\"description\" content=\"Quando fu inventata la televisione? Chi \u00e8 l\u2019inventore dietro questa scoperta rivoluzionaria? E come \u00e8 cambiata da allora? Parliamone insieme!\" \/>\n<meta name=\"robots\" content=\"index, follow, max-snippet:-1, max-image-preview:large, max-video-preview:-1\" \/>\n<link rel=\"canonical\" href=\"https:\/\/ticino.com\/de\/blog\/quando-fu-inventata-la-televisione\/\" \/>\n<meta property=\"og:locale\" content=\"de_DE\" \/>\n<meta property=\"og:type\" content=\"article\" \/>\n<meta property=\"og:title\" content=\"Quando fu inventata la televisione?\" \/>\n<meta property=\"og:description\" content=\"Quando fu inventata la televisione? Chi \u00e8 l\u2019inventore dietro questa scoperta rivoluzionaria? E come \u00e8 cambiata da allora? Parliamone insieme!\" \/>\n<meta property=\"og:url\" content=\"https:\/\/ticino.com\/de\/blog\/quando-fu-inventata-la-televisione\/\" \/>\n<meta property=\"og:site_name\" content=\"Ticinocom SA\" \/>\n<meta property=\"article:publisher\" content=\"https:\/\/facebook.com\/ticinocom\" \/>\n<meta property=\"article:published_time\" content=\"2021-04-15T08:57:58+00:00\" \/>\n<meta property=\"article:modified_time\" content=\"2021-04-15T08:59:56+00:00\" \/>\n<meta property=\"og:image\" content=\"https:\/\/ticino.com\/wp-content\/uploads\/2021\/04\/Quando-fu-inventata-la-televisione-1.png\" \/>\n\t<meta property=\"og:image:width\" content=\"1080\" \/>\n\t<meta property=\"og:image:height\" content=\"1080\" \/>\n\t<meta property=\"og:image:type\" content=\"image\/png\" \/>\n<meta name=\"author\" content=\"Andrea Presenti\" \/>\n<meta name=\"twitter:card\" content=\"summary_large_image\" \/>\n<meta name=\"twitter:creator\" content=\"@and.presenti@gmail.com\" \/>\n<meta name=\"twitter:site\" content=\"@ticinocom\" \/>\n<meta name=\"twitter:label1\" content=\"Verfasst von\" \/>\n\t<meta name=\"twitter:data1\" content=\"Andrea Presenti\" \/>\n\t<meta name=\"twitter:label2\" content=\"Gesch\u00e4tzte Lesezeit\" \/>\n\t<meta name=\"twitter:data2\" content=\"3\u00a0Minuten\" \/>\n<script type=\"application\/ld+json\" class=\"yoast-schema-graph\">{\"@context\":\"https:\/\/schema.org\",\"@graph\":[{\"@type\":\"Article\",\"@id\":\"https:\/\/ticino.com\/de\/blog\/quando-fu-inventata-la-televisione\/#article\",\"isPartOf\":{\"@id\":\"https:\/\/ticino.com\/de\/blog\/quando-fu-inventata-la-televisione\/\"},\"author\":{\"name\":\"Andrea Presenti\",\"@id\":\"https:\/\/ticino.com\/de\/#\/schema\/person\/704df9c8d1af01bfa2367f9810ba319f\"},\"headline\":\"Quando fu inventata la televisione?\",\"datePublished\":\"2021-04-15T08:57:58+00:00\",\"dateModified\":\"2021-04-15T08:59:56+00:00\",\"mainEntityOfPage\":{\"@id\":\"https:\/\/ticino.com\/de\/blog\/quando-fu-inventata-la-televisione\/\"},\"wordCount\":663,\"commentCount\":0,\"publisher\":{\"@id\":\"https:\/\/ticino.com\/de\/#organization\"},\"image\":{\"@id\":\"https:\/\/ticino.com\/de\/blog\/quando-fu-inventata-la-televisione\/#primaryimage\"},\"thumbnailUrl\":\"https:\/\/ticino.com\/wp-content\/uploads\/2021\/04\/Quando-fu-inventata-la-televisione-1.png\",\"keywords\":[\"storia\",\"tecnologia\",\"televisione\"],\"articleSection\":[\"Approfondimenti\"],\"inLanguage\":\"de\",\"potentialAction\":[{\"@type\":\"CommentAction\",\"name\":\"Comment\",\"target\":[\"https:\/\/ticino.com\/de\/blog\/quando-fu-inventata-la-televisione\/#respond\"]}]},{\"@type\":\"WebPage\",\"@id\":\"https:\/\/ticino.com\/de\/blog\/quando-fu-inventata-la-televisione\/\",\"url\":\"https:\/\/ticino.com\/de\/blog\/quando-fu-inventata-la-televisione\/\",\"name\":\"Quando fu inventata la televisione? | Ticinocom SA\",\"isPartOf\":{\"@id\":\"https:\/\/ticino.com\/de\/#website\"},\"primaryImageOfPage\":{\"@id\":\"https:\/\/ticino.com\/de\/blog\/quando-fu-inventata-la-televisione\/#primaryimage\"},\"image\":{\"@id\":\"https:\/\/ticino.com\/de\/blog\/quando-fu-inventata-la-televisione\/#primaryimage\"},\"thumbnailUrl\":\"https:\/\/ticino.com\/wp-content\/uploads\/2021\/04\/Quando-fu-inventata-la-televisione-1.png\",\"datePublished\":\"2021-04-15T08:57:58+00:00\",\"dateModified\":\"2021-04-15T08:59:56+00:00\",\"description\":\"Quando fu inventata la televisione? Chi \u00e8 l\u2019inventore dietro questa scoperta rivoluzionaria? E come \u00e8 cambiata da allora? Parliamone insieme!\",\"breadcrumb\":{\"@id\":\"https:\/\/ticino.com\/de\/blog\/quando-fu-inventata-la-televisione\/#breadcrumb\"},\"inLanguage\":\"de\",\"potentialAction\":[{\"@type\":\"ReadAction\",\"target\":[\"https:\/\/ticino.com\/de\/blog\/quando-fu-inventata-la-televisione\/\"]}]},{\"@type\":\"ImageObject\",\"inLanguage\":\"de\",\"@id\":\"https:\/\/ticino.com\/de\/blog\/quando-fu-inventata-la-televisione\/#primaryimage\",\"url\":\"https:\/\/ticino.com\/wp-content\/uploads\/2021\/04\/Quando-fu-inventata-la-televisione-1.png\",\"contentUrl\":\"https:\/\/ticino.com\/wp-content\/uploads\/2021\/04\/Quando-fu-inventata-la-televisione-1.png\",\"width\":1080,\"height\":1080,\"caption\":\"Quando fu inventata la televisione?\"},{\"@type\":\"BreadcrumbList\",\"@id\":\"https:\/\/ticino.com\/de\/blog\/quando-fu-inventata-la-televisione\/#breadcrumb\",\"itemListElement\":[{\"@type\":\"ListItem\",\"position\":1,\"name\":\"Home\",\"item\":\"https:\/\/ticino.com\/de\/\"},{\"@type\":\"ListItem\",\"position\":2,\"name\":\"Quando fu inventata la televisione?\"}]},{\"@type\":\"WebSite\",\"@id\":\"https:\/\/ticino.com\/de\/#website\",\"url\":\"https:\/\/ticino.com\/de\/\",\"name\":\"Ticinocom SA\",\"description\":\"Internet 100% made in Ticino\",\"publisher\":{\"@id\":\"https:\/\/ticino.com\/de\/#organization\"},\"potentialAction\":[{\"@type\":\"SearchAction\",\"target\":{\"@type\":\"EntryPoint\",\"urlTemplate\":\"https:\/\/ticino.com\/de\/?s={search_term_string}\"},\"query-input\":{\"@type\":\"PropertyValueSpecification\",\"valueRequired\":true,\"valueName\":\"search_term_string\"}}],\"inLanguage\":\"de\"},{\"@type\":\"Organization\",\"@id\":\"https:\/\/ticino.com\/de\/#organization\",\"name\":\"Ticinocom SA\",\"url\":\"https:\/\/ticino.com\/de\/\",\"logo\":{\"@type\":\"ImageObject\",\"inLanguage\":\"de\",\"@id\":\"https:\/\/ticino.com\/de\/#\/schema\/logo\/image\/\",\"url\":\"https:\/\/ticino.com\/wp-content\/uploads\/2020\/09\/ticinocom-logo.png\",\"contentUrl\":\"https:\/\/ticino.com\/wp-content\/uploads\/2020\/09\/ticinocom-logo.png\",\"width\":508,\"height\":84,\"caption\":\"Ticinocom SA\"},\"image\":{\"@id\":\"https:\/\/ticino.com\/de\/#\/schema\/logo\/image\/\"},\"sameAs\":[\"https:\/\/facebook.com\/ticinocom\",\"https:\/\/x.com\/ticinocom\",\"https:\/\/instagram.com\/ticinocomsa\",\"https:\/\/linkedin.com\/company\/ticinocom\"]},{\"@type\":\"Person\",\"@id\":\"https:\/\/ticino.com\/de\/#\/schema\/person\/704df9c8d1af01bfa2367f9810ba319f\",\"name\":\"Andrea Presenti\",\"image\":{\"@type\":\"ImageObject\",\"inLanguage\":\"de\",\"@id\":\"https:\/\/ticino.com\/de\/#\/schema\/person\/image\/\",\"url\":\"https:\/\/secure.gravatar.com\/avatar\/5a718af3bb087a1ea5755cde0e2a740d?s=96&d=mm&r=g\",\"contentUrl\":\"https:\/\/secure.gravatar.com\/avatar\/5a718af3bb087a1ea5755cde0e2a740d?s=96&d=mm&r=g\",\"caption\":\"Andrea Presenti\"},\"description\":\"Andrea Presenti, nato nel 21\/04\/1992, \u00e8 uno scrittore tecnico pubblicitario che lavora nel settore dal 2016, dopo aver conseguito un corso di Scrittura Creativa presso la Scuola Internazionale di Comics. Ha collaborato con aziende di tutto il mondo per la stesura di testi ed \u00e8 Lead Editor di Ticinocom dal 2019.\",\"sameAs\":[\"https:\/\/x.com\/and.presenti@gmail.com\"],\"url\":\"https:\/\/ticino.com\/de\/author\/and-presentigmail-com\/\"}]}<\/script>\n<!-- \/ Yoast SEO Premium plugin. -->","yoast_head_json":{"title":"Quando fu inventata la televisione? | Ticinocom SA","description":"Quando fu inventata la televisione? Chi \u00e8 l\u2019inventore dietro questa scoperta rivoluzionaria? E come \u00e8 cambiata da allora? Parliamone insieme!","robots":{"index":"index","follow":"follow","max-snippet":"max-snippet:-1","max-image-preview":"max-image-preview:large","max-video-preview":"max-video-preview:-1"},"canonical":"https:\/\/ticino.com\/de\/blog\/quando-fu-inventata-la-televisione\/","og_locale":"de_DE","og_type":"article","og_title":"Quando fu inventata la televisione?","og_description":"Quando fu inventata la televisione? Chi \u00e8 l\u2019inventore dietro questa scoperta rivoluzionaria? E come \u00e8 cambiata da allora? Parliamone insieme!","og_url":"https:\/\/ticino.com\/de\/blog\/quando-fu-inventata-la-televisione\/","og_site_name":"Ticinocom SA","article_publisher":"https:\/\/facebook.com\/ticinocom","article_published_time":"2021-04-15T08:57:58+00:00","article_modified_time":"2021-04-15T08:59:56+00:00","og_image":[{"width":1080,"height":1080,"url":"https:\/\/ticino.com\/wp-content\/uploads\/2021\/04\/Quando-fu-inventata-la-televisione-1.png","type":"image\/png"}],"author":"Andrea Presenti","twitter_card":"summary_large_image","twitter_creator":"@and.presenti@gmail.com","twitter_site":"@ticinocom","twitter_misc":{"Verfasst von":"Andrea Presenti","Gesch\u00e4tzte Lesezeit":"3\u00a0Minuten"},"schema":{"@context":"https:\/\/schema.org","@graph":[{"@type":"Article","@id":"https:\/\/ticino.com\/de\/blog\/quando-fu-inventata-la-televisione\/#article","isPartOf":{"@id":"https:\/\/ticino.com\/de\/blog\/quando-fu-inventata-la-televisione\/"},"author":{"name":"Andrea Presenti","@id":"https:\/\/ticino.com\/de\/#\/schema\/person\/704df9c8d1af01bfa2367f9810ba319f"},"headline":"Quando fu inventata la televisione?","datePublished":"2021-04-15T08:57:58+00:00","dateModified":"2021-04-15T08:59:56+00:00","mainEntityOfPage":{"@id":"https:\/\/ticino.com\/de\/blog\/quando-fu-inventata-la-televisione\/"},"wordCount":663,"commentCount":0,"publisher":{"@id":"https:\/\/ticino.com\/de\/#organization"},"image":{"@id":"https:\/\/ticino.com\/de\/blog\/quando-fu-inventata-la-televisione\/#primaryimage"},"thumbnailUrl":"https:\/\/ticino.com\/wp-content\/uploads\/2021\/04\/Quando-fu-inventata-la-televisione-1.png","keywords":["storia","tecnologia","televisione"],"articleSection":["Approfondimenti"],"inLanguage":"de","potentialAction":[{"@type":"CommentAction","name":"Comment","target":["https:\/\/ticino.com\/de\/blog\/quando-fu-inventata-la-televisione\/#respond"]}]},{"@type":"WebPage","@id":"https:\/\/ticino.com\/de\/blog\/quando-fu-inventata-la-televisione\/","url":"https:\/\/ticino.com\/de\/blog\/quando-fu-inventata-la-televisione\/","name":"Quando fu inventata la televisione? | Ticinocom SA","isPartOf":{"@id":"https:\/\/ticino.com\/de\/#website"},"primaryImageOfPage":{"@id":"https:\/\/ticino.com\/de\/blog\/quando-fu-inventata-la-televisione\/#primaryimage"},"image":{"@id":"https:\/\/ticino.com\/de\/blog\/quando-fu-inventata-la-televisione\/#primaryimage"},"thumbnailUrl":"https:\/\/ticino.com\/wp-content\/uploads\/2021\/04\/Quando-fu-inventata-la-televisione-1.png","datePublished":"2021-04-15T08:57:58+00:00","dateModified":"2021-04-15T08:59:56+00:00","description":"Quando fu inventata la televisione? Chi \u00e8 l\u2019inventore dietro questa scoperta rivoluzionaria? E come \u00e8 cambiata da allora? Parliamone insieme!","breadcrumb":{"@id":"https:\/\/ticino.com\/de\/blog\/quando-fu-inventata-la-televisione\/#breadcrumb"},"inLanguage":"de","potentialAction":[{"@type":"ReadAction","target":["https:\/\/ticino.com\/de\/blog\/quando-fu-inventata-la-televisione\/"]}]},{"@type":"ImageObject","inLanguage":"de","@id":"https:\/\/ticino.com\/de\/blog\/quando-fu-inventata-la-televisione\/#primaryimage","url":"https:\/\/ticino.com\/wp-content\/uploads\/2021\/04\/Quando-fu-inventata-la-televisione-1.png","contentUrl":"https:\/\/ticino.com\/wp-content\/uploads\/2021\/04\/Quando-fu-inventata-la-televisione-1.png","width":1080,"height":1080,"caption":"Quando fu inventata la televisione?"},{"@type":"BreadcrumbList","@id":"https:\/\/ticino.com\/de\/blog\/quando-fu-inventata-la-televisione\/#breadcrumb","itemListElement":[{"@type":"ListItem","position":1,"name":"Home","item":"https:\/\/ticino.com\/de\/"},{"@type":"ListItem","position":2,"name":"Quando fu inventata la televisione?"}]},{"@type":"WebSite","@id":"https:\/\/ticino.com\/de\/#website","url":"https:\/\/ticino.com\/de\/","name":"Ticinocom SA","description":"Internet 100% made in Ticino","publisher":{"@id":"https:\/\/ticino.com\/de\/#organization"},"potentialAction":[{"@type":"SearchAction","target":{"@type":"EntryPoint","urlTemplate":"https:\/\/ticino.com\/de\/?s={search_term_string}"},"query-input":{"@type":"PropertyValueSpecification","valueRequired":true,"valueName":"search_term_string"}}],"inLanguage":"de"},{"@type":"Organization","@id":"https:\/\/ticino.com\/de\/#organization","name":"Ticinocom SA","url":"https:\/\/ticino.com\/de\/","logo":{"@type":"ImageObject","inLanguage":"de","@id":"https:\/\/ticino.com\/de\/#\/schema\/logo\/image\/","url":"https:\/\/ticino.com\/wp-content\/uploads\/2020\/09\/ticinocom-logo.png","contentUrl":"https:\/\/ticino.com\/wp-content\/uploads\/2020\/09\/ticinocom-logo.png","width":508,"height":84,"caption":"Ticinocom SA"},"image":{"@id":"https:\/\/ticino.com\/de\/#\/schema\/logo\/image\/"},"sameAs":["https:\/\/facebook.com\/ticinocom","https:\/\/x.com\/ticinocom","https:\/\/instagram.com\/ticinocomsa","https:\/\/linkedin.com\/company\/ticinocom"]},{"@type":"Person","@id":"https:\/\/ticino.com\/de\/#\/schema\/person\/704df9c8d1af01bfa2367f9810ba319f","name":"Andrea Presenti","image":{"@type":"ImageObject","inLanguage":"de","@id":"https:\/\/ticino.com\/de\/#\/schema\/person\/image\/","url":"https:\/\/secure.gravatar.com\/avatar\/5a718af3bb087a1ea5755cde0e2a740d?s=96&d=mm&r=g","contentUrl":"https:\/\/secure.gravatar.com\/avatar\/5a718af3bb087a1ea5755cde0e2a740d?s=96&d=mm&r=g","caption":"Andrea Presenti"},"description":"Andrea Presenti, nato nel 21\/04\/1992, \u00e8 uno scrittore tecnico pubblicitario che lavora nel settore dal 2016, dopo aver conseguito un corso di Scrittura Creativa presso la Scuola Internazionale di Comics. Ha collaborato con aziende di tutto il mondo per la stesura di testi ed \u00e8 Lead Editor di Ticinocom dal 2019.","sameAs":["https:\/\/x.com\/and.presenti@gmail.com"],"url":"https:\/\/ticino.com\/de\/author\/and-presentigmail-com\/"}]}},"_links":{"self":[{"href":"https:\/\/ticino.com\/de\/wp-json\/wp\/v2\/posts\/11516"}],"collection":[{"href":"https:\/\/ticino.com\/de\/wp-json\/wp\/v2\/posts"}],"about":[{"href":"https:\/\/ticino.com\/de\/wp-json\/wp\/v2\/types\/post"}],"author":[{"embeddable":true,"href":"https:\/\/ticino.com\/de\/wp-json\/wp\/v2\/users\/138280480"}],"replies":[{"embeddable":true,"href":"https:\/\/ticino.com\/de\/wp-json\/wp\/v2\/comments?post=11516"}],"version-history":[{"count":0,"href":"https:\/\/ticino.com\/de\/wp-json\/wp\/v2\/posts\/11516\/revisions"}],"wp:featuredmedia":[{"embeddable":true,"href":"https:\/\/ticino.com\/de\/wp-json\/wp\/v2\/media\/11517"}],"wp:attachment":[{"href":"https:\/\/ticino.com\/de\/wp-json\/wp\/v2\/media?parent=11516"}],"wp:term":[{"taxonomy":"category","embeddable":true,"href":"https:\/\/ticino.com\/de\/wp-json\/wp\/v2\/categories?post=11516"},{"taxonomy":"post_tag","embeddable":true,"href":"https:\/\/ticino.com\/de\/wp-json\/wp\/v2\/tags?post=11516"}],"curies":[{"name":"wp","href":"https:\/\/api.w.org\/{rel}","templated":true}]}}