{"id":10309,"date":"2021-03-04T10:52:07","date_gmt":"2021-03-04T09:52:07","guid":{"rendered":"https:\/\/ticino.com\/?p=10309"},"modified":"2021-03-05T10:16:17","modified_gmt":"2021-03-05T09:16:17","slug":"ecco-chi-prevede-il-futuro","status":"publish","type":"post","link":"https:\/\/ticino.com\/de\/blog\/ecco-chi-prevede-il-futuro\/","title":{"rendered":"Ecco chi prevede il futuro"},"content":{"rendered":"\t\t<div data-elementor-type=\"wp-post\" data-elementor-id=\"10309\" class=\"elementor elementor-10309\" data-elementor-post-type=\"post\">\n\t\t\t\t\t\t<section class=\"elementor-section elementor-top-section elementor-element elementor-element-b9fb0d5 elementor-section-boxed elementor-section-height-default elementor-section-height-default\" data-id=\"b9fb0d5\" data-element_type=\"section\">\n\t\t\t\t\t\t<div class=\"elementor-container elementor-column-gap-default\">\n\t\t\t\t\t<div class=\"elementor-column elementor-col-100 elementor-top-column elementor-element elementor-element-d8d6006\" data-id=\"d8d6006\" data-element_type=\"column\">\n\t\t\t<div class=\"elementor-widget-wrap elementor-element-populated\">\n\t\t\t\t\t\t<div class=\"elementor-element elementor-element-5094de4 elementor-widget elementor-widget-text-editor\" data-id=\"5094de4\" data-element_type=\"widget\" data-widget_type=\"text-editor.default\">\n\t\t\t\t<div class=\"elementor-widget-container\">\n\t\t\t\t\t\t\t<p>Ecco chi prevede il futuro: non in una sfera di cristallo circondati dal profumo dell\u2019incenso, ma in un monitor di un computer.<\/p><p>Salve e benvenuti in questo nuovo articolo di approfondimento tecnologico e scientifico di Ticinocom. Nell\u2019articolo di oggi andremo a parlare di previsione del <a href=\"https:\/\/ticino.com\/blog\/perche-il-futuro-fa-paura\/\">futuro:<\/a> quando \u00e8 nata questa disciplina, quanto c\u2019\u00e8 di vero e chi sono i veri \u201ccartomanti\u201d al giorno d\u2019oggi.<\/p><p>Abbiamo deciso di affrontare questo argomento proprio perch\u00e9 abbiamo parlato di futuro numerose volte nel corso degli ultimi articoli, per questo pu\u00f2 essere interessante vedere i due volti di questa medaglia.<\/p><p>\u00a0<\/p><h2>Chi prevedeva il futuro nel passato<\/h2><p>\u00a0<\/p><p><img fetchpriority=\"high\" decoding=\"async\" class=\"aligncenter size-large wp-image-10311\" src=\"https:\/\/ticino.com\/wp-content\/uploads\/2021\/03\/damir-spanic-z0snfFRa1fc-unsplash-1024x683.jpg\" alt=\"Ecco chi prevede il futuro\" width=\"800\" height=\"534\" srcset=\"https:\/\/ticino.com\/wp-content\/uploads\/2021\/03\/damir-spanic-z0snfFRa1fc-unsplash-1024x683.jpg 1024w, https:\/\/ticino.com\/wp-content\/uploads\/2021\/03\/damir-spanic-z0snfFRa1fc-unsplash-300x200.jpg 300w, https:\/\/ticino.com\/wp-content\/uploads\/2021\/03\/damir-spanic-z0snfFRa1fc-unsplash-768x512.jpg 768w, https:\/\/ticino.com\/wp-content\/uploads\/2021\/03\/damir-spanic-z0snfFRa1fc-unsplash-1536x1024.jpg 1536w, https:\/\/ticino.com\/wp-content\/uploads\/2021\/03\/damir-spanic-z0snfFRa1fc-unsplash-2048x1365.jpg 2048w\" sizes=\"(max-width: 800px) 100vw, 800px\"><\/p><p>\u00a0<\/p><p>Ecco chi prevede il futuro nelle viscere di uccello: druidi e sciamani.<\/p><p>Questa prima categoria di \u201cprofeti\u201d \u00e8 vecchia come il tempo stesso. Sin da quando \u00e8 nata l\u2019idea nell\u2019uomo dell\u2019esistenza di forze sovrannaturali e religiose, si \u00e8 cercato di dare loro una forma e attirarne i favori.<\/p><p>Con il tempo nacquero quindi queste figure, persone a cui il popolo si rivolgeva per gettare uno sguardo verso il futuro. Nelle antiche popolazioni celtiche, queste persone prendevano il nome di druidi.<\/p><p>La ricerca di tracce nella natura per scorgere il futuro prendeva varie forme: alcuni effettuavano dei sacrifici e studiavano le viscere dell\u2019animale, ma talvolta bastava il volo degli uccelli o altre forme incomprensibili che notavano attorno a loro.<\/p><p>La presenza di uno sciamano, sebbene la sua forma e abilit\u00e0 cambiassero continuamente, \u00e8 una costante nella maggior parte dei popoli, da quelli meno sviluppati alle civilt\u00e0 che hanno plasmato il mondo moderno.<\/p><p>In Grecia, ad esempio, si trovavano figure come la Sibilla Cumana (da cui \u00e8 stato tratto il personaggio della professoressa di Divinazione in Harry Potter, Sibilla Cooman) che operava in Magna Grecia (quindi nell\u2019attuale regione italica) ed era l\u2019oracolo di Apollo.<\/p><p>Uno dei personaggi pi\u00f9 famosi della mitologia antica \u00e8 quello di Cassandra, la quale fa la sua apparizione nelle opere di Omero e Virgilio (e non solo). Figlia di Priamo, re di Troia, e gemella di Eleno aveva la capacit\u00e0 di prevedere il futuro.<\/p>\t\t\t\t\t\t<\/div>\n\t\t\t\t<\/div>\n\t\t\t\t\t<\/div>\n\t\t<\/div>\n\t\t\t\t\t<\/div>\n\t\t<\/section>\n\t\t\t\t<section class=\"elementor-section elementor-top-section elementor-element elementor-element-c5c9a4d elementor-section-boxed elementor-section-height-default elementor-section-height-default\" data-id=\"c5c9a4d\" data-element_type=\"section\">\n\t\t\t\t\t\t<div class=\"elementor-container elementor-column-gap-default\">\n\t\t\t\t\t<div class=\"elementor-column elementor-col-100 elementor-top-column elementor-element elementor-element-3608660\" data-id=\"3608660\" data-element_type=\"column\">\n\t\t\t<div class=\"elementor-widget-wrap elementor-element-populated\">\n\t\t\t\t\t\t<div class=\"elementor-element elementor-element-d7caa0f elementor-widget elementor-widget-global elementor-global-9672 elementor-widget-toolset-view\" data-id=\"d7caa0f\" data-element_type=\"widget\" data-widget_type=\"toolset-view.default\">\n\t\t\t\t<div class=\"elementor-widget-container\">\n\t\t\t\n\n\n<div id=\"wpv-view-layout-9666\" class=\"js-wpv-view-layout js-wpv-layout-responsive js-wpv-view-layout-9666\" data-viewnumber=\"9666\" data-pagination=\"{&quot;id&quot;:9666,&quot;query&quot;:&quot;normal&quot;,&quot;type&quot;:&quot;disabled&quot;,&quot;effect&quot;:&quot;fade&quot;,&quot;duration&quot;:500,&quot;speed&quot;:5,&quot;pause_on_hover&quot;:&quot;disabled&quot;,&quot;stop_rollover&quot;:&quot;false&quot;,&quot;cache_pages&quot;:&quot;enabled&quot;,&quot;preload_images&quot;:&quot;enabled&quot;,&quot;preload_pages&quot;:&quot;enabled&quot;,&quot;preload_reach&quot;:1,&quot;spinner&quot;:&quot;builtin&quot;,&quot;spinner_image&quot;:&quot;https:\/\/ticino.com\/wp-content\/plugins\/wp-views\/embedded\/res\/img\/ajax-loader.gif&quot;,&quot;callback_next&quot;:&quot;&quot;,&quot;manage_history&quot;:&quot;enabled&quot;,&quot;has_controls_in_form&quot;:&quot;disabled&quot;,&quot;infinite_tolerance&quot;:&quot;0&quot;,&quot;max_pages&quot;:1,&quot;page&quot;:1,&quot;base_permalink&quot;:&quot;\/de\/wp-json\/wp\/v2\/posts\/10309?wpv_view_count=9666&amp;wpv_paged=WPV_PAGE_NUM&quot;,&quot;loop&quot;:{&quot;type&quot;:&quot;&quot;,&quot;name&quot;:&quot;&quot;,&quot;data&quot;:[],&quot;id&quot;:0}}\" data-permalink=\"\/de\/wp-json\/wp\/v2\/posts\/10309?wpv_view_count=9666\">\n\n\t\n\t\n\t\t\n          <a href=\"https:\/\/ticino.com\/de\/blog\/chi-ha-inventato-la-pizza\/?ref=ecco-chi-prevede-il-futuro\" id=\"blockquote\">\n            <blockquote cite=\"https:\/\/ticino.com\/de\/blog\/chi-ha-inventato-la-pizza\/\">\n              <p>Chi ha inventato la pizza? Chi si prende il merito di una delle pi\u00f9 grandi invenzioni di tutti i tempi? E come \u00e8 nato questo piatto?<\/p>\n\n              <br>\n              <div style=\"text-align:right; font-weight:200;\"><span style=\"font-family: 'Exo 2', Sans-serif;\">Leggi l'articolo<\/span> <i style=\"vertical-align: middle; font-weight:200;\" class=\"fas fa-angle-double-right\"><\/i> <\/div>\n            <\/blockquote>\n          <\/a>\n\t\t\n\t\n\t\n\t\n<\/div>\n\t\t<\/div>\n\t\t\t\t<\/div>\n\t\t\t\t\t<\/div>\n\t\t<\/div>\n\t\t\t\t\t<\/div>\n\t\t<\/section>\n\t\t\t\t<section class=\"elementor-section elementor-top-section elementor-element elementor-element-abdb28a elementor-section-boxed elementor-section-height-default elementor-section-height-default\" data-id=\"abdb28a\" data-element_type=\"section\">\n\t\t\t\t\t\t<div class=\"elementor-container elementor-column-gap-default\">\n\t\t\t\t\t<div class=\"elementor-column elementor-col-100 elementor-top-column elementor-element elementor-element-716bac1\" data-id=\"716bac1\" data-element_type=\"column\">\n\t\t\t<div class=\"elementor-widget-wrap elementor-element-populated\">\n\t\t\t\t\t\t<div class=\"elementor-element elementor-element-f220c92 elementor-widget elementor-widget-text-editor\" data-id=\"f220c92\" data-element_type=\"widget\" data-widget_type=\"text-editor.default\">\n\t\t\t\t<div class=\"elementor-widget-container\">\n\t\t\t\t\t\t\t<p>Molto spesso queste previsioni erano per\u00f2 infauste, motivo per cui si era attirata addosso lo sdegno dei suoi contemporanei a una mancanza di fiducia, come racconta la stessa Iliade.<\/p><p>Ecco chi prevede il futuro e viene deriso, si potrebbe dire di Cassandra: la sua figura incarna infatti la duplice natura umana. Da una parte la curiosit\u00e0 verso una pratica misteriosa e priva di fondamento come la divinazione e dall\u2019altra lo scetticismo delle menti pi\u00f9 scientifiche.<\/p><p>Nel corso della storia recente abbiamo visto diverse figure e profezie: da Nostradamus, che nel sedicesimo secolo cre\u00f2 diverse profezie studiate dagli appassionati ancora oggi, al celebre Calendario Maya, che avrebbe previsto la fine del mondo il 21 dicembre del 2012.<\/p><p>Per quanto siano passati, quindi, migliaia di anni dai druidi che sacrificavano animali per prevedere il futuro, questa disciplina persiste ancora al giorno d\u2019oggi: nel piccolo mondo di cartomanti e prestigiatori fino a profezie credute vere in tutto il mondo.<\/p><p>Ma \u00e8 possibile prevedere veramente il futuro?<\/p><p>\u00a0<\/p><h2>Ecco chi prevede il futuro nella scienza<\/h2><p>\u00a0<\/p><p><img decoding=\"async\" class=\"aligncenter size-large wp-image-10313\" src=\"https:\/\/ticino.com\/wp-content\/uploads\/2021\/03\/li-an-lim-ycW4YxhrWHM-unsplash-1024x683.jpg\" alt=\"Ecco chi prevede il futuro\" width=\"800\" height=\"534\" srcset=\"https:\/\/ticino.com\/wp-content\/uploads\/2021\/03\/li-an-lim-ycW4YxhrWHM-unsplash-1024x683.jpg 1024w, https:\/\/ticino.com\/wp-content\/uploads\/2021\/03\/li-an-lim-ycW4YxhrWHM-unsplash-300x200.jpg 300w, https:\/\/ticino.com\/wp-content\/uploads\/2021\/03\/li-an-lim-ycW4YxhrWHM-unsplash-768x512.jpg 768w, https:\/\/ticino.com\/wp-content\/uploads\/2021\/03\/li-an-lim-ycW4YxhrWHM-unsplash-1536x1024.jpg 1536w, https:\/\/ticino.com\/wp-content\/uploads\/2021\/03\/li-an-lim-ycW4YxhrWHM-unsplash-2048x1365.jpg 2048w\" sizes=\"(max-width: 800px) 100vw, 800px\"><\/p><p>\u00a0<\/p><p>Sulle soglie del mondo scientifico si trovano i futurologi: persone di scienza (in varie misure) che provano a ipotizzare come sar\u00e0 il nostro futuro in base al progresso scientifico che abbiamo vissuto negli ultimi anni e le ricerche attualmente in corso.<\/p><p>Abbiamo parlato di una visione di un futurologo nel nostro <a href=\"https:\/\/open.spotify.com\/episode\/3ueRum3wPBccycPxYmj8pi\">podcast,<\/a> in cui abbiamo toccato con mano la teoria dell\u2019immortalit\u00e0 digitale.<\/p><p>Realisticamente parlando, per\u00f2 gli unici che possono fregiarsi del titolo di \u201cchiromanti\u201d sono gli scienziati che ci avvisano sui pericoli a cui stiamo andando incontro.<\/p><p>Ecco chi prevede il futuro: coloro che ci avvisano dei punti di non ritorno, del surriscaldamento globale e dell\u2019impossibilit\u00e0 di mantenimento con il consumo di risorse che abbiamo al momento.<\/p><p>Tristemente, proprio come nel caso di Cassandra, anche in questo caso chi fa profezie nefaste non viene creduto e si attira contro le ire da parte del popolo.<\/p><p>Ma come Cassandra aveva ragione nel profetizzare la fine di Ilio, cos\u00ec anche noi dovremmo prestare maggiore attenzione alle parole dei nostri \u201cdruidi\u201d scientifici.<\/p>\t\t\t\t\t\t<\/div>\n\t\t\t\t<\/div>\n\t\t\t\t\t<\/div>\n\t\t<\/div>\n\t\t\t\t\t<\/div>\n\t\t<\/section>\n\t\t\t\t<\/div>\n\t\t","protected":false},"excerpt":{"rendered":"<p>Ecco chi prevede il futuro: non in una sfera di cristallo circondati dal profumo dell\u2019incenso, ma in un monitor di un computer.<\/p>\n","protected":false},"author":138280480,"featured_media":10318,"comment_status":"open","ping_status":"open","sticky":false,"template":"","format":"standard","meta":{"footnotes":""},"categories":[44],"tags":[298,286,299,287],"class_list":["post-10309","post","type-post","status-publish","format-standard","has-post-thumbnail","hentry","category-approfondimenti","tag-fede","tag-futuro","tag-profezia","tag-scienza"],"yoast_head":"<!-- This site is optimized with the Yoast SEO Premium plugin v21.7 (Yoast SEO v23.7) - https:\/\/yoast.com\/wordpress\/plugins\/seo\/ -->\n<title>Ecco chi prevede il futuro | Blog tecnologico di Ticinocom<\/title>\n<meta name=\"description\" content=\"Ecco chi prevede il futuro: non in una sfera di cristallo circondati dal profumo dell\u2019incenso, ma in un monitor di un computer.\" \/>\n<meta name=\"robots\" content=\"index, follow, max-snippet:-1, max-image-preview:large, max-video-preview:-1\" \/>\n<link rel=\"canonical\" href=\"https:\/\/ticino.com\/de\/blog\/ecco-chi-prevede-il-futuro\/\" \/>\n<meta property=\"og:locale\" content=\"de_DE\" \/>\n<meta property=\"og:type\" content=\"article\" \/>\n<meta property=\"og:title\" content=\"Ecco chi prevede il futuro\" \/>\n<meta property=\"og:description\" content=\"Ecco chi prevede il futuro: non in una sfera di cristallo circondati dal profumo dell\u2019incenso, ma in un monitor di un computer.\" \/>\n<meta property=\"og:url\" content=\"https:\/\/ticino.com\/de\/blog\/ecco-chi-prevede-il-futuro\/\" \/>\n<meta property=\"og:site_name\" content=\"Ticinocom SA\" \/>\n<meta property=\"article:publisher\" content=\"https:\/\/facebook.com\/ticinocom\" \/>\n<meta property=\"article:published_time\" content=\"2021-03-04T09:52:07+00:00\" \/>\n<meta property=\"article:modified_time\" content=\"2021-03-05T09:16:17+00:00\" \/>\n<meta property=\"og:image\" content=\"https:\/\/ticino.com\/wp-content\/uploads\/2021\/03\/ecco-chi-prevede-il-futuro.png\" \/>\n\t<meta property=\"og:image:width\" content=\"1080\" \/>\n\t<meta property=\"og:image:height\" content=\"1080\" \/>\n\t<meta property=\"og:image:type\" content=\"image\/png\" \/>\n<meta name=\"author\" content=\"Andrea Presenti\" \/>\n<meta name=\"twitter:card\" content=\"summary_large_image\" \/>\n<meta name=\"twitter:creator\" content=\"@and.presenti@gmail.com\" \/>\n<meta name=\"twitter:site\" content=\"@ticinocom\" \/>\n<meta name=\"twitter:label1\" content=\"Verfasst von\" \/>\n\t<meta name=\"twitter:data1\" content=\"Andrea Presenti\" \/>\n\t<meta name=\"twitter:label2\" content=\"Gesch\u00e4tzte Lesezeit\" \/>\n\t<meta name=\"twitter:data2\" content=\"4\u00a0Minuten\" \/>\n<script type=\"application\/ld+json\" class=\"yoast-schema-graph\">{\"@context\":\"https:\/\/schema.org\",\"@graph\":[{\"@type\":\"Article\",\"@id\":\"https:\/\/ticino.com\/de\/blog\/ecco-chi-prevede-il-futuro\/#article\",\"isPartOf\":{\"@id\":\"https:\/\/ticino.com\/de\/blog\/ecco-chi-prevede-il-futuro\/\"},\"author\":{\"name\":\"Andrea Presenti\",\"@id\":\"https:\/\/ticino.com\/de\/#\/schema\/person\/704df9c8d1af01bfa2367f9810ba319f\"},\"headline\":\"Ecco chi prevede il futuro\",\"datePublished\":\"2021-03-04T09:52:07+00:00\",\"dateModified\":\"2021-03-05T09:16:17+00:00\",\"mainEntityOfPage\":{\"@id\":\"https:\/\/ticino.com\/de\/blog\/ecco-chi-prevede-il-futuro\/\"},\"wordCount\":707,\"commentCount\":0,\"publisher\":{\"@id\":\"https:\/\/ticino.com\/de\/#organization\"},\"image\":{\"@id\":\"https:\/\/ticino.com\/de\/blog\/ecco-chi-prevede-il-futuro\/#primaryimage\"},\"thumbnailUrl\":\"https:\/\/ticino.com\/wp-content\/uploads\/2021\/03\/ecco-chi-prevede-il-futuro.png\",\"keywords\":[\"fede\",\"futuro\",\"profezia\",\"scienza\"],\"articleSection\":[\"Approfondimenti\"],\"inLanguage\":\"de\",\"potentialAction\":[{\"@type\":\"CommentAction\",\"name\":\"Comment\",\"target\":[\"https:\/\/ticino.com\/de\/blog\/ecco-chi-prevede-il-futuro\/#respond\"]}]},{\"@type\":\"WebPage\",\"@id\":\"https:\/\/ticino.com\/de\/blog\/ecco-chi-prevede-il-futuro\/\",\"url\":\"https:\/\/ticino.com\/de\/blog\/ecco-chi-prevede-il-futuro\/\",\"name\":\"Ecco chi prevede il futuro | Blog tecnologico di Ticinocom\",\"isPartOf\":{\"@id\":\"https:\/\/ticino.com\/de\/#website\"},\"primaryImageOfPage\":{\"@id\":\"https:\/\/ticino.com\/de\/blog\/ecco-chi-prevede-il-futuro\/#primaryimage\"},\"image\":{\"@id\":\"https:\/\/ticino.com\/de\/blog\/ecco-chi-prevede-il-futuro\/#primaryimage\"},\"thumbnailUrl\":\"https:\/\/ticino.com\/wp-content\/uploads\/2021\/03\/ecco-chi-prevede-il-futuro.png\",\"datePublished\":\"2021-03-04T09:52:07+00:00\",\"dateModified\":\"2021-03-05T09:16:17+00:00\",\"description\":\"Ecco chi prevede il futuro: non in una sfera di cristallo circondati dal profumo dell\u2019incenso, ma in un monitor di un computer.\",\"breadcrumb\":{\"@id\":\"https:\/\/ticino.com\/de\/blog\/ecco-chi-prevede-il-futuro\/#breadcrumb\"},\"inLanguage\":\"de\",\"potentialAction\":[{\"@type\":\"ReadAction\",\"target\":[\"https:\/\/ticino.com\/de\/blog\/ecco-chi-prevede-il-futuro\/\"]}]},{\"@type\":\"ImageObject\",\"inLanguage\":\"de\",\"@id\":\"https:\/\/ticino.com\/de\/blog\/ecco-chi-prevede-il-futuro\/#primaryimage\",\"url\":\"https:\/\/ticino.com\/wp-content\/uploads\/2021\/03\/ecco-chi-prevede-il-futuro.png\",\"contentUrl\":\"https:\/\/ticino.com\/wp-content\/uploads\/2021\/03\/ecco-chi-prevede-il-futuro.png\",\"width\":1080,\"height\":1080,\"caption\":\"Ecco chi prevede il futuro\"},{\"@type\":\"BreadcrumbList\",\"@id\":\"https:\/\/ticino.com\/de\/blog\/ecco-chi-prevede-il-futuro\/#breadcrumb\",\"itemListElement\":[{\"@type\":\"ListItem\",\"position\":1,\"name\":\"Home\",\"item\":\"https:\/\/ticino.com\/de\/\"},{\"@type\":\"ListItem\",\"position\":2,\"name\":\"Ecco chi prevede il futuro\"}]},{\"@type\":\"WebSite\",\"@id\":\"https:\/\/ticino.com\/de\/#website\",\"url\":\"https:\/\/ticino.com\/de\/\",\"name\":\"Ticinocom SA\",\"description\":\"Internet 100% made in Ticino\",\"publisher\":{\"@id\":\"https:\/\/ticino.com\/de\/#organization\"},\"potentialAction\":[{\"@type\":\"SearchAction\",\"target\":{\"@type\":\"EntryPoint\",\"urlTemplate\":\"https:\/\/ticino.com\/de\/?s={search_term_string}\"},\"query-input\":{\"@type\":\"PropertyValueSpecification\",\"valueRequired\":true,\"valueName\":\"search_term_string\"}}],\"inLanguage\":\"de\"},{\"@type\":\"Organization\",\"@id\":\"https:\/\/ticino.com\/de\/#organization\",\"name\":\"Ticinocom SA\",\"url\":\"https:\/\/ticino.com\/de\/\",\"logo\":{\"@type\":\"ImageObject\",\"inLanguage\":\"de\",\"@id\":\"https:\/\/ticino.com\/de\/#\/schema\/logo\/image\/\",\"url\":\"https:\/\/ticino.com\/wp-content\/uploads\/2020\/09\/ticinocom-logo.png\",\"contentUrl\":\"https:\/\/ticino.com\/wp-content\/uploads\/2020\/09\/ticinocom-logo.png\",\"width\":508,\"height\":84,\"caption\":\"Ticinocom SA\"},\"image\":{\"@id\":\"https:\/\/ticino.com\/de\/#\/schema\/logo\/image\/\"},\"sameAs\":[\"https:\/\/facebook.com\/ticinocom\",\"https:\/\/x.com\/ticinocom\",\"https:\/\/instagram.com\/ticinocomsa\",\"https:\/\/linkedin.com\/company\/ticinocom\"]},{\"@type\":\"Person\",\"@id\":\"https:\/\/ticino.com\/de\/#\/schema\/person\/704df9c8d1af01bfa2367f9810ba319f\",\"name\":\"Andrea Presenti\",\"image\":{\"@type\":\"ImageObject\",\"inLanguage\":\"de\",\"@id\":\"https:\/\/ticino.com\/de\/#\/schema\/person\/image\/\",\"url\":\"https:\/\/secure.gravatar.com\/avatar\/5a718af3bb087a1ea5755cde0e2a740d?s=96&d=mm&r=g\",\"contentUrl\":\"https:\/\/secure.gravatar.com\/avatar\/5a718af3bb087a1ea5755cde0e2a740d?s=96&d=mm&r=g\",\"caption\":\"Andrea Presenti\"},\"description\":\"Andrea Presenti, nato nel 21\/04\/1992, \u00e8 uno scrittore tecnico pubblicitario che lavora nel settore dal 2016, dopo aver conseguito un corso di Scrittura Creativa presso la Scuola Internazionale di Comics. Ha collaborato con aziende di tutto il mondo per la stesura di testi ed \u00e8 Lead Editor di Ticinocom dal 2019.\",\"sameAs\":[\"https:\/\/x.com\/and.presenti@gmail.com\"],\"url\":\"https:\/\/ticino.com\/de\/author\/and-presentigmail-com\/\"}]}<\/script>\n<!-- \/ Yoast SEO Premium plugin. -->","yoast_head_json":{"title":"Ecco chi prevede il futuro | Blog tecnologico di Ticinocom","description":"Ecco chi prevede il futuro: non in una sfera di cristallo circondati dal profumo dell\u2019incenso, ma in un monitor di un computer.","robots":{"index":"index","follow":"follow","max-snippet":"max-snippet:-1","max-image-preview":"max-image-preview:large","max-video-preview":"max-video-preview:-1"},"canonical":"https:\/\/ticino.com\/de\/blog\/ecco-chi-prevede-il-futuro\/","og_locale":"de_DE","og_type":"article","og_title":"Ecco chi prevede il futuro","og_description":"Ecco chi prevede il futuro: non in una sfera di cristallo circondati dal profumo dell\u2019incenso, ma in un monitor di un computer.","og_url":"https:\/\/ticino.com\/de\/blog\/ecco-chi-prevede-il-futuro\/","og_site_name":"Ticinocom SA","article_publisher":"https:\/\/facebook.com\/ticinocom","article_published_time":"2021-03-04T09:52:07+00:00","article_modified_time":"2021-03-05T09:16:17+00:00","og_image":[{"width":1080,"height":1080,"url":"https:\/\/ticino.com\/wp-content\/uploads\/2021\/03\/ecco-chi-prevede-il-futuro.png","type":"image\/png"}],"author":"Andrea Presenti","twitter_card":"summary_large_image","twitter_creator":"@and.presenti@gmail.com","twitter_site":"@ticinocom","twitter_misc":{"Verfasst von":"Andrea Presenti","Gesch\u00e4tzte Lesezeit":"4\u00a0Minuten"},"schema":{"@context":"https:\/\/schema.org","@graph":[{"@type":"Article","@id":"https:\/\/ticino.com\/de\/blog\/ecco-chi-prevede-il-futuro\/#article","isPartOf":{"@id":"https:\/\/ticino.com\/de\/blog\/ecco-chi-prevede-il-futuro\/"},"author":{"name":"Andrea Presenti","@id":"https:\/\/ticino.com\/de\/#\/schema\/person\/704df9c8d1af01bfa2367f9810ba319f"},"headline":"Ecco chi prevede il futuro","datePublished":"2021-03-04T09:52:07+00:00","dateModified":"2021-03-05T09:16:17+00:00","mainEntityOfPage":{"@id":"https:\/\/ticino.com\/de\/blog\/ecco-chi-prevede-il-futuro\/"},"wordCount":707,"commentCount":0,"publisher":{"@id":"https:\/\/ticino.com\/de\/#organization"},"image":{"@id":"https:\/\/ticino.com\/de\/blog\/ecco-chi-prevede-il-futuro\/#primaryimage"},"thumbnailUrl":"https:\/\/ticino.com\/wp-content\/uploads\/2021\/03\/ecco-chi-prevede-il-futuro.png","keywords":["fede","futuro","profezia","scienza"],"articleSection":["Approfondimenti"],"inLanguage":"de","potentialAction":[{"@type":"CommentAction","name":"Comment","target":["https:\/\/ticino.com\/de\/blog\/ecco-chi-prevede-il-futuro\/#respond"]}]},{"@type":"WebPage","@id":"https:\/\/ticino.com\/de\/blog\/ecco-chi-prevede-il-futuro\/","url":"https:\/\/ticino.com\/de\/blog\/ecco-chi-prevede-il-futuro\/","name":"Ecco chi prevede il futuro | Blog tecnologico di Ticinocom","isPartOf":{"@id":"https:\/\/ticino.com\/de\/#website"},"primaryImageOfPage":{"@id":"https:\/\/ticino.com\/de\/blog\/ecco-chi-prevede-il-futuro\/#primaryimage"},"image":{"@id":"https:\/\/ticino.com\/de\/blog\/ecco-chi-prevede-il-futuro\/#primaryimage"},"thumbnailUrl":"https:\/\/ticino.com\/wp-content\/uploads\/2021\/03\/ecco-chi-prevede-il-futuro.png","datePublished":"2021-03-04T09:52:07+00:00","dateModified":"2021-03-05T09:16:17+00:00","description":"Ecco chi prevede il futuro: non in una sfera di cristallo circondati dal profumo dell\u2019incenso, ma in un monitor di un computer.","breadcrumb":{"@id":"https:\/\/ticino.com\/de\/blog\/ecco-chi-prevede-il-futuro\/#breadcrumb"},"inLanguage":"de","potentialAction":[{"@type":"ReadAction","target":["https:\/\/ticino.com\/de\/blog\/ecco-chi-prevede-il-futuro\/"]}]},{"@type":"ImageObject","inLanguage":"de","@id":"https:\/\/ticino.com\/de\/blog\/ecco-chi-prevede-il-futuro\/#primaryimage","url":"https:\/\/ticino.com\/wp-content\/uploads\/2021\/03\/ecco-chi-prevede-il-futuro.png","contentUrl":"https:\/\/ticino.com\/wp-content\/uploads\/2021\/03\/ecco-chi-prevede-il-futuro.png","width":1080,"height":1080,"caption":"Ecco chi prevede il futuro"},{"@type":"BreadcrumbList","@id":"https:\/\/ticino.com\/de\/blog\/ecco-chi-prevede-il-futuro\/#breadcrumb","itemListElement":[{"@type":"ListItem","position":1,"name":"Home","item":"https:\/\/ticino.com\/de\/"},{"@type":"ListItem","position":2,"name":"Ecco chi prevede il futuro"}]},{"@type":"WebSite","@id":"https:\/\/ticino.com\/de\/#website","url":"https:\/\/ticino.com\/de\/","name":"Ticinocom SA","description":"Internet 100% made in Ticino","publisher":{"@id":"https:\/\/ticino.com\/de\/#organization"},"potentialAction":[{"@type":"SearchAction","target":{"@type":"EntryPoint","urlTemplate":"https:\/\/ticino.com\/de\/?s={search_term_string}"},"query-input":{"@type":"PropertyValueSpecification","valueRequired":true,"valueName":"search_term_string"}}],"inLanguage":"de"},{"@type":"Organization","@id":"https:\/\/ticino.com\/de\/#organization","name":"Ticinocom SA","url":"https:\/\/ticino.com\/de\/","logo":{"@type":"ImageObject","inLanguage":"de","@id":"https:\/\/ticino.com\/de\/#\/schema\/logo\/image\/","url":"https:\/\/ticino.com\/wp-content\/uploads\/2020\/09\/ticinocom-logo.png","contentUrl":"https:\/\/ticino.com\/wp-content\/uploads\/2020\/09\/ticinocom-logo.png","width":508,"height":84,"caption":"Ticinocom SA"},"image":{"@id":"https:\/\/ticino.com\/de\/#\/schema\/logo\/image\/"},"sameAs":["https:\/\/facebook.com\/ticinocom","https:\/\/x.com\/ticinocom","https:\/\/instagram.com\/ticinocomsa","https:\/\/linkedin.com\/company\/ticinocom"]},{"@type":"Person","@id":"https:\/\/ticino.com\/de\/#\/schema\/person\/704df9c8d1af01bfa2367f9810ba319f","name":"Andrea Presenti","image":{"@type":"ImageObject","inLanguage":"de","@id":"https:\/\/ticino.com\/de\/#\/schema\/person\/image\/","url":"https:\/\/secure.gravatar.com\/avatar\/5a718af3bb087a1ea5755cde0e2a740d?s=96&d=mm&r=g","contentUrl":"https:\/\/secure.gravatar.com\/avatar\/5a718af3bb087a1ea5755cde0e2a740d?s=96&d=mm&r=g","caption":"Andrea Presenti"},"description":"Andrea Presenti, nato nel 21\/04\/1992, \u00e8 uno scrittore tecnico pubblicitario che lavora nel settore dal 2016, dopo aver conseguito un corso di Scrittura Creativa presso la Scuola Internazionale di Comics. Ha collaborato con aziende di tutto il mondo per la stesura di testi ed \u00e8 Lead Editor di Ticinocom dal 2019.","sameAs":["https:\/\/x.com\/and.presenti@gmail.com"],"url":"https:\/\/ticino.com\/de\/author\/and-presentigmail-com\/"}]}},"_links":{"self":[{"href":"https:\/\/ticino.com\/de\/wp-json\/wp\/v2\/posts\/10309"}],"collection":[{"href":"https:\/\/ticino.com\/de\/wp-json\/wp\/v2\/posts"}],"about":[{"href":"https:\/\/ticino.com\/de\/wp-json\/wp\/v2\/types\/post"}],"author":[{"embeddable":true,"href":"https:\/\/ticino.com\/de\/wp-json\/wp\/v2\/users\/138280480"}],"replies":[{"embeddable":true,"href":"https:\/\/ticino.com\/de\/wp-json\/wp\/v2\/comments?post=10309"}],"version-history":[{"count":0,"href":"https:\/\/ticino.com\/de\/wp-json\/wp\/v2\/posts\/10309\/revisions"}],"wp:featuredmedia":[{"embeddable":true,"href":"https:\/\/ticino.com\/de\/wp-json\/wp\/v2\/media\/10318"}],"wp:attachment":[{"href":"https:\/\/ticino.com\/de\/wp-json\/wp\/v2\/media?parent=10309"}],"wp:term":[{"taxonomy":"category","embeddable":true,"href":"https:\/\/ticino.com\/de\/wp-json\/wp\/v2\/categories?post=10309"},{"taxonomy":"post_tag","embeddable":true,"href":"https:\/\/ticino.com\/de\/wp-json\/wp\/v2\/tags?post=10309"}],"curies":[{"name":"wp","href":"https:\/\/api.w.org\/{rel}","templated":true}]}}