{"id":10170,"date":"2021-03-01T11:03:24","date_gmt":"2021-03-01T10:03:24","guid":{"rendered":"https:\/\/ticino.com\/?p=10170"},"modified":"2021-03-05T10:17:03","modified_gmt":"2021-03-05T09:17:03","slug":"siamo-schiavi-della-tecnologia","status":"publish","type":"post","link":"https:\/\/ticino.com\/de\/blog\/siamo-schiavi-della-tecnologia\/","title":{"rendered":"Siamo schiavi della tecnologia?"},"content":{"rendered":"\t\t<div data-elementor-type=\"wp-post\" data-elementor-id=\"10170\" class=\"elementor elementor-10170\" data-elementor-post-type=\"post\">\n\t\t\t\t\t\t<section class=\"elementor-section elementor-top-section elementor-element elementor-element-1dbe7c26 elementor-section-boxed elementor-section-height-default elementor-section-height-default\" data-id=\"1dbe7c26\" data-element_type=\"section\">\n\t\t\t\t\t\t<div class=\"elementor-container elementor-column-gap-default\">\n\t\t\t\t\t<div class=\"elementor-column elementor-col-100 elementor-top-column elementor-element elementor-element-59a514f\" data-id=\"59a514f\" data-element_type=\"column\">\n\t\t\t<div class=\"elementor-widget-wrap elementor-element-populated\">\n\t\t\t\t\t\t<div class=\"elementor-element elementor-element-e906df1 elementor-widget elementor-widget-text-editor\" data-id=\"e906df1\" data-element_type=\"widget\" data-widget_type=\"text-editor.default\">\n\t\t\t\t<div class=\"elementor-widget-container\">\n\t\t\t\t\t\t\t<p>Siamo schiavi della <a href=\"https:\/\/ticino.com\/de\/wiki\/tecnologia\/\" target=\"_self\" title=\"La &quot;Tecnologia&quot; pu\u00f2 avere molteplici significati e spesso viene accostata a una specifica brancia della scienza. Sul nostro sito la utilizziamo nella sua forma pi\u00f9 generica, ovvero l'insieme di scoperte e invenzioni che l'uomo ha fatto alterando la natura per i suoi scopi. Tecnologia \u00e8 quindi la creazione di un oggetto non presente in natura,\u2026\" class=\"encyclopedia\">tecnologia<\/a>? Il nostro futuro \u00e8 condannato a rimanere collegati a una flebo digitale? Si tratta di un rapporto parassitario o no?<\/p><p>Benvenuto\/a in questo nuovo articolo di approfondimento nel blog di Ticinocom. Come abbiamo fatto diverse volte nel corso delle ultime settimane, ancora una volta andiamo a parlare del rapporto tra uomo e tecnologia. Abbiamo analizzato questo argomento sia con lo sguardo volto verso il passato (parlando, ad esempio, di come sia cambiata l\u2019aspettativa di vita nell\u2019ultimo secolo in Svizzera) ma anche guardando verso il futuro (parlando di cyborg e cosa ci aspetta nei prossimi anni).<\/p><p>Oggi andiamo quindi a guardare semplicemente il presente, chiedendoci una semplice domanda: siamo schiavi della tecnologia?<\/p><h2>Perch\u00e9 siamo schiavi della tecnologia?<\/h2><p>\u00a0<\/p><p><img fetchpriority=\"high\" decoding=\"async\" class=\"aligncenter size-large wp-image-10174\" src=\"https:\/\/ticino.com\/wp-content\/uploads\/2021\/03\/technology-on-a-typewriter-machine-1024x683.jpg\" alt=\"Siamo schiavi della tecnologia?\" width=\"800\" height=\"534\" srcset=\"https:\/\/ticino.com\/wp-content\/uploads\/2021\/03\/technology-on-a-typewriter-machine-1024x683.jpg 1024w, https:\/\/ticino.com\/wp-content\/uploads\/2021\/03\/technology-on-a-typewriter-machine-300x200.jpg 300w, https:\/\/ticino.com\/wp-content\/uploads\/2021\/03\/technology-on-a-typewriter-machine-768x512.jpg 768w, https:\/\/ticino.com\/wp-content\/uploads\/2021\/03\/technology-on-a-typewriter-machine-1536x1024.jpg 1536w, https:\/\/ticino.com\/wp-content\/uploads\/2021\/03\/technology-on-a-typewriter-machine-2048x1365.jpg 2048w\" sizes=\"(max-width: 800px) 100vw, 800px\"><\/p><p>\u00a0<\/p><p>Per capire, effettivamente, se siamo in presenza di un rapporto di schiavit\u00f9 nei confronti della tecnologia, \u00e8 necessario andare a definire l\u2019idea di schiavit\u00f9.<\/p><p>Quando le persone gridano a una distopia parlando di progresso tecnologico, molto spesso hanno in mente delle immagini molto precise: ragazzi con il capo chino su uno smartphone, persone imbambolate di fronte alla televisione, computer che rimangono accesi tutto il giorno, utenti che condividono ogni momento della loro vita sui social.<\/p><p>Nell\u2019era dell\u2019apparenza e del collegamento globale, ci sono non poche persone che si ritrovano a rimpiangere i bei vecchi tempi, in cui era possibile parlare con un\u2019altra persona senza che ci fosse necessariamente uno schermo (grande o piccolo che sia) di mezzo.<\/p><p>Tutto questo \u00e8 vero?<\/p><p>Potremmo dire, in un certo senso, che siamo schiavi della tecnologia, sebbene si consideri questo termine improprio: infatti la schiavit\u00f9 ha solo una connotazione negativa per la parte interessata e un vantaggio per l\u2019altra, mentre l\u2019uomo trae enormi vantaggi dalla tecnologia (sebbene ci sia chiaramente il rovescio della medaglia). Sarebbe quindi pi\u00f9 corretto dire che viviamo in un rapporto di simbiosi con il progresso tecnologico.<\/p>\t\t\t\t\t\t<\/div>\n\t\t\t\t<\/div>\n\t\t\t\t\t<\/div>\n\t\t<\/div>\n\t\t\t\t\t<\/div>\n\t\t<\/section>\n\t\t\t\t<section class=\"elementor-section elementor-top-section elementor-element elementor-element-c59a8f1 elementor-section-boxed elementor-section-height-default elementor-section-height-default\" data-id=\"c59a8f1\" data-element_type=\"section\">\n\t\t\t\t\t\t<div class=\"elementor-container elementor-column-gap-default\">\n\t\t\t\t\t<div class=\"elementor-column elementor-col-100 elementor-top-column elementor-element elementor-element-5bfba58\" data-id=\"5bfba58\" data-element_type=\"column\">\n\t\t\t<div class=\"elementor-widget-wrap elementor-element-populated\">\n\t\t\t\t\t\t<div class=\"elementor-element elementor-element-7279a36 elementor-widget elementor-widget-global elementor-global-9672 elementor-widget-toolset-view\" data-id=\"7279a36\" data-element_type=\"widget\" data-widget_type=\"toolset-view.default\">\n\t\t\t\t<div class=\"elementor-widget-container\">\n\t\t\t\n\n\n<div id=\"wpv-view-layout-9666\" class=\"js-wpv-view-layout js-wpv-layout-responsive js-wpv-view-layout-9666\" data-viewnumber=\"9666\" data-pagination=\"{&quot;id&quot;:9666,&quot;query&quot;:&quot;normal&quot;,&quot;type&quot;:&quot;disabled&quot;,&quot;effect&quot;:&quot;fade&quot;,&quot;duration&quot;:500,&quot;speed&quot;:5,&quot;pause_on_hover&quot;:&quot;disabled&quot;,&quot;stop_rollover&quot;:&quot;false&quot;,&quot;cache_pages&quot;:&quot;enabled&quot;,&quot;preload_images&quot;:&quot;enabled&quot;,&quot;preload_pages&quot;:&quot;enabled&quot;,&quot;preload_reach&quot;:1,&quot;spinner&quot;:&quot;builtin&quot;,&quot;spinner_image&quot;:&quot;https:\/\/ticino.com\/wp-content\/plugins\/wp-views\/embedded\/res\/img\/ajax-loader.gif&quot;,&quot;callback_next&quot;:&quot;&quot;,&quot;manage_history&quot;:&quot;enabled&quot;,&quot;has_controls_in_form&quot;:&quot;disabled&quot;,&quot;infinite_tolerance&quot;:&quot;0&quot;,&quot;max_pages&quot;:1,&quot;page&quot;:1,&quot;base_permalink&quot;:&quot;\/de\/wp-json\/wp\/v2\/posts\/10170?wpv_view_count=9666&amp;wpv_paged=WPV_PAGE_NUM&quot;,&quot;loop&quot;:{&quot;type&quot;:&quot;&quot;,&quot;name&quot;:&quot;&quot;,&quot;data&quot;:[],&quot;id&quot;:0}}\" data-permalink=\"\/de\/wp-json\/wp\/v2\/posts\/10170?wpv_view_count=9666\">\n\n\t\n\t\n\t\t\n          <a href=\"https:\/\/ticino.com\/de\/blog\/quale-tecnologia-tv-scegliere\/?ref=siamo-schiavi-della-tecnologia\" id=\"blockquote\">\n            <blockquote cite=\"https:\/\/ticino.com\/de\/blog\/quale-tecnologia-tv-scegliere\/\">\n              <p>Quale tecnologia TV scegliere? Qual \u00e8 la differenza tra Oled e Qled? E perch\u00e9 questa tecnologia ha soppiantato gli LCD?<\/p>\n\n              <br>\n              <div style=\"text-align:right; font-weight:200;\"><span style=\"font-family: 'Exo 2', Sans-serif;\">Leggi l'articolo<\/span> <i style=\"vertical-align: middle; font-weight:200;\" class=\"fas fa-angle-double-right\"><\/i> <\/div>\n            <\/blockquote>\n          <\/a>\n\t\t\n\t\n\t\n\t\n<\/div>\n\t\t<\/div>\n\t\t\t\t<\/div>\n\t\t\t\t\t<\/div>\n\t\t<\/div>\n\t\t\t\t\t<\/div>\n\t\t<\/section>\n\t\t\t\t<section class=\"elementor-section elementor-top-section elementor-element elementor-element-27cdbe5 elementor-section-boxed elementor-section-height-default elementor-section-height-default\" data-id=\"27cdbe5\" data-element_type=\"section\">\n\t\t\t\t\t\t<div class=\"elementor-container elementor-column-gap-default\">\n\t\t\t\t\t<div class=\"elementor-column elementor-col-100 elementor-top-column elementor-element elementor-element-9301812\" data-id=\"9301812\" data-element_type=\"column\">\n\t\t\t<div class=\"elementor-widget-wrap elementor-element-populated\">\n\t\t\t\t\t\t<div class=\"elementor-element elementor-element-1c566f1 elementor-widget elementor-widget-text-editor\" data-id=\"1c566f1\" data-element_type=\"widget\" data-widget_type=\"text-editor.default\">\n\t\t\t\t<div class=\"elementor-widget-container\">\n\t\t\t\t\t\t\t<h2>Tecnologia: simbiosi e parassitismo<\/h2><p>\u00a0<\/p><p>Se la tecnologia fosse un organismo vivente, il rapporto che ha instaurato con l\u2019uomo sarebbe uno di simbiosi: entrambi, infatti, hanno dei vantaggi nella presenza dell\u2019altro.<\/p><p>Per l\u2019uomo l\u2019avvento tecnologico si traduce in un\u2019aspettativa di vita nettamente pi\u00f9 lunga, una qualit\u00e0 della vita migliore (non dobbiamo dimenticare che in natura difficilmente esiste il concetto di \u201cmorire di vecchiaia\u201d), possibilit\u00e0 di rimanere in contatto con i propri cari ovunque si vada, non doversi procacciare il cibo e molto altro ancora.<\/p><p>Tutto ci\u00f2 che influenza la nostra vita di tutti giorni \u00e8 data dall\u2019evoluzione tecnologica: dai frigoriferi che mantengono il nostro cibo ai fornelli che permettono di cuocerlo, dal termostato che ci riscalda di inverno, ai condizionatori che ci raffreddano d\u2019estate.<\/p><p>Dall\u2019altra parte, la tecnologia stessa gode della presenza dell\u2019uomo poich\u00e9 senza l\u2019uomo non sarebbe potuta esistere e non potrebbe continuare a evolversi (almeno finch\u00e9 non ci saranno delle IA in grado di pensare autonomamente).<\/p><p>Quindi, sebbene la tecnologia non sia un vero essere vivente, questa corrente di pensiero alimenta ed \u00e8 alimentata dagli uomini.<\/p><p>Ma quando \u00e8 che la tecnologia smette di migliorare la vita di un uomo e lo riduce in schiavit\u00f9?<\/p><p>\u00a0<\/p><p>\u00a0<\/p><h2>Ecco perch\u00e9 siamo schiavi della tecnologia<\/h2><p>\u00a0<\/p><p><img decoding=\"async\" class=\"aligncenter size-large wp-image-10172\" src=\"https:\/\/ticino.com\/wp-content\/uploads\/2021\/03\/dusty-tech-wires-1024x683.jpg\" alt=\"Siamo schiavi della tecnologia?\" width=\"800\" height=\"534\" srcset=\"https:\/\/ticino.com\/wp-content\/uploads\/2021\/03\/dusty-tech-wires-1024x683.jpg 1024w, https:\/\/ticino.com\/wp-content\/uploads\/2021\/03\/dusty-tech-wires-300x200.jpg 300w, https:\/\/ticino.com\/wp-content\/uploads\/2021\/03\/dusty-tech-wires-768x512.jpg 768w, https:\/\/ticino.com\/wp-content\/uploads\/2021\/03\/dusty-tech-wires-1536x1024.jpg 1536w, https:\/\/ticino.com\/wp-content\/uploads\/2021\/03\/dusty-tech-wires-2048x1366.jpg 2048w\" sizes=\"(max-width: 800px) 100vw, 800px\"><\/p><p>\u00a0<\/p><p>Abbiamo parlato di questo argomento in una recente live effettuata sul nostro <a href=\"https:\/\/www.youtube.com\/channel\/UC-ZyM6mQ_XJGv46rn__xd2A\/featured\">canale YouTube<\/a>: il paradigma dell\u2019evoluzione tecnologica \u00e8 cambiato nel corso degli anni.<\/p><p>Se in passato la scienza aveva come scopo semplicemente quello di migliorare e allungare la vita umana, negli ultimi duecento anni si \u00e8 insinuata un\u2019altra necessit\u00e0: l\u2019ottimizzazione.<\/p><p>La tecnologia \u00e8 sempre pi\u00f9 piegata a velocizzare la nostra vita cos\u00ec che si possa dedicare il tempo \u201cavanzato\u201d, reinvestendolo nuovamente nel lavoro e nello studio. Oggi si produce dieci volte tanto quanto in passato ma si lavora le stesse ore: tutto questo per rispondere a un desiderio crescente di risorse (perch\u00e9 siamo sempre di pi\u00f9 al mondo e ci sono sempre pi\u00f9 sprechi) ma anche di ricchezza.<\/p><p>Siamo schiavi della tecnologia? Forse, ma sicuramente siamo schiavi di una mentalit\u00e0 che purtroppo si \u00e8 insinuata nel corso del tempo e da cui \u00e8 difficile uscire.<\/p><p>C\u2019\u00e8 chi ci prova rifiutando la tecnologia (come abbiamo visto in un <a href=\"https:\/\/ticino.com\/blog\/chi-rifiuta-la-tecnologia\/\">articolo recente<\/a>), ma anche in quel caso \u00e8 difficile uscire dall\u2019ottica dell\u2019ottimizzazione.<\/p><p>Si andr\u00e0 verso un punto di non ritorno? Gi\u00e0 ora stiamo sacrificando le ore di sonno, essenziali per il benessere e la salute, solo al fine di ottenere maggiori risultati. Arriveremo al punto in cui il sonno verr\u00e0 considerato qualcosa da eliminare completamente dall\u2019esperienza umana?<\/p><p>La schiavit\u00f9 pi\u00f9 pericolosa \u00e8 quella mentale, poich\u00e9 le sbarre da piegare sono meno visibili di una fisica.<\/p>\t\t\t\t\t\t<\/div>\n\t\t\t\t<\/div>\n\t\t\t\t\t<\/div>\n\t\t<\/div>\n\t\t\t\t\t<\/div>\n\t\t<\/section>\n\t\t\t\t<\/div>\n\t\t","protected":false},"excerpt":{"rendered":"<p>Siamo schiavi della tecnologia? Il nostro futuro \u00e8 condannato a rimanere collegati a una flebo digitale? Si tratta di un rapporto parassitario o no? Benvenuto\/a in questo nuovo articolo di approfondimento nel blog di Ticinocom. Come abbiamo fatto diverse volte nel corso delle ultime settimane, ancora una volta andiamo a parlare del rapporto tra uomo [&hellip;]<\/p>\n","protected":false},"author":138280480,"featured_media":10179,"comment_status":"open","ping_status":"open","sticky":false,"template":"","format":"standard","meta":{"footnotes":""},"categories":[44],"tags":[286,82,297],"class_list":["post-10170","post","type-post","status-publish","format-standard","has-post-thumbnail","hentry","category-approfondimenti","tag-futuro","tag-tecnologia","tag-vantaggi"],"yoast_head":"<!-- This site is optimized with the Yoast SEO Premium plugin v21.7 (Yoast SEO v23.7) - https:\/\/yoast.com\/wordpress\/plugins\/seo\/ -->\n<title>Siamo schiavi della tecnologia? - Articolo sul blog di Ticinocom<\/title>\n<meta name=\"description\" content=\"Siamo schiavi della tecnologia? Il nostro futuro \u00e8 condannato a rimanere collegati a una flebo digitale? Un rapporto parassitario o no?\" \/>\n<meta name=\"robots\" content=\"index, follow, max-snippet:-1, max-image-preview:large, max-video-preview:-1\" \/>\n<link rel=\"canonical\" href=\"https:\/\/ticino.com\/de\/blog\/siamo-schiavi-della-tecnologia\/\" \/>\n<meta property=\"og:locale\" content=\"de_DE\" \/>\n<meta property=\"og:type\" content=\"article\" \/>\n<meta property=\"og:title\" content=\"Siamo schiavi della tecnologia?\" \/>\n<meta property=\"og:description\" content=\"Siamo schiavi della tecnologia? Il nostro futuro \u00e8 condannato a rimanere collegati a una flebo digitale? Un rapporto parassitario o no?\" \/>\n<meta property=\"og:url\" content=\"https:\/\/ticino.com\/de\/blog\/siamo-schiavi-della-tecnologia\/\" \/>\n<meta property=\"og:site_name\" content=\"Ticinocom SA\" \/>\n<meta property=\"article:publisher\" content=\"https:\/\/facebook.com\/ticinocom\" \/>\n<meta property=\"article:published_time\" content=\"2021-03-01T10:03:24+00:00\" \/>\n<meta property=\"article:modified_time\" content=\"2021-03-05T09:17:03+00:00\" \/>\n<meta property=\"og:image\" content=\"https:\/\/ticino.com\/wp-content\/uploads\/2021\/03\/Siamo-schiavi-della-tecnologia.png\" \/>\n\t<meta property=\"og:image:width\" content=\"1080\" \/>\n\t<meta property=\"og:image:height\" content=\"1080\" \/>\n\t<meta property=\"og:image:type\" content=\"image\/png\" \/>\n<meta name=\"author\" content=\"Andrea Presenti\" \/>\n<meta name=\"twitter:card\" content=\"summary_large_image\" \/>\n<meta name=\"twitter:creator\" content=\"@and.presenti@gmail.com\" \/>\n<meta name=\"twitter:site\" content=\"@ticinocom\" \/>\n<meta name=\"twitter:label1\" content=\"Verfasst von\" \/>\n\t<meta name=\"twitter:data1\" content=\"Andrea Presenti\" \/>\n\t<meta name=\"twitter:label2\" content=\"Gesch\u00e4tzte Lesezeit\" \/>\n\t<meta name=\"twitter:data2\" content=\"4\u00a0Minuten\" \/>\n<script type=\"application\/ld+json\" class=\"yoast-schema-graph\">{\"@context\":\"https:\/\/schema.org\",\"@graph\":[{\"@type\":\"Article\",\"@id\":\"https:\/\/ticino.com\/de\/blog\/siamo-schiavi-della-tecnologia\/#article\",\"isPartOf\":{\"@id\":\"https:\/\/ticino.com\/de\/blog\/siamo-schiavi-della-tecnologia\/\"},\"author\":{\"name\":\"Andrea Presenti\",\"@id\":\"https:\/\/ticino.com\/de\/#\/schema\/person\/704df9c8d1af01bfa2367f9810ba319f\"},\"headline\":\"Siamo schiavi della tecnologia?\",\"datePublished\":\"2021-03-01T10:03:24+00:00\",\"dateModified\":\"2021-03-05T09:17:03+00:00\",\"mainEntityOfPage\":{\"@id\":\"https:\/\/ticino.com\/de\/blog\/siamo-schiavi-della-tecnologia\/\"},\"wordCount\":780,\"commentCount\":0,\"publisher\":{\"@id\":\"https:\/\/ticino.com\/de\/#organization\"},\"image\":{\"@id\":\"https:\/\/ticino.com\/de\/blog\/siamo-schiavi-della-tecnologia\/#primaryimage\"},\"thumbnailUrl\":\"https:\/\/ticino.com\/wp-content\/uploads\/2021\/03\/Siamo-schiavi-della-tecnologia.png\",\"keywords\":[\"futuro\",\"tecnologia\",\"vantaggi\"],\"articleSection\":[\"Approfondimenti\"],\"inLanguage\":\"de\",\"potentialAction\":[{\"@type\":\"CommentAction\",\"name\":\"Comment\",\"target\":[\"https:\/\/ticino.com\/de\/blog\/siamo-schiavi-della-tecnologia\/#respond\"]}]},{\"@type\":\"WebPage\",\"@id\":\"https:\/\/ticino.com\/de\/blog\/siamo-schiavi-della-tecnologia\/\",\"url\":\"https:\/\/ticino.com\/de\/blog\/siamo-schiavi-della-tecnologia\/\",\"name\":\"Siamo schiavi della tecnologia? - Articolo sul blog di Ticinocom\",\"isPartOf\":{\"@id\":\"https:\/\/ticino.com\/de\/#website\"},\"primaryImageOfPage\":{\"@id\":\"https:\/\/ticino.com\/de\/blog\/siamo-schiavi-della-tecnologia\/#primaryimage\"},\"image\":{\"@id\":\"https:\/\/ticino.com\/de\/blog\/siamo-schiavi-della-tecnologia\/#primaryimage\"},\"thumbnailUrl\":\"https:\/\/ticino.com\/wp-content\/uploads\/2021\/03\/Siamo-schiavi-della-tecnologia.png\",\"datePublished\":\"2021-03-01T10:03:24+00:00\",\"dateModified\":\"2021-03-05T09:17:03+00:00\",\"description\":\"Siamo schiavi della tecnologia? Il nostro futuro \u00e8 condannato a rimanere collegati a una flebo digitale? Un rapporto parassitario o no?\",\"breadcrumb\":{\"@id\":\"https:\/\/ticino.com\/de\/blog\/siamo-schiavi-della-tecnologia\/#breadcrumb\"},\"inLanguage\":\"de\",\"potentialAction\":[{\"@type\":\"ReadAction\",\"target\":[\"https:\/\/ticino.com\/de\/blog\/siamo-schiavi-della-tecnologia\/\"]}]},{\"@type\":\"ImageObject\",\"inLanguage\":\"de\",\"@id\":\"https:\/\/ticino.com\/de\/blog\/siamo-schiavi-della-tecnologia\/#primaryimage\",\"url\":\"https:\/\/ticino.com\/wp-content\/uploads\/2021\/03\/Siamo-schiavi-della-tecnologia.png\",\"contentUrl\":\"https:\/\/ticino.com\/wp-content\/uploads\/2021\/03\/Siamo-schiavi-della-tecnologia.png\",\"width\":1080,\"height\":1080,\"caption\":\"Siamo schiavi della tecnologia?\"},{\"@type\":\"BreadcrumbList\",\"@id\":\"https:\/\/ticino.com\/de\/blog\/siamo-schiavi-della-tecnologia\/#breadcrumb\",\"itemListElement\":[{\"@type\":\"ListItem\",\"position\":1,\"name\":\"Home\",\"item\":\"https:\/\/ticino.com\/de\/\"},{\"@type\":\"ListItem\",\"position\":2,\"name\":\"Siamo schiavi della tecnologia?\"}]},{\"@type\":\"WebSite\",\"@id\":\"https:\/\/ticino.com\/de\/#website\",\"url\":\"https:\/\/ticino.com\/de\/\",\"name\":\"Ticinocom SA\",\"description\":\"Internet 100% made in Ticino\",\"publisher\":{\"@id\":\"https:\/\/ticino.com\/de\/#organization\"},\"potentialAction\":[{\"@type\":\"SearchAction\",\"target\":{\"@type\":\"EntryPoint\",\"urlTemplate\":\"https:\/\/ticino.com\/de\/?s={search_term_string}\"},\"query-input\":{\"@type\":\"PropertyValueSpecification\",\"valueRequired\":true,\"valueName\":\"search_term_string\"}}],\"inLanguage\":\"de\"},{\"@type\":\"Organization\",\"@id\":\"https:\/\/ticino.com\/de\/#organization\",\"name\":\"Ticinocom SA\",\"url\":\"https:\/\/ticino.com\/de\/\",\"logo\":{\"@type\":\"ImageObject\",\"inLanguage\":\"de\",\"@id\":\"https:\/\/ticino.com\/de\/#\/schema\/logo\/image\/\",\"url\":\"https:\/\/ticino.com\/wp-content\/uploads\/2020\/09\/ticinocom-logo.png\",\"contentUrl\":\"https:\/\/ticino.com\/wp-content\/uploads\/2020\/09\/ticinocom-logo.png\",\"width\":508,\"height\":84,\"caption\":\"Ticinocom SA\"},\"image\":{\"@id\":\"https:\/\/ticino.com\/de\/#\/schema\/logo\/image\/\"},\"sameAs\":[\"https:\/\/facebook.com\/ticinocom\",\"https:\/\/x.com\/ticinocom\",\"https:\/\/instagram.com\/ticinocomsa\",\"https:\/\/linkedin.com\/company\/ticinocom\"]},{\"@type\":\"Person\",\"@id\":\"https:\/\/ticino.com\/de\/#\/schema\/person\/704df9c8d1af01bfa2367f9810ba319f\",\"name\":\"Andrea Presenti\",\"image\":{\"@type\":\"ImageObject\",\"inLanguage\":\"de\",\"@id\":\"https:\/\/ticino.com\/de\/#\/schema\/person\/image\/\",\"url\":\"https:\/\/secure.gravatar.com\/avatar\/5a718af3bb087a1ea5755cde0e2a740d?s=96&d=mm&r=g\",\"contentUrl\":\"https:\/\/secure.gravatar.com\/avatar\/5a718af3bb087a1ea5755cde0e2a740d?s=96&d=mm&r=g\",\"caption\":\"Andrea Presenti\"},\"description\":\"Andrea Presenti, nato nel 21\/04\/1992, \u00e8 uno scrittore tecnico pubblicitario che lavora nel settore dal 2016, dopo aver conseguito un corso di Scrittura Creativa presso la Scuola Internazionale di Comics. Ha collaborato con aziende di tutto il mondo per la stesura di testi ed \u00e8 Lead Editor di Ticinocom dal 2019.\",\"sameAs\":[\"https:\/\/x.com\/and.presenti@gmail.com\"],\"url\":\"https:\/\/ticino.com\/de\/author\/and-presentigmail-com\/\"}]}<\/script>\n<!-- \/ Yoast SEO Premium plugin. -->","yoast_head_json":{"title":"Siamo schiavi della tecnologia? - Articolo sul blog di Ticinocom","description":"Siamo schiavi della tecnologia? Il nostro futuro \u00e8 condannato a rimanere collegati a una flebo digitale? Un rapporto parassitario o no?","robots":{"index":"index","follow":"follow","max-snippet":"max-snippet:-1","max-image-preview":"max-image-preview:large","max-video-preview":"max-video-preview:-1"},"canonical":"https:\/\/ticino.com\/de\/blog\/siamo-schiavi-della-tecnologia\/","og_locale":"de_DE","og_type":"article","og_title":"Siamo schiavi della tecnologia?","og_description":"Siamo schiavi della tecnologia? Il nostro futuro \u00e8 condannato a rimanere collegati a una flebo digitale? Un rapporto parassitario o no?","og_url":"https:\/\/ticino.com\/de\/blog\/siamo-schiavi-della-tecnologia\/","og_site_name":"Ticinocom SA","article_publisher":"https:\/\/facebook.com\/ticinocom","article_published_time":"2021-03-01T10:03:24+00:00","article_modified_time":"2021-03-05T09:17:03+00:00","og_image":[{"width":1080,"height":1080,"url":"https:\/\/ticino.com\/wp-content\/uploads\/2021\/03\/Siamo-schiavi-della-tecnologia.png","type":"image\/png"}],"author":"Andrea Presenti","twitter_card":"summary_large_image","twitter_creator":"@and.presenti@gmail.com","twitter_site":"@ticinocom","twitter_misc":{"Verfasst von":"Andrea Presenti","Gesch\u00e4tzte Lesezeit":"4\u00a0Minuten"},"schema":{"@context":"https:\/\/schema.org","@graph":[{"@type":"Article","@id":"https:\/\/ticino.com\/de\/blog\/siamo-schiavi-della-tecnologia\/#article","isPartOf":{"@id":"https:\/\/ticino.com\/de\/blog\/siamo-schiavi-della-tecnologia\/"},"author":{"name":"Andrea Presenti","@id":"https:\/\/ticino.com\/de\/#\/schema\/person\/704df9c8d1af01bfa2367f9810ba319f"},"headline":"Siamo schiavi della tecnologia?","datePublished":"2021-03-01T10:03:24+00:00","dateModified":"2021-03-05T09:17:03+00:00","mainEntityOfPage":{"@id":"https:\/\/ticino.com\/de\/blog\/siamo-schiavi-della-tecnologia\/"},"wordCount":780,"commentCount":0,"publisher":{"@id":"https:\/\/ticino.com\/de\/#organization"},"image":{"@id":"https:\/\/ticino.com\/de\/blog\/siamo-schiavi-della-tecnologia\/#primaryimage"},"thumbnailUrl":"https:\/\/ticino.com\/wp-content\/uploads\/2021\/03\/Siamo-schiavi-della-tecnologia.png","keywords":["futuro","tecnologia","vantaggi"],"articleSection":["Approfondimenti"],"inLanguage":"de","potentialAction":[{"@type":"CommentAction","name":"Comment","target":["https:\/\/ticino.com\/de\/blog\/siamo-schiavi-della-tecnologia\/#respond"]}]},{"@type":"WebPage","@id":"https:\/\/ticino.com\/de\/blog\/siamo-schiavi-della-tecnologia\/","url":"https:\/\/ticino.com\/de\/blog\/siamo-schiavi-della-tecnologia\/","name":"Siamo schiavi della tecnologia? - Articolo sul blog di Ticinocom","isPartOf":{"@id":"https:\/\/ticino.com\/de\/#website"},"primaryImageOfPage":{"@id":"https:\/\/ticino.com\/de\/blog\/siamo-schiavi-della-tecnologia\/#primaryimage"},"image":{"@id":"https:\/\/ticino.com\/de\/blog\/siamo-schiavi-della-tecnologia\/#primaryimage"},"thumbnailUrl":"https:\/\/ticino.com\/wp-content\/uploads\/2021\/03\/Siamo-schiavi-della-tecnologia.png","datePublished":"2021-03-01T10:03:24+00:00","dateModified":"2021-03-05T09:17:03+00:00","description":"Siamo schiavi della tecnologia? Il nostro futuro \u00e8 condannato a rimanere collegati a una flebo digitale? Un rapporto parassitario o no?","breadcrumb":{"@id":"https:\/\/ticino.com\/de\/blog\/siamo-schiavi-della-tecnologia\/#breadcrumb"},"inLanguage":"de","potentialAction":[{"@type":"ReadAction","target":["https:\/\/ticino.com\/de\/blog\/siamo-schiavi-della-tecnologia\/"]}]},{"@type":"ImageObject","inLanguage":"de","@id":"https:\/\/ticino.com\/de\/blog\/siamo-schiavi-della-tecnologia\/#primaryimage","url":"https:\/\/ticino.com\/wp-content\/uploads\/2021\/03\/Siamo-schiavi-della-tecnologia.png","contentUrl":"https:\/\/ticino.com\/wp-content\/uploads\/2021\/03\/Siamo-schiavi-della-tecnologia.png","width":1080,"height":1080,"caption":"Siamo schiavi della tecnologia?"},{"@type":"BreadcrumbList","@id":"https:\/\/ticino.com\/de\/blog\/siamo-schiavi-della-tecnologia\/#breadcrumb","itemListElement":[{"@type":"ListItem","position":1,"name":"Home","item":"https:\/\/ticino.com\/de\/"},{"@type":"ListItem","position":2,"name":"Siamo schiavi della tecnologia?"}]},{"@type":"WebSite","@id":"https:\/\/ticino.com\/de\/#website","url":"https:\/\/ticino.com\/de\/","name":"Ticinocom SA","description":"Internet 100% made in Ticino","publisher":{"@id":"https:\/\/ticino.com\/de\/#organization"},"potentialAction":[{"@type":"SearchAction","target":{"@type":"EntryPoint","urlTemplate":"https:\/\/ticino.com\/de\/?s={search_term_string}"},"query-input":{"@type":"PropertyValueSpecification","valueRequired":true,"valueName":"search_term_string"}}],"inLanguage":"de"},{"@type":"Organization","@id":"https:\/\/ticino.com\/de\/#organization","name":"Ticinocom SA","url":"https:\/\/ticino.com\/de\/","logo":{"@type":"ImageObject","inLanguage":"de","@id":"https:\/\/ticino.com\/de\/#\/schema\/logo\/image\/","url":"https:\/\/ticino.com\/wp-content\/uploads\/2020\/09\/ticinocom-logo.png","contentUrl":"https:\/\/ticino.com\/wp-content\/uploads\/2020\/09\/ticinocom-logo.png","width":508,"height":84,"caption":"Ticinocom SA"},"image":{"@id":"https:\/\/ticino.com\/de\/#\/schema\/logo\/image\/"},"sameAs":["https:\/\/facebook.com\/ticinocom","https:\/\/x.com\/ticinocom","https:\/\/instagram.com\/ticinocomsa","https:\/\/linkedin.com\/company\/ticinocom"]},{"@type":"Person","@id":"https:\/\/ticino.com\/de\/#\/schema\/person\/704df9c8d1af01bfa2367f9810ba319f","name":"Andrea Presenti","image":{"@type":"ImageObject","inLanguage":"de","@id":"https:\/\/ticino.com\/de\/#\/schema\/person\/image\/","url":"https:\/\/secure.gravatar.com\/avatar\/5a718af3bb087a1ea5755cde0e2a740d?s=96&d=mm&r=g","contentUrl":"https:\/\/secure.gravatar.com\/avatar\/5a718af3bb087a1ea5755cde0e2a740d?s=96&d=mm&r=g","caption":"Andrea Presenti"},"description":"Andrea Presenti, nato nel 21\/04\/1992, \u00e8 uno scrittore tecnico pubblicitario che lavora nel settore dal 2016, dopo aver conseguito un corso di Scrittura Creativa presso la Scuola Internazionale di Comics. Ha collaborato con aziende di tutto il mondo per la stesura di testi ed \u00e8 Lead Editor di Ticinocom dal 2019.","sameAs":["https:\/\/x.com\/and.presenti@gmail.com"],"url":"https:\/\/ticino.com\/de\/author\/and-presentigmail-com\/"}]}},"_links":{"self":[{"href":"https:\/\/ticino.com\/de\/wp-json\/wp\/v2\/posts\/10170"}],"collection":[{"href":"https:\/\/ticino.com\/de\/wp-json\/wp\/v2\/posts"}],"about":[{"href":"https:\/\/ticino.com\/de\/wp-json\/wp\/v2\/types\/post"}],"author":[{"embeddable":true,"href":"https:\/\/ticino.com\/de\/wp-json\/wp\/v2\/users\/138280480"}],"replies":[{"embeddable":true,"href":"https:\/\/ticino.com\/de\/wp-json\/wp\/v2\/comments?post=10170"}],"version-history":[{"count":0,"href":"https:\/\/ticino.com\/de\/wp-json\/wp\/v2\/posts\/10170\/revisions"}],"wp:featuredmedia":[{"embeddable":true,"href":"https:\/\/ticino.com\/de\/wp-json\/wp\/v2\/media\/10179"}],"wp:attachment":[{"href":"https:\/\/ticino.com\/de\/wp-json\/wp\/v2\/media?parent=10170"}],"wp:term":[{"taxonomy":"category","embeddable":true,"href":"https:\/\/ticino.com\/de\/wp-json\/wp\/v2\/categories?post=10170"},{"taxonomy":"post_tag","embeddable":true,"href":"https:\/\/ticino.com\/de\/wp-json\/wp\/v2\/tags?post=10170"}],"curies":[{"name":"wp","href":"https:\/\/api.w.org\/{rel}","templated":true}]}}